{"id":8199,"date":"2026-04-23T08:45:09","date_gmt":"2026-04-23T06:45:09","guid":{"rendered":"http:\/\/kspnszz.org\/?p=8199"},"modified":"2026-04-23T08:45:11","modified_gmt":"2026-04-23T06:45:11","slug":"rozporzadzenie-placowe-w-koncu-weszlo-w-zycie","status":"publish","type":"post","link":"https:\/\/kspnszz.org\/index.php\/2026\/04\/23\/rozporzadzenie-placowe-w-koncu-weszlo-w-zycie\/","title":{"rendered":"Rozporz\u0105dzenie p\u0142acowe w ko\u0144cu wesz\u0142o w \u017cycie"},"content":{"rendered":"<p style=\"text-align: justify;\"><strong>Dwa miesi\u0105ce musieli czeka\u0107 stra\u017cacy na zmian\u0119 rozporz\u0105dzenia umo\u017cliwiaj\u0105cego wdro\u017cenie ca\u0142o\u015bci tegorocznej podwy\u017cki. Wchodz\u0105ce w \u017cycie zmiany rozporz\u0105dzenia w sprawie uposa\u017cenia stra\u017cak\u00f3w Pa\u0144stwowej Stra\u017cy Po\u017carnej ustalaj\u0105 now\u0105 wysoko\u015b\u0107 dodatku za stopie\u0144 poprzez zmian\u0119 za\u0142\u0105cznika nr 3 do rozporz\u0105dzenia \u201eWysoko\u015b\u0107 dodatku za stopie\u0144\u201d.<\/strong><\/p>\n\n<div class=\"wp-block-image\">\n<figure class=\"aligncenter size-large is-resized\"><a href=\"http:\/\/kspnszz.org\/wp-content\/uploads\/2026\/04\/D2026000055201-1-1.jpg\" data-rel=\"lightbox-image-0\" data-rl_title=\"\" data-rl_caption=\"\" title=\"\"><img loading=\"lazy\" decoding=\"async\" width=\"1024\" height=\"442\" src=\"http:\/\/kspnszz.org\/wp-content\/uploads\/2026\/04\/D2026000055201-1-1-1024x442.jpg\" alt=\"\" class=\"wp-image-8201\" style=\"width:565px;height:auto\" srcset=\"https:\/\/kspnszz.org\/wp-content\/uploads\/2026\/04\/D2026000055201-1-1-1024x442.jpg 1024w, https:\/\/kspnszz.org\/wp-content\/uploads\/2026\/04\/D2026000055201-1-1-300x130.jpg 300w, https:\/\/kspnszz.org\/wp-content\/uploads\/2026\/04\/D2026000055201-1-1-768x332.jpg 768w, https:\/\/kspnszz.org\/wp-content\/uploads\/2026\/04\/D2026000055201-1-1-1536x663.jpg 1536w, https:\/\/kspnszz.org\/wp-content\/uploads\/2026\/04\/D2026000055201-1-1.jpg 1653w\" sizes=\"(max-width: 1024px) 100vw, 1024px\" \/><\/a><\/figure><\/div>\n\n<p style=\"text-align: justify;\">Przypomnijmy, \u017ce 20 stycznia br. organizacje zwi\u0105zk\u00f3w zawodowych dzia\u0142aj\u0105cych w Pa\u0144stwowej Stra\u017cy Po\u017carnej uzgodni\u0142y kszta\u0142t tegorocznej podwy\u017cki z kierownictwem Komendy G\u0142\u00f3wnej PSP (pisali\u015bmy o tym <a href=\"https:\/\/kspnszz.org\/index.php\/2026\/01\/22\/uzgodniono-podzial-podwyzek-w-2026-roku\/\">TUTAJ<\/a>). Poza obligatoryjnym wzrostem stawek uposa\u017cenia zasadniczego stra\u017cak\u00f3w wynikaj\u0105cym ze zmiany kwoty bazowej podwy\u017cka mia\u0142a uwzgl\u0119dnia\u0107 tak\u017ce zmian\u0119 wysoko\u015bci dodatk\u00f3w za stopie\u0144. Poniewa\u017c wymaga\u0142o to jedynie aktualizacji jednego z za\u0142\u0105cznik\u00f3w rozporz\u0105dzenia wydawa\u0142o si\u0119 to jedynie formalno\u015bci\u0105. Jak wida\u0107 sprawa przeros\u0142a rz\u0105dz\u0105cych i stra\u017cacy musieli czeka\u0107 dwa miesi\u0105ce na nowelizacj\u0119 przepis\u00f3w.<\/p>\n<p style=\"text-align: justify;\">Skutki wynikaj\u0105ce ze zmiany dodatku za stopie\u0144 wynosz\u0105 ok. 56 z\u0142 przeci\u0119tnie na etat miesi\u0119cznie i obejm\u0105 wszystkich stra\u017cak\u00f3w.<\/p>\n<p>Poni\u017cej tre\u015b\u0107 rozporz\u0105dzenia Ministra Spraw Wewn\u0119trznych i Administracji zmieniaj\u0105cego rozporz\u0105dzenie w sprawie uposa\u017cenia stra\u017cak\u00f3w Pa\u0144stwowej Stra\u017cy Po\u017carnej.<\/p>\n\n<div class=\"wp-block-image\">\n<figure class=\"aligncenter size-large\"><a href=\"http:\/\/kspnszz.org\/wp-content\/uploads\/2026\/04\/D2026000055201-1.jpg\" data-rel=\"lightbox-image-1\" data-rl_title=\"\" data-rl_caption=\"\" title=\"\"><img loading=\"lazy\" decoding=\"async\" width=\"724\" height=\"1024\" src=\"http:\/\/kspnszz.org\/wp-content\/uploads\/2026\/04\/D2026000055201-1-724x1024.jpg\" alt=\"\" class=\"wp-image-8198\" srcset=\"https:\/\/kspnszz.org\/wp-content\/uploads\/2026\/04\/D2026000055201-1-724x1024.jpg 724w, https:\/\/kspnszz.org\/wp-content\/uploads\/2026\/04\/D2026000055201-1-212x300.jpg 212w, https:\/\/kspnszz.org\/wp-content\/uploads\/2026\/04\/D2026000055201-1-768x1087.jpg 768w, https:\/\/kspnszz.org\/wp-content\/uploads\/2026\/04\/D2026000055201-1-1086x1536.jpg 1086w, https:\/\/kspnszz.org\/wp-content\/uploads\/2026\/04\/D2026000055201-1-1447x2048.jpg 1447w, https:\/\/kspnszz.org\/wp-content\/uploads\/2026\/04\/D2026000055201-1.jpg 1653w\" sizes=\"(max-width: 724px) 100vw, 724px\" \/><\/a><\/figure><\/div>\n\n<div class=\"wp-block-image\">\n<figure class=\"aligncenter size-large\"><a href=\"http:\/\/kspnszz.org\/wp-content\/uploads\/2026\/04\/D2026000055201-2.jpg\" data-rel=\"lightbox-image-2\" data-rl_title=\"\" data-rl_caption=\"\" title=\"\"><img loading=\"lazy\" decoding=\"async\" width=\"724\" height=\"1024\" src=\"http:\/\/kspnszz.org\/wp-content\/uploads\/2026\/04\/D2026000055201-2-724x1024.jpg\" alt=\"\" class=\"wp-image-8197\" srcset=\"https:\/\/kspnszz.org\/wp-content\/uploads\/2026\/04\/D2026000055201-2-724x1024.jpg 724w, https:\/\/kspnszz.org\/wp-content\/uploads\/2026\/04\/D2026000055201-2-212x300.jpg 212w, https:\/\/kspnszz.org\/wp-content\/uploads\/2026\/04\/D2026000055201-2-768x1087.jpg 768w, https:\/\/kspnszz.org\/wp-content\/uploads\/2026\/04\/D2026000055201-2-1086x1536.jpg 1086w, https:\/\/kspnszz.org\/wp-content\/uploads\/2026\/04\/D2026000055201-2-1447x2048.jpg 1447w, https:\/\/kspnszz.org\/wp-content\/uploads\/2026\/04\/D2026000055201-2.jpg 1653w\" sizes=\"(max-width: 724px) 100vw, 724px\" \/><\/a><\/figure><\/div>","protected":false},"excerpt":{"rendered":"<p>Dwa miesi\u0105ce musieli czeka\u0107 stra\u017cacy na zmian\u0119 rozporz\u0105dzenia umo\u017cliwiaj\u0105cego wdro\u017cenie ca\u0142o\u015bci tegorocznej podwy\u017cki. Wchodz\u0105ce w \u017cycie zmiany rozporz\u0105dzenia w sprawie uposa\u017cenia stra\u017cak\u00f3w Pa\u0144stwowej Stra\u017cy Po\u017carnej ustalaj\u0105 now\u0105 wysoko\u015b\u0107 dodatku za stopie\u0144 poprzez zmian\u0119 za\u0142\u0105cznika nr 3 do rozporz\u0105dzenia \u201eWysoko\u015b\u0107 dodatku za stopie\u0144\u201d. Przypomnijmy, \u017ce 20 stycznia br. organizacje zwi\u0105zk\u00f3w zawodowych dzia\u0142aj\u0105cych w Pa\u0144stwowej Stra\u017cy Po\u017carnej &hellip;<\/p>\n","protected":false},"author":2,"featured_media":8201,"comment_status":"closed","ping_status":"closed","sticky":false,"template":"","format":"standard","meta":{"footnotes":""},"categories":[2,1,35],"tags":[],"yoast_head":"<!-- This site is optimized with the Yoast SEO plugin v22.7 - https:\/\/yoast.com\/wordpress\/plugins\/seo\/ -->\n<title>Rozporz\u0105dzenie p\u0142acowe w ko\u0144cu wesz\u0142o w \u017cycie - KSPNSZZ<\/title>\n<meta name=\"robots\" content=\"index, follow, max-snippet:-1, max-image-preview:large, max-video-preview:-1\" \/>\n<link rel=\"canonical\" href=\"https:\/\/kspnszz.org\/index.php\/2026\/04\/23\/rozporzadzenie-placowe-w-koncu-weszlo-w-zycie\/\" \/>\n<meta property=\"og:locale\" content=\"pl_PL\" \/>\n<meta property=\"og:type\" content=\"article\" \/>\n<meta property=\"og:title\" content=\"Rozporz\u0105dzenie p\u0142acowe w ko\u0144cu wesz\u0142o w \u017cycie - KSPNSZZ\" \/>\n<meta property=\"og:description\" content=\"Dwa miesi\u0105ce musieli czeka\u0107 stra\u017cacy na zmian\u0119 rozporz\u0105dzenia umo\u017cliwiaj\u0105cego wdro\u017cenie ca\u0142o\u015bci tegorocznej podwy\u017cki. Wchodz\u0105ce w \u017cycie zmiany rozporz\u0105dzenia w sprawie uposa\u017cenia stra\u017cak\u00f3w Pa\u0144stwowej Stra\u017cy Po\u017carnej ustalaj\u0105 now\u0105 wysoko\u015b\u0107 dodatku za stopie\u0144 poprzez zmian\u0119 za\u0142\u0105cznika nr 3 do rozporz\u0105dzenia \u201eWysoko\u015b\u0107 dodatku za stopie\u0144\u201d. Przypomnijmy, \u017ce 20 stycznia br. organizacje zwi\u0105zk\u00f3w zawodowych dzia\u0142aj\u0105cych w Pa\u0144stwowej Stra\u017cy Po\u017carnej &hellip;\" \/>\n<meta property=\"og:url\" content=\"https:\/\/kspnszz.org\/index.php\/2026\/04\/23\/rozporzadzenie-placowe-w-koncu-weszlo-w-zycie\/\" \/>\n<meta property=\"og:site_name\" content=\"KSPNSZZ\" \/>\n<meta property=\"article:published_time\" content=\"2026-04-23T06:45:09+00:00\" \/>\n<meta property=\"article:modified_time\" content=\"2026-04-23T06:45:11+00:00\" \/>\n<meta property=\"og:image\" content=\"https:\/\/kspnszz.org\/wp-content\/uploads\/2026\/04\/D2026000055201-1-1.jpg\" \/>\n\t<meta property=\"og:image:width\" content=\"1653\" \/>\n\t<meta property=\"og:image:height\" content=\"714\" \/>\n\t<meta property=\"og:image:type\" content=\"image\/jpeg\" \/>\n<meta name=\"author\" content=\"bartlomiej\" \/>\n<meta name=\"twitter:card\" content=\"summary_large_image\" \/>\n<meta name=\"twitter:label1\" content=\"Napisane przez\" \/>\n\t<meta name=\"twitter:data1\" content=\"bartlomiej\" \/>\n\t<meta name=\"twitter:label2\" content=\"Szacowany czas czytania\" \/>\n\t<meta name=\"twitter:data2\" content=\"2 minuty\" \/>\n<script type=\"application\/ld+json\" class=\"yoast-schema-graph\">{\"@context\":\"https:\/\/schema.org\",\"@graph\":[{\"@type\":\"WebPage\",\"@id\":\"https:\/\/kspnszz.org\/index.php\/2026\/04\/23\/rozporzadzenie-placowe-w-koncu-weszlo-w-zycie\/\",\"url\":\"https:\/\/kspnszz.org\/index.php\/2026\/04\/23\/rozporzadzenie-placowe-w-koncu-weszlo-w-zycie\/\",\"name\":\"Rozporz\u0105dzenie p\u0142acowe w ko\u0144cu wesz\u0142o w \u017cycie - KSPNSZZ\",\"isPartOf\":{\"@id\":\"http:\/\/kspnszz.org\/#website\"},\"primaryImageOfPage\":{\"@id\":\"https:\/\/kspnszz.org\/index.php\/2026\/04\/23\/rozporzadzenie-placowe-w-koncu-weszlo-w-zycie\/#primaryimage\"},\"image\":{\"@id\":\"https:\/\/kspnszz.org\/index.php\/2026\/04\/23\/rozporzadzenie-placowe-w-koncu-weszlo-w-zycie\/#primaryimage\"},\"thumbnailUrl\":\"https:\/\/kspnszz.org\/wp-content\/uploads\/2026\/04\/D2026000055201-1-1.jpg\",\"datePublished\":\"2026-04-23T06:45:09+00:00\",\"dateModified\":\"2026-04-23T06:45:11+00:00\",\"author\":{\"@id\":\"http:\/\/kspnszz.org\/#\/schema\/person\/31096cf196f706ef50ecbd878903cc13\"},\"breadcrumb\":{\"@id\":\"https:\/\/kspnszz.org\/index.php\/2026\/04\/23\/rozporzadzenie-placowe-w-koncu-weszlo-w-zycie\/#breadcrumb\"},\"inLanguage\":\"pl-PL\",\"potentialAction\":[{\"@type\":\"ReadAction\",\"target\":[\"https:\/\/kspnszz.org\/index.php\/2026\/04\/23\/rozporzadzenie-placowe-w-koncu-weszlo-w-zycie\/\"]}]},{\"@type\":\"ImageObject\",\"inLanguage\":\"pl-PL\",\"@id\":\"https:\/\/kspnszz.org\/index.php\/2026\/04\/23\/rozporzadzenie-placowe-w-koncu-weszlo-w-zycie\/#primaryimage\",\"url\":\"https:\/\/kspnszz.org\/wp-content\/uploads\/2026\/04\/D2026000055201-1-1.jpg\",\"contentUrl\":\"https:\/\/kspnszz.org\/wp-content\/uploads\/2026\/04\/D2026000055201-1-1.jpg\",\"width\":1653,\"height\":714},{\"@type\":\"BreadcrumbList\",\"@id\":\"https:\/\/kspnszz.org\/index.php\/2026\/04\/23\/rozporzadzenie-placowe-w-koncu-weszlo-w-zycie\/#breadcrumb\",\"itemListElement\":[{\"@type\":\"ListItem\",\"position\":1,\"name\":\"Strona g\u0142\u00f3wna\",\"item\":\"http:\/\/kspnszz.org\/\"},{\"@type\":\"ListItem\",\"position\":2,\"name\":\"Rozporz\u0105dzenie p\u0142acowe w ko\u0144cu wesz\u0142o w \u017cycie\"}]},{\"@type\":\"WebSite\",\"@id\":\"http:\/\/kspnszz.org\/#website\",\"url\":\"http:\/\/kspnszz.org\/\",\"name\":\"KSPNSZZ\",\"description\":\"Krajowa Sekcja Po\u017carnictwa\",\"potentialAction\":[{\"@type\":\"SearchAction\",\"target\":{\"@type\":\"EntryPoint\",\"urlTemplate\":\"http:\/\/kspnszz.org\/?s={search_term_string}\"},\"query-input\":\"required name=search_term_string\"}],\"inLanguage\":\"pl-PL\"},{\"@type\":\"Person\",\"@id\":\"http:\/\/kspnszz.org\/#\/schema\/person\/31096cf196f706ef50ecbd878903cc13\",\"name\":\"bartlomiej\",\"image\":{\"@type\":\"ImageObject\",\"inLanguage\":\"pl-PL\",\"@id\":\"http:\/\/kspnszz.org\/#\/schema\/person\/image\/\",\"url\":\"https:\/\/secure.gravatar.com\/avatar\/cb681656f150968eb94b73c62cf58e52?s=96&d=mm&r=g\",\"contentUrl\":\"https:\/\/secure.gravatar.com\/avatar\/cb681656f150968eb94b73c62cf58e52?s=96&d=mm&r=g\",\"caption\":\"bartlomiej\"},\"url\":\"https:\/\/kspnszz.org\/index.php\/author\/bartlomiej\/\"}]}<\/script>\n<!-- \/ Yoast SEO plugin. -->","yoast_head_json":{"title":"Rozporz\u0105dzenie p\u0142acowe w ko\u0144cu wesz\u0142o w \u017cycie - KSPNSZZ","robots":{"index":"index","follow":"follow","max-snippet":"max-snippet:-1","max-image-preview":"max-image-preview:large","max-video-preview":"max-video-preview:-1"},"canonical":"https:\/\/kspnszz.org\/index.php\/2026\/04\/23\/rozporzadzenie-placowe-w-koncu-weszlo-w-zycie\/","og_locale":"pl_PL","og_type":"article","og_title":"Rozporz\u0105dzenie p\u0142acowe w ko\u0144cu wesz\u0142o w \u017cycie - KSPNSZZ","og_description":"Dwa miesi\u0105ce musieli czeka\u0107 stra\u017cacy na zmian\u0119 rozporz\u0105dzenia umo\u017cliwiaj\u0105cego wdro\u017cenie ca\u0142o\u015bci tegorocznej podwy\u017cki. Wchodz\u0105ce w \u017cycie zmiany rozporz\u0105dzenia w sprawie uposa\u017cenia stra\u017cak\u00f3w Pa\u0144stwowej Stra\u017cy Po\u017carnej ustalaj\u0105 now\u0105 wysoko\u015b\u0107 dodatku za stopie\u0144 poprzez zmian\u0119 za\u0142\u0105cznika nr 3 do rozporz\u0105dzenia \u201eWysoko\u015b\u0107 dodatku za stopie\u0144\u201d. Przypomnijmy, \u017ce 20 stycznia br. organizacje zwi\u0105zk\u00f3w zawodowych dzia\u0142aj\u0105cych w Pa\u0144stwowej Stra\u017cy Po\u017carnej &hellip;","og_url":"https:\/\/kspnszz.org\/index.php\/2026\/04\/23\/rozporzadzenie-placowe-w-koncu-weszlo-w-zycie\/","og_site_name":"KSPNSZZ","article_published_time":"2026-04-23T06:45:09+00:00","article_modified_time":"2026-04-23T06:45:11+00:00","og_image":[{"width":1653,"height":714,"url":"https:\/\/kspnszz.org\/wp-content\/uploads\/2026\/04\/D2026000055201-1-1.jpg","type":"image\/jpeg"}],"author":"bartlomiej","twitter_card":"summary_large_image","twitter_misc":{"Napisane przez":"bartlomiej","Szacowany czas czytania":"2 minuty"},"schema":{"@context":"https:\/\/schema.org","@graph":[{"@type":"WebPage","@id":"https:\/\/kspnszz.org\/index.php\/2026\/04\/23\/rozporzadzenie-placowe-w-koncu-weszlo-w-zycie\/","url":"https:\/\/kspnszz.org\/index.php\/2026\/04\/23\/rozporzadzenie-placowe-w-koncu-weszlo-w-zycie\/","name":"Rozporz\u0105dzenie p\u0142acowe w ko\u0144cu wesz\u0142o w \u017cycie - KSPNSZZ","isPartOf":{"@id":"http:\/\/kspnszz.org\/#website"},"primaryImageOfPage":{"@id":"https:\/\/kspnszz.org\/index.php\/2026\/04\/23\/rozporzadzenie-placowe-w-koncu-weszlo-w-zycie\/#primaryimage"},"image":{"@id":"https:\/\/kspnszz.org\/index.php\/2026\/04\/23\/rozporzadzenie-placowe-w-koncu-weszlo-w-zycie\/#primaryimage"},"thumbnailUrl":"https:\/\/kspnszz.org\/wp-content\/uploads\/2026\/04\/D2026000055201-1-1.jpg","datePublished":"2026-04-23T06:45:09+00:00","dateModified":"2026-04-23T06:45:11+00:00","author":{"@id":"http:\/\/kspnszz.org\/#\/schema\/person\/31096cf196f706ef50ecbd878903cc13"},"breadcrumb":{"@id":"https:\/\/kspnszz.org\/index.php\/2026\/04\/23\/rozporzadzenie-placowe-w-koncu-weszlo-w-zycie\/#breadcrumb"},"inLanguage":"pl-PL","potentialAction":[{"@type":"ReadAction","target":["https:\/\/kspnszz.org\/index.php\/2026\/04\/23\/rozporzadzenie-placowe-w-koncu-weszlo-w-zycie\/"]}]},{"@type":"ImageObject","inLanguage":"pl-PL","@id":"https:\/\/kspnszz.org\/index.php\/2026\/04\/23\/rozporzadzenie-placowe-w-koncu-weszlo-w-zycie\/#primaryimage","url":"https:\/\/kspnszz.org\/wp-content\/uploads\/2026\/04\/D2026000055201-1-1.jpg","contentUrl":"https:\/\/kspnszz.org\/wp-content\/uploads\/2026\/04\/D2026000055201-1-1.jpg","width":1653,"height":714},{"@type":"BreadcrumbList","@id":"https:\/\/kspnszz.org\/index.php\/2026\/04\/23\/rozporzadzenie-placowe-w-koncu-weszlo-w-zycie\/#breadcrumb","itemListElement":[{"@type":"ListItem","position":1,"name":"Strona g\u0142\u00f3wna","item":"http:\/\/kspnszz.org\/"},{"@type":"ListItem","position":2,"name":"Rozporz\u0105dzenie p\u0142acowe w ko\u0144cu wesz\u0142o w \u017cycie"}]},{"@type":"WebSite","@id":"http:\/\/kspnszz.org\/#website","url":"http:\/\/kspnszz.org\/","name":"KSPNSZZ","description":"Krajowa Sekcja Po\u017carnictwa","potentialAction":[{"@type":"SearchAction","target":{"@type":"EntryPoint","urlTemplate":"http:\/\/kspnszz.org\/?s={search_term_string}"},"query-input":"required name=search_term_string"}],"inLanguage":"pl-PL"},{"@type":"Person","@id":"http:\/\/kspnszz.org\/#\/schema\/person\/31096cf196f706ef50ecbd878903cc13","name":"bartlomiej","image":{"@type":"ImageObject","inLanguage":"pl-PL","@id":"http:\/\/kspnszz.org\/#\/schema\/person\/image\/","url":"https:\/\/secure.gravatar.com\/avatar\/cb681656f150968eb94b73c62cf58e52?s=96&d=mm&r=g","contentUrl":"https:\/\/secure.gravatar.com\/avatar\/cb681656f150968eb94b73c62cf58e52?s=96&d=mm&r=g","caption":"bartlomiej"},"url":"https:\/\/kspnszz.org\/index.php\/author\/bartlomiej\/"}]}},"_links":{"self":[{"href":"https:\/\/kspnszz.org\/index.php\/wp-json\/wp\/v2\/posts\/8199"}],"collection":[{"href":"https:\/\/kspnszz.org\/index.php\/wp-json\/wp\/v2\/posts"}],"about":[{"href":"https:\/\/kspnszz.org\/index.php\/wp-json\/wp\/v2\/types\/post"}],"author":[{"embeddable":true,"href":"https:\/\/kspnszz.org\/index.php\/wp-json\/wp\/v2\/users\/2"}],"replies":[{"embeddable":true,"href":"https:\/\/kspnszz.org\/index.php\/wp-json\/wp\/v2\/comments?post=8199"}],"version-history":[{"count":2,"href":"https:\/\/kspnszz.org\/index.php\/wp-json\/wp\/v2\/posts\/8199\/revisions"}],"predecessor-version":[{"id":8202,"href":"https:\/\/kspnszz.org\/index.php\/wp-json\/wp\/v2\/posts\/8199\/revisions\/8202"}],"wp:featuredmedia":[{"embeddable":true,"href":"https:\/\/kspnszz.org\/index.php\/wp-json\/wp\/v2\/media\/8201"}],"wp:attachment":[{"href":"https:\/\/kspnszz.org\/index.php\/wp-json\/wp\/v2\/media?parent=8199"}],"wp:term":[{"taxonomy":"category","embeddable":true,"href":"https:\/\/kspnszz.org\/index.php\/wp-json\/wp\/v2\/categories?post=8199"},{"taxonomy":"post_tag","embeddable":true,"href":"https:\/\/kspnszz.org\/index.php\/wp-json\/wp\/v2\/tags?post=8199"}],"curies":[{"name":"wp","href":"https:\/\/api.w.org\/{rel}","templated":true}]}}