{"id":802,"date":"2014-03-28T17:45:52","date_gmt":"2014-03-28T16:45:52","guid":{"rendered":"http:\/\/www.kspnszz.org\/?p=802"},"modified":"2015-11-30T15:27:11","modified_gmt":"2015-11-30T14:27:11","slug":"komunikat-dla-delegatow-na-wzd-ksp-nszz-solidarnosc","status":"publish","type":"post","link":"https:\/\/kspnszz.org\/index.php\/2014\/03\/28\/komunikat-dla-delegatow-na-wzd-ksp-nszz-solidarnosc\/","title":{"rendered":"Komunikat dla Delegat\u00f3w na WZD KSP NSZZ &quot;Solidarno\u015b\u0107&quot;"},"content":{"rendered":"<p><a href=\"http:\/\/kspnszz.org\/wp-content\/uploads\/2014\/03\/Knieja1.jpg\" data-rel=\"lightbox-image-0\" data-rl_title=\"\" data-rl_caption=\"\" title=\"\"><img loading=\"lazy\" decoding=\"async\" class=\" size-medium wp-image-1005 alignleft\" src=\"http:\/\/kspnszz.org\/wp-content\/uploads\/2014\/03\/Knieja1-300x138.jpg\" alt=\"Knieja\" width=\"300\" height=\"138\" srcset=\"https:\/\/kspnszz.org\/wp-content\/uploads\/2014\/03\/Knieja1-300x138.jpg 300w, https:\/\/kspnszz.org\/wp-content\/uploads\/2014\/03\/Knieja1.jpg 910w\" sizes=\"(max-width: 300px) 100vw, 300px\" \/><\/a><strong>Uprzejmie informuj\u0119, \u017ce na dni 27 kwietnia do 30 kwietnia 2014r. (niedziela-wtorek) zwo\u0142uj\u0119 Walne Zebranie Delegat\u00f3w Krajowej Sekcji Po\u017carnictwa NSZZ &#8222;Solidarno\u015b\u0107&#8221;, kt\u00f3re odb\u0119dzie si\u0119 w Rajgrodzie (woj. podlaskie) w O\u015brodku Szkolno &#8211; Wypoczynkowym BG\u017b S.A. &#8222;KNIEJA&#8221; ul. Le\u015bna 21<\/strong><br \/>\nHarmonogram WZD KSP NSZZ &#8222;Solidarno\u015b\u0107&#8221; obejmuje: 1. 27 IV &#8211; niedziela &#8211; przyjazd, rejestracja, kolacja &#8211; od godz. 16:00; 2. 28 IV &#8211; poniedzia\u0142ek &#8211; I-szy dzie\u0144 WZD &#8211; od godz. 9:00; 3. 29 IV &#8211; wtorek &#8211; II-gi dzie\u0144 WZD &#8211; od godz. 9:00; 4. 30 IV &#8211; \u015broda &#8211; po \u015bniadaniu &#8211; zako\u0144czenie WZD, wyjazd<br \/>\nWalne zebranie Delegat\u00f3w KSP NSZZ &#8222;Solidarno\u015b\u0107&#8221; odbywa si\u0119 w trybie art.31 ust.3 ustawy z dnia 23 maja 1991r.o zwi\u0105zkach zawodowych [1991;Dz.U. nr 55 poz.234 z p\u00f3\u017an. zm.]. Obecno\u015b\u0107 obowi\u0105zkowa. Koleg\u00f3w Przewodnicz\u0105cych struktur wojew\u00f3dzkich uprzejmie prosz\u0119 o przekazanie stosownej informacji delegatom na WZD z terenu wojew\u00f3dztwa.<\/p>\n<p>Przewodnicz\u0105cy Krajowej Sekcji Po\u017carnictwa<br \/>\nNSZZ \u201dSolidarno\u015b\u0107\u201d<br \/>\nRobert Osmycki<\/p>\n<p><a href=\"http:\/\/kspnszz.org\/wp-content\/uploads\/2014\/03\/Komunikat_walne-zgromadzenie-delegatow_28_03_20141.pdf\">Komunikat_walne zgromadzenie delegatow_28_03_2014<\/a><\/p>\n","protected":false},"excerpt":{"rendered":"<p>Uprzejmie informuj\u0119, \u017ce na dni 27 kwietnia do 30 kwietnia 2014r. (niedziela-wtorek) zwo\u0142uj\u0119 Walne Zebranie Delegat\u00f3w Krajowej Sekcji Po\u017carnictwa NSZZ &#8222;Solidarno\u015b\u0107&#8221;, kt\u00f3re odb\u0119dzie si\u0119 w Rajgrodzie (woj. podlaskie) w O\u015brodku Szkolno &#8211; Wypoczynkowym BG\u017b S.A. &#8222;KNIEJA&#8221; ul. Le\u015bna 21 Harmonogram WZD KSP NSZZ &#8222;Solidarno\u015b\u0107&#8221; obejmuje: 1. 27 IV &#8211; niedziela &#8211; przyjazd, rejestracja, kolacja &#8211; &hellip;<\/p>\n","protected":false},"author":1,"featured_media":1005,"comment_status":"closed","ping_status":"closed","sticky":false,"template":"","format":"standard","meta":{"footnotes":""},"categories":[9],"tags":[],"yoast_head":"<!-- This site is optimized with the Yoast SEO plugin v22.7 - https:\/\/yoast.com\/wordpress\/plugins\/seo\/ -->\n<title>Komunikat dla Delegat\u00f3w na WZD KSP NSZZ &quot;Solidarno\u015b\u0107&quot; - KSPNSZZ<\/title>\n<meta name=\"robots\" content=\"index, follow, max-snippet:-1, max-image-preview:large, max-video-preview:-1\" \/>\n<link rel=\"canonical\" href=\"https:\/\/kspnszz.org\/index.php\/2014\/03\/28\/komunikat-dla-delegatow-na-wzd-ksp-nszz-solidarnosc\/\" \/>\n<meta property=\"og:locale\" content=\"pl_PL\" \/>\n<meta property=\"og:type\" content=\"article\" \/>\n<meta property=\"og:title\" content=\"Komunikat dla Delegat\u00f3w na WZD KSP NSZZ &quot;Solidarno\u015b\u0107&quot; - KSPNSZZ\" \/>\n<meta property=\"og:description\" content=\"Uprzejmie informuj\u0119, \u017ce na dni 27 kwietnia do 30 kwietnia 2014r. (niedziela-wtorek) zwo\u0142uj\u0119 Walne Zebranie Delegat\u00f3w Krajowej Sekcji Po\u017carnictwa NSZZ &#8222;Solidarno\u015b\u0107&#8221;, kt\u00f3re odb\u0119dzie si\u0119 w Rajgrodzie (woj. podlaskie) w O\u015brodku Szkolno &#8211; Wypoczynkowym BG\u017b S.A. &#8222;KNIEJA&#8221; ul. Le\u015bna 21 Harmonogram WZD KSP NSZZ &#8222;Solidarno\u015b\u0107&#8221; obejmuje: 1. 27 IV &#8211; niedziela &#8211; przyjazd, rejestracja, kolacja &#8211; &hellip;\" \/>\n<meta property=\"og:url\" content=\"https:\/\/kspnszz.org\/index.php\/2014\/03\/28\/komunikat-dla-delegatow-na-wzd-ksp-nszz-solidarnosc\/\" \/>\n<meta property=\"og:site_name\" content=\"KSPNSZZ\" \/>\n<meta property=\"article:published_time\" content=\"2014-03-28T16:45:52+00:00\" \/>\n<meta property=\"article:modified_time\" content=\"2015-11-30T14:27:11+00:00\" \/>\n<meta property=\"og:image\" content=\"https:\/\/kspnszz.org\/wp-content\/uploads\/2014\/03\/Knieja1.jpg\" \/>\n\t<meta property=\"og:image:width\" content=\"910\" \/>\n\t<meta property=\"og:image:height\" content=\"420\" \/>\n\t<meta property=\"og:image:type\" content=\"image\/jpeg\" \/>\n<meta name=\"author\" content=\"admin\" \/>\n<meta name=\"twitter:card\" content=\"summary_large_image\" \/>\n<meta name=\"twitter:label1\" content=\"Napisane przez\" \/>\n\t<meta name=\"twitter:data1\" content=\"admin\" \/>\n\t<meta name=\"twitter:label2\" content=\"Szacowany czas czytania\" \/>\n\t<meta name=\"twitter:data2\" content=\"1 minuta\" \/>\n<script type=\"application\/ld+json\" class=\"yoast-schema-graph\">{\"@context\":\"https:\/\/schema.org\",\"@graph\":[{\"@type\":\"WebPage\",\"@id\":\"https:\/\/kspnszz.org\/index.php\/2014\/03\/28\/komunikat-dla-delegatow-na-wzd-ksp-nszz-solidarnosc\/\",\"url\":\"https:\/\/kspnszz.org\/index.php\/2014\/03\/28\/komunikat-dla-delegatow-na-wzd-ksp-nszz-solidarnosc\/\",\"name\":\"Komunikat dla Delegat\u00f3w na WZD KSP NSZZ &quot;Solidarno\u015b\u0107&quot; - KSPNSZZ\",\"isPartOf\":{\"@id\":\"http:\/\/kspnszz.org\/#website\"},\"primaryImageOfPage\":{\"@id\":\"https:\/\/kspnszz.org\/index.php\/2014\/03\/28\/komunikat-dla-delegatow-na-wzd-ksp-nszz-solidarnosc\/#primaryimage\"},\"image\":{\"@id\":\"https:\/\/kspnszz.org\/index.php\/2014\/03\/28\/komunikat-dla-delegatow-na-wzd-ksp-nszz-solidarnosc\/#primaryimage\"},\"thumbnailUrl\":\"https:\/\/kspnszz.org\/wp-content\/uploads\/2014\/03\/Knieja1.jpg\",\"datePublished\":\"2014-03-28T16:45:52+00:00\",\"dateModified\":\"2015-11-30T14:27:11+00:00\",\"author\":{\"@id\":\"http:\/\/kspnszz.org\/#\/schema\/person\/79827f5b545bfb8a23ec5250d0775537\"},\"breadcrumb\":{\"@id\":\"https:\/\/kspnszz.org\/index.php\/2014\/03\/28\/komunikat-dla-delegatow-na-wzd-ksp-nszz-solidarnosc\/#breadcrumb\"},\"inLanguage\":\"pl-PL\",\"potentialAction\":[{\"@type\":\"ReadAction\",\"target\":[\"https:\/\/kspnszz.org\/index.php\/2014\/03\/28\/komunikat-dla-delegatow-na-wzd-ksp-nszz-solidarnosc\/\"]}]},{\"@type\":\"ImageObject\",\"inLanguage\":\"pl-PL\",\"@id\":\"https:\/\/kspnszz.org\/index.php\/2014\/03\/28\/komunikat-dla-delegatow-na-wzd-ksp-nszz-solidarnosc\/#primaryimage\",\"url\":\"https:\/\/kspnszz.org\/wp-content\/uploads\/2014\/03\/Knieja1.jpg\",\"contentUrl\":\"https:\/\/kspnszz.org\/wp-content\/uploads\/2014\/03\/Knieja1.jpg\",\"width\":910,\"height\":420},{\"@type\":\"BreadcrumbList\",\"@id\":\"https:\/\/kspnszz.org\/index.php\/2014\/03\/28\/komunikat-dla-delegatow-na-wzd-ksp-nszz-solidarnosc\/#breadcrumb\",\"itemListElement\":[{\"@type\":\"ListItem\",\"position\":1,\"name\":\"Strona g\u0142\u00f3wna\",\"item\":\"http:\/\/kspnszz.org\/\"},{\"@type\":\"ListItem\",\"position\":2,\"name\":\"Komunikat dla Delegat\u00f3w na WZD KSP NSZZ &quot;Solidarno\u015b\u0107&quot;\"}]},{\"@type\":\"WebSite\",\"@id\":\"http:\/\/kspnszz.org\/#website\",\"url\":\"http:\/\/kspnszz.org\/\",\"name\":\"KSPNSZZ\",\"description\":\"Krajowa Sekcja Po\u017carnictwa\",\"potentialAction\":[{\"@type\":\"SearchAction\",\"target\":{\"@type\":\"EntryPoint\",\"urlTemplate\":\"http:\/\/kspnszz.org\/?s={search_term_string}\"},\"query-input\":\"required name=search_term_string\"}],\"inLanguage\":\"pl-PL\"},{\"@type\":\"Person\",\"@id\":\"http:\/\/kspnszz.org\/#\/schema\/person\/79827f5b545bfb8a23ec5250d0775537\",\"name\":\"admin\",\"image\":{\"@type\":\"ImageObject\",\"inLanguage\":\"pl-PL\",\"@id\":\"http:\/\/kspnszz.org\/#\/schema\/person\/image\/\",\"url\":\"https:\/\/secure.gravatar.com\/avatar\/7e0b1e76421025233f49f045f1922efb?s=96&d=mm&r=g\",\"contentUrl\":\"https:\/\/secure.gravatar.com\/avatar\/7e0b1e76421025233f49f045f1922efb?s=96&d=mm&r=g\",\"caption\":\"admin\"},\"url\":\"https:\/\/kspnszz.org\/index.php\/author\/admin\/\"}]}<\/script>\n<!-- \/ Yoast SEO plugin. -->","yoast_head_json":{"title":"Komunikat dla Delegat\u00f3w na WZD KSP NSZZ &quot;Solidarno\u015b\u0107&quot; - KSPNSZZ","robots":{"index":"index","follow":"follow","max-snippet":"max-snippet:-1","max-image-preview":"max-image-preview:large","max-video-preview":"max-video-preview:-1"},"canonical":"https:\/\/kspnszz.org\/index.php\/2014\/03\/28\/komunikat-dla-delegatow-na-wzd-ksp-nszz-solidarnosc\/","og_locale":"pl_PL","og_type":"article","og_title":"Komunikat dla Delegat\u00f3w na WZD KSP NSZZ &quot;Solidarno\u015b\u0107&quot; - KSPNSZZ","og_description":"Uprzejmie informuj\u0119, \u017ce na dni 27 kwietnia do 30 kwietnia 2014r. (niedziela-wtorek) zwo\u0142uj\u0119 Walne Zebranie Delegat\u00f3w Krajowej Sekcji Po\u017carnictwa NSZZ &#8222;Solidarno\u015b\u0107&#8221;, kt\u00f3re odb\u0119dzie si\u0119 w Rajgrodzie (woj. podlaskie) w O\u015brodku Szkolno &#8211; Wypoczynkowym BG\u017b S.A. &#8222;KNIEJA&#8221; ul. Le\u015bna 21 Harmonogram WZD KSP NSZZ &#8222;Solidarno\u015b\u0107&#8221; obejmuje: 1. 27 IV &#8211; niedziela &#8211; przyjazd, rejestracja, kolacja &#8211; &hellip;","og_url":"https:\/\/kspnszz.org\/index.php\/2014\/03\/28\/komunikat-dla-delegatow-na-wzd-ksp-nszz-solidarnosc\/","og_site_name":"KSPNSZZ","article_published_time":"2014-03-28T16:45:52+00:00","article_modified_time":"2015-11-30T14:27:11+00:00","og_image":[{"width":910,"height":420,"url":"https:\/\/kspnszz.org\/wp-content\/uploads\/2014\/03\/Knieja1.jpg","type":"image\/jpeg"}],"author":"admin","twitter_card":"summary_large_image","twitter_misc":{"Napisane przez":"admin","Szacowany czas czytania":"1 minuta"},"schema":{"@context":"https:\/\/schema.org","@graph":[{"@type":"WebPage","@id":"https:\/\/kspnszz.org\/index.php\/2014\/03\/28\/komunikat-dla-delegatow-na-wzd-ksp-nszz-solidarnosc\/","url":"https:\/\/kspnszz.org\/index.php\/2014\/03\/28\/komunikat-dla-delegatow-na-wzd-ksp-nszz-solidarnosc\/","name":"Komunikat dla Delegat\u00f3w na WZD KSP NSZZ &quot;Solidarno\u015b\u0107&quot; - KSPNSZZ","isPartOf":{"@id":"http:\/\/kspnszz.org\/#website"},"primaryImageOfPage":{"@id":"https:\/\/kspnszz.org\/index.php\/2014\/03\/28\/komunikat-dla-delegatow-na-wzd-ksp-nszz-solidarnosc\/#primaryimage"},"image":{"@id":"https:\/\/kspnszz.org\/index.php\/2014\/03\/28\/komunikat-dla-delegatow-na-wzd-ksp-nszz-solidarnosc\/#primaryimage"},"thumbnailUrl":"https:\/\/kspnszz.org\/wp-content\/uploads\/2014\/03\/Knieja1.jpg","datePublished":"2014-03-28T16:45:52+00:00","dateModified":"2015-11-30T14:27:11+00:00","author":{"@id":"http:\/\/kspnszz.org\/#\/schema\/person\/79827f5b545bfb8a23ec5250d0775537"},"breadcrumb":{"@id":"https:\/\/kspnszz.org\/index.php\/2014\/03\/28\/komunikat-dla-delegatow-na-wzd-ksp-nszz-solidarnosc\/#breadcrumb"},"inLanguage":"pl-PL","potentialAction":[{"@type":"ReadAction","target":["https:\/\/kspnszz.org\/index.php\/2014\/03\/28\/komunikat-dla-delegatow-na-wzd-ksp-nszz-solidarnosc\/"]}]},{"@type":"ImageObject","inLanguage":"pl-PL","@id":"https:\/\/kspnszz.org\/index.php\/2014\/03\/28\/komunikat-dla-delegatow-na-wzd-ksp-nszz-solidarnosc\/#primaryimage","url":"https:\/\/kspnszz.org\/wp-content\/uploads\/2014\/03\/Knieja1.jpg","contentUrl":"https:\/\/kspnszz.org\/wp-content\/uploads\/2014\/03\/Knieja1.jpg","width":910,"height":420},{"@type":"BreadcrumbList","@id":"https:\/\/kspnszz.org\/index.php\/2014\/03\/28\/komunikat-dla-delegatow-na-wzd-ksp-nszz-solidarnosc\/#breadcrumb","itemListElement":[{"@type":"ListItem","position":1,"name":"Strona g\u0142\u00f3wna","item":"http:\/\/kspnszz.org\/"},{"@type":"ListItem","position":2,"name":"Komunikat dla Delegat\u00f3w na WZD KSP NSZZ &quot;Solidarno\u015b\u0107&quot;"}]},{"@type":"WebSite","@id":"http:\/\/kspnszz.org\/#website","url":"http:\/\/kspnszz.org\/","name":"KSPNSZZ","description":"Krajowa Sekcja Po\u017carnictwa","potentialAction":[{"@type":"SearchAction","target":{"@type":"EntryPoint","urlTemplate":"http:\/\/kspnszz.org\/?s={search_term_string}"},"query-input":"required name=search_term_string"}],"inLanguage":"pl-PL"},{"@type":"Person","@id":"http:\/\/kspnszz.org\/#\/schema\/person\/79827f5b545bfb8a23ec5250d0775537","name":"admin","image":{"@type":"ImageObject","inLanguage":"pl-PL","@id":"http:\/\/kspnszz.org\/#\/schema\/person\/image\/","url":"https:\/\/secure.gravatar.com\/avatar\/7e0b1e76421025233f49f045f1922efb?s=96&d=mm&r=g","contentUrl":"https:\/\/secure.gravatar.com\/avatar\/7e0b1e76421025233f49f045f1922efb?s=96&d=mm&r=g","caption":"admin"},"url":"https:\/\/kspnszz.org\/index.php\/author\/admin\/"}]}},"_links":{"self":[{"href":"https:\/\/kspnszz.org\/index.php\/wp-json\/wp\/v2\/posts\/802"}],"collection":[{"href":"https:\/\/kspnszz.org\/index.php\/wp-json\/wp\/v2\/posts"}],"about":[{"href":"https:\/\/kspnszz.org\/index.php\/wp-json\/wp\/v2\/types\/post"}],"author":[{"embeddable":true,"href":"https:\/\/kspnszz.org\/index.php\/wp-json\/wp\/v2\/users\/1"}],"replies":[{"embeddable":true,"href":"https:\/\/kspnszz.org\/index.php\/wp-json\/wp\/v2\/comments?post=802"}],"version-history":[{"count":1,"href":"https:\/\/kspnszz.org\/index.php\/wp-json\/wp\/v2\/posts\/802\/revisions"}],"predecessor-version":[{"id":1145,"href":"https:\/\/kspnszz.org\/index.php\/wp-json\/wp\/v2\/posts\/802\/revisions\/1145"}],"wp:featuredmedia":[{"embeddable":true,"href":"https:\/\/kspnszz.org\/index.php\/wp-json\/wp\/v2\/media\/1005"}],"wp:attachment":[{"href":"https:\/\/kspnszz.org\/index.php\/wp-json\/wp\/v2\/media?parent=802"}],"wp:term":[{"taxonomy":"category","embeddable":true,"href":"https:\/\/kspnszz.org\/index.php\/wp-json\/wp\/v2\/categories?post=802"},{"taxonomy":"post_tag","embeddable":true,"href":"https:\/\/kspnszz.org\/index.php\/wp-json\/wp\/v2\/tags?post=802"}],"curies":[{"name":"wp","href":"https:\/\/api.w.org\/{rel}","templated":true}]}}