{"id":7920,"date":"2025-12-10T19:00:27","date_gmt":"2025-12-10T18:00:27","guid":{"rendered":"https:\/\/kspnszz.org\/?p=7920"},"modified":"2025-12-10T19:02:35","modified_gmt":"2025-12-10T18:02:35","slug":"spotkanie-oplatkowe-lodzkiej-sekcji","status":"publish","type":"post","link":"https:\/\/kspnszz.org\/index.php\/2025\/12\/10\/spotkanie-oplatkowe-lodzkiej-sekcji\/","title":{"rendered":"Spotkanie op\u0142atkowe \u0142\u00f3dzkiej Sekcji"},"content":{"rendered":"<p style=\"text-align: justify;\"><strong>W dniu 5 grudnia 2025 r. w Komendzie Powiatowej PSP w Wieluniu odby\u0142o si\u0119 zebranie Mi\u0119dzyregionalnej Sekcji NSZZ &#8222;Solidarno\u015b\u0107&#8221; stra\u017cak\u00f3w PSP woj. \u0142\u00f3dzkiego. Zebranie podzielone by\u0142o na dwie cz\u0119\u015bci.\u00a0Zwi\u0105zkowcy om\u00f3wili bie\u017c\u0105ce problemy z jakimi spotykaj\u0105 w\u00a0s\u0142u\u017cbie, a\u00a0nast\u0119pnie wraz z zaproszonymi go\u015b\u0107mi prze\u0142amali si\u0119 op\u0142atkiem.<\/strong><\/p>\n\n<div class=\"wp-block-image\">\n<figure class=\"aligncenter size-large is-resized\"><a href=\"http:\/\/kspnszz.org\/wp-content\/uploads\/2025\/12\/596373105_25250158544594600_5038976366770454515_n.jpg\" data-rel=\"lightbox-image-0\" data-rl_title=\"\" data-rl_caption=\"\" title=\"\"><img loading=\"lazy\" decoding=\"async\" width=\"1024\" height=\"576\" src=\"http:\/\/kspnszz.org\/wp-content\/uploads\/2025\/12\/596373105_25250158544594600_5038976366770454515_n-1024x576.jpg\" alt=\"\" class=\"wp-image-7916\" style=\"width:562px;height:auto\" srcset=\"https:\/\/kspnszz.org\/wp-content\/uploads\/2025\/12\/596373105_25250158544594600_5038976366770454515_n-1024x576.jpg 1024w, https:\/\/kspnszz.org\/wp-content\/uploads\/2025\/12\/596373105_25250158544594600_5038976366770454515_n-300x169.jpg 300w, https:\/\/kspnszz.org\/wp-content\/uploads\/2025\/12\/596373105_25250158544594600_5038976366770454515_n-768x432.jpg 768w, https:\/\/kspnszz.org\/wp-content\/uploads\/2025\/12\/596373105_25250158544594600_5038976366770454515_n.jpg 1334w\" sizes=\"(max-width: 1024px) 100vw, 1024px\" \/><\/a><\/figure><\/div>\n\n<p style=\"text-align: justify;\">W cz\u0119\u015bci pierwszej uczestniczy\u0142 przedstawiciel prezydium KSP NSZZ &#8222;Solidarno\u015b\u0107&#8221; Marcin Dzi\u0119gielewski, kt\u00f3ry wraz z przewodnicz\u0105cym Marcinem Mi\u015bkiewiczem om\u00f3wili bie\u017c\u0105c\u0105 sytuacj\u0119 w formacji oraz przebieg posiedzenia Rady KSP NSZZ &#8222;Solidarno\u015b\u0107&#8221;, kt\u00f3re odby\u0142o si\u0119 12 listopada br. w Komendzie G\u0142\u00f3wnej PSP w Warszawie. Niestety przekazane informacje nie s\u0105 optymistyczne. Do dnia dzisiejszego stra\u017cacy nie wiedz\u0105, kiedy otrzymaj\u0105 obiecywane od dawna przez rz\u0105dz\u0105cych \u015bwiadczenie mieszkaniowe oraz nadal brak jednoznacznych odpowiedzi &#8211; wytycznych na pytania dotycz\u0105ce rozliczania czasu s\u0142u\u017cby stra\u017cak\u00f3w. Kolega Marcin Dzi\u0119gielewski zreferowa\u0142 prac\u0119 zwi\u0105zkowych zespo\u0142\u00f3w problemowych powsta\u0142ych w\u00a0woj. \u015bl\u0105skim i mazowieckim, kt\u00f3re zajmuj\u0105 si\u0119 kwesti\u0105 czasu s\u0142u\u017cby i\u00a0najbli\u017cszych planowanych dzia\u0142a\u0144 w tym zakresie.<\/p>\n<p style=\"text-align: justify;\">W drugiej cz\u0119\u015bci zebrania odby\u0142a si\u0119 symboliczna, uroczysta Wigilia, na kt\u00f3r\u0105 przybyli zaproszeni go\u015bcie: Maciej Oset &#8211; kapelan powiatowy stra\u017cak\u00f3w powiatu Wielu\u0144skiego,\u00a0st. bryg. Mariusz Wojcieszko &#8211; z-ca \u0141\u00f3dzkiego Komendanta Wojew\u00f3dzkiego PSP w \u0141odzi, bryg. Piotr Gzik &#8211; Komendant Powiatowy PSP w\u00a0Wieluniu, st. bryg. Jaros\u0142aw Wasylik &#8211; z-ca Komendanta Powiatowego PSP w\u00a0Wieluniu, Piotr \u015acie\u015bko &#8211; z-ca Przewodnicz\u0105cego Regionu Ziemi \u0141\u00f3dzkiej NSZZ &#8222;Solidarno\u015b\u0107&#8221;, Adam Golec &#8211; Przewodnicz\u0105cy Podregionu Wielu\u0144skiego NSZZ &#8222;Solidarno\u015b\u0107&#8221;.<\/p>\n<p style=\"text-align: justify;\">Przewodnicz\u0105cy Marcin Mi\u015bkiewicz podzi\u0119kowa\u0142 Komendantom za przybycie i umo\u017cliwienie zorganizowania uroczystej Wigilii zwi\u0105zkowej w nowo wyremontowanej komendzie PSP w\u00a0Wieluniu. Przy przewodnictwie Kapelana wielu\u0144skich stra\u017cak\u00f3w odm\u00f3wiono wsp\u00f3lnie modlitw\u0119 i od\u015bpiewano kol\u0119d\u0119. Zebrani z\u0142o\u017cyli sobie wzajemnie \u017cyczenia, zdrowych i przede wszytskim spokojnych \u015awi\u0105t Bo\u017cego Narodzenia \u0142ami\u0105c si\u0119 przy tym symbolicznie op\u0142atkowym chlebem. St. bryg. Mariusz Wojcieszko, z-ca \u0141KW PSP w \u0141odzi podzi\u0119kowa\u0142 wszystkim stra\u017cakom za codzienne po\u015bwi\u0119cenie, zaanga\u017cowanie i wk\u0142ad w wykonywanie obowi\u0105zk\u00f3w s\u0142u\u017cbowych oraz dodatkowe prace remontowe, dzi\u0119ki kt\u00f3rym warunki socjalne w\u00a0stra\u017cnicach s\u0105 na coraz to wy\u017cszym poziomie. Przekaza\u0142 najserdeczniejsze \u017cyczenia w\u00a0imieniu \u0141\u00f3dzkiego Komendanta Wojew\u00f3dzkiego PSP w \u0141\u00f3dzi st. bryg. Marcina Dulasa oraz w\u0142asnym dla wszystkich obecnych stra\u017cak\u00f3w i\u00a0ich rodzin, do kt\u00f3rych przy\u0142\u0105czyli si\u0119 wszyscy zebrani go\u015bcie. Spotkanie zako\u0144czono wsp\u00f3lnym, Wigilijnym posi\u0142kiem, przy swobodnej, \u015bwi\u0105tecznej atmosferze.\u00a0<\/p>\n\n<div class=\"wp-block-image\">\n<figure class=\"aligncenter size-large is-resized\"><a href=\"http:\/\/kspnszz.org\/wp-content\/uploads\/2025\/12\/b56098d3-93e7-4246-8d56-7394cc9f756b.jpg\" data-rel=\"lightbox-image-1\" data-rl_title=\"\" data-rl_caption=\"\" title=\"\"><img loading=\"lazy\" decoding=\"async\" width=\"1024\" height=\"657\" src=\"http:\/\/kspnszz.org\/wp-content\/uploads\/2025\/12\/b56098d3-93e7-4246-8d56-7394cc9f756b-1024x657.jpg\" alt=\"\" class=\"wp-image-7918\" style=\"width:597px;height:auto\" srcset=\"https:\/\/kspnszz.org\/wp-content\/uploads\/2025\/12\/b56098d3-93e7-4246-8d56-7394cc9f756b-1024x657.jpg 1024w, https:\/\/kspnszz.org\/wp-content\/uploads\/2025\/12\/b56098d3-93e7-4246-8d56-7394cc9f756b-300x192.jpg 300w, https:\/\/kspnszz.org\/wp-content\/uploads\/2025\/12\/b56098d3-93e7-4246-8d56-7394cc9f756b-768x493.jpg 768w, https:\/\/kspnszz.org\/wp-content\/uploads\/2025\/12\/b56098d3-93e7-4246-8d56-7394cc9f756b-1536x985.jpg 1536w, https:\/\/kspnszz.org\/wp-content\/uploads\/2025\/12\/b56098d3-93e7-4246-8d56-7394cc9f756b.jpg 1824w\" sizes=\"(max-width: 1024px) 100vw, 1024px\" \/><\/a><\/figure><\/div>\n\n<div class=\"wp-block-image\">\n<figure class=\"aligncenter size-large is-resized\"><a href=\"http:\/\/kspnszz.org\/wp-content\/uploads\/2025\/12\/23768636-b5d3-488a-925a-f949f20fb3f0.jpg\" data-rel=\"lightbox-image-2\" data-rl_title=\"\" data-rl_caption=\"\" title=\"\"><img loading=\"lazy\" decoding=\"async\" width=\"1024\" height=\"652\" src=\"http:\/\/kspnszz.org\/wp-content\/uploads\/2025\/12\/23768636-b5d3-488a-925a-f949f20fb3f0-1024x652.jpg\" alt=\"\" class=\"wp-image-7919\" style=\"width:597px;height:auto\" srcset=\"https:\/\/kspnszz.org\/wp-content\/uploads\/2025\/12\/23768636-b5d3-488a-925a-f949f20fb3f0-1024x652.jpg 1024w, https:\/\/kspnszz.org\/wp-content\/uploads\/2025\/12\/23768636-b5d3-488a-925a-f949f20fb3f0-300x191.jpg 300w, https:\/\/kspnszz.org\/wp-content\/uploads\/2025\/12\/23768636-b5d3-488a-925a-f949f20fb3f0-768x489.jpg 768w, https:\/\/kspnszz.org\/wp-content\/uploads\/2025\/12\/23768636-b5d3-488a-925a-f949f20fb3f0-1536x978.jpg 1536w, https:\/\/kspnszz.org\/wp-content\/uploads\/2025\/12\/23768636-b5d3-488a-925a-f949f20fb3f0.jpg 1824w\" sizes=\"(max-width: 1024px) 100vw, 1024px\" \/><\/a><\/figure><\/div>\n\n<div class=\"wp-block-image\">\n<figure class=\"aligncenter size-large is-resized\"><a href=\"http:\/\/kspnszz.org\/wp-content\/uploads\/2025\/12\/595134375_25250158571261264_8846326204926027538_n.jpg\" data-rel=\"lightbox-image-3\" data-rl_title=\"\" data-rl_caption=\"\" title=\"\"><img loading=\"lazy\" decoding=\"async\" width=\"1024\" height=\"543\" src=\"http:\/\/kspnszz.org\/wp-content\/uploads\/2025\/12\/595134375_25250158571261264_8846326204926027538_n-1024x543.jpg\" alt=\"\" class=\"wp-image-7917\" style=\"width:598px;height:auto\" srcset=\"https:\/\/kspnszz.org\/wp-content\/uploads\/2025\/12\/595134375_25250158571261264_8846326204926027538_n-1024x543.jpg 1024w, https:\/\/kspnszz.org\/wp-content\/uploads\/2025\/12\/595134375_25250158571261264_8846326204926027538_n-300x159.jpg 300w, https:\/\/kspnszz.org\/wp-content\/uploads\/2025\/12\/595134375_25250158571261264_8846326204926027538_n-768x408.jpg 768w, https:\/\/kspnszz.org\/wp-content\/uploads\/2025\/12\/595134375_25250158571261264_8846326204926027538_n-1536x815.jpg 1536w, https:\/\/kspnszz.org\/wp-content\/uploads\/2025\/12\/595134375_25250158571261264_8846326204926027538_n-310x165.jpg 310w, https:\/\/kspnszz.org\/wp-content\/uploads\/2025\/12\/595134375_25250158571261264_8846326204926027538_n.jpg 1600w\" sizes=\"(max-width: 1024px) 100vw, 1024px\" \/><\/a><\/figure><\/div>","protected":false},"excerpt":{"rendered":"<p>W dniu 5 grudnia 2025 r. w Komendzie Powiatowej PSP w Wieluniu odby\u0142o si\u0119 zebranie Mi\u0119dzyregionalnej Sekcji NSZZ &#8222;Solidarno\u015b\u0107&#8221; stra\u017cak\u00f3w PSP woj. \u0142\u00f3dzkiego. Zebranie podzielone by\u0142o na dwie cz\u0119\u015bci.\u00a0Zwi\u0105zkowcy om\u00f3wili bie\u017c\u0105ce problemy z jakimi spotykaj\u0105 w\u00a0s\u0142u\u017cbie, a\u00a0nast\u0119pnie wraz z zaproszonymi go\u015b\u0107mi prze\u0142amali si\u0119 op\u0142atkiem. W cz\u0119\u015bci pierwszej uczestniczy\u0142 przedstawiciel prezydium KSP NSZZ &#8222;Solidarno\u015b\u0107&#8221; Marcin Dzi\u0119gielewski, &hellip;<\/p>\n","protected":false},"author":2,"featured_media":7918,"comment_status":"closed","ping_status":"closed","sticky":false,"template":"","format":"standard","meta":{"footnotes":""},"categories":[2,1],"tags":[],"yoast_head":"<!-- This site is optimized with the Yoast SEO plugin v22.7 - https:\/\/yoast.com\/wordpress\/plugins\/seo\/ -->\n<title>Spotkanie op\u0142atkowe \u0142\u00f3dzkiej Sekcji - KSPNSZZ<\/title>\n<meta name=\"robots\" content=\"index, follow, max-snippet:-1, max-image-preview:large, max-video-preview:-1\" \/>\n<link rel=\"canonical\" href=\"https:\/\/kspnszz.org\/index.php\/2025\/12\/10\/spotkanie-oplatkowe-lodzkiej-sekcji\/\" \/>\n<meta property=\"og:locale\" content=\"pl_PL\" \/>\n<meta property=\"og:type\" content=\"article\" \/>\n<meta property=\"og:title\" content=\"Spotkanie op\u0142atkowe \u0142\u00f3dzkiej Sekcji - KSPNSZZ\" \/>\n<meta property=\"og:description\" content=\"W dniu 5 grudnia 2025 r. w Komendzie Powiatowej PSP w Wieluniu odby\u0142o si\u0119 zebranie Mi\u0119dzyregionalnej Sekcji NSZZ &#8222;Solidarno\u015b\u0107&#8221; stra\u017cak\u00f3w PSP woj. \u0142\u00f3dzkiego. Zebranie podzielone by\u0142o na dwie cz\u0119\u015bci.\u00a0Zwi\u0105zkowcy om\u00f3wili bie\u017c\u0105ce problemy z jakimi spotykaj\u0105 w\u00a0s\u0142u\u017cbie, a\u00a0nast\u0119pnie wraz z zaproszonymi go\u015b\u0107mi prze\u0142amali si\u0119 op\u0142atkiem. W cz\u0119\u015bci pierwszej uczestniczy\u0142 przedstawiciel prezydium KSP NSZZ &#8222;Solidarno\u015b\u0107&#8221; Marcin Dzi\u0119gielewski, &hellip;\" \/>\n<meta property=\"og:url\" content=\"https:\/\/kspnszz.org\/index.php\/2025\/12\/10\/spotkanie-oplatkowe-lodzkiej-sekcji\/\" \/>\n<meta property=\"og:site_name\" content=\"KSPNSZZ\" \/>\n<meta property=\"article:published_time\" content=\"2025-12-10T18:00:27+00:00\" \/>\n<meta property=\"article:modified_time\" content=\"2025-12-10T18:02:35+00:00\" \/>\n<meta property=\"og:image\" content=\"https:\/\/kspnszz.org\/wp-content\/uploads\/2025\/12\/b56098d3-93e7-4246-8d56-7394cc9f756b.jpg\" \/>\n\t<meta property=\"og:image:width\" content=\"1824\" \/>\n\t<meta property=\"og:image:height\" content=\"1170\" \/>\n\t<meta property=\"og:image:type\" content=\"image\/jpeg\" \/>\n<meta name=\"author\" content=\"bartlomiej\" \/>\n<meta name=\"twitter:card\" content=\"summary_large_image\" \/>\n<meta name=\"twitter:label1\" content=\"Napisane przez\" \/>\n\t<meta name=\"twitter:data1\" content=\"bartlomiej\" \/>\n\t<meta name=\"twitter:label2\" content=\"Szacowany czas czytania\" \/>\n\t<meta name=\"twitter:data2\" content=\"4 minuty\" \/>\n<script type=\"application\/ld+json\" class=\"yoast-schema-graph\">{\"@context\":\"https:\/\/schema.org\",\"@graph\":[{\"@type\":\"WebPage\",\"@id\":\"https:\/\/kspnszz.org\/index.php\/2025\/12\/10\/spotkanie-oplatkowe-lodzkiej-sekcji\/\",\"url\":\"https:\/\/kspnszz.org\/index.php\/2025\/12\/10\/spotkanie-oplatkowe-lodzkiej-sekcji\/\",\"name\":\"Spotkanie op\u0142atkowe \u0142\u00f3dzkiej Sekcji - KSPNSZZ\",\"isPartOf\":{\"@id\":\"http:\/\/kspnszz.org\/#website\"},\"primaryImageOfPage\":{\"@id\":\"https:\/\/kspnszz.org\/index.php\/2025\/12\/10\/spotkanie-oplatkowe-lodzkiej-sekcji\/#primaryimage\"},\"image\":{\"@id\":\"https:\/\/kspnszz.org\/index.php\/2025\/12\/10\/spotkanie-oplatkowe-lodzkiej-sekcji\/#primaryimage\"},\"thumbnailUrl\":\"https:\/\/kspnszz.org\/wp-content\/uploads\/2025\/12\/b56098d3-93e7-4246-8d56-7394cc9f756b.jpg\",\"datePublished\":\"2025-12-10T18:00:27+00:00\",\"dateModified\":\"2025-12-10T18:02:35+00:00\",\"author\":{\"@id\":\"http:\/\/kspnszz.org\/#\/schema\/person\/31096cf196f706ef50ecbd878903cc13\"},\"breadcrumb\":{\"@id\":\"https:\/\/kspnszz.org\/index.php\/2025\/12\/10\/spotkanie-oplatkowe-lodzkiej-sekcji\/#breadcrumb\"},\"inLanguage\":\"pl-PL\",\"potentialAction\":[{\"@type\":\"ReadAction\",\"target\":[\"https:\/\/kspnszz.org\/index.php\/2025\/12\/10\/spotkanie-oplatkowe-lodzkiej-sekcji\/\"]}]},{\"@type\":\"ImageObject\",\"inLanguage\":\"pl-PL\",\"@id\":\"https:\/\/kspnszz.org\/index.php\/2025\/12\/10\/spotkanie-oplatkowe-lodzkiej-sekcji\/#primaryimage\",\"url\":\"https:\/\/kspnszz.org\/wp-content\/uploads\/2025\/12\/b56098d3-93e7-4246-8d56-7394cc9f756b.jpg\",\"contentUrl\":\"https:\/\/kspnszz.org\/wp-content\/uploads\/2025\/12\/b56098d3-93e7-4246-8d56-7394cc9f756b.jpg\",\"width\":1824,\"height\":1170},{\"@type\":\"BreadcrumbList\",\"@id\":\"https:\/\/kspnszz.org\/index.php\/2025\/12\/10\/spotkanie-oplatkowe-lodzkiej-sekcji\/#breadcrumb\",\"itemListElement\":[{\"@type\":\"ListItem\",\"position\":1,\"name\":\"Strona g\u0142\u00f3wna\",\"item\":\"http:\/\/kspnszz.org\/\"},{\"@type\":\"ListItem\",\"position\":2,\"name\":\"Spotkanie op\u0142atkowe \u0142\u00f3dzkiej Sekcji\"}]},{\"@type\":\"WebSite\",\"@id\":\"http:\/\/kspnszz.org\/#website\",\"url\":\"http:\/\/kspnszz.org\/\",\"name\":\"KSPNSZZ\",\"description\":\"Krajowa Sekcja Po\u017carnictwa\",\"potentialAction\":[{\"@type\":\"SearchAction\",\"target\":{\"@type\":\"EntryPoint\",\"urlTemplate\":\"http:\/\/kspnszz.org\/?s={search_term_string}\"},\"query-input\":\"required name=search_term_string\"}],\"inLanguage\":\"pl-PL\"},{\"@type\":\"Person\",\"@id\":\"http:\/\/kspnszz.org\/#\/schema\/person\/31096cf196f706ef50ecbd878903cc13\",\"name\":\"bartlomiej\",\"image\":{\"@type\":\"ImageObject\",\"inLanguage\":\"pl-PL\",\"@id\":\"http:\/\/kspnszz.org\/#\/schema\/person\/image\/\",\"url\":\"https:\/\/secure.gravatar.com\/avatar\/cb681656f150968eb94b73c62cf58e52?s=96&d=mm&r=g\",\"contentUrl\":\"https:\/\/secure.gravatar.com\/avatar\/cb681656f150968eb94b73c62cf58e52?s=96&d=mm&r=g\",\"caption\":\"bartlomiej\"},\"url\":\"https:\/\/kspnszz.org\/index.php\/author\/bartlomiej\/\"}]}<\/script>\n<!-- \/ Yoast SEO plugin. -->","yoast_head_json":{"title":"Spotkanie op\u0142atkowe \u0142\u00f3dzkiej Sekcji - KSPNSZZ","robots":{"index":"index","follow":"follow","max-snippet":"max-snippet:-1","max-image-preview":"max-image-preview:large","max-video-preview":"max-video-preview:-1"},"canonical":"https:\/\/kspnszz.org\/index.php\/2025\/12\/10\/spotkanie-oplatkowe-lodzkiej-sekcji\/","og_locale":"pl_PL","og_type":"article","og_title":"Spotkanie op\u0142atkowe \u0142\u00f3dzkiej Sekcji - KSPNSZZ","og_description":"W dniu 5 grudnia 2025 r. w Komendzie Powiatowej PSP w Wieluniu odby\u0142o si\u0119 zebranie Mi\u0119dzyregionalnej Sekcji NSZZ &#8222;Solidarno\u015b\u0107&#8221; stra\u017cak\u00f3w PSP woj. \u0142\u00f3dzkiego. Zebranie podzielone by\u0142o na dwie cz\u0119\u015bci.\u00a0Zwi\u0105zkowcy om\u00f3wili bie\u017c\u0105ce problemy z jakimi spotykaj\u0105 w\u00a0s\u0142u\u017cbie, a\u00a0nast\u0119pnie wraz z zaproszonymi go\u015b\u0107mi prze\u0142amali si\u0119 op\u0142atkiem. W cz\u0119\u015bci pierwszej uczestniczy\u0142 przedstawiciel prezydium KSP NSZZ &#8222;Solidarno\u015b\u0107&#8221; Marcin Dzi\u0119gielewski, &hellip;","og_url":"https:\/\/kspnszz.org\/index.php\/2025\/12\/10\/spotkanie-oplatkowe-lodzkiej-sekcji\/","og_site_name":"KSPNSZZ","article_published_time":"2025-12-10T18:00:27+00:00","article_modified_time":"2025-12-10T18:02:35+00:00","og_image":[{"width":1824,"height":1170,"url":"https:\/\/kspnszz.org\/wp-content\/uploads\/2025\/12\/b56098d3-93e7-4246-8d56-7394cc9f756b.jpg","type":"image\/jpeg"}],"author":"bartlomiej","twitter_card":"summary_large_image","twitter_misc":{"Napisane przez":"bartlomiej","Szacowany czas czytania":"4 minuty"},"schema":{"@context":"https:\/\/schema.org","@graph":[{"@type":"WebPage","@id":"https:\/\/kspnszz.org\/index.php\/2025\/12\/10\/spotkanie-oplatkowe-lodzkiej-sekcji\/","url":"https:\/\/kspnszz.org\/index.php\/2025\/12\/10\/spotkanie-oplatkowe-lodzkiej-sekcji\/","name":"Spotkanie op\u0142atkowe \u0142\u00f3dzkiej Sekcji - KSPNSZZ","isPartOf":{"@id":"http:\/\/kspnszz.org\/#website"},"primaryImageOfPage":{"@id":"https:\/\/kspnszz.org\/index.php\/2025\/12\/10\/spotkanie-oplatkowe-lodzkiej-sekcji\/#primaryimage"},"image":{"@id":"https:\/\/kspnszz.org\/index.php\/2025\/12\/10\/spotkanie-oplatkowe-lodzkiej-sekcji\/#primaryimage"},"thumbnailUrl":"https:\/\/kspnszz.org\/wp-content\/uploads\/2025\/12\/b56098d3-93e7-4246-8d56-7394cc9f756b.jpg","datePublished":"2025-12-10T18:00:27+00:00","dateModified":"2025-12-10T18:02:35+00:00","author":{"@id":"http:\/\/kspnszz.org\/#\/schema\/person\/31096cf196f706ef50ecbd878903cc13"},"breadcrumb":{"@id":"https:\/\/kspnszz.org\/index.php\/2025\/12\/10\/spotkanie-oplatkowe-lodzkiej-sekcji\/#breadcrumb"},"inLanguage":"pl-PL","potentialAction":[{"@type":"ReadAction","target":["https:\/\/kspnszz.org\/index.php\/2025\/12\/10\/spotkanie-oplatkowe-lodzkiej-sekcji\/"]}]},{"@type":"ImageObject","inLanguage":"pl-PL","@id":"https:\/\/kspnszz.org\/index.php\/2025\/12\/10\/spotkanie-oplatkowe-lodzkiej-sekcji\/#primaryimage","url":"https:\/\/kspnszz.org\/wp-content\/uploads\/2025\/12\/b56098d3-93e7-4246-8d56-7394cc9f756b.jpg","contentUrl":"https:\/\/kspnszz.org\/wp-content\/uploads\/2025\/12\/b56098d3-93e7-4246-8d56-7394cc9f756b.jpg","width":1824,"height":1170},{"@type":"BreadcrumbList","@id":"https:\/\/kspnszz.org\/index.php\/2025\/12\/10\/spotkanie-oplatkowe-lodzkiej-sekcji\/#breadcrumb","itemListElement":[{"@type":"ListItem","position":1,"name":"Strona g\u0142\u00f3wna","item":"http:\/\/kspnszz.org\/"},{"@type":"ListItem","position":2,"name":"Spotkanie op\u0142atkowe \u0142\u00f3dzkiej Sekcji"}]},{"@type":"WebSite","@id":"http:\/\/kspnszz.org\/#website","url":"http:\/\/kspnszz.org\/","name":"KSPNSZZ","description":"Krajowa Sekcja Po\u017carnictwa","potentialAction":[{"@type":"SearchAction","target":{"@type":"EntryPoint","urlTemplate":"http:\/\/kspnszz.org\/?s={search_term_string}"},"query-input":"required name=search_term_string"}],"inLanguage":"pl-PL"},{"@type":"Person","@id":"http:\/\/kspnszz.org\/#\/schema\/person\/31096cf196f706ef50ecbd878903cc13","name":"bartlomiej","image":{"@type":"ImageObject","inLanguage":"pl-PL","@id":"http:\/\/kspnszz.org\/#\/schema\/person\/image\/","url":"https:\/\/secure.gravatar.com\/avatar\/cb681656f150968eb94b73c62cf58e52?s=96&d=mm&r=g","contentUrl":"https:\/\/secure.gravatar.com\/avatar\/cb681656f150968eb94b73c62cf58e52?s=96&d=mm&r=g","caption":"bartlomiej"},"url":"https:\/\/kspnszz.org\/index.php\/author\/bartlomiej\/"}]}},"_links":{"self":[{"href":"https:\/\/kspnszz.org\/index.php\/wp-json\/wp\/v2\/posts\/7920"}],"collection":[{"href":"https:\/\/kspnszz.org\/index.php\/wp-json\/wp\/v2\/posts"}],"about":[{"href":"https:\/\/kspnszz.org\/index.php\/wp-json\/wp\/v2\/types\/post"}],"author":[{"embeddable":true,"href":"https:\/\/kspnszz.org\/index.php\/wp-json\/wp\/v2\/users\/2"}],"replies":[{"embeddable":true,"href":"https:\/\/kspnszz.org\/index.php\/wp-json\/wp\/v2\/comments?post=7920"}],"version-history":[{"count":7,"href":"https:\/\/kspnszz.org\/index.php\/wp-json\/wp\/v2\/posts\/7920\/revisions"}],"predecessor-version":[{"id":7927,"href":"https:\/\/kspnszz.org\/index.php\/wp-json\/wp\/v2\/posts\/7920\/revisions\/7927"}],"wp:featuredmedia":[{"embeddable":true,"href":"https:\/\/kspnszz.org\/index.php\/wp-json\/wp\/v2\/media\/7918"}],"wp:attachment":[{"href":"https:\/\/kspnszz.org\/index.php\/wp-json\/wp\/v2\/media?parent=7920"}],"wp:term":[{"taxonomy":"category","embeddable":true,"href":"https:\/\/kspnszz.org\/index.php\/wp-json\/wp\/v2\/categories?post=7920"},{"taxonomy":"post_tag","embeddable":true,"href":"https:\/\/kspnszz.org\/index.php\/wp-json\/wp\/v2\/tags?post=7920"}],"curies":[{"name":"wp","href":"https:\/\/api.w.org\/{rel}","templated":true}]}}