{"id":7904,"date":"2025-12-09T19:49:21","date_gmt":"2025-12-09T18:49:21","guid":{"rendered":"https:\/\/kspnszz.org\/?p=7904"},"modified":"2025-12-09T19:53:53","modified_gmt":"2025-12-09T18:53:53","slug":"solidarnosc-powolala-sztab-akcji-protestacyjnej","status":"publish","type":"post","link":"https:\/\/kspnszz.org\/index.php\/2025\/12\/09\/solidarnosc-powolala-sztab-akcji-protestacyjnej\/","title":{"rendered":"Solidarno\u015b\u0107 powo\u0142a\u0142a Sztab Akcji Protestacyjnej"},"content":{"rendered":"<p style=\"text-align: justify;\"><strong>&#8222;W zwi\u0105zku z dramatycznie pogarszaj\u0105c\u0105 si\u0119 sytuacj\u0105 spo\u0142eczno-gospodarcz\u0105 w Polsce oraz brakiem jakiegokolwiek realnego dialogu spo\u0142ecznego ze strony rz\u0105du, Komisja Krajowa NSZZ &#8222;Solidarno\u015b\u0107&#8221; podejmuje decyzj\u0119 o rozpocz\u0119ciu przygotowa\u0144 do og\u00f3lnokrajowej akcji protestacyjnej oraz o\u00a0powo\u0142aniu Sztabu Akcji Protestacyjnej&#8221; \u2013 napisali dzi\u015b cz\u0142onkowie Komisji Krajowej w specjalnym stanowisku.<\/strong><\/p>\n\n<div class=\"wp-block-image\">\n<figure class=\"aligncenter size-large is-resized\"><a href=\"http:\/\/kspnszz.org\/wp-content\/uploads\/2025\/12\/597235122_122121008703001133_702467422791061990_n.jpg\" data-rel=\"lightbox-image-0\" data-rl_title=\"\" data-rl_caption=\"\" title=\"\"><img loading=\"lazy\" decoding=\"async\" width=\"1024\" height=\"574\" src=\"http:\/\/kspnszz.org\/wp-content\/uploads\/2025\/12\/597235122_122121008703001133_702467422791061990_n-1024x574.jpg\" alt=\"\" class=\"wp-image-7908\" style=\"width:471px;height:auto\" srcset=\"https:\/\/kspnszz.org\/wp-content\/uploads\/2025\/12\/597235122_122121008703001133_702467422791061990_n-1024x574.jpg 1024w, https:\/\/kspnszz.org\/wp-content\/uploads\/2025\/12\/597235122_122121008703001133_702467422791061990_n-300x168.jpg 300w, https:\/\/kspnszz.org\/wp-content\/uploads\/2025\/12\/597235122_122121008703001133_702467422791061990_n-768x430.jpg 768w, https:\/\/kspnszz.org\/wp-content\/uploads\/2025\/12\/597235122_122121008703001133_702467422791061990_n.jpg 1255w\" sizes=\"(max-width: 1024px) 100vw, 1024px\" \/><\/a><\/figure><\/div>\n\n<p style=\"text-align: justify;\">Cz\u0142onkowie Komisji Krajowej NSZZ &#8222;S&#8221; wezwali rz\u0105d do natychmiastowego podj\u0119cia uczciwych i merytorycznych negocjacji w celu realizacji postulat\u00f3w Zwi\u0105zku, a tak\u017ce do rozpocz\u0119cia realnych rozm\u00f3w bran\u017cowych, regionalnych i zak\u0142adowych w sprawach kluczowych dla poszczeg\u00f3lnych miejsc pracy i\u00a0sektor\u00f3w polskiej gospodarki. Zaznaczono, \u017ce brak reakcji oraz dalsze procedowanie rozwi\u0105za\u0144 sprzecznych z interesem pracownik\u00f3w b\u0119dzie jednoznacznym potwierdzeniem braku wiarygodno\u015bci rz\u0105du.<\/p>\n<p style=\"text-align: justify;\">Komisja Krajowa NSZZ &#8221;Solidarno\u015b\u0107&#8221; przedstawi\u0142a jednocze\u015bnie postulaty, kt\u00f3rych spe\u0142nienie jest warunkiem zatrzymania akcji protestacyjnej Zwi\u0105zku. Jeden z nich dotyczy bezpo\u015brednio &#8222;bud\u017cet\u00f3wki&#8221;, tj. zagwarantowania niezw\u0142ocznej i realnej waloryzacji wynagrodze\u0144 w sektorze finans\u00f3w publicznych, opartej na faktycznych kosztach ponoszonych przez pracownik\u00f3w, a nie na oderwanych od rzeczywisto\u015bci prognozach rz\u0105dowych.<\/p>\n<p style=\"text-align: justify;\">Komisja Krajowa NSZZ &#8221;Solidarno\u015b\u0107&#8221; wezwa\u0142a r\u00f3wnie\u017c wszystkie organizacje zwi\u0105zkowe do bezwzgl\u0119dnego w\u0142\u0105czenia si\u0119 w akcje organizowane przez w\u0142adze krajowe, regionalne i bran\u017cowe NSZZ &#8221;Solidarno\u015b\u0107&#8221;.<\/p>\n<p style=\"text-align: justify;\">W obradach bra\u0142 udzia\u0142 przewodnicz\u0105cy Krajowej Sekcji Po\u017carnictwa NSZZ &#8222;Solidarno\u015b\u0107&#8221; Bart\u0142omiej Mickiewicz, b\u0119d\u0105cy jednocze\u015bnie zast\u0119pc\u0105 przewodnicz\u0105cego Komisji Krajowej.<\/p>\n<p style=\"text-align: justify;\">Ca\u0142y komunikat z posiedzenia Komisji Krajowej dost\u0119pny jest w poni\u017cszym linku:<\/p>\n<p style=\"text-align: justify;\"><a href=\"https:\/\/www.tysol.pl\/a150858-solidarnosc-powolala-sztab-akcji-protestacyjnej-rozpoczynamy-przygotowania-do-ogolnokrajowej-akcji-protestacyjnej\">https:\/\/www.tysol.pl\/a150858-solidarnosc-powolala-sztab-akcji-protestacyjnej-rozpoczynamy-przygotowania-do-ogolnokrajowej-akcji-protestacyjnej<\/a><\/p>\n\n<div class=\"wp-block-image\">\n<figure class=\"aligncenter size-large is-resized\"><a href=\"http:\/\/kspnszz.org\/wp-content\/uploads\/2025\/12\/597866459_122121008715001133_1758722884709876223_n.jpg\" data-rel=\"lightbox-image-1\" data-rl_title=\"\" data-rl_caption=\"\" title=\"\"><img loading=\"lazy\" decoding=\"async\" width=\"1024\" height=\"642\" src=\"http:\/\/kspnszz.org\/wp-content\/uploads\/2025\/12\/597866459_122121008715001133_1758722884709876223_n-1024x642.jpg\" alt=\"\" class=\"wp-image-7906\" style=\"width:494px;height:auto\" srcset=\"https:\/\/kspnszz.org\/wp-content\/uploads\/2025\/12\/597866459_122121008715001133_1758722884709876223_n-1024x642.jpg 1024w, https:\/\/kspnszz.org\/wp-content\/uploads\/2025\/12\/597866459_122121008715001133_1758722884709876223_n-300x188.jpg 300w, https:\/\/kspnszz.org\/wp-content\/uploads\/2025\/12\/597866459_122121008715001133_1758722884709876223_n-768x481.jpg 768w, https:\/\/kspnszz.org\/wp-content\/uploads\/2025\/12\/597866459_122121008715001133_1758722884709876223_n.jpg 1500w\" sizes=\"(max-width: 1024px) 100vw, 1024px\" \/><\/a><\/figure><\/div>","protected":false},"excerpt":{"rendered":"<p>&#8222;W zwi\u0105zku z dramatycznie pogarszaj\u0105c\u0105 si\u0119 sytuacj\u0105 spo\u0142eczno-gospodarcz\u0105 w Polsce oraz brakiem jakiegokolwiek realnego dialogu spo\u0142ecznego ze strony rz\u0105du, Komisja Krajowa NSZZ &#8222;Solidarno\u015b\u0107&#8221; podejmuje decyzj\u0119 o rozpocz\u0119ciu przygotowa\u0144 do og\u00f3lnokrajowej akcji protestacyjnej oraz o\u00a0powo\u0142aniu Sztabu Akcji Protestacyjnej&#8221; \u2013 napisali dzi\u015b cz\u0142onkowie Komisji Krajowej w specjalnym stanowisku. Cz\u0142onkowie Komisji Krajowej NSZZ &#8222;S&#8221; wezwali rz\u0105d do natychmiastowego &hellip;<\/p>\n","protected":false},"author":2,"featured_media":7907,"comment_status":"closed","ping_status":"closed","sticky":false,"template":"","format":"standard","meta":{"footnotes":""},"categories":[2,1],"tags":[],"yoast_head":"<!-- This site is optimized with the Yoast SEO plugin v22.7 - https:\/\/yoast.com\/wordpress\/plugins\/seo\/ -->\n<title>Solidarno\u015b\u0107 powo\u0142a\u0142a Sztab Akcji Protestacyjnej - KSPNSZZ<\/title>\n<meta name=\"robots\" content=\"index, follow, max-snippet:-1, max-image-preview:large, max-video-preview:-1\" \/>\n<link rel=\"canonical\" href=\"https:\/\/kspnszz.org\/index.php\/2025\/12\/09\/solidarnosc-powolala-sztab-akcji-protestacyjnej\/\" \/>\n<meta property=\"og:locale\" content=\"pl_PL\" \/>\n<meta property=\"og:type\" content=\"article\" \/>\n<meta property=\"og:title\" content=\"Solidarno\u015b\u0107 powo\u0142a\u0142a Sztab Akcji Protestacyjnej - KSPNSZZ\" \/>\n<meta property=\"og:description\" content=\"&#8222;W zwi\u0105zku z dramatycznie pogarszaj\u0105c\u0105 si\u0119 sytuacj\u0105 spo\u0142eczno-gospodarcz\u0105 w Polsce oraz brakiem jakiegokolwiek realnego dialogu spo\u0142ecznego ze strony rz\u0105du, Komisja Krajowa NSZZ &#8222;Solidarno\u015b\u0107&#8221; podejmuje decyzj\u0119 o rozpocz\u0119ciu przygotowa\u0144 do og\u00f3lnokrajowej akcji protestacyjnej oraz o\u00a0powo\u0142aniu Sztabu Akcji Protestacyjnej&#8221; \u2013 napisali dzi\u015b cz\u0142onkowie Komisji Krajowej w specjalnym stanowisku. Cz\u0142onkowie Komisji Krajowej NSZZ &#8222;S&#8221; wezwali rz\u0105d do natychmiastowego &hellip;\" \/>\n<meta property=\"og:url\" content=\"https:\/\/kspnszz.org\/index.php\/2025\/12\/09\/solidarnosc-powolala-sztab-akcji-protestacyjnej\/\" \/>\n<meta property=\"og:site_name\" content=\"KSPNSZZ\" \/>\n<meta property=\"article:published_time\" content=\"2025-12-09T18:49:21+00:00\" \/>\n<meta property=\"article:modified_time\" content=\"2025-12-09T18:53:53+00:00\" \/>\n<meta property=\"og:image\" content=\"https:\/\/kspnszz.org\/wp-content\/uploads\/2025\/12\/597369366_122121008757001133_6520189467568611603_n.jpg\" \/>\n\t<meta property=\"og:image:width\" content=\"1536\" \/>\n\t<meta property=\"og:image:height\" content=\"1024\" \/>\n\t<meta property=\"og:image:type\" content=\"image\/jpeg\" \/>\n<meta name=\"author\" content=\"bartlomiej\" \/>\n<meta name=\"twitter:card\" content=\"summary_large_image\" \/>\n<meta name=\"twitter:label1\" content=\"Napisane przez\" \/>\n\t<meta name=\"twitter:data1\" content=\"bartlomiej\" \/>\n\t<meta name=\"twitter:label2\" content=\"Szacowany czas czytania\" \/>\n\t<meta name=\"twitter:data2\" content=\"2 minuty\" \/>\n<script type=\"application\/ld+json\" class=\"yoast-schema-graph\">{\"@context\":\"https:\/\/schema.org\",\"@graph\":[{\"@type\":\"WebPage\",\"@id\":\"https:\/\/kspnszz.org\/index.php\/2025\/12\/09\/solidarnosc-powolala-sztab-akcji-protestacyjnej\/\",\"url\":\"https:\/\/kspnszz.org\/index.php\/2025\/12\/09\/solidarnosc-powolala-sztab-akcji-protestacyjnej\/\",\"name\":\"Solidarno\u015b\u0107 powo\u0142a\u0142a Sztab Akcji Protestacyjnej - KSPNSZZ\",\"isPartOf\":{\"@id\":\"http:\/\/kspnszz.org\/#website\"},\"primaryImageOfPage\":{\"@id\":\"https:\/\/kspnszz.org\/index.php\/2025\/12\/09\/solidarnosc-powolala-sztab-akcji-protestacyjnej\/#primaryimage\"},\"image\":{\"@id\":\"https:\/\/kspnszz.org\/index.php\/2025\/12\/09\/solidarnosc-powolala-sztab-akcji-protestacyjnej\/#primaryimage\"},\"thumbnailUrl\":\"https:\/\/kspnszz.org\/wp-content\/uploads\/2025\/12\/597369366_122121008757001133_6520189467568611603_n.jpg\",\"datePublished\":\"2025-12-09T18:49:21+00:00\",\"dateModified\":\"2025-12-09T18:53:53+00:00\",\"author\":{\"@id\":\"http:\/\/kspnszz.org\/#\/schema\/person\/31096cf196f706ef50ecbd878903cc13\"},\"breadcrumb\":{\"@id\":\"https:\/\/kspnszz.org\/index.php\/2025\/12\/09\/solidarnosc-powolala-sztab-akcji-protestacyjnej\/#breadcrumb\"},\"inLanguage\":\"pl-PL\",\"potentialAction\":[{\"@type\":\"ReadAction\",\"target\":[\"https:\/\/kspnszz.org\/index.php\/2025\/12\/09\/solidarnosc-powolala-sztab-akcji-protestacyjnej\/\"]}]},{\"@type\":\"ImageObject\",\"inLanguage\":\"pl-PL\",\"@id\":\"https:\/\/kspnszz.org\/index.php\/2025\/12\/09\/solidarnosc-powolala-sztab-akcji-protestacyjnej\/#primaryimage\",\"url\":\"https:\/\/kspnszz.org\/wp-content\/uploads\/2025\/12\/597369366_122121008757001133_6520189467568611603_n.jpg\",\"contentUrl\":\"https:\/\/kspnszz.org\/wp-content\/uploads\/2025\/12\/597369366_122121008757001133_6520189467568611603_n.jpg\",\"width\":1536,\"height\":1024},{\"@type\":\"BreadcrumbList\",\"@id\":\"https:\/\/kspnszz.org\/index.php\/2025\/12\/09\/solidarnosc-powolala-sztab-akcji-protestacyjnej\/#breadcrumb\",\"itemListElement\":[{\"@type\":\"ListItem\",\"position\":1,\"name\":\"Strona g\u0142\u00f3wna\",\"item\":\"http:\/\/kspnszz.org\/\"},{\"@type\":\"ListItem\",\"position\":2,\"name\":\"Solidarno\u015b\u0107 powo\u0142a\u0142a Sztab Akcji Protestacyjnej\"}]},{\"@type\":\"WebSite\",\"@id\":\"http:\/\/kspnszz.org\/#website\",\"url\":\"http:\/\/kspnszz.org\/\",\"name\":\"KSPNSZZ\",\"description\":\"Krajowa Sekcja Po\u017carnictwa\",\"potentialAction\":[{\"@type\":\"SearchAction\",\"target\":{\"@type\":\"EntryPoint\",\"urlTemplate\":\"http:\/\/kspnszz.org\/?s={search_term_string}\"},\"query-input\":\"required name=search_term_string\"}],\"inLanguage\":\"pl-PL\"},{\"@type\":\"Person\",\"@id\":\"http:\/\/kspnszz.org\/#\/schema\/person\/31096cf196f706ef50ecbd878903cc13\",\"name\":\"bartlomiej\",\"image\":{\"@type\":\"ImageObject\",\"inLanguage\":\"pl-PL\",\"@id\":\"http:\/\/kspnszz.org\/#\/schema\/person\/image\/\",\"url\":\"https:\/\/secure.gravatar.com\/avatar\/cb681656f150968eb94b73c62cf58e52?s=96&d=mm&r=g\",\"contentUrl\":\"https:\/\/secure.gravatar.com\/avatar\/cb681656f150968eb94b73c62cf58e52?s=96&d=mm&r=g\",\"caption\":\"bartlomiej\"},\"url\":\"https:\/\/kspnszz.org\/index.php\/author\/bartlomiej\/\"}]}<\/script>\n<!-- \/ Yoast SEO plugin. -->","yoast_head_json":{"title":"Solidarno\u015b\u0107 powo\u0142a\u0142a Sztab Akcji Protestacyjnej - KSPNSZZ","robots":{"index":"index","follow":"follow","max-snippet":"max-snippet:-1","max-image-preview":"max-image-preview:large","max-video-preview":"max-video-preview:-1"},"canonical":"https:\/\/kspnszz.org\/index.php\/2025\/12\/09\/solidarnosc-powolala-sztab-akcji-protestacyjnej\/","og_locale":"pl_PL","og_type":"article","og_title":"Solidarno\u015b\u0107 powo\u0142a\u0142a Sztab Akcji Protestacyjnej - KSPNSZZ","og_description":"&#8222;W zwi\u0105zku z dramatycznie pogarszaj\u0105c\u0105 si\u0119 sytuacj\u0105 spo\u0142eczno-gospodarcz\u0105 w Polsce oraz brakiem jakiegokolwiek realnego dialogu spo\u0142ecznego ze strony rz\u0105du, Komisja Krajowa NSZZ &#8222;Solidarno\u015b\u0107&#8221; podejmuje decyzj\u0119 o rozpocz\u0119ciu przygotowa\u0144 do og\u00f3lnokrajowej akcji protestacyjnej oraz o\u00a0powo\u0142aniu Sztabu Akcji Protestacyjnej&#8221; \u2013 napisali dzi\u015b cz\u0142onkowie Komisji Krajowej w specjalnym stanowisku. Cz\u0142onkowie Komisji Krajowej NSZZ &#8222;S&#8221; wezwali rz\u0105d do natychmiastowego &hellip;","og_url":"https:\/\/kspnszz.org\/index.php\/2025\/12\/09\/solidarnosc-powolala-sztab-akcji-protestacyjnej\/","og_site_name":"KSPNSZZ","article_published_time":"2025-12-09T18:49:21+00:00","article_modified_time":"2025-12-09T18:53:53+00:00","og_image":[{"width":1536,"height":1024,"url":"https:\/\/kspnszz.org\/wp-content\/uploads\/2025\/12\/597369366_122121008757001133_6520189467568611603_n.jpg","type":"image\/jpeg"}],"author":"bartlomiej","twitter_card":"summary_large_image","twitter_misc":{"Napisane przez":"bartlomiej","Szacowany czas czytania":"2 minuty"},"schema":{"@context":"https:\/\/schema.org","@graph":[{"@type":"WebPage","@id":"https:\/\/kspnszz.org\/index.php\/2025\/12\/09\/solidarnosc-powolala-sztab-akcji-protestacyjnej\/","url":"https:\/\/kspnszz.org\/index.php\/2025\/12\/09\/solidarnosc-powolala-sztab-akcji-protestacyjnej\/","name":"Solidarno\u015b\u0107 powo\u0142a\u0142a Sztab Akcji Protestacyjnej - KSPNSZZ","isPartOf":{"@id":"http:\/\/kspnszz.org\/#website"},"primaryImageOfPage":{"@id":"https:\/\/kspnszz.org\/index.php\/2025\/12\/09\/solidarnosc-powolala-sztab-akcji-protestacyjnej\/#primaryimage"},"image":{"@id":"https:\/\/kspnszz.org\/index.php\/2025\/12\/09\/solidarnosc-powolala-sztab-akcji-protestacyjnej\/#primaryimage"},"thumbnailUrl":"https:\/\/kspnszz.org\/wp-content\/uploads\/2025\/12\/597369366_122121008757001133_6520189467568611603_n.jpg","datePublished":"2025-12-09T18:49:21+00:00","dateModified":"2025-12-09T18:53:53+00:00","author":{"@id":"http:\/\/kspnszz.org\/#\/schema\/person\/31096cf196f706ef50ecbd878903cc13"},"breadcrumb":{"@id":"https:\/\/kspnszz.org\/index.php\/2025\/12\/09\/solidarnosc-powolala-sztab-akcji-protestacyjnej\/#breadcrumb"},"inLanguage":"pl-PL","potentialAction":[{"@type":"ReadAction","target":["https:\/\/kspnszz.org\/index.php\/2025\/12\/09\/solidarnosc-powolala-sztab-akcji-protestacyjnej\/"]}]},{"@type":"ImageObject","inLanguage":"pl-PL","@id":"https:\/\/kspnszz.org\/index.php\/2025\/12\/09\/solidarnosc-powolala-sztab-akcji-protestacyjnej\/#primaryimage","url":"https:\/\/kspnszz.org\/wp-content\/uploads\/2025\/12\/597369366_122121008757001133_6520189467568611603_n.jpg","contentUrl":"https:\/\/kspnszz.org\/wp-content\/uploads\/2025\/12\/597369366_122121008757001133_6520189467568611603_n.jpg","width":1536,"height":1024},{"@type":"BreadcrumbList","@id":"https:\/\/kspnszz.org\/index.php\/2025\/12\/09\/solidarnosc-powolala-sztab-akcji-protestacyjnej\/#breadcrumb","itemListElement":[{"@type":"ListItem","position":1,"name":"Strona g\u0142\u00f3wna","item":"http:\/\/kspnszz.org\/"},{"@type":"ListItem","position":2,"name":"Solidarno\u015b\u0107 powo\u0142a\u0142a Sztab Akcji Protestacyjnej"}]},{"@type":"WebSite","@id":"http:\/\/kspnszz.org\/#website","url":"http:\/\/kspnszz.org\/","name":"KSPNSZZ","description":"Krajowa Sekcja Po\u017carnictwa","potentialAction":[{"@type":"SearchAction","target":{"@type":"EntryPoint","urlTemplate":"http:\/\/kspnszz.org\/?s={search_term_string}"},"query-input":"required name=search_term_string"}],"inLanguage":"pl-PL"},{"@type":"Person","@id":"http:\/\/kspnszz.org\/#\/schema\/person\/31096cf196f706ef50ecbd878903cc13","name":"bartlomiej","image":{"@type":"ImageObject","inLanguage":"pl-PL","@id":"http:\/\/kspnszz.org\/#\/schema\/person\/image\/","url":"https:\/\/secure.gravatar.com\/avatar\/cb681656f150968eb94b73c62cf58e52?s=96&d=mm&r=g","contentUrl":"https:\/\/secure.gravatar.com\/avatar\/cb681656f150968eb94b73c62cf58e52?s=96&d=mm&r=g","caption":"bartlomiej"},"url":"https:\/\/kspnszz.org\/index.php\/author\/bartlomiej\/"}]}},"_links":{"self":[{"href":"https:\/\/kspnszz.org\/index.php\/wp-json\/wp\/v2\/posts\/7904"}],"collection":[{"href":"https:\/\/kspnszz.org\/index.php\/wp-json\/wp\/v2\/posts"}],"about":[{"href":"https:\/\/kspnszz.org\/index.php\/wp-json\/wp\/v2\/types\/post"}],"author":[{"embeddable":true,"href":"https:\/\/kspnszz.org\/index.php\/wp-json\/wp\/v2\/users\/2"}],"replies":[{"embeddable":true,"href":"https:\/\/kspnszz.org\/index.php\/wp-json\/wp\/v2\/comments?post=7904"}],"version-history":[{"count":5,"href":"https:\/\/kspnszz.org\/index.php\/wp-json\/wp\/v2\/posts\/7904\/revisions"}],"predecessor-version":[{"id":7914,"href":"https:\/\/kspnszz.org\/index.php\/wp-json\/wp\/v2\/posts\/7904\/revisions\/7914"}],"wp:featuredmedia":[{"embeddable":true,"href":"https:\/\/kspnszz.org\/index.php\/wp-json\/wp\/v2\/media\/7907"}],"wp:attachment":[{"href":"https:\/\/kspnszz.org\/index.php\/wp-json\/wp\/v2\/media?parent=7904"}],"wp:term":[{"taxonomy":"category","embeddable":true,"href":"https:\/\/kspnszz.org\/index.php\/wp-json\/wp\/v2\/categories?post=7904"},{"taxonomy":"post_tag","embeddable":true,"href":"https:\/\/kspnszz.org\/index.php\/wp-json\/wp\/v2\/tags?post=7904"}],"curies":[{"name":"wp","href":"https:\/\/api.w.org\/{rel}","templated":true}]}}