{"id":7136,"date":"2025-03-02T14:08:48","date_gmt":"2025-03-02T13:08:48","guid":{"rendered":"https:\/\/kspnszz.org\/?p=7136"},"modified":"2025-03-02T14:09:30","modified_gmt":"2025-03-02T13:09:30","slug":"andrzej-burnat-pokieruje-do-konca-kadencji-krajowym-sekretariatem-sluzb-publicznych","status":"publish","type":"post","link":"https:\/\/kspnszz.org\/index.php\/2025\/03\/02\/andrzej-burnat-pokieruje-do-konca-kadencji-krajowym-sekretariatem-sluzb-publicznych\/","title":{"rendered":"Andrzej Burnat pokieruje do ko\u0144ca kadencji Krajowym Sekretariatem S\u0142u\u017cb Publicznych"},"content":{"rendered":"<p style=\"text-align: justify;\"><strong>Spa\u0142a by\u0142a miejscem obrad XIV Kongresu Krajowego Sekretariatu S\u0142u\u017cb Publicznych NSZZ \u201eSolidarno\u015b\u0107\u201d, kt\u00f3ry odby\u0142 si\u0119 w\u00a0dniach 26-27 lutego 2025 r. W\u00a0jego trakcie dokonano wyboru przewodnicz\u0105cego, kt\u00f3ry do ko\u0144ca bie\u017c\u0105cej kadencji pokieruje pracami Sekretariatu.<\/strong><\/p>\n\n<div class=\"wp-block-image\">\n<figure class=\"aligncenter size-large is-resized\"><a href=\"http:\/\/kspnszz.org\/wp-content\/uploads\/2025\/03\/482417253_9310183949075245_814903302163988272_n.jpg\" data-rel=\"lightbox-image-0\" data-rl_title=\"\" data-rl_caption=\"\" title=\"\"><img loading=\"lazy\" decoding=\"async\" width=\"1024\" height=\"768\" src=\"http:\/\/kspnszz.org\/wp-content\/uploads\/2025\/03\/482417253_9310183949075245_814903302163988272_n-1024x768.jpg\" alt=\"\" class=\"wp-image-7132\" style=\"width:589px;height:auto\" srcset=\"https:\/\/kspnszz.org\/wp-content\/uploads\/2025\/03\/482417253_9310183949075245_814903302163988272_n-1024x768.jpg 1024w, https:\/\/kspnszz.org\/wp-content\/uploads\/2025\/03\/482417253_9310183949075245_814903302163988272_n-300x225.jpg 300w, https:\/\/kspnszz.org\/wp-content\/uploads\/2025\/03\/482417253_9310183949075245_814903302163988272_n-768x576.jpg 768w, https:\/\/kspnszz.org\/wp-content\/uploads\/2025\/03\/482417253_9310183949075245_814903302163988272_n-1536x1152.jpg 1536w, https:\/\/kspnszz.org\/wp-content\/uploads\/2025\/03\/482417253_9310183949075245_814903302163988272_n.jpg 1837w\" sizes=\"(max-width: 1024px) 100vw, 1024px\" \/><\/a><\/figure><\/div>\n\n<p style=\"text-align: justify;\">Kongres otworzy\u0142 ust\u0119puj\u0105cy przewodnicz\u0105cy KSSP Bart\u0142omiej Mickiewicz od przywitania przyby\u0142ych delegat\u00f3w oraz go\u015bci, w\u015br\u00f3d kt\u00f3rych znalaz\u0142 si\u0119 m.in. przewodnicz\u0105cy Komisji Krajowej NSZZ \u201eSolidarno\u015b\u0107\u201d Piotr Duda wraz z zast\u0119pc\u0105 przewodnicz\u0105cego KK Maciejem K\u0142osi\u0144skim.<\/p>\n<p style=\"text-align: justify;\">W kr\u00f3tkim wyst\u0105pieniu Bart\u0142omiej Mickiewicz przedstawi\u0142 powody rezygnacji, czyli co raz trudniejsze \u0142\u0105czenie obowi\u0105zk\u00f3w w Sekretariacie i Komisji Krajowej. Zapewni\u0142 jednocze\u015bnie o kontunuowaniu dzia\u0142a\u0144 na rzecz Sekretariatu w innym charakterze.<\/p>\n<p style=\"text-align: justify;\">G\u0142os zabra\u0142 r\u00f3wnie\u017c przewodnicz\u0105cy Komisji Krajowej. Piotr Duda podzi\u0119kowa\u0142 Bart\u0142omiejowi Mickiewiczowi za dotychczasow\u0105 prac\u0119 i widoczny rozw\u00f3j Sekretariatu oraz wyja\u015bni\u0142, \u017ce tak\u017ce pozostali prezydianci Komisji Krajowej na jego pro\u015bb\u0119 ust\u0105pili z dodatkowych funkcji. Przewodnicz\u0105cy KK odni\u00f3s\u0142 si\u0119 tak\u017ce do sytuacji pracownik\u00f3w w Polsce i zwi\u0105zanych z ni\u0105 dzia\u0142a\u0144 podejmowanych przez NSZZ \u201eSolidarno\u015b\u0107\u201d.<\/p>\n<p style=\"text-align: justify;\">W kolejnej cz\u0119\u015bci Kongresu przeprowadzono procedur\u0119 wyborcz\u0105. O funkcj\u0119 przewodnicz\u0105cego ubiega\u0142o si\u0119 dw\u00f3ch kandydat\u00f3w: Andrzej Burnat i Andrzej \u015apiewak, czyli dotychczasowi zast\u0119pcy przewodnicz\u0105cego KSSP.<\/p>\n<p style=\"text-align: justify;\">Po przeliczeniu oddanych g\u0142os\u00f3w, komisja skrutacyjna og\u0142osi\u0142a, \u017ce do ko\u0144ca bie\u017c\u0105cej kadencji Krajowym Sekretariatem S\u0142u\u017cb Publicznych pokieruje Andrzej Burnat.<\/p>\n<p style=\"text-align: justify;\">Nowo wybrany przewodnicz\u0105cy Krajowego Sekretariatu S\u0142u\u017cb Publicznych jest r\u00f3wnie\u017c przewodnicz\u0105cym Krajowej Sekcji Komunikacji Miejskiej NSZZ &#8222;Solidarno\u015b\u0107&#8221; oraz Regionu P\u0142ockiego NSZZ \u201eSolidarno\u015b\u0107\u201d.<\/p>\n\n<div class=\"wp-block-image\">\n<figure class=\"aligncenter size-large is-resized\"><a href=\"http:\/\/kspnszz.org\/wp-content\/uploads\/2025\/03\/482618138_497643976505629_6325845930708176684_n.jpg\" data-rel=\"lightbox-image-1\" data-rl_title=\"\" data-rl_caption=\"\" title=\"\"><img loading=\"lazy\" decoding=\"async\" width=\"1024\" height=\"600\" src=\"http:\/\/kspnszz.org\/wp-content\/uploads\/2025\/03\/482618138_497643976505629_6325845930708176684_n-1024x600.jpg\" alt=\"\" class=\"wp-image-7135\" style=\"width:507px;height:auto\" srcset=\"https:\/\/kspnszz.org\/wp-content\/uploads\/2025\/03\/482618138_497643976505629_6325845930708176684_n-1024x600.jpg 1024w, https:\/\/kspnszz.org\/wp-content\/uploads\/2025\/03\/482618138_497643976505629_6325845930708176684_n-300x176.jpg 300w, https:\/\/kspnszz.org\/wp-content\/uploads\/2025\/03\/482618138_497643976505629_6325845930708176684_n-768x450.jpg 768w, https:\/\/kspnszz.org\/wp-content\/uploads\/2025\/03\/482618138_497643976505629_6325845930708176684_n.jpg 1520w\" sizes=\"(max-width: 1024px) 100vw, 1024px\" \/><\/a><\/figure><\/div>\n\n<div class=\"wp-block-image\">\n<figure class=\"aligncenter size-large is-resized\"><a href=\"http:\/\/kspnszz.org\/wp-content\/uploads\/2025\/03\/481606410_9615109258508258_2389657388041385602_n.jpg\" data-rel=\"lightbox-image-2\" data-rl_title=\"\" data-rl_caption=\"\" title=\"\"><img loading=\"lazy\" decoding=\"async\" width=\"1024\" height=\"768\" src=\"http:\/\/kspnszz.org\/wp-content\/uploads\/2025\/03\/481606410_9615109258508258_2389657388041385602_n-1024x768.jpg\" alt=\"\" class=\"wp-image-7133\" style=\"width:507px;height:auto\" srcset=\"https:\/\/kspnszz.org\/wp-content\/uploads\/2025\/03\/481606410_9615109258508258_2389657388041385602_n-1024x768.jpg 1024w, https:\/\/kspnszz.org\/wp-content\/uploads\/2025\/03\/481606410_9615109258508258_2389657388041385602_n-300x225.jpg 300w, https:\/\/kspnszz.org\/wp-content\/uploads\/2025\/03\/481606410_9615109258508258_2389657388041385602_n-768x576.jpg 768w, https:\/\/kspnszz.org\/wp-content\/uploads\/2025\/03\/481606410_9615109258508258_2389657388041385602_n-1536x1152.jpg 1536w, https:\/\/kspnszz.org\/wp-content\/uploads\/2025\/03\/481606410_9615109258508258_2389657388041385602_n.jpg 2000w\" sizes=\"(max-width: 1024px) 100vw, 1024px\" \/><\/a><\/figure><\/div>\n\n<div class=\"wp-block-image\">\n<figure class=\"aligncenter size-large is-resized\"><a href=\"http:\/\/kspnszz.org\/wp-content\/uploads\/2025\/03\/482161004_549950817430239_529627724997501489_n.jpg\" data-rel=\"lightbox-image-3\" data-rl_title=\"\" data-rl_caption=\"\" title=\"\"><img loading=\"lazy\" decoding=\"async\" width=\"1024\" height=\"769\" src=\"http:\/\/kspnszz.org\/wp-content\/uploads\/2025\/03\/482161004_549950817430239_529627724997501489_n-1024x769.jpg\" alt=\"\" class=\"wp-image-7134\" style=\"width:507px;height:auto\" srcset=\"https:\/\/kspnszz.org\/wp-content\/uploads\/2025\/03\/482161004_549950817430239_529627724997501489_n-1024x769.jpg 1024w, https:\/\/kspnszz.org\/wp-content\/uploads\/2025\/03\/482161004_549950817430239_529627724997501489_n-300x225.jpg 300w, https:\/\/kspnszz.org\/wp-content\/uploads\/2025\/03\/482161004_549950817430239_529627724997501489_n-768x576.jpg 768w, https:\/\/kspnszz.org\/wp-content\/uploads\/2025\/03\/482161004_549950817430239_529627724997501489_n-1536x1153.jpg 1536w, https:\/\/kspnszz.org\/wp-content\/uploads\/2025\/03\/482161004_549950817430239_529627724997501489_n.jpg 1600w\" sizes=\"(max-width: 1024px) 100vw, 1024px\" \/><\/a><\/figure><\/div>","protected":false},"excerpt":{"rendered":"<p>Spa\u0142a by\u0142a miejscem obrad XIV Kongresu Krajowego Sekretariatu S\u0142u\u017cb Publicznych NSZZ \u201eSolidarno\u015b\u0107\u201d, kt\u00f3ry odby\u0142 si\u0119 w\u00a0dniach 26-27 lutego 2025 r. W\u00a0jego trakcie dokonano wyboru przewodnicz\u0105cego, kt\u00f3ry do ko\u0144ca bie\u017c\u0105cej kadencji pokieruje pracami Sekretariatu. Kongres otworzy\u0142 ust\u0119puj\u0105cy przewodnicz\u0105cy KSSP Bart\u0142omiej Mickiewicz od przywitania przyby\u0142ych delegat\u00f3w oraz go\u015bci, w\u015br\u00f3d kt\u00f3rych znalaz\u0142 si\u0119 m.in. przewodnicz\u0105cy Komisji Krajowej NSZZ &hellip;<\/p>\n","protected":false},"author":2,"featured_media":7132,"comment_status":"closed","ping_status":"closed","sticky":false,"template":"","format":"standard","meta":{"footnotes":""},"categories":[2,1,6],"tags":[],"yoast_head":"<!-- This site is optimized with the Yoast SEO plugin v22.7 - https:\/\/yoast.com\/wordpress\/plugins\/seo\/ -->\n<title>Andrzej Burnat pokieruje do ko\u0144ca kadencji Krajowym Sekretariatem S\u0142u\u017cb Publicznych - KSPNSZZ<\/title>\n<meta name=\"robots\" content=\"index, follow, max-snippet:-1, max-image-preview:large, max-video-preview:-1\" \/>\n<link rel=\"canonical\" href=\"http:\/\/kspnszz.org\/index.php\/2025\/03\/02\/andrzej-burnat-pokieruje-do-konca-kadencji-krajowym-sekretariatem-sluzb-publicznych\/\" \/>\n<meta property=\"og:locale\" content=\"pl_PL\" \/>\n<meta property=\"og:type\" content=\"article\" \/>\n<meta property=\"og:title\" content=\"Andrzej Burnat pokieruje do ko\u0144ca kadencji Krajowym Sekretariatem S\u0142u\u017cb Publicznych - KSPNSZZ\" \/>\n<meta property=\"og:description\" content=\"Spa\u0142a by\u0142a miejscem obrad XIV Kongresu Krajowego Sekretariatu S\u0142u\u017cb Publicznych NSZZ \u201eSolidarno\u015b\u0107\u201d, kt\u00f3ry odby\u0142 si\u0119 w\u00a0dniach 26-27 lutego 2025 r. W\u00a0jego trakcie dokonano wyboru przewodnicz\u0105cego, kt\u00f3ry do ko\u0144ca bie\u017c\u0105cej kadencji pokieruje pracami Sekretariatu. Kongres otworzy\u0142 ust\u0119puj\u0105cy przewodnicz\u0105cy KSSP Bart\u0142omiej Mickiewicz od przywitania przyby\u0142ych delegat\u00f3w oraz go\u015bci, w\u015br\u00f3d kt\u00f3rych znalaz\u0142 si\u0119 m.in. przewodnicz\u0105cy Komisji Krajowej NSZZ &hellip;\" \/>\n<meta property=\"og:url\" content=\"http:\/\/kspnszz.org\/index.php\/2025\/03\/02\/andrzej-burnat-pokieruje-do-konca-kadencji-krajowym-sekretariatem-sluzb-publicznych\/\" \/>\n<meta property=\"og:site_name\" content=\"KSPNSZZ\" \/>\n<meta property=\"article:published_time\" content=\"2025-03-02T13:08:48+00:00\" \/>\n<meta property=\"article:modified_time\" content=\"2025-03-02T13:09:30+00:00\" \/>\n<meta property=\"og:image\" content=\"http:\/\/kspnszz.org\/wp-content\/uploads\/2025\/03\/482417253_9310183949075245_814903302163988272_n.jpg\" \/>\n\t<meta property=\"og:image:width\" content=\"1837\" \/>\n\t<meta property=\"og:image:height\" content=\"1378\" \/>\n\t<meta property=\"og:image:type\" content=\"image\/jpeg\" \/>\n<meta name=\"author\" content=\"bartlomiej\" \/>\n<meta name=\"twitter:card\" content=\"summary_large_image\" \/>\n<meta name=\"twitter:label1\" content=\"Napisane przez\" \/>\n\t<meta name=\"twitter:data1\" content=\"bartlomiej\" \/>\n\t<meta name=\"twitter:label2\" content=\"Szacowany czas czytania\" \/>\n\t<meta name=\"twitter:data2\" content=\"3 minuty\" \/>\n<script type=\"application\/ld+json\" class=\"yoast-schema-graph\">{\"@context\":\"https:\/\/schema.org\",\"@graph\":[{\"@type\":\"WebPage\",\"@id\":\"http:\/\/kspnszz.org\/index.php\/2025\/03\/02\/andrzej-burnat-pokieruje-do-konca-kadencji-krajowym-sekretariatem-sluzb-publicznych\/\",\"url\":\"http:\/\/kspnszz.org\/index.php\/2025\/03\/02\/andrzej-burnat-pokieruje-do-konca-kadencji-krajowym-sekretariatem-sluzb-publicznych\/\",\"name\":\"Andrzej Burnat pokieruje do ko\u0144ca kadencji Krajowym Sekretariatem S\u0142u\u017cb Publicznych - KSPNSZZ\",\"isPartOf\":{\"@id\":\"https:\/\/kspnszz.org\/#website\"},\"primaryImageOfPage\":{\"@id\":\"http:\/\/kspnszz.org\/index.php\/2025\/03\/02\/andrzej-burnat-pokieruje-do-konca-kadencji-krajowym-sekretariatem-sluzb-publicznych\/#primaryimage\"},\"image\":{\"@id\":\"http:\/\/kspnszz.org\/index.php\/2025\/03\/02\/andrzej-burnat-pokieruje-do-konca-kadencji-krajowym-sekretariatem-sluzb-publicznych\/#primaryimage\"},\"thumbnailUrl\":\"https:\/\/kspnszz.org\/wp-content\/uploads\/2025\/03\/482417253_9310183949075245_814903302163988272_n.jpg\",\"datePublished\":\"2025-03-02T13:08:48+00:00\",\"dateModified\":\"2025-03-02T13:09:30+00:00\",\"author\":{\"@id\":\"https:\/\/kspnszz.org\/#\/schema\/person\/31096cf196f706ef50ecbd878903cc13\"},\"breadcrumb\":{\"@id\":\"http:\/\/kspnszz.org\/index.php\/2025\/03\/02\/andrzej-burnat-pokieruje-do-konca-kadencji-krajowym-sekretariatem-sluzb-publicznych\/#breadcrumb\"},\"inLanguage\":\"pl-PL\",\"potentialAction\":[{\"@type\":\"ReadAction\",\"target\":[\"http:\/\/kspnszz.org\/index.php\/2025\/03\/02\/andrzej-burnat-pokieruje-do-konca-kadencji-krajowym-sekretariatem-sluzb-publicznych\/\"]}]},{\"@type\":\"ImageObject\",\"inLanguage\":\"pl-PL\",\"@id\":\"http:\/\/kspnszz.org\/index.php\/2025\/03\/02\/andrzej-burnat-pokieruje-do-konca-kadencji-krajowym-sekretariatem-sluzb-publicznych\/#primaryimage\",\"url\":\"https:\/\/kspnszz.org\/wp-content\/uploads\/2025\/03\/482417253_9310183949075245_814903302163988272_n.jpg\",\"contentUrl\":\"https:\/\/kspnszz.org\/wp-content\/uploads\/2025\/03\/482417253_9310183949075245_814903302163988272_n.jpg\",\"width\":1837,\"height\":1378},{\"@type\":\"BreadcrumbList\",\"@id\":\"http:\/\/kspnszz.org\/index.php\/2025\/03\/02\/andrzej-burnat-pokieruje-do-konca-kadencji-krajowym-sekretariatem-sluzb-publicznych\/#breadcrumb\",\"itemListElement\":[{\"@type\":\"ListItem\",\"position\":1,\"name\":\"Strona g\u0142\u00f3wna\",\"item\":\"https:\/\/kspnszz.org\/\"},{\"@type\":\"ListItem\",\"position\":2,\"name\":\"Andrzej Burnat pokieruje do ko\u0144ca kadencji Krajowym Sekretariatem S\u0142u\u017cb Publicznych\"}]},{\"@type\":\"WebSite\",\"@id\":\"https:\/\/kspnszz.org\/#website\",\"url\":\"https:\/\/kspnszz.org\/\",\"name\":\"KSPNSZZ\",\"description\":\"Krajowa Sekcja Po\u017carnictwa\",\"potentialAction\":[{\"@type\":\"SearchAction\",\"target\":{\"@type\":\"EntryPoint\",\"urlTemplate\":\"https:\/\/kspnszz.org\/?s={search_term_string}\"},\"query-input\":\"required name=search_term_string\"}],\"inLanguage\":\"pl-PL\"},{\"@type\":\"Person\",\"@id\":\"https:\/\/kspnszz.org\/#\/schema\/person\/31096cf196f706ef50ecbd878903cc13\",\"name\":\"bartlomiej\",\"image\":{\"@type\":\"ImageObject\",\"inLanguage\":\"pl-PL\",\"@id\":\"https:\/\/kspnszz.org\/#\/schema\/person\/image\/\",\"url\":\"https:\/\/secure.gravatar.com\/avatar\/cb681656f150968eb94b73c62cf58e52?s=96&d=mm&r=g\",\"contentUrl\":\"https:\/\/secure.gravatar.com\/avatar\/cb681656f150968eb94b73c62cf58e52?s=96&d=mm&r=g\",\"caption\":\"bartlomiej\"},\"url\":\"https:\/\/kspnszz.org\/index.php\/author\/bartlomiej\/\"}]}<\/script>\n<!-- \/ Yoast SEO plugin. -->","yoast_head_json":{"title":"Andrzej Burnat pokieruje do ko\u0144ca kadencji Krajowym Sekretariatem S\u0142u\u017cb Publicznych - KSPNSZZ","robots":{"index":"index","follow":"follow","max-snippet":"max-snippet:-1","max-image-preview":"max-image-preview:large","max-video-preview":"max-video-preview:-1"},"canonical":"http:\/\/kspnszz.org\/index.php\/2025\/03\/02\/andrzej-burnat-pokieruje-do-konca-kadencji-krajowym-sekretariatem-sluzb-publicznych\/","og_locale":"pl_PL","og_type":"article","og_title":"Andrzej Burnat pokieruje do ko\u0144ca kadencji Krajowym Sekretariatem S\u0142u\u017cb Publicznych - KSPNSZZ","og_description":"Spa\u0142a by\u0142a miejscem obrad XIV Kongresu Krajowego Sekretariatu S\u0142u\u017cb Publicznych NSZZ \u201eSolidarno\u015b\u0107\u201d, kt\u00f3ry odby\u0142 si\u0119 w\u00a0dniach 26-27 lutego 2025 r. W\u00a0jego trakcie dokonano wyboru przewodnicz\u0105cego, kt\u00f3ry do ko\u0144ca bie\u017c\u0105cej kadencji pokieruje pracami Sekretariatu. Kongres otworzy\u0142 ust\u0119puj\u0105cy przewodnicz\u0105cy KSSP Bart\u0142omiej Mickiewicz od przywitania przyby\u0142ych delegat\u00f3w oraz go\u015bci, w\u015br\u00f3d kt\u00f3rych znalaz\u0142 si\u0119 m.in. przewodnicz\u0105cy Komisji Krajowej NSZZ &hellip;","og_url":"http:\/\/kspnszz.org\/index.php\/2025\/03\/02\/andrzej-burnat-pokieruje-do-konca-kadencji-krajowym-sekretariatem-sluzb-publicznych\/","og_site_name":"KSPNSZZ","article_published_time":"2025-03-02T13:08:48+00:00","article_modified_time":"2025-03-02T13:09:30+00:00","og_image":[{"width":1837,"height":1378,"url":"http:\/\/kspnszz.org\/wp-content\/uploads\/2025\/03\/482417253_9310183949075245_814903302163988272_n.jpg","type":"image\/jpeg"}],"author":"bartlomiej","twitter_card":"summary_large_image","twitter_misc":{"Napisane przez":"bartlomiej","Szacowany czas czytania":"3 minuty"},"schema":{"@context":"https:\/\/schema.org","@graph":[{"@type":"WebPage","@id":"http:\/\/kspnszz.org\/index.php\/2025\/03\/02\/andrzej-burnat-pokieruje-do-konca-kadencji-krajowym-sekretariatem-sluzb-publicznych\/","url":"http:\/\/kspnszz.org\/index.php\/2025\/03\/02\/andrzej-burnat-pokieruje-do-konca-kadencji-krajowym-sekretariatem-sluzb-publicznych\/","name":"Andrzej Burnat pokieruje do ko\u0144ca kadencji Krajowym Sekretariatem S\u0142u\u017cb Publicznych - KSPNSZZ","isPartOf":{"@id":"https:\/\/kspnszz.org\/#website"},"primaryImageOfPage":{"@id":"http:\/\/kspnszz.org\/index.php\/2025\/03\/02\/andrzej-burnat-pokieruje-do-konca-kadencji-krajowym-sekretariatem-sluzb-publicznych\/#primaryimage"},"image":{"@id":"http:\/\/kspnszz.org\/index.php\/2025\/03\/02\/andrzej-burnat-pokieruje-do-konca-kadencji-krajowym-sekretariatem-sluzb-publicznych\/#primaryimage"},"thumbnailUrl":"https:\/\/kspnszz.org\/wp-content\/uploads\/2025\/03\/482417253_9310183949075245_814903302163988272_n.jpg","datePublished":"2025-03-02T13:08:48+00:00","dateModified":"2025-03-02T13:09:30+00:00","author":{"@id":"https:\/\/kspnszz.org\/#\/schema\/person\/31096cf196f706ef50ecbd878903cc13"},"breadcrumb":{"@id":"http:\/\/kspnszz.org\/index.php\/2025\/03\/02\/andrzej-burnat-pokieruje-do-konca-kadencji-krajowym-sekretariatem-sluzb-publicznych\/#breadcrumb"},"inLanguage":"pl-PL","potentialAction":[{"@type":"ReadAction","target":["http:\/\/kspnszz.org\/index.php\/2025\/03\/02\/andrzej-burnat-pokieruje-do-konca-kadencji-krajowym-sekretariatem-sluzb-publicznych\/"]}]},{"@type":"ImageObject","inLanguage":"pl-PL","@id":"http:\/\/kspnszz.org\/index.php\/2025\/03\/02\/andrzej-burnat-pokieruje-do-konca-kadencji-krajowym-sekretariatem-sluzb-publicznych\/#primaryimage","url":"https:\/\/kspnszz.org\/wp-content\/uploads\/2025\/03\/482417253_9310183949075245_814903302163988272_n.jpg","contentUrl":"https:\/\/kspnszz.org\/wp-content\/uploads\/2025\/03\/482417253_9310183949075245_814903302163988272_n.jpg","width":1837,"height":1378},{"@type":"BreadcrumbList","@id":"http:\/\/kspnszz.org\/index.php\/2025\/03\/02\/andrzej-burnat-pokieruje-do-konca-kadencji-krajowym-sekretariatem-sluzb-publicznych\/#breadcrumb","itemListElement":[{"@type":"ListItem","position":1,"name":"Strona g\u0142\u00f3wna","item":"https:\/\/kspnszz.org\/"},{"@type":"ListItem","position":2,"name":"Andrzej Burnat pokieruje do ko\u0144ca kadencji Krajowym Sekretariatem S\u0142u\u017cb Publicznych"}]},{"@type":"WebSite","@id":"https:\/\/kspnszz.org\/#website","url":"https:\/\/kspnszz.org\/","name":"KSPNSZZ","description":"Krajowa Sekcja Po\u017carnictwa","potentialAction":[{"@type":"SearchAction","target":{"@type":"EntryPoint","urlTemplate":"https:\/\/kspnszz.org\/?s={search_term_string}"},"query-input":"required name=search_term_string"}],"inLanguage":"pl-PL"},{"@type":"Person","@id":"https:\/\/kspnszz.org\/#\/schema\/person\/31096cf196f706ef50ecbd878903cc13","name":"bartlomiej","image":{"@type":"ImageObject","inLanguage":"pl-PL","@id":"https:\/\/kspnszz.org\/#\/schema\/person\/image\/","url":"https:\/\/secure.gravatar.com\/avatar\/cb681656f150968eb94b73c62cf58e52?s=96&d=mm&r=g","contentUrl":"https:\/\/secure.gravatar.com\/avatar\/cb681656f150968eb94b73c62cf58e52?s=96&d=mm&r=g","caption":"bartlomiej"},"url":"https:\/\/kspnszz.org\/index.php\/author\/bartlomiej\/"}]}},"_links":{"self":[{"href":"https:\/\/kspnszz.org\/index.php\/wp-json\/wp\/v2\/posts\/7136"}],"collection":[{"href":"https:\/\/kspnszz.org\/index.php\/wp-json\/wp\/v2\/posts"}],"about":[{"href":"https:\/\/kspnszz.org\/index.php\/wp-json\/wp\/v2\/types\/post"}],"author":[{"embeddable":true,"href":"https:\/\/kspnszz.org\/index.php\/wp-json\/wp\/v2\/users\/2"}],"replies":[{"embeddable":true,"href":"https:\/\/kspnszz.org\/index.php\/wp-json\/wp\/v2\/comments?post=7136"}],"version-history":[{"count":2,"href":"https:\/\/kspnszz.org\/index.php\/wp-json\/wp\/v2\/posts\/7136\/revisions"}],"predecessor-version":[{"id":7138,"href":"https:\/\/kspnszz.org\/index.php\/wp-json\/wp\/v2\/posts\/7136\/revisions\/7138"}],"wp:featuredmedia":[{"embeddable":true,"href":"https:\/\/kspnszz.org\/index.php\/wp-json\/wp\/v2\/media\/7132"}],"wp:attachment":[{"href":"https:\/\/kspnszz.org\/index.php\/wp-json\/wp\/v2\/media?parent=7136"}],"wp:term":[{"taxonomy":"category","embeddable":true,"href":"https:\/\/kspnszz.org\/index.php\/wp-json\/wp\/v2\/categories?post=7136"},{"taxonomy":"post_tag","embeddable":true,"href":"https:\/\/kspnszz.org\/index.php\/wp-json\/wp\/v2\/tags?post=7136"}],"curies":[{"name":"wp","href":"https:\/\/api.w.org\/{rel}","templated":true}]}}