{"id":6925,"date":"2024-12-16T12:55:54","date_gmt":"2024-12-16T11:55:54","guid":{"rendered":"http:\/\/kspnszz.org\/?p=6925"},"modified":"2024-12-16T12:55:55","modified_gmt":"2024-12-16T11:55:55","slug":"przedswiateczne-posiedzenie-slaskiej-sekcji","status":"publish","type":"post","link":"https:\/\/kspnszz.org\/index.php\/2024\/12\/16\/przedswiateczne-posiedzenie-slaskiej-sekcji\/","title":{"rendered":"Przed\u015bwi\u0105teczne posiedzenie \u015bl\u0105skiej Sekcji"},"content":{"rendered":"<p style=\"text-align: justify;\"><strong>W pi\u0105tek 13.12.2024 r. w budynku KW PSP Katowice odby\u0142o si\u0119 posiedzenie Rady Mi\u0119dzyregionalnej \u015al\u0105skiej Sekcji Po\u017carnictwa NSZZ &#8222;Solidarno\u015b\u0107&#8221;. M\u015aSP dokona\u0142a wybor\u00f3w uzupe\u0142niaj\u0105cych Prezydium oraz om\u00f3wi\u0142a bie\u017c\u0105ce sprawy. Z uwagi na okres przed\u015bwi\u0105teczny zebranie by\u0142o r\u00f3wnie\u017c okazj\u0105 do z\u0142o\u017cenia sobie \u017cycze\u0144 oraz prze\u0142amania si\u0119 op\u0142atkiem.<\/strong><\/p>\n\n<div class=\"wp-block-image\">\n<figure class=\"aligncenter size-large is-resized\"><a href=\"http:\/\/kspnszz.org\/wp-content\/uploads\/2024\/12\/fbbe41a3-8ecd-4611-8283-e51e3b86752a.jpg\" data-rel=\"lightbox-image-0\" data-rl_title=\"\" data-rl_caption=\"\" title=\"\"><img loading=\"lazy\" decoding=\"async\" width=\"1024\" height=\"697\" src=\"http:\/\/kspnszz.org\/wp-content\/uploads\/2024\/12\/fbbe41a3-8ecd-4611-8283-e51e3b86752a-1024x697.jpg\" alt=\"\" class=\"wp-image-6927\" style=\"width:420px;height:auto\" srcset=\"https:\/\/kspnszz.org\/wp-content\/uploads\/2024\/12\/fbbe41a3-8ecd-4611-8283-e51e3b86752a-1024x697.jpg 1024w, https:\/\/kspnszz.org\/wp-content\/uploads\/2024\/12\/fbbe41a3-8ecd-4611-8283-e51e3b86752a-300x204.jpg 300w, https:\/\/kspnszz.org\/wp-content\/uploads\/2024\/12\/fbbe41a3-8ecd-4611-8283-e51e3b86752a-768x523.jpg 768w, https:\/\/kspnszz.org\/wp-content\/uploads\/2024\/12\/fbbe41a3-8ecd-4611-8283-e51e3b86752a-1536x1045.jpg 1536w, https:\/\/kspnszz.org\/wp-content\/uploads\/2024\/12\/fbbe41a3-8ecd-4611-8283-e51e3b86752a-110x75.jpg 110w, https:\/\/kspnszz.org\/wp-content\/uploads\/2024\/12\/fbbe41a3-8ecd-4611-8283-e51e3b86752a.jpg 1965w\" sizes=\"(max-width: 1024px) 100vw, 1024px\" \/><\/a><\/figure><\/div>\n\n<p style=\"text-align: justify;\">Na posiedzenie zaproszono Honorowego Przewodnicz\u0105cego Mi\u0119dzyregionalnej \u015al\u0105skiej Sekcji Po\u017carnictwa Damiana Kochonia oraz Honorowego Przewodnicz\u0105cego Krajowej Sekcji Po\u017carnictwa Stanis\u0142awa Kocura.<\/p>\n<p style=\"text-align: justify;\">Najwa\u017cniejszym tematem by\u0142a kwestia rezygnacji z funkcji skarbnika oraz cz\u0142onka Prezydium kolegi Dawida Janeta. Po przyj\u0119ciu rezygnacji, Przewodnicz\u0105cy zarz\u0105dzi\u0142, aby uzupe\u0142ni\u0107 sk\u0142ad Prezydium oraz wybra\u0107 osob\u0119, kt\u00f3ra przejmie obowi\u0105zki Skarbnika M\u015aSP. Na t\u0105 funkcj\u0119 zosta\u0142 zaproponowany kol. Tomasz Dyczko, kt\u00f3ry zgodzi\u0142 si\u0119 przej\u0105\u0107 te obowi\u0105zki od 1.01.2025 r. Do nadzorowania przekazania obowi\u0105zk\u00f3w i<strong>\u00a0<\/strong>\u015brodk\u00f3w finansowych przewodnicz\u0105cy zobowi\u0105za\u0142 komisj\u0119 rewizyjn\u0105 M\u015aSP. Podj\u0119te zosta\u0142y w tej sprawie stosowne uchwa\u0142y. Kolejnym punktem by\u0142o sprawozdanie Komisji Socjalnej kt\u00f3re przedstawi\u0142 kol. Tomasz \u0141obos.<\/p>\n<p style=\"text-align: justify;\">Nast\u0119pnie na spotkanie przybyli w zast\u0119pstwie nieobecnego Komendanta Wojew\u00f3dzkiego jego zast\u0119pcy st. bryg Arkadiusz Krzemi\u0144ski oraz st. bryg. Damian Legierski, kt\u00f3ry z\u0142o\u017cy\u0142 wszystkim \u017cyczenia zdrowia, pomy\u015blno\u015bci i spokojnych nadchodz\u0105cych \u015awi\u0105t Bo\u017cego Narodzenia. Na r\u0119ce Przewodnicz\u0105cych i<strong>\u00a0<\/strong>obecnych na posiedzeniu cz\u0142onk\u00f3w Rady \u017cyczenia zdrowia i wszelkiej pomy\u015blno\u015bci w \u017cyciu prywatnym i<strong>\u00a0<\/strong>zawodowym dla wszystkich cz\u0142onk\u00f3w M\u015aSP oraz ich rodzin z\u0142o\u017cy\u0142 Przewodnicz\u0105cy Adam Rogoza po czym by\u0142a okazja, \u017ceby prze\u0142ama\u0107 op\u0142atek i wzajemnie z\u0142o\u017cy\u0107 sobie \u017cyczenia.<\/p>\n\n<div class=\"wp-block-image\">\n<figure class=\"aligncenter size-large is-resized\"><a href=\"http:\/\/kspnszz.org\/wp-content\/uploads\/2024\/12\/54ee9e25-5874-4fc4-9ece-701cb2dedcb5.jpg\" data-rel=\"lightbox-image-1\" data-rl_title=\"\" data-rl_caption=\"\" title=\"\"><img loading=\"lazy\" decoding=\"async\" width=\"1024\" height=\"635\" src=\"http:\/\/kspnszz.org\/wp-content\/uploads\/2024\/12\/54ee9e25-5874-4fc4-9ece-701cb2dedcb5-1024x635.jpg\" alt=\"\" class=\"wp-image-6928\" style=\"width:521px;height:auto\" srcset=\"https:\/\/kspnszz.org\/wp-content\/uploads\/2024\/12\/54ee9e25-5874-4fc4-9ece-701cb2dedcb5-1024x635.jpg 1024w, https:\/\/kspnszz.org\/wp-content\/uploads\/2024\/12\/54ee9e25-5874-4fc4-9ece-701cb2dedcb5-300x186.jpg 300w, https:\/\/kspnszz.org\/wp-content\/uploads\/2024\/12\/54ee9e25-5874-4fc4-9ece-701cb2dedcb5-768x476.jpg 768w, https:\/\/kspnszz.org\/wp-content\/uploads\/2024\/12\/54ee9e25-5874-4fc4-9ece-701cb2dedcb5-1536x953.jpg 1536w, https:\/\/kspnszz.org\/wp-content\/uploads\/2024\/12\/54ee9e25-5874-4fc4-9ece-701cb2dedcb5.jpg 1944w\" sizes=\"(max-width: 1024px) 100vw, 1024px\" \/><\/a><\/figure><\/div>","protected":false},"excerpt":{"rendered":"<p>W pi\u0105tek 13.12.2024 r. w budynku KW PSP Katowice odby\u0142o si\u0119 posiedzenie Rady Mi\u0119dzyregionalnej \u015al\u0105skiej Sekcji Po\u017carnictwa NSZZ &#8222;Solidarno\u015b\u0107&#8221;. M\u015aSP dokona\u0142a wybor\u00f3w uzupe\u0142niaj\u0105cych Prezydium oraz om\u00f3wi\u0142a bie\u017c\u0105ce sprawy. Z uwagi na okres przed\u015bwi\u0105teczny zebranie by\u0142o r\u00f3wnie\u017c okazj\u0105 do z\u0142o\u017cenia sobie \u017cycze\u0144 oraz prze\u0142amania si\u0119 op\u0142atkiem. Na posiedzenie zaproszono Honorowego Przewodnicz\u0105cego Mi\u0119dzyregionalnej \u015al\u0105skiej Sekcji Po\u017carnictwa Damiana &hellip;<\/p>\n","protected":false},"author":2,"featured_media":6927,"comment_status":"closed","ping_status":"closed","sticky":false,"template":"","format":"standard","meta":{"footnotes":""},"categories":[2,1],"tags":[],"yoast_head":"<!-- This site is optimized with the Yoast SEO plugin v22.7 - https:\/\/yoast.com\/wordpress\/plugins\/seo\/ -->\n<title>Przed\u015bwi\u0105teczne posiedzenie \u015bl\u0105skiej Sekcji - KSPNSZZ<\/title>\n<meta name=\"robots\" content=\"index, follow, max-snippet:-1, max-image-preview:large, max-video-preview:-1\" \/>\n<link rel=\"canonical\" href=\"https:\/\/kspnszz.org\/index.php\/2024\/12\/16\/przedswiateczne-posiedzenie-slaskiej-sekcji\/\" \/>\n<meta property=\"og:locale\" content=\"pl_PL\" \/>\n<meta property=\"og:type\" content=\"article\" \/>\n<meta property=\"og:title\" content=\"Przed\u015bwi\u0105teczne posiedzenie \u015bl\u0105skiej Sekcji - KSPNSZZ\" \/>\n<meta property=\"og:description\" content=\"W pi\u0105tek 13.12.2024 r. w budynku KW PSP Katowice odby\u0142o si\u0119 posiedzenie Rady Mi\u0119dzyregionalnej \u015al\u0105skiej Sekcji Po\u017carnictwa NSZZ &#8222;Solidarno\u015b\u0107&#8221;. M\u015aSP dokona\u0142a wybor\u00f3w uzupe\u0142niaj\u0105cych Prezydium oraz om\u00f3wi\u0142a bie\u017c\u0105ce sprawy. Z uwagi na okres przed\u015bwi\u0105teczny zebranie by\u0142o r\u00f3wnie\u017c okazj\u0105 do z\u0142o\u017cenia sobie \u017cycze\u0144 oraz prze\u0142amania si\u0119 op\u0142atkiem. Na posiedzenie zaproszono Honorowego Przewodnicz\u0105cego Mi\u0119dzyregionalnej \u015al\u0105skiej Sekcji Po\u017carnictwa Damiana &hellip;\" \/>\n<meta property=\"og:url\" content=\"https:\/\/kspnszz.org\/index.php\/2024\/12\/16\/przedswiateczne-posiedzenie-slaskiej-sekcji\/\" \/>\n<meta property=\"og:site_name\" content=\"KSPNSZZ\" \/>\n<meta property=\"article:published_time\" content=\"2024-12-16T11:55:54+00:00\" \/>\n<meta property=\"article:modified_time\" content=\"2024-12-16T11:55:55+00:00\" \/>\n<meta property=\"og:image\" content=\"https:\/\/kspnszz.org\/wp-content\/uploads\/2024\/12\/fbbe41a3-8ecd-4611-8283-e51e3b86752a.jpg\" \/>\n\t<meta property=\"og:image:width\" content=\"1965\" \/>\n\t<meta property=\"og:image:height\" content=\"1337\" \/>\n\t<meta property=\"og:image:type\" content=\"image\/jpeg\" \/>\n<meta name=\"author\" content=\"bartlomiej\" \/>\n<meta name=\"twitter:card\" content=\"summary_large_image\" \/>\n<meta name=\"twitter:label1\" content=\"Napisane przez\" \/>\n\t<meta name=\"twitter:data1\" content=\"bartlomiej\" \/>\n\t<meta name=\"twitter:label2\" content=\"Szacowany czas czytania\" \/>\n\t<meta name=\"twitter:data2\" content=\"2 minuty\" \/>\n<script type=\"application\/ld+json\" class=\"yoast-schema-graph\">{\"@context\":\"https:\/\/schema.org\",\"@graph\":[{\"@type\":\"WebPage\",\"@id\":\"https:\/\/kspnszz.org\/index.php\/2024\/12\/16\/przedswiateczne-posiedzenie-slaskiej-sekcji\/\",\"url\":\"https:\/\/kspnszz.org\/index.php\/2024\/12\/16\/przedswiateczne-posiedzenie-slaskiej-sekcji\/\",\"name\":\"Przed\u015bwi\u0105teczne posiedzenie \u015bl\u0105skiej Sekcji - KSPNSZZ\",\"isPartOf\":{\"@id\":\"http:\/\/kspnszz.org\/#website\"},\"primaryImageOfPage\":{\"@id\":\"https:\/\/kspnszz.org\/index.php\/2024\/12\/16\/przedswiateczne-posiedzenie-slaskiej-sekcji\/#primaryimage\"},\"image\":{\"@id\":\"https:\/\/kspnszz.org\/index.php\/2024\/12\/16\/przedswiateczne-posiedzenie-slaskiej-sekcji\/#primaryimage\"},\"thumbnailUrl\":\"https:\/\/kspnszz.org\/wp-content\/uploads\/2024\/12\/fbbe41a3-8ecd-4611-8283-e51e3b86752a.jpg\",\"datePublished\":\"2024-12-16T11:55:54+00:00\",\"dateModified\":\"2024-12-16T11:55:55+00:00\",\"author\":{\"@id\":\"http:\/\/kspnszz.org\/#\/schema\/person\/31096cf196f706ef50ecbd878903cc13\"},\"breadcrumb\":{\"@id\":\"https:\/\/kspnszz.org\/index.php\/2024\/12\/16\/przedswiateczne-posiedzenie-slaskiej-sekcji\/#breadcrumb\"},\"inLanguage\":\"pl-PL\",\"potentialAction\":[{\"@type\":\"ReadAction\",\"target\":[\"https:\/\/kspnszz.org\/index.php\/2024\/12\/16\/przedswiateczne-posiedzenie-slaskiej-sekcji\/\"]}]},{\"@type\":\"ImageObject\",\"inLanguage\":\"pl-PL\",\"@id\":\"https:\/\/kspnszz.org\/index.php\/2024\/12\/16\/przedswiateczne-posiedzenie-slaskiej-sekcji\/#primaryimage\",\"url\":\"https:\/\/kspnszz.org\/wp-content\/uploads\/2024\/12\/fbbe41a3-8ecd-4611-8283-e51e3b86752a.jpg\",\"contentUrl\":\"https:\/\/kspnszz.org\/wp-content\/uploads\/2024\/12\/fbbe41a3-8ecd-4611-8283-e51e3b86752a.jpg\",\"width\":1965,\"height\":1337},{\"@type\":\"BreadcrumbList\",\"@id\":\"https:\/\/kspnszz.org\/index.php\/2024\/12\/16\/przedswiateczne-posiedzenie-slaskiej-sekcji\/#breadcrumb\",\"itemListElement\":[{\"@type\":\"ListItem\",\"position\":1,\"name\":\"Strona g\u0142\u00f3wna\",\"item\":\"http:\/\/kspnszz.org\/\"},{\"@type\":\"ListItem\",\"position\":2,\"name\":\"Przed\u015bwi\u0105teczne posiedzenie \u015bl\u0105skiej Sekcji\"}]},{\"@type\":\"WebSite\",\"@id\":\"http:\/\/kspnszz.org\/#website\",\"url\":\"http:\/\/kspnszz.org\/\",\"name\":\"KSPNSZZ\",\"description\":\"Krajowa Sekcja Po\u017carnictwa\",\"potentialAction\":[{\"@type\":\"SearchAction\",\"target\":{\"@type\":\"EntryPoint\",\"urlTemplate\":\"http:\/\/kspnszz.org\/?s={search_term_string}\"},\"query-input\":\"required name=search_term_string\"}],\"inLanguage\":\"pl-PL\"},{\"@type\":\"Person\",\"@id\":\"http:\/\/kspnszz.org\/#\/schema\/person\/31096cf196f706ef50ecbd878903cc13\",\"name\":\"bartlomiej\",\"image\":{\"@type\":\"ImageObject\",\"inLanguage\":\"pl-PL\",\"@id\":\"http:\/\/kspnszz.org\/#\/schema\/person\/image\/\",\"url\":\"https:\/\/secure.gravatar.com\/avatar\/cb681656f150968eb94b73c62cf58e52?s=96&d=mm&r=g\",\"contentUrl\":\"https:\/\/secure.gravatar.com\/avatar\/cb681656f150968eb94b73c62cf58e52?s=96&d=mm&r=g\",\"caption\":\"bartlomiej\"},\"url\":\"https:\/\/kspnszz.org\/index.php\/author\/bartlomiej\/\"}]}<\/script>\n<!-- \/ Yoast SEO plugin. -->","yoast_head_json":{"title":"Przed\u015bwi\u0105teczne posiedzenie \u015bl\u0105skiej Sekcji - KSPNSZZ","robots":{"index":"index","follow":"follow","max-snippet":"max-snippet:-1","max-image-preview":"max-image-preview:large","max-video-preview":"max-video-preview:-1"},"canonical":"https:\/\/kspnszz.org\/index.php\/2024\/12\/16\/przedswiateczne-posiedzenie-slaskiej-sekcji\/","og_locale":"pl_PL","og_type":"article","og_title":"Przed\u015bwi\u0105teczne posiedzenie \u015bl\u0105skiej Sekcji - KSPNSZZ","og_description":"W pi\u0105tek 13.12.2024 r. w budynku KW PSP Katowice odby\u0142o si\u0119 posiedzenie Rady Mi\u0119dzyregionalnej \u015al\u0105skiej Sekcji Po\u017carnictwa NSZZ &#8222;Solidarno\u015b\u0107&#8221;. M\u015aSP dokona\u0142a wybor\u00f3w uzupe\u0142niaj\u0105cych Prezydium oraz om\u00f3wi\u0142a bie\u017c\u0105ce sprawy. Z uwagi na okres przed\u015bwi\u0105teczny zebranie by\u0142o r\u00f3wnie\u017c okazj\u0105 do z\u0142o\u017cenia sobie \u017cycze\u0144 oraz prze\u0142amania si\u0119 op\u0142atkiem. Na posiedzenie zaproszono Honorowego Przewodnicz\u0105cego Mi\u0119dzyregionalnej \u015al\u0105skiej Sekcji Po\u017carnictwa Damiana &hellip;","og_url":"https:\/\/kspnszz.org\/index.php\/2024\/12\/16\/przedswiateczne-posiedzenie-slaskiej-sekcji\/","og_site_name":"KSPNSZZ","article_published_time":"2024-12-16T11:55:54+00:00","article_modified_time":"2024-12-16T11:55:55+00:00","og_image":[{"width":1965,"height":1337,"url":"https:\/\/kspnszz.org\/wp-content\/uploads\/2024\/12\/fbbe41a3-8ecd-4611-8283-e51e3b86752a.jpg","type":"image\/jpeg"}],"author":"bartlomiej","twitter_card":"summary_large_image","twitter_misc":{"Napisane przez":"bartlomiej","Szacowany czas czytania":"2 minuty"},"schema":{"@context":"https:\/\/schema.org","@graph":[{"@type":"WebPage","@id":"https:\/\/kspnszz.org\/index.php\/2024\/12\/16\/przedswiateczne-posiedzenie-slaskiej-sekcji\/","url":"https:\/\/kspnszz.org\/index.php\/2024\/12\/16\/przedswiateczne-posiedzenie-slaskiej-sekcji\/","name":"Przed\u015bwi\u0105teczne posiedzenie \u015bl\u0105skiej Sekcji - KSPNSZZ","isPartOf":{"@id":"http:\/\/kspnszz.org\/#website"},"primaryImageOfPage":{"@id":"https:\/\/kspnszz.org\/index.php\/2024\/12\/16\/przedswiateczne-posiedzenie-slaskiej-sekcji\/#primaryimage"},"image":{"@id":"https:\/\/kspnszz.org\/index.php\/2024\/12\/16\/przedswiateczne-posiedzenie-slaskiej-sekcji\/#primaryimage"},"thumbnailUrl":"https:\/\/kspnszz.org\/wp-content\/uploads\/2024\/12\/fbbe41a3-8ecd-4611-8283-e51e3b86752a.jpg","datePublished":"2024-12-16T11:55:54+00:00","dateModified":"2024-12-16T11:55:55+00:00","author":{"@id":"http:\/\/kspnszz.org\/#\/schema\/person\/31096cf196f706ef50ecbd878903cc13"},"breadcrumb":{"@id":"https:\/\/kspnszz.org\/index.php\/2024\/12\/16\/przedswiateczne-posiedzenie-slaskiej-sekcji\/#breadcrumb"},"inLanguage":"pl-PL","potentialAction":[{"@type":"ReadAction","target":["https:\/\/kspnszz.org\/index.php\/2024\/12\/16\/przedswiateczne-posiedzenie-slaskiej-sekcji\/"]}]},{"@type":"ImageObject","inLanguage":"pl-PL","@id":"https:\/\/kspnszz.org\/index.php\/2024\/12\/16\/przedswiateczne-posiedzenie-slaskiej-sekcji\/#primaryimage","url":"https:\/\/kspnszz.org\/wp-content\/uploads\/2024\/12\/fbbe41a3-8ecd-4611-8283-e51e3b86752a.jpg","contentUrl":"https:\/\/kspnszz.org\/wp-content\/uploads\/2024\/12\/fbbe41a3-8ecd-4611-8283-e51e3b86752a.jpg","width":1965,"height":1337},{"@type":"BreadcrumbList","@id":"https:\/\/kspnszz.org\/index.php\/2024\/12\/16\/przedswiateczne-posiedzenie-slaskiej-sekcji\/#breadcrumb","itemListElement":[{"@type":"ListItem","position":1,"name":"Strona g\u0142\u00f3wna","item":"http:\/\/kspnszz.org\/"},{"@type":"ListItem","position":2,"name":"Przed\u015bwi\u0105teczne posiedzenie \u015bl\u0105skiej Sekcji"}]},{"@type":"WebSite","@id":"http:\/\/kspnszz.org\/#website","url":"http:\/\/kspnszz.org\/","name":"KSPNSZZ","description":"Krajowa Sekcja Po\u017carnictwa","potentialAction":[{"@type":"SearchAction","target":{"@type":"EntryPoint","urlTemplate":"http:\/\/kspnszz.org\/?s={search_term_string}"},"query-input":"required name=search_term_string"}],"inLanguage":"pl-PL"},{"@type":"Person","@id":"http:\/\/kspnszz.org\/#\/schema\/person\/31096cf196f706ef50ecbd878903cc13","name":"bartlomiej","image":{"@type":"ImageObject","inLanguage":"pl-PL","@id":"http:\/\/kspnszz.org\/#\/schema\/person\/image\/","url":"https:\/\/secure.gravatar.com\/avatar\/cb681656f150968eb94b73c62cf58e52?s=96&d=mm&r=g","contentUrl":"https:\/\/secure.gravatar.com\/avatar\/cb681656f150968eb94b73c62cf58e52?s=96&d=mm&r=g","caption":"bartlomiej"},"url":"https:\/\/kspnszz.org\/index.php\/author\/bartlomiej\/"}]}},"_links":{"self":[{"href":"https:\/\/kspnszz.org\/index.php\/wp-json\/wp\/v2\/posts\/6925"}],"collection":[{"href":"https:\/\/kspnszz.org\/index.php\/wp-json\/wp\/v2\/posts"}],"about":[{"href":"https:\/\/kspnszz.org\/index.php\/wp-json\/wp\/v2\/types\/post"}],"author":[{"embeddable":true,"href":"https:\/\/kspnszz.org\/index.php\/wp-json\/wp\/v2\/users\/2"}],"replies":[{"embeddable":true,"href":"https:\/\/kspnszz.org\/index.php\/wp-json\/wp\/v2\/comments?post=6925"}],"version-history":[{"count":4,"href":"https:\/\/kspnszz.org\/index.php\/wp-json\/wp\/v2\/posts\/6925\/revisions"}],"predecessor-version":[{"id":6931,"href":"https:\/\/kspnszz.org\/index.php\/wp-json\/wp\/v2\/posts\/6925\/revisions\/6931"}],"wp:featuredmedia":[{"embeddable":true,"href":"https:\/\/kspnszz.org\/index.php\/wp-json\/wp\/v2\/media\/6927"}],"wp:attachment":[{"href":"https:\/\/kspnszz.org\/index.php\/wp-json\/wp\/v2\/media?parent=6925"}],"wp:term":[{"taxonomy":"category","embeddable":true,"href":"https:\/\/kspnszz.org\/index.php\/wp-json\/wp\/v2\/categories?post=6925"},{"taxonomy":"post_tag","embeddable":true,"href":"https:\/\/kspnszz.org\/index.php\/wp-json\/wp\/v2\/tags?post=6925"}],"curies":[{"name":"wp","href":"https:\/\/api.w.org\/{rel}","templated":true}]}}