{"id":6768,"date":"2024-11-04T08:32:48","date_gmt":"2024-11-04T07:32:48","guid":{"rendered":"https:\/\/kspnszz.org\/?p=6768"},"modified":"2024-11-04T08:32:49","modified_gmt":"2024-11-04T07:32:49","slug":"konferencja-zwiazkow-zawodowych-sektora-uslug-publicznych","status":"publish","type":"post","link":"https:\/\/kspnszz.org\/index.php\/2024\/11\/04\/konferencja-zwiazkow-zawodowych-sektora-uslug-publicznych\/","title":{"rendered":"Konferencja Zwi\u0105zk\u00f3w Zawodowych Sektora Us\u0142ug Publicznych"},"content":{"rendered":"<p style=\"text-align: justify;\"><strong>Dialog spo\u0142eczny w Polsce i Rumunii w sektorze us\u0142ug publicznych, uzwi\u0105zkowienia sektora i\u00a0por\u00f3wnanie warunk\u00f3w pracy, pozycji i presti\u017cu spo\u0142ecznego poszczeg\u00f3lnych zawod\u00f3w w obu krajach to g\u0142\u00f3wne tematy mi\u0119dzynarodowej konferencji, kt\u00f3ra odby\u0142a si\u0119 30 pa\u017adziernika 2024 w\u00a0Warszawie. <\/strong><\/p>\n\n<div class=\"wp-block-image\">\n<figure class=\"aligncenter size-large is-resized\"><a href=\"http:\/\/kspnszz.org\/wp-content\/uploads\/2024\/11\/konferencjaKSSP1.jpg\" data-rel=\"lightbox-image-0\" data-rl_title=\"\" data-rl_caption=\"\" title=\"\"><img loading=\"lazy\" decoding=\"async\" width=\"1024\" height=\"473\" src=\"http:\/\/kspnszz.org\/wp-content\/uploads\/2024\/11\/konferencjaKSSP1-1024x473.jpg\" alt=\"\" class=\"wp-image-6766\" style=\"width:611px;height:auto\" srcset=\"https:\/\/kspnszz.org\/wp-content\/uploads\/2024\/11\/konferencjaKSSP1-1024x473.jpg 1024w, https:\/\/kspnszz.org\/wp-content\/uploads\/2024\/11\/konferencjaKSSP1-300x139.jpg 300w, https:\/\/kspnszz.org\/wp-content\/uploads\/2024\/11\/konferencjaKSSP1-768x355.jpg 768w, https:\/\/kspnszz.org\/wp-content\/uploads\/2024\/11\/konferencjaKSSP1-1536x710.jpg 1536w, https:\/\/kspnszz.org\/wp-content\/uploads\/2024\/11\/konferencjaKSSP1.jpg 2048w\" sizes=\"(max-width: 1024px) 100vw, 1024px\" \/><\/a><\/figure><\/div>\n\n<p style=\"text-align: justify;\">W konferencji brali udzia\u0142 przedstawiciele zwi\u0105zk\u00f3w zawodowych sektora us\u0142ug publicznych z Rumunii, w\u00a0tym przedstawiciele administracji publicznych i\u00a0pracownik\u00f3w socjalnych, s\u0142u\u017cby wi\u0119ziennej i policjanci. Stron\u0119 polsk\u0105 reprezentowali przedstawiciele Krajowego Sekretariatu Ochrony Zdrowia NSZZ \u201eSolidarno\u015b\u0107\u201d oraz Krajowego Sekretariatu S\u0142u\u017cb Publicznych NSZZ \u201eSolidarno\u015b\u0107\u201d, w tym Grzegorz Sadowski oraz Maciej Klimek z\u00a0Krajowej Sekcji Po\u017carnictwa.<\/p>\n<p style=\"text-align: justify;\">Pierwsza cz\u0119\u015b\u0107 konferencji po\u015bwi\u0119cono na om\u00f3wienie og\u00f3lnej charakterystyki dialogu spo\u0142ecznego w\u00a0Polsce oraz uzwi\u0105zkowienie w sektorze s\u0142u\u017cb publicznych. Reprezentanci obu kraj\u00f3w przedstawili te\u017c jak wygl\u0105daj\u0105 struktury zwi\u0105zkowe w ich krajach. Przedstawicieli s\u0142u\u017cby wi\u0119ziennej z Rumuni zaciekawi\u0142 fakt, \u017ce stra\u017cacy w Polsce mog\u0105 zrzesza\u0107 si\u0119 w\u00a0zwi\u0105zkach zawodowych, gdy\u017c w ich kraju stra\u017c po\u017carna podlega pod \u017candarmeri\u0119 wojskow\u0105 i\u00a0nie maja takiego prawa. W tej cz\u0119\u015bci spotkania om\u00f3wiono r\u00f3wnie\u017c funkcjonowanie Rady Dialogu Spo\u0142ecznego.<\/p>\n<p style=\"text-align: justify;\">W trakcie kolejnej cz\u0119\u015bci konferencji poruszono temat og\u00f3lnych warunk\u00f3w pracy i presti\u017cu spo\u0142ecznego poszczeg\u00f3lnych zawod\u00f3w w Polsce i Rumunii. S\u0142u\u017cba wi\u0119zienna w Rumunii boryka si\u0119 z du\u017c\u0105 dysproporcj\u0105 p\u0142ac na stanowiskach. Prawo unijne nakaza\u0142o podwy\u017cszenia p\u0142ac, ale z uwagi na to, \u017ce pa\u0144stwa nie by\u0142o sta\u0107 nie zosta\u0142o to zrealizowane. Funkcjonariusze SW posiadaj\u0105 dodatkowe benefitu i zasi\u0142ki, ale politycy s\u0105 nie przychyli mundurowym ze wzgl\u0119du na ich przywileje. Funkcjonariusze SW s\u0105 w tym sektorze wynagradzani najs\u0142abiej. Warunki pracy te\u017c maj\u0105 nie najlepsze z uwagi, \u017ce obiekty, w kt\u00f3rych pracuj\u0105 s\u0105 zaadoptowane po by\u0142ych PGR. Zwi\u0105zkowcy zg\u0142osili problem do trybuna\u0142u praw cz\u0142owieka i po tym dzia\u0142aniu warunki pracy si\u0119 poprawi\u0142y, ale tempo zmian nie jest zadawalaj\u0105ce. Rumu\u0144scy policjanci za du\u017cy problem uwa\u017caj\u0105 brak chor\u00f3b zawodowych. Ich niepok\u00f3j budzi r\u00f3wnie\u017c niewystarczaj\u0105cy poziom ochrony osobistej i\u00a0u\u017cywane \u015brodki przymusu bezpo\u015bredniego. Zwi\u0105zkowcy wnioskuj\u0105 o dodatkowe \u015brodki ochronne, m.in. w\u00a02022 r. z\u0142o\u017cyli projekt dotycz\u0105cy kamer osobistych.<\/p>\n<p style=\"text-align: justify;\">Trzecia cz\u0119\u015b\u0107 konferencji polega\u0142a na wymianie dobrych praktyk. Ka\u017cdy z przedstawicieli zaprezentowa\u0142, jak zach\u0119caj\u0105 pracownik\u00f3w do wst\u0119powania do struktur zwi\u0105zkowych. Policja z Rumuni w wyniku bardzo du\u017cego zainteresowania przynale\u017cno\u015bci\u0105 zwi\u0105zkow\u0105 opracowa\u0142a aplikacj\u0119 oraz stron\u0119 internetow\u0105 za po\u015brednictwem kt\u00f3rej po przeczytaniu podstawowych informacji potencjalny zainteresowany mo\u017ce z\u0142o\u017cy\u0107 wniosek i w ci\u0105gu kilku minut staje si\u0119 cz\u0142onkiem zwi\u0105zku. Dodatkowo posiadaj\u0105 r\u00f3\u017cnego rodzaju benefity kampanie spo\u0142eczne, aplikacja dla cz\u0142onk\u00f3w z podstawowymi komunikatami, czatbot kt\u00f3ry podpowiada jakiego paragrafu u\u017cy\u0107 zale\u017cnie od tematu sprawy z jak\u0105 mamy problem.<\/p>\n<p style=\"text-align: justify;\">Uczestnik\u00f3w konferencji odwiedzi\u0142 zast\u0119pca przewodnicz\u0105cego Komisji Krajowej Bart\u0142omiej Mickiewicz. Wszyscy obecni podkre\u015blili du\u017c\u0105 merytoryk\u0119 spotkania i uznali je za doskona\u0142\u0105 platform\u0119 do\u00a0podzielenia si\u0119 wiedz\u0105. Konferencja by\u0142a okazj\u0105 do wymiany do\u015bwiadcze\u0144, poznania metod i\u00a0narz\u0119dzi zwi\u0105zkowych stosowanych przez rumu\u0144skich koleg\u00f3w, a\u00a0w\u00a0przysz\u0142o\u015bci b\u0119dzie stanowi\u0107 inspiracj\u0119 do rozwoju uzwi\u0105zkowienia.<\/p>\n\n<div class=\"wp-block-image\">\n<figure class=\"aligncenter size-full is-resized\"><a href=\"http:\/\/kspnszz.org\/wp-content\/uploads\/2024\/11\/konferencjaKSSP.jpg\" data-rel=\"lightbox-image-1\" data-rl_title=\"\" data-rl_caption=\"\" title=\"\"><img loading=\"lazy\" decoding=\"async\" width=\"900\" height=\"675\" src=\"http:\/\/kspnszz.org\/wp-content\/uploads\/2024\/11\/konferencjaKSSP.jpg\" alt=\"\" class=\"wp-image-6765\" style=\"width:571px;height:auto\" srcset=\"https:\/\/kspnszz.org\/wp-content\/uploads\/2024\/11\/konferencjaKSSP.jpg 900w, https:\/\/kspnszz.org\/wp-content\/uploads\/2024\/11\/konferencjaKSSP-300x225.jpg 300w, https:\/\/kspnszz.org\/wp-content\/uploads\/2024\/11\/konferencjaKSSP-768x576.jpg 768w\" sizes=\"(max-width: 900px) 100vw, 900px\" \/><\/a><\/figure><\/div>\n\n<div class=\"wp-block-image\">\n<figure class=\"aligncenter size-large is-resized\"><a href=\"http:\/\/kspnszz.org\/wp-content\/uploads\/2024\/11\/kinferencjaKSSP2.jpg\" data-rel=\"lightbox-image-2\" data-rl_title=\"\" data-rl_caption=\"\" title=\"\"><img loading=\"lazy\" decoding=\"async\" width=\"1024\" height=\"576\" src=\"http:\/\/kspnszz.org\/wp-content\/uploads\/2024\/11\/kinferencjaKSSP2-1024x576.jpg\" alt=\"\" class=\"wp-image-6767\" style=\"width:585px;height:auto\" srcset=\"https:\/\/kspnszz.org\/wp-content\/uploads\/2024\/11\/kinferencjaKSSP2-1024x576.jpg 1024w, https:\/\/kspnszz.org\/wp-content\/uploads\/2024\/11\/kinferencjaKSSP2-300x169.jpg 300w, https:\/\/kspnszz.org\/wp-content\/uploads\/2024\/11\/kinferencjaKSSP2-768x432.jpg 768w, https:\/\/kspnszz.org\/wp-content\/uploads\/2024\/11\/kinferencjaKSSP2-1536x864.jpg 1536w, https:\/\/kspnszz.org\/wp-content\/uploads\/2024\/11\/kinferencjaKSSP2.jpg 1600w\" sizes=\"(max-width: 1024px) 100vw, 1024px\" \/><\/a><\/figure><\/div>","protected":false},"excerpt":{"rendered":"<p>Dialog spo\u0142eczny w Polsce i Rumunii w sektorze us\u0142ug publicznych, uzwi\u0105zkowienia sektora i\u00a0por\u00f3wnanie warunk\u00f3w pracy, pozycji i presti\u017cu spo\u0142ecznego poszczeg\u00f3lnych zawod\u00f3w w obu krajach to g\u0142\u00f3wne tematy mi\u0119dzynarodowej konferencji, kt\u00f3ra odby\u0142a si\u0119 30 pa\u017adziernika 2024 w\u00a0Warszawie. W konferencji brali udzia\u0142 przedstawiciele zwi\u0105zk\u00f3w zawodowych sektora us\u0142ug publicznych z Rumunii, w\u00a0tym przedstawiciele administracji publicznych i\u00a0pracownik\u00f3w socjalnych, s\u0142u\u017cby &hellip;<\/p>\n","protected":false},"author":2,"featured_media":6767,"comment_status":"closed","ping_status":"closed","sticky":false,"template":"","format":"standard","meta":{"footnotes":""},"categories":[2,1],"tags":[],"yoast_head":"<!-- This site is optimized with the Yoast SEO plugin v22.7 - https:\/\/yoast.com\/wordpress\/plugins\/seo\/ -->\n<title>Konferencja Zwi\u0105zk\u00f3w Zawodowych Sektora Us\u0142ug Publicznych - KSPNSZZ<\/title>\n<meta name=\"robots\" content=\"index, follow, max-snippet:-1, max-image-preview:large, max-video-preview:-1\" \/>\n<link rel=\"canonical\" href=\"https:\/\/kspnszz.org\/index.php\/2024\/11\/04\/konferencja-zwiazkow-zawodowych-sektora-uslug-publicznych\/\" \/>\n<meta property=\"og:locale\" content=\"pl_PL\" \/>\n<meta property=\"og:type\" content=\"article\" \/>\n<meta property=\"og:title\" content=\"Konferencja Zwi\u0105zk\u00f3w Zawodowych Sektora Us\u0142ug Publicznych - KSPNSZZ\" \/>\n<meta property=\"og:description\" content=\"Dialog spo\u0142eczny w Polsce i Rumunii w sektorze us\u0142ug publicznych, uzwi\u0105zkowienia sektora i\u00a0por\u00f3wnanie warunk\u00f3w pracy, pozycji i presti\u017cu spo\u0142ecznego poszczeg\u00f3lnych zawod\u00f3w w obu krajach to g\u0142\u00f3wne tematy mi\u0119dzynarodowej konferencji, kt\u00f3ra odby\u0142a si\u0119 30 pa\u017adziernika 2024 w\u00a0Warszawie. W konferencji brali udzia\u0142 przedstawiciele zwi\u0105zk\u00f3w zawodowych sektora us\u0142ug publicznych z Rumunii, w\u00a0tym przedstawiciele administracji publicznych i\u00a0pracownik\u00f3w socjalnych, s\u0142u\u017cby &hellip;\" \/>\n<meta property=\"og:url\" content=\"https:\/\/kspnszz.org\/index.php\/2024\/11\/04\/konferencja-zwiazkow-zawodowych-sektora-uslug-publicznych\/\" \/>\n<meta property=\"og:site_name\" content=\"KSPNSZZ\" \/>\n<meta property=\"article:published_time\" content=\"2024-11-04T07:32:48+00:00\" \/>\n<meta property=\"article:modified_time\" content=\"2024-11-04T07:32:49+00:00\" \/>\n<meta property=\"og:image\" content=\"https:\/\/kspnszz.org\/wp-content\/uploads\/2024\/11\/kinferencjaKSSP2.jpg\" \/>\n\t<meta property=\"og:image:width\" content=\"1600\" \/>\n\t<meta property=\"og:image:height\" content=\"900\" \/>\n\t<meta property=\"og:image:type\" content=\"image\/jpeg\" \/>\n<meta name=\"author\" content=\"bartlomiej\" \/>\n<meta name=\"twitter:card\" content=\"summary_large_image\" \/>\n<meta name=\"twitter:label1\" content=\"Napisane przez\" \/>\n\t<meta name=\"twitter:data1\" content=\"bartlomiej\" \/>\n\t<meta name=\"twitter:label2\" content=\"Szacowany czas czytania\" \/>\n\t<meta name=\"twitter:data2\" content=\"4 minuty\" \/>\n<script type=\"application\/ld+json\" class=\"yoast-schema-graph\">{\"@context\":\"https:\/\/schema.org\",\"@graph\":[{\"@type\":\"WebPage\",\"@id\":\"https:\/\/kspnszz.org\/index.php\/2024\/11\/04\/konferencja-zwiazkow-zawodowych-sektora-uslug-publicznych\/\",\"url\":\"https:\/\/kspnszz.org\/index.php\/2024\/11\/04\/konferencja-zwiazkow-zawodowych-sektora-uslug-publicznych\/\",\"name\":\"Konferencja Zwi\u0105zk\u00f3w Zawodowych Sektora Us\u0142ug Publicznych - KSPNSZZ\",\"isPartOf\":{\"@id\":\"http:\/\/kspnszz.org\/#website\"},\"primaryImageOfPage\":{\"@id\":\"https:\/\/kspnszz.org\/index.php\/2024\/11\/04\/konferencja-zwiazkow-zawodowych-sektora-uslug-publicznych\/#primaryimage\"},\"image\":{\"@id\":\"https:\/\/kspnszz.org\/index.php\/2024\/11\/04\/konferencja-zwiazkow-zawodowych-sektora-uslug-publicznych\/#primaryimage\"},\"thumbnailUrl\":\"https:\/\/kspnszz.org\/wp-content\/uploads\/2024\/11\/kinferencjaKSSP2.jpg\",\"datePublished\":\"2024-11-04T07:32:48+00:00\",\"dateModified\":\"2024-11-04T07:32:49+00:00\",\"author\":{\"@id\":\"http:\/\/kspnszz.org\/#\/schema\/person\/31096cf196f706ef50ecbd878903cc13\"},\"breadcrumb\":{\"@id\":\"https:\/\/kspnszz.org\/index.php\/2024\/11\/04\/konferencja-zwiazkow-zawodowych-sektora-uslug-publicznych\/#breadcrumb\"},\"inLanguage\":\"pl-PL\",\"potentialAction\":[{\"@type\":\"ReadAction\",\"target\":[\"https:\/\/kspnszz.org\/index.php\/2024\/11\/04\/konferencja-zwiazkow-zawodowych-sektora-uslug-publicznych\/\"]}]},{\"@type\":\"ImageObject\",\"inLanguage\":\"pl-PL\",\"@id\":\"https:\/\/kspnszz.org\/index.php\/2024\/11\/04\/konferencja-zwiazkow-zawodowych-sektora-uslug-publicznych\/#primaryimage\",\"url\":\"https:\/\/kspnszz.org\/wp-content\/uploads\/2024\/11\/kinferencjaKSSP2.jpg\",\"contentUrl\":\"https:\/\/kspnszz.org\/wp-content\/uploads\/2024\/11\/kinferencjaKSSP2.jpg\",\"width\":1600,\"height\":900},{\"@type\":\"BreadcrumbList\",\"@id\":\"https:\/\/kspnszz.org\/index.php\/2024\/11\/04\/konferencja-zwiazkow-zawodowych-sektora-uslug-publicznych\/#breadcrumb\",\"itemListElement\":[{\"@type\":\"ListItem\",\"position\":1,\"name\":\"Strona g\u0142\u00f3wna\",\"item\":\"http:\/\/kspnszz.org\/\"},{\"@type\":\"ListItem\",\"position\":2,\"name\":\"Konferencja Zwi\u0105zk\u00f3w Zawodowych Sektora Us\u0142ug Publicznych\"}]},{\"@type\":\"WebSite\",\"@id\":\"http:\/\/kspnszz.org\/#website\",\"url\":\"http:\/\/kspnszz.org\/\",\"name\":\"KSPNSZZ\",\"description\":\"Krajowa Sekcja Po\u017carnictwa\",\"potentialAction\":[{\"@type\":\"SearchAction\",\"target\":{\"@type\":\"EntryPoint\",\"urlTemplate\":\"http:\/\/kspnszz.org\/?s={search_term_string}\"},\"query-input\":\"required name=search_term_string\"}],\"inLanguage\":\"pl-PL\"},{\"@type\":\"Person\",\"@id\":\"http:\/\/kspnszz.org\/#\/schema\/person\/31096cf196f706ef50ecbd878903cc13\",\"name\":\"bartlomiej\",\"image\":{\"@type\":\"ImageObject\",\"inLanguage\":\"pl-PL\",\"@id\":\"http:\/\/kspnszz.org\/#\/schema\/person\/image\/\",\"url\":\"https:\/\/secure.gravatar.com\/avatar\/cb681656f150968eb94b73c62cf58e52?s=96&d=mm&r=g\",\"contentUrl\":\"https:\/\/secure.gravatar.com\/avatar\/cb681656f150968eb94b73c62cf58e52?s=96&d=mm&r=g\",\"caption\":\"bartlomiej\"},\"url\":\"https:\/\/kspnszz.org\/index.php\/author\/bartlomiej\/\"}]}<\/script>\n<!-- \/ Yoast SEO plugin. -->","yoast_head_json":{"title":"Konferencja Zwi\u0105zk\u00f3w Zawodowych Sektora Us\u0142ug Publicznych - KSPNSZZ","robots":{"index":"index","follow":"follow","max-snippet":"max-snippet:-1","max-image-preview":"max-image-preview:large","max-video-preview":"max-video-preview:-1"},"canonical":"https:\/\/kspnszz.org\/index.php\/2024\/11\/04\/konferencja-zwiazkow-zawodowych-sektora-uslug-publicznych\/","og_locale":"pl_PL","og_type":"article","og_title":"Konferencja Zwi\u0105zk\u00f3w Zawodowych Sektora Us\u0142ug Publicznych - KSPNSZZ","og_description":"Dialog spo\u0142eczny w Polsce i Rumunii w sektorze us\u0142ug publicznych, uzwi\u0105zkowienia sektora i\u00a0por\u00f3wnanie warunk\u00f3w pracy, pozycji i presti\u017cu spo\u0142ecznego poszczeg\u00f3lnych zawod\u00f3w w obu krajach to g\u0142\u00f3wne tematy mi\u0119dzynarodowej konferencji, kt\u00f3ra odby\u0142a si\u0119 30 pa\u017adziernika 2024 w\u00a0Warszawie. W konferencji brali udzia\u0142 przedstawiciele zwi\u0105zk\u00f3w zawodowych sektora us\u0142ug publicznych z Rumunii, w\u00a0tym przedstawiciele administracji publicznych i\u00a0pracownik\u00f3w socjalnych, s\u0142u\u017cby &hellip;","og_url":"https:\/\/kspnszz.org\/index.php\/2024\/11\/04\/konferencja-zwiazkow-zawodowych-sektora-uslug-publicznych\/","og_site_name":"KSPNSZZ","article_published_time":"2024-11-04T07:32:48+00:00","article_modified_time":"2024-11-04T07:32:49+00:00","og_image":[{"width":1600,"height":900,"url":"https:\/\/kspnszz.org\/wp-content\/uploads\/2024\/11\/kinferencjaKSSP2.jpg","type":"image\/jpeg"}],"author":"bartlomiej","twitter_card":"summary_large_image","twitter_misc":{"Napisane przez":"bartlomiej","Szacowany czas czytania":"4 minuty"},"schema":{"@context":"https:\/\/schema.org","@graph":[{"@type":"WebPage","@id":"https:\/\/kspnszz.org\/index.php\/2024\/11\/04\/konferencja-zwiazkow-zawodowych-sektora-uslug-publicznych\/","url":"https:\/\/kspnszz.org\/index.php\/2024\/11\/04\/konferencja-zwiazkow-zawodowych-sektora-uslug-publicznych\/","name":"Konferencja Zwi\u0105zk\u00f3w Zawodowych Sektora Us\u0142ug Publicznych - KSPNSZZ","isPartOf":{"@id":"http:\/\/kspnszz.org\/#website"},"primaryImageOfPage":{"@id":"https:\/\/kspnszz.org\/index.php\/2024\/11\/04\/konferencja-zwiazkow-zawodowych-sektora-uslug-publicznych\/#primaryimage"},"image":{"@id":"https:\/\/kspnszz.org\/index.php\/2024\/11\/04\/konferencja-zwiazkow-zawodowych-sektora-uslug-publicznych\/#primaryimage"},"thumbnailUrl":"https:\/\/kspnszz.org\/wp-content\/uploads\/2024\/11\/kinferencjaKSSP2.jpg","datePublished":"2024-11-04T07:32:48+00:00","dateModified":"2024-11-04T07:32:49+00:00","author":{"@id":"http:\/\/kspnszz.org\/#\/schema\/person\/31096cf196f706ef50ecbd878903cc13"},"breadcrumb":{"@id":"https:\/\/kspnszz.org\/index.php\/2024\/11\/04\/konferencja-zwiazkow-zawodowych-sektora-uslug-publicznych\/#breadcrumb"},"inLanguage":"pl-PL","potentialAction":[{"@type":"ReadAction","target":["https:\/\/kspnszz.org\/index.php\/2024\/11\/04\/konferencja-zwiazkow-zawodowych-sektora-uslug-publicznych\/"]}]},{"@type":"ImageObject","inLanguage":"pl-PL","@id":"https:\/\/kspnszz.org\/index.php\/2024\/11\/04\/konferencja-zwiazkow-zawodowych-sektora-uslug-publicznych\/#primaryimage","url":"https:\/\/kspnszz.org\/wp-content\/uploads\/2024\/11\/kinferencjaKSSP2.jpg","contentUrl":"https:\/\/kspnszz.org\/wp-content\/uploads\/2024\/11\/kinferencjaKSSP2.jpg","width":1600,"height":900},{"@type":"BreadcrumbList","@id":"https:\/\/kspnszz.org\/index.php\/2024\/11\/04\/konferencja-zwiazkow-zawodowych-sektora-uslug-publicznych\/#breadcrumb","itemListElement":[{"@type":"ListItem","position":1,"name":"Strona g\u0142\u00f3wna","item":"http:\/\/kspnszz.org\/"},{"@type":"ListItem","position":2,"name":"Konferencja Zwi\u0105zk\u00f3w Zawodowych Sektora Us\u0142ug Publicznych"}]},{"@type":"WebSite","@id":"http:\/\/kspnszz.org\/#website","url":"http:\/\/kspnszz.org\/","name":"KSPNSZZ","description":"Krajowa Sekcja Po\u017carnictwa","potentialAction":[{"@type":"SearchAction","target":{"@type":"EntryPoint","urlTemplate":"http:\/\/kspnszz.org\/?s={search_term_string}"},"query-input":"required name=search_term_string"}],"inLanguage":"pl-PL"},{"@type":"Person","@id":"http:\/\/kspnszz.org\/#\/schema\/person\/31096cf196f706ef50ecbd878903cc13","name":"bartlomiej","image":{"@type":"ImageObject","inLanguage":"pl-PL","@id":"http:\/\/kspnszz.org\/#\/schema\/person\/image\/","url":"https:\/\/secure.gravatar.com\/avatar\/cb681656f150968eb94b73c62cf58e52?s=96&d=mm&r=g","contentUrl":"https:\/\/secure.gravatar.com\/avatar\/cb681656f150968eb94b73c62cf58e52?s=96&d=mm&r=g","caption":"bartlomiej"},"url":"https:\/\/kspnszz.org\/index.php\/author\/bartlomiej\/"}]}},"_links":{"self":[{"href":"https:\/\/kspnszz.org\/index.php\/wp-json\/wp\/v2\/posts\/6768"}],"collection":[{"href":"https:\/\/kspnszz.org\/index.php\/wp-json\/wp\/v2\/posts"}],"about":[{"href":"https:\/\/kspnszz.org\/index.php\/wp-json\/wp\/v2\/types\/post"}],"author":[{"embeddable":true,"href":"https:\/\/kspnszz.org\/index.php\/wp-json\/wp\/v2\/users\/2"}],"replies":[{"embeddable":true,"href":"https:\/\/kspnszz.org\/index.php\/wp-json\/wp\/v2\/comments?post=6768"}],"version-history":[{"count":7,"href":"https:\/\/kspnszz.org\/index.php\/wp-json\/wp\/v2\/posts\/6768\/revisions"}],"predecessor-version":[{"id":6775,"href":"https:\/\/kspnszz.org\/index.php\/wp-json\/wp\/v2\/posts\/6768\/revisions\/6775"}],"wp:featuredmedia":[{"embeddable":true,"href":"https:\/\/kspnszz.org\/index.php\/wp-json\/wp\/v2\/media\/6767"}],"wp:attachment":[{"href":"https:\/\/kspnszz.org\/index.php\/wp-json\/wp\/v2\/media?parent=6768"}],"wp:term":[{"taxonomy":"category","embeddable":true,"href":"https:\/\/kspnszz.org\/index.php\/wp-json\/wp\/v2\/categories?post=6768"},{"taxonomy":"post_tag","embeddable":true,"href":"https:\/\/kspnszz.org\/index.php\/wp-json\/wp\/v2\/tags?post=6768"}],"curies":[{"name":"wp","href":"https:\/\/api.w.org\/{rel}","templated":true}]}}