{"id":6632,"date":"2024-09-23T12:14:03","date_gmt":"2024-09-23T10:14:03","guid":{"rendered":"https:\/\/kspnszz.org\/?p=6632"},"modified":"2024-09-23T12:15:11","modified_gmt":"2024-09-23T10:15:11","slug":"wegierski-niezalezny-zwiazek-zawodowy-strazakow-zawodowych-obchodzil-35-rocznice-powstania","status":"publish","type":"post","link":"https:\/\/kspnszz.org\/index.php\/2024\/09\/23\/wegierski-niezalezny-zwiazek-zawodowy-strazakow-zawodowych-obchodzil-35-rocznice-powstania\/","title":{"rendered":"W\u0119gierski Niezale\u017cny Zwi\u0105zek Zawodowy Stra\u017cak\u00f3w Zawodowych obchodzi\u0142 35. rocznic\u0119 powstania"},"content":{"rendered":"<p style=\"text-align: justify;\"><strong>Delegacja z Polski uczestniczy\u0142a w jubileuszowym zje\u017adzie delegat\u00f3w Niezale\u017cnego Zwi\u0105zku Zawodowego Stra\u017cak\u00f3w Zawodowych (HTFSZ), kt\u00f3ry odby\u0142 si\u0119 w\u00a0miejscowo\u015bci Demjan (W\u0119gry), w\u00a0dniach 14-17 wrze\u015bnia 2024 r. Zjazd by\u0142 nie tylko okazj\u0105 do obchod\u00f3w 35-lecia powstania HTFSZ, ale r\u00f3wnie\u017c wybrano na nim w\u0142adze w\u0119gierskiego zwi\u0105zku na kolejn\u0105 kadencj\u0119.<\/strong><\/p>\n\n<div class=\"wp-block-image\">\n<figure class=\"aligncenter size-large is-resized\"><a href=\"http:\/\/kspnszz.org\/wp-content\/uploads\/2024\/09\/c9664c84-d0f2-4e6c-be07-aa4897ea3b44.jpg\" data-rel=\"lightbox-image-0\" data-rl_title=\"\" data-rl_caption=\"\" title=\"\"><img loading=\"lazy\" decoding=\"async\" width=\"1024\" height=\"473\" src=\"http:\/\/kspnszz.org\/wp-content\/uploads\/2024\/09\/c9664c84-d0f2-4e6c-be07-aa4897ea3b44-1024x473.jpg\" alt=\"\" class=\"wp-image-6628\" style=\"width:600px;height:auto\" srcset=\"https:\/\/kspnszz.org\/wp-content\/uploads\/2024\/09\/c9664c84-d0f2-4e6c-be07-aa4897ea3b44-1024x473.jpg 1024w, https:\/\/kspnszz.org\/wp-content\/uploads\/2024\/09\/c9664c84-d0f2-4e6c-be07-aa4897ea3b44-300x139.jpg 300w, https:\/\/kspnszz.org\/wp-content\/uploads\/2024\/09\/c9664c84-d0f2-4e6c-be07-aa4897ea3b44-768x355.jpg 768w, https:\/\/kspnszz.org\/wp-content\/uploads\/2024\/09\/c9664c84-d0f2-4e6c-be07-aa4897ea3b44-1536x709.jpg 1536w, https:\/\/kspnszz.org\/wp-content\/uploads\/2024\/09\/c9664c84-d0f2-4e6c-be07-aa4897ea3b44.jpg 1600w\" sizes=\"(max-width: 1024px) 100vw, 1024px\" \/><\/a><\/figure><\/div>\n\n<p style=\"text-align: justify;\">W\u0119gierscy stra\u017cacy w trakcie kilkudniowego zjazdu podsumowali 35 lat dzia\u0142alno\u015bci swojego zwi\u0105zku oraz om\u00f3wili wyzwania, kt\u00f3re czekaj\u0105 na nich w\u00a0przysz\u0142o\u015bci. W zje\u017adzie uczestniczy\u0142o wielu go\u015bci ze\u00a0zwi\u0105zk\u00f3w i\u00a0instytucji wsp\u00f3\u0142pracuj\u0105cych z HTFSZ.<\/p>\n<p style=\"text-align: justify;\">Wiceprzewodnicz\u0105cy KSP Maciej \u0141ozowski oraz pe\u0142nomocnik KSP ds. wsp\u00f3\u0142pracy mi\u0119dzynarodowej \u0141ukasz Kapica, na r\u0119ce przewodnicz\u0105ce HTFSZ Lajosa Salamon przekazali pami\u0105tkowy grawerton. W\u00a0swoim wyst\u0105pieniu Maciej \u0141ozowski pogratulowa\u0142 pi\u0119knego jubileuszu oraz podzi\u0119kowa\u0142 za wiele lat owocnej wsp\u00f3\u0142pracy pomi\u0119dzy HTFSZ i KSP. Podkre\u015bli\u0142 r\u00f3wnie\u017c, \u017ce w\u0142a\u015bnie do\u015bwiadczenia w\u0119gierskich koleg\u00f3w pomog\u0142y Krajowej Sekcji Po\u017carnictwa NSZZ \u201eSolidarno\u015b\u0107\u201d obroni\u0107 prawa emerytalne polskich stra\u017cak\u00f3w.<\/p>\n<p style=\"text-align: justify;\">Warto podkre\u015bli\u0107, \u017ce w sk\u0142adzie polskiej delegacji znale\u017ali si\u0119 kol. Damian Kocho\u0144 oraz Leszek B\u0142aszczyk, kt\u00f3rzy podobnie jak Lajos Salamon ze strony w\u0119gierskiej byli sygnatariuszami pierwszego porozumienia pomi\u0119dzy w\u0119gierskim HTFSZ, chorwackim SDLSN RH, a Krajow\u0105 Sekcj\u0105 Po\u017carnictwa NSZZ \u201eSolidarno\u015b\u0107. Porozumienie o wsp\u00f3\u0142pracy podpisano w\u00a02008\u00a0r. w Zdu\u0144skiej Woli. Damian Kocho\u0144 oraz Leszek B\u0142aszczyk wr\u0119czyli przewodnicz\u0105cemu HTFSZ Lajosowi Salamon z\u0142oty Medal &#8222;Za Zas\u0142ugi dla Po\u017carnictwa&#8221; przyznany przez Prezydium Zarz\u0105du Wojew\u00f3dzkiego Zwi\u0105zku OSP RP woj. \u0142\u00f3dzkiego.<\/p>\n<p style=\"text-align: justify;\">W cz\u0119\u015bci wyborczej zjazdu wy\u0142oniono w\u0142adze HTFSZ, na kolejn\u0105 kadencj\u0119. Delegaci zdecydowali, \u017ce\u00a0zwi\u0105zkowi przez kolejne cztery lata ponownie przewodzi\u0142 b\u0119dzie Lajos Salamon.<\/p>\n\n<div class=\"wp-block-image\">\n<figure class=\"aligncenter size-full is-resized\"><a href=\"http:\/\/kspnszz.org\/wp-content\/uploads\/2024\/09\/ec2d026b-b98e-4463-b8e2-2b48d0630895.jpg\" data-rel=\"lightbox-image-1\" data-rl_title=\"\" data-rl_caption=\"\" title=\"\"><img loading=\"lazy\" decoding=\"async\" width=\"924\" height=\"790\" src=\"http:\/\/kspnszz.org\/wp-content\/uploads\/2024\/09\/ec2d026b-b98e-4463-b8e2-2b48d0630895.jpg\" alt=\"\" class=\"wp-image-6630\" style=\"width:384px;height:auto\" srcset=\"https:\/\/kspnszz.org\/wp-content\/uploads\/2024\/09\/ec2d026b-b98e-4463-b8e2-2b48d0630895.jpg 924w, https:\/\/kspnszz.org\/wp-content\/uploads\/2024\/09\/ec2d026b-b98e-4463-b8e2-2b48d0630895-300x256.jpg 300w, https:\/\/kspnszz.org\/wp-content\/uploads\/2024\/09\/ec2d026b-b98e-4463-b8e2-2b48d0630895-768x657.jpg 768w\" sizes=\"(max-width: 924px) 100vw, 924px\" \/><\/a><\/figure><\/div>\n\n<div class=\"wp-block-image\">\n<figure class=\"aligncenter size-large is-resized\"><a href=\"http:\/\/kspnszz.org\/wp-content\/uploads\/2024\/09\/e8bc7add-8307-4d2b-803f-e6c5566d8b1e.jpg\" data-rel=\"lightbox-image-2\" data-rl_title=\"\" data-rl_caption=\"\" title=\"\"><img loading=\"lazy\" decoding=\"async\" width=\"1024\" height=\"531\" src=\"http:\/\/kspnszz.org\/wp-content\/uploads\/2024\/09\/e8bc7add-8307-4d2b-803f-e6c5566d8b1e-1024x531.jpg\" alt=\"\" class=\"wp-image-6637\" style=\"width:386px;height:auto\" srcset=\"https:\/\/kspnszz.org\/wp-content\/uploads\/2024\/09\/e8bc7add-8307-4d2b-803f-e6c5566d8b1e-1024x531.jpg 1024w, https:\/\/kspnszz.org\/wp-content\/uploads\/2024\/09\/e8bc7add-8307-4d2b-803f-e6c5566d8b1e-300x156.jpg 300w, https:\/\/kspnszz.org\/wp-content\/uploads\/2024\/09\/e8bc7add-8307-4d2b-803f-e6c5566d8b1e-768x398.jpg 768w, https:\/\/kspnszz.org\/wp-content\/uploads\/2024\/09\/e8bc7add-8307-4d2b-803f-e6c5566d8b1e-1536x796.jpg 1536w, https:\/\/kspnszz.org\/wp-content\/uploads\/2024\/09\/e8bc7add-8307-4d2b-803f-e6c5566d8b1e.jpg 1782w\" sizes=\"(max-width: 1024px) 100vw, 1024px\" \/><\/a><\/figure><\/div>\n\n<div class=\"wp-block-image\">\n<figure class=\"aligncenter size-large is-resized\"><a href=\"http:\/\/kspnszz.org\/wp-content\/uploads\/2024\/09\/93c17c23-8529-40a1-8063-072c8300d8e7.jpg\" data-rel=\"lightbox-image-3\" data-rl_title=\"\" data-rl_caption=\"\" title=\"\"><img loading=\"lazy\" decoding=\"async\" width=\"1024\" height=\"886\" src=\"http:\/\/kspnszz.org\/wp-content\/uploads\/2024\/09\/93c17c23-8529-40a1-8063-072c8300d8e7-1024x886.jpg\" alt=\"\" class=\"wp-image-6638\" style=\"width:386px;height:auto\" srcset=\"https:\/\/kspnszz.org\/wp-content\/uploads\/2024\/09\/93c17c23-8529-40a1-8063-072c8300d8e7-1024x886.jpg 1024w, https:\/\/kspnszz.org\/wp-content\/uploads\/2024\/09\/93c17c23-8529-40a1-8063-072c8300d8e7-300x260.jpg 300w, https:\/\/kspnszz.org\/wp-content\/uploads\/2024\/09\/93c17c23-8529-40a1-8063-072c8300d8e7-768x664.jpg 768w, https:\/\/kspnszz.org\/wp-content\/uploads\/2024\/09\/93c17c23-8529-40a1-8063-072c8300d8e7.jpg 1200w\" sizes=\"(max-width: 1024px) 100vw, 1024px\" \/><\/a><\/figure><\/div>\n\n<div class=\"wp-block-image\">\n<figure class=\"aligncenter size-large is-resized\"><a href=\"http:\/\/kspnszz.org\/wp-content\/uploads\/2024\/09\/1feb68aa-ec18-4501-9047-312ca28d23fa.jpg\" data-rel=\"lightbox-image-4\" data-rl_title=\"\" data-rl_caption=\"\" title=\"\"><img loading=\"lazy\" decoding=\"async\" width=\"1024\" height=\"473\" src=\"http:\/\/kspnszz.org\/wp-content\/uploads\/2024\/09\/1feb68aa-ec18-4501-9047-312ca28d23fa-1024x473.jpg\" alt=\"\" class=\"wp-image-6631\" style=\"width:385px;height:auto\" srcset=\"https:\/\/kspnszz.org\/wp-content\/uploads\/2024\/09\/1feb68aa-ec18-4501-9047-312ca28d23fa-1024x473.jpg 1024w, https:\/\/kspnszz.org\/wp-content\/uploads\/2024\/09\/1feb68aa-ec18-4501-9047-312ca28d23fa-300x139.jpg 300w, https:\/\/kspnszz.org\/wp-content\/uploads\/2024\/09\/1feb68aa-ec18-4501-9047-312ca28d23fa-768x355.jpg 768w, https:\/\/kspnszz.org\/wp-content\/uploads\/2024\/09\/1feb68aa-ec18-4501-9047-312ca28d23fa-1536x710.jpg 1536w, https:\/\/kspnszz.org\/wp-content\/uploads\/2024\/09\/1feb68aa-ec18-4501-9047-312ca28d23fa.jpg 2000w\" sizes=\"(max-width: 1024px) 100vw, 1024px\" \/><\/a><\/figure><\/div>\n\n<div class=\"wp-block-image\">\n<figure class=\"aligncenter size-large is-resized\"><a href=\"http:\/\/kspnszz.org\/wp-content\/uploads\/2024\/09\/5a82a2e3-f8bd-4d70-809e-7dcb5428998c.jpg\" data-rel=\"lightbox-image-5\" data-rl_title=\"\" data-rl_caption=\"\" title=\"\"><img loading=\"lazy\" decoding=\"async\" width=\"1024\" height=\"768\" src=\"http:\/\/kspnszz.org\/wp-content\/uploads\/2024\/09\/5a82a2e3-f8bd-4d70-809e-7dcb5428998c-1024x768.jpg\" alt=\"\" class=\"wp-image-6626\" style=\"width:385px;height:auto\" srcset=\"https:\/\/kspnszz.org\/wp-content\/uploads\/2024\/09\/5a82a2e3-f8bd-4d70-809e-7dcb5428998c-1024x768.jpg 1024w, https:\/\/kspnszz.org\/wp-content\/uploads\/2024\/09\/5a82a2e3-f8bd-4d70-809e-7dcb5428998c-300x225.jpg 300w, https:\/\/kspnszz.org\/wp-content\/uploads\/2024\/09\/5a82a2e3-f8bd-4d70-809e-7dcb5428998c-768x576.jpg 768w, https:\/\/kspnszz.org\/wp-content\/uploads\/2024\/09\/5a82a2e3-f8bd-4d70-809e-7dcb5428998c-1536x1152.jpg 1536w, https:\/\/kspnszz.org\/wp-content\/uploads\/2024\/09\/5a82a2e3-f8bd-4d70-809e-7dcb5428998c.jpg 1600w\" sizes=\"(max-width: 1024px) 100vw, 1024px\" \/><\/a><\/figure><\/div>","protected":false},"excerpt":{"rendered":"<p>Delegacja z Polski uczestniczy\u0142a w jubileuszowym zje\u017adzie delegat\u00f3w Niezale\u017cnego Zwi\u0105zku Zawodowego Stra\u017cak\u00f3w Zawodowych (HTFSZ), kt\u00f3ry odby\u0142 si\u0119 w\u00a0miejscowo\u015bci Demjan (W\u0119gry), w\u00a0dniach 14-17 wrze\u015bnia 2024 r. Zjazd by\u0142 nie tylko okazj\u0105 do obchod\u00f3w 35-lecia powstania HTFSZ, ale r\u00f3wnie\u017c wybrano na nim w\u0142adze w\u0119gierskiego zwi\u0105zku na kolejn\u0105 kadencj\u0119. W\u0119gierscy stra\u017cacy w trakcie kilkudniowego zjazdu podsumowali 35 lat &hellip;<\/p>\n","protected":false},"author":2,"featured_media":6628,"comment_status":"closed","ping_status":"closed","sticky":false,"template":"","format":"standard","meta":{"footnotes":""},"categories":[2,1],"tags":[],"yoast_head":"<!-- This site is optimized with the Yoast SEO plugin v22.7 - https:\/\/yoast.com\/wordpress\/plugins\/seo\/ -->\n<title>W\u0119gierski Niezale\u017cny Zwi\u0105zek Zawodowy Stra\u017cak\u00f3w Zawodowych obchodzi\u0142 35. rocznic\u0119 powstania - KSPNSZZ<\/title>\n<meta name=\"robots\" content=\"index, follow, max-snippet:-1, max-image-preview:large, max-video-preview:-1\" \/>\n<link rel=\"canonical\" href=\"https:\/\/kspnszz.org\/index.php\/2024\/09\/23\/wegierski-niezalezny-zwiazek-zawodowy-strazakow-zawodowych-obchodzil-35-rocznice-powstania\/\" \/>\n<meta property=\"og:locale\" content=\"pl_PL\" \/>\n<meta property=\"og:type\" content=\"article\" \/>\n<meta property=\"og:title\" content=\"W\u0119gierski Niezale\u017cny Zwi\u0105zek Zawodowy Stra\u017cak\u00f3w Zawodowych obchodzi\u0142 35. rocznic\u0119 powstania - KSPNSZZ\" \/>\n<meta property=\"og:description\" content=\"Delegacja z Polski uczestniczy\u0142a w jubileuszowym zje\u017adzie delegat\u00f3w Niezale\u017cnego Zwi\u0105zku Zawodowego Stra\u017cak\u00f3w Zawodowych (HTFSZ), kt\u00f3ry odby\u0142 si\u0119 w\u00a0miejscowo\u015bci Demjan (W\u0119gry), w\u00a0dniach 14-17 wrze\u015bnia 2024 r. Zjazd by\u0142 nie tylko okazj\u0105 do obchod\u00f3w 35-lecia powstania HTFSZ, ale r\u00f3wnie\u017c wybrano na nim w\u0142adze w\u0119gierskiego zwi\u0105zku na kolejn\u0105 kadencj\u0119. W\u0119gierscy stra\u017cacy w trakcie kilkudniowego zjazdu podsumowali 35 lat &hellip;\" \/>\n<meta property=\"og:url\" content=\"https:\/\/kspnszz.org\/index.php\/2024\/09\/23\/wegierski-niezalezny-zwiazek-zawodowy-strazakow-zawodowych-obchodzil-35-rocznice-powstania\/\" \/>\n<meta property=\"og:site_name\" content=\"KSPNSZZ\" \/>\n<meta property=\"article:published_time\" content=\"2024-09-23T10:14:03+00:00\" \/>\n<meta property=\"article:modified_time\" content=\"2024-09-23T10:15:11+00:00\" \/>\n<meta property=\"og:image\" content=\"https:\/\/kspnszz.org\/wp-content\/uploads\/2024\/09\/c9664c84-d0f2-4e6c-be07-aa4897ea3b44.jpg\" \/>\n\t<meta property=\"og:image:width\" content=\"1600\" \/>\n\t<meta property=\"og:image:height\" content=\"739\" \/>\n\t<meta property=\"og:image:type\" content=\"image\/jpeg\" \/>\n<meta name=\"author\" content=\"bartlomiej\" \/>\n<meta name=\"twitter:card\" content=\"summary_large_image\" \/>\n<meta name=\"twitter:label1\" content=\"Napisane przez\" \/>\n\t<meta name=\"twitter:data1\" content=\"bartlomiej\" \/>\n\t<meta name=\"twitter:label2\" content=\"Szacowany czas czytania\" \/>\n\t<meta name=\"twitter:data2\" content=\"3 minuty\" \/>\n<script type=\"application\/ld+json\" class=\"yoast-schema-graph\">{\"@context\":\"https:\/\/schema.org\",\"@graph\":[{\"@type\":\"WebPage\",\"@id\":\"https:\/\/kspnszz.org\/index.php\/2024\/09\/23\/wegierski-niezalezny-zwiazek-zawodowy-strazakow-zawodowych-obchodzil-35-rocznice-powstania\/\",\"url\":\"https:\/\/kspnszz.org\/index.php\/2024\/09\/23\/wegierski-niezalezny-zwiazek-zawodowy-strazakow-zawodowych-obchodzil-35-rocznice-powstania\/\",\"name\":\"W\u0119gierski Niezale\u017cny Zwi\u0105zek Zawodowy Stra\u017cak\u00f3w Zawodowych obchodzi\u0142 35. rocznic\u0119 powstania - KSPNSZZ\",\"isPartOf\":{\"@id\":\"http:\/\/kspnszz.org\/#website\"},\"primaryImageOfPage\":{\"@id\":\"https:\/\/kspnszz.org\/index.php\/2024\/09\/23\/wegierski-niezalezny-zwiazek-zawodowy-strazakow-zawodowych-obchodzil-35-rocznice-powstania\/#primaryimage\"},\"image\":{\"@id\":\"https:\/\/kspnszz.org\/index.php\/2024\/09\/23\/wegierski-niezalezny-zwiazek-zawodowy-strazakow-zawodowych-obchodzil-35-rocznice-powstania\/#primaryimage\"},\"thumbnailUrl\":\"https:\/\/kspnszz.org\/wp-content\/uploads\/2024\/09\/c9664c84-d0f2-4e6c-be07-aa4897ea3b44.jpg\",\"datePublished\":\"2024-09-23T10:14:03+00:00\",\"dateModified\":\"2024-09-23T10:15:11+00:00\",\"author\":{\"@id\":\"http:\/\/kspnszz.org\/#\/schema\/person\/31096cf196f706ef50ecbd878903cc13\"},\"breadcrumb\":{\"@id\":\"https:\/\/kspnszz.org\/index.php\/2024\/09\/23\/wegierski-niezalezny-zwiazek-zawodowy-strazakow-zawodowych-obchodzil-35-rocznice-powstania\/#breadcrumb\"},\"inLanguage\":\"pl-PL\",\"potentialAction\":[{\"@type\":\"ReadAction\",\"target\":[\"https:\/\/kspnszz.org\/index.php\/2024\/09\/23\/wegierski-niezalezny-zwiazek-zawodowy-strazakow-zawodowych-obchodzil-35-rocznice-powstania\/\"]}]},{\"@type\":\"ImageObject\",\"inLanguage\":\"pl-PL\",\"@id\":\"https:\/\/kspnszz.org\/index.php\/2024\/09\/23\/wegierski-niezalezny-zwiazek-zawodowy-strazakow-zawodowych-obchodzil-35-rocznice-powstania\/#primaryimage\",\"url\":\"https:\/\/kspnszz.org\/wp-content\/uploads\/2024\/09\/c9664c84-d0f2-4e6c-be07-aa4897ea3b44.jpg\",\"contentUrl\":\"https:\/\/kspnszz.org\/wp-content\/uploads\/2024\/09\/c9664c84-d0f2-4e6c-be07-aa4897ea3b44.jpg\",\"width\":1600,\"height\":739},{\"@type\":\"BreadcrumbList\",\"@id\":\"https:\/\/kspnszz.org\/index.php\/2024\/09\/23\/wegierski-niezalezny-zwiazek-zawodowy-strazakow-zawodowych-obchodzil-35-rocznice-powstania\/#breadcrumb\",\"itemListElement\":[{\"@type\":\"ListItem\",\"position\":1,\"name\":\"Strona g\u0142\u00f3wna\",\"item\":\"http:\/\/kspnszz.org\/\"},{\"@type\":\"ListItem\",\"position\":2,\"name\":\"W\u0119gierski Niezale\u017cny Zwi\u0105zek Zawodowy Stra\u017cak\u00f3w Zawodowych obchodzi\u0142 35. rocznic\u0119 powstania\"}]},{\"@type\":\"WebSite\",\"@id\":\"http:\/\/kspnszz.org\/#website\",\"url\":\"http:\/\/kspnszz.org\/\",\"name\":\"KSPNSZZ\",\"description\":\"Krajowa Sekcja Po\u017carnictwa\",\"potentialAction\":[{\"@type\":\"SearchAction\",\"target\":{\"@type\":\"EntryPoint\",\"urlTemplate\":\"http:\/\/kspnszz.org\/?s={search_term_string}\"},\"query-input\":\"required name=search_term_string\"}],\"inLanguage\":\"pl-PL\"},{\"@type\":\"Person\",\"@id\":\"http:\/\/kspnszz.org\/#\/schema\/person\/31096cf196f706ef50ecbd878903cc13\",\"name\":\"bartlomiej\",\"image\":{\"@type\":\"ImageObject\",\"inLanguage\":\"pl-PL\",\"@id\":\"http:\/\/kspnszz.org\/#\/schema\/person\/image\/\",\"url\":\"https:\/\/secure.gravatar.com\/avatar\/cb681656f150968eb94b73c62cf58e52?s=96&d=mm&r=g\",\"contentUrl\":\"https:\/\/secure.gravatar.com\/avatar\/cb681656f150968eb94b73c62cf58e52?s=96&d=mm&r=g\",\"caption\":\"bartlomiej\"},\"url\":\"https:\/\/kspnszz.org\/index.php\/author\/bartlomiej\/\"}]}<\/script>\n<!-- \/ Yoast SEO plugin. -->","yoast_head_json":{"title":"W\u0119gierski Niezale\u017cny Zwi\u0105zek Zawodowy Stra\u017cak\u00f3w Zawodowych obchodzi\u0142 35. rocznic\u0119 powstania - KSPNSZZ","robots":{"index":"index","follow":"follow","max-snippet":"max-snippet:-1","max-image-preview":"max-image-preview:large","max-video-preview":"max-video-preview:-1"},"canonical":"https:\/\/kspnszz.org\/index.php\/2024\/09\/23\/wegierski-niezalezny-zwiazek-zawodowy-strazakow-zawodowych-obchodzil-35-rocznice-powstania\/","og_locale":"pl_PL","og_type":"article","og_title":"W\u0119gierski Niezale\u017cny Zwi\u0105zek Zawodowy Stra\u017cak\u00f3w Zawodowych obchodzi\u0142 35. rocznic\u0119 powstania - KSPNSZZ","og_description":"Delegacja z Polski uczestniczy\u0142a w jubileuszowym zje\u017adzie delegat\u00f3w Niezale\u017cnego Zwi\u0105zku Zawodowego Stra\u017cak\u00f3w Zawodowych (HTFSZ), kt\u00f3ry odby\u0142 si\u0119 w\u00a0miejscowo\u015bci Demjan (W\u0119gry), w\u00a0dniach 14-17 wrze\u015bnia 2024 r. Zjazd by\u0142 nie tylko okazj\u0105 do obchod\u00f3w 35-lecia powstania HTFSZ, ale r\u00f3wnie\u017c wybrano na nim w\u0142adze w\u0119gierskiego zwi\u0105zku na kolejn\u0105 kadencj\u0119. W\u0119gierscy stra\u017cacy w trakcie kilkudniowego zjazdu podsumowali 35 lat &hellip;","og_url":"https:\/\/kspnszz.org\/index.php\/2024\/09\/23\/wegierski-niezalezny-zwiazek-zawodowy-strazakow-zawodowych-obchodzil-35-rocznice-powstania\/","og_site_name":"KSPNSZZ","article_published_time":"2024-09-23T10:14:03+00:00","article_modified_time":"2024-09-23T10:15:11+00:00","og_image":[{"width":1600,"height":739,"url":"https:\/\/kspnszz.org\/wp-content\/uploads\/2024\/09\/c9664c84-d0f2-4e6c-be07-aa4897ea3b44.jpg","type":"image\/jpeg"}],"author":"bartlomiej","twitter_card":"summary_large_image","twitter_misc":{"Napisane przez":"bartlomiej","Szacowany czas czytania":"3 minuty"},"schema":{"@context":"https:\/\/schema.org","@graph":[{"@type":"WebPage","@id":"https:\/\/kspnszz.org\/index.php\/2024\/09\/23\/wegierski-niezalezny-zwiazek-zawodowy-strazakow-zawodowych-obchodzil-35-rocznice-powstania\/","url":"https:\/\/kspnszz.org\/index.php\/2024\/09\/23\/wegierski-niezalezny-zwiazek-zawodowy-strazakow-zawodowych-obchodzil-35-rocznice-powstania\/","name":"W\u0119gierski Niezale\u017cny Zwi\u0105zek Zawodowy Stra\u017cak\u00f3w Zawodowych obchodzi\u0142 35. rocznic\u0119 powstania - KSPNSZZ","isPartOf":{"@id":"http:\/\/kspnszz.org\/#website"},"primaryImageOfPage":{"@id":"https:\/\/kspnszz.org\/index.php\/2024\/09\/23\/wegierski-niezalezny-zwiazek-zawodowy-strazakow-zawodowych-obchodzil-35-rocznice-powstania\/#primaryimage"},"image":{"@id":"https:\/\/kspnszz.org\/index.php\/2024\/09\/23\/wegierski-niezalezny-zwiazek-zawodowy-strazakow-zawodowych-obchodzil-35-rocznice-powstania\/#primaryimage"},"thumbnailUrl":"https:\/\/kspnszz.org\/wp-content\/uploads\/2024\/09\/c9664c84-d0f2-4e6c-be07-aa4897ea3b44.jpg","datePublished":"2024-09-23T10:14:03+00:00","dateModified":"2024-09-23T10:15:11+00:00","author":{"@id":"http:\/\/kspnszz.org\/#\/schema\/person\/31096cf196f706ef50ecbd878903cc13"},"breadcrumb":{"@id":"https:\/\/kspnszz.org\/index.php\/2024\/09\/23\/wegierski-niezalezny-zwiazek-zawodowy-strazakow-zawodowych-obchodzil-35-rocznice-powstania\/#breadcrumb"},"inLanguage":"pl-PL","potentialAction":[{"@type":"ReadAction","target":["https:\/\/kspnszz.org\/index.php\/2024\/09\/23\/wegierski-niezalezny-zwiazek-zawodowy-strazakow-zawodowych-obchodzil-35-rocznice-powstania\/"]}]},{"@type":"ImageObject","inLanguage":"pl-PL","@id":"https:\/\/kspnszz.org\/index.php\/2024\/09\/23\/wegierski-niezalezny-zwiazek-zawodowy-strazakow-zawodowych-obchodzil-35-rocznice-powstania\/#primaryimage","url":"https:\/\/kspnszz.org\/wp-content\/uploads\/2024\/09\/c9664c84-d0f2-4e6c-be07-aa4897ea3b44.jpg","contentUrl":"https:\/\/kspnszz.org\/wp-content\/uploads\/2024\/09\/c9664c84-d0f2-4e6c-be07-aa4897ea3b44.jpg","width":1600,"height":739},{"@type":"BreadcrumbList","@id":"https:\/\/kspnszz.org\/index.php\/2024\/09\/23\/wegierski-niezalezny-zwiazek-zawodowy-strazakow-zawodowych-obchodzil-35-rocznice-powstania\/#breadcrumb","itemListElement":[{"@type":"ListItem","position":1,"name":"Strona g\u0142\u00f3wna","item":"http:\/\/kspnszz.org\/"},{"@type":"ListItem","position":2,"name":"W\u0119gierski Niezale\u017cny Zwi\u0105zek Zawodowy Stra\u017cak\u00f3w Zawodowych obchodzi\u0142 35. rocznic\u0119 powstania"}]},{"@type":"WebSite","@id":"http:\/\/kspnszz.org\/#website","url":"http:\/\/kspnszz.org\/","name":"KSPNSZZ","description":"Krajowa Sekcja Po\u017carnictwa","potentialAction":[{"@type":"SearchAction","target":{"@type":"EntryPoint","urlTemplate":"http:\/\/kspnszz.org\/?s={search_term_string}"},"query-input":"required name=search_term_string"}],"inLanguage":"pl-PL"},{"@type":"Person","@id":"http:\/\/kspnszz.org\/#\/schema\/person\/31096cf196f706ef50ecbd878903cc13","name":"bartlomiej","image":{"@type":"ImageObject","inLanguage":"pl-PL","@id":"http:\/\/kspnszz.org\/#\/schema\/person\/image\/","url":"https:\/\/secure.gravatar.com\/avatar\/cb681656f150968eb94b73c62cf58e52?s=96&d=mm&r=g","contentUrl":"https:\/\/secure.gravatar.com\/avatar\/cb681656f150968eb94b73c62cf58e52?s=96&d=mm&r=g","caption":"bartlomiej"},"url":"https:\/\/kspnszz.org\/index.php\/author\/bartlomiej\/"}]}},"_links":{"self":[{"href":"https:\/\/kspnszz.org\/index.php\/wp-json\/wp\/v2\/posts\/6632"}],"collection":[{"href":"https:\/\/kspnszz.org\/index.php\/wp-json\/wp\/v2\/posts"}],"about":[{"href":"https:\/\/kspnszz.org\/index.php\/wp-json\/wp\/v2\/types\/post"}],"author":[{"embeddable":true,"href":"https:\/\/kspnszz.org\/index.php\/wp-json\/wp\/v2\/users\/2"}],"replies":[{"embeddable":true,"href":"https:\/\/kspnszz.org\/index.php\/wp-json\/wp\/v2\/comments?post=6632"}],"version-history":[{"count":5,"href":"https:\/\/kspnszz.org\/index.php\/wp-json\/wp\/v2\/posts\/6632\/revisions"}],"predecessor-version":[{"id":6639,"href":"https:\/\/kspnszz.org\/index.php\/wp-json\/wp\/v2\/posts\/6632\/revisions\/6639"}],"wp:featuredmedia":[{"embeddable":true,"href":"https:\/\/kspnszz.org\/index.php\/wp-json\/wp\/v2\/media\/6628"}],"wp:attachment":[{"href":"https:\/\/kspnszz.org\/index.php\/wp-json\/wp\/v2\/media?parent=6632"}],"wp:term":[{"taxonomy":"category","embeddable":true,"href":"https:\/\/kspnszz.org\/index.php\/wp-json\/wp\/v2\/categories?post=6632"},{"taxonomy":"post_tag","embeddable":true,"href":"https:\/\/kspnszz.org\/index.php\/wp-json\/wp\/v2\/tags?post=6632"}],"curies":[{"name":"wp","href":"https:\/\/api.w.org\/{rel}","templated":true}]}}