{"id":6593,"date":"2024-09-13T09:18:50","date_gmt":"2024-09-13T07:18:50","guid":{"rendered":"https:\/\/kspnszz.org\/?p=6593"},"modified":"2024-09-13T09:18:51","modified_gmt":"2024-09-13T07:18:51","slug":"funkcjonariusze-i-pracownicy-sluzb-podleglych-mswia-juz-niebawem-odczuja-efekty-tej-rozmowy-bartlomiej-mickiewicz-spotkal-sie-tomaszem-siemoniakiem","status":"publish","type":"post","link":"https:\/\/kspnszz.org\/index.php\/2024\/09\/13\/funkcjonariusze-i-pracownicy-sluzb-podleglych-mswia-juz-niebawem-odczuja-efekty-tej-rozmowy-bartlomiej-mickiewicz-spotkal-sie-tomaszem-siemoniakiem\/","title":{"rendered":"Funkcjonariusze i pracownicy s\u0142u\u017cb podleg\u0142ych MSWiA ju\u017c niebawem odczuj\u0105 efekty tej rozmowy &#8211; Bart\u0142omiej Mickiewicz spotka\u0142 si\u0119 Tomaszem Siemoniakiem"},"content":{"rendered":"<p style=\"text-align: justify;\"><strong>Najwa\u017cniejsze problemy s\u0142u\u017cb mundurowych by\u0142y tematem spotkania Przewodnicz\u0105cego Krajowej Sekcji Po\u017carnictwa NSZZ &#8222;Solidarno\u015b\u0107&#8221; Bart\u0142omieja Mickiewicza z Ministrem Spraw Wewn\u0119trznych i\u00a0Administracji Tomaszem Siemoniakiem, kt\u00f3re odby\u0142o si\u0119 12 wrze\u015bnia 2024 r.<\/strong><\/p>\n\n<div class=\"wp-block-image\">\n<figure class=\"aligncenter size-large is-resized\"><a href=\"http:\/\/kspnszz.org\/wp-content\/uploads\/2024\/09\/siemoniak.jpg\" data-rel=\"lightbox-image-0\" data-rl_title=\"\" data-rl_caption=\"\" title=\"\"><img loading=\"lazy\" decoding=\"async\" width=\"960\" height=\"540\" src=\"https:\/\/kspnszz.org\/wp-content\/uploads\/2024\/09\/siemoniak-edited.jpg\" alt=\"\" class=\"wp-image-6594\" style=\"width:487px;height:auto\" srcset=\"https:\/\/kspnszz.org\/wp-content\/uploads\/2024\/09\/siemoniak-edited.jpg 960w, https:\/\/kspnszz.org\/wp-content\/uploads\/2024\/09\/siemoniak-edited-300x169.jpg 300w, https:\/\/kspnszz.org\/wp-content\/uploads\/2024\/09\/siemoniak-edited-768x432.jpg 768w\" sizes=\"(max-width: 960px) 100vw, 960px\" \/><\/a><\/figure><\/div>\n\n<p style=\"text-align: justify;\">Poniewa\u017c prace nad przysz\u0142orocznym bud\u017cetem wkraczaj\u0105 w decyduj\u0105c\u0105 faz\u0119 podczas rozmowy poruszono kwesti\u0119 podwy\u017cek. NSZZ \u201eSolidarno\u015b\u0107\u201d domaga si\u0119 co najmniej 15% wzrostu p\u0142ac. Minister zgodzi\u0142 si\u0119, \u017ce s\u0142u\u017cby powinny by\u0107 lepiej wynagradzane, ale decyzje w tym zakresie nale\u017c\u0105 do Premiera RP i ministra finans\u00f3w. Minister Siemoniak podkre\u015bli\u0142, \u017ce wa\u017cny w tej sprawie jest g\u0142os \u015brodowiska mundurowego w Radzie Dialogu Spo\u0142ecznego.<\/p>\n<p style=\"text-align: justify;\">Jednym z najwa\u017cniejszych z poruszonych temat\u00f3w by\u0142y braki \u015brodk\u00f3w finansowych we wszystkich s\u0142u\u017cbach podleg\u0142ych MSWiA. Zg\u0142oszone przez KSP NSZZ \u201eSolidarno\u015b\u0107\u201d w tym zakresie potrzeby Minister zadeklarowa\u0142 przedyskutowa\u0107 z Premierem Donaldem Tuskiem, z kt\u00f3rym pojedzie w pi\u0105tek do Wroc\u0142awia, aby wzi\u0105\u0107 udzia\u0142 w odprawie ze s\u0142u\u017cbami. Je\u017celi uda si\u0119 uzyska\u0107 akceptacj\u0119 szefa rz\u0105du szanse na uruchomienia dodatkowych \u015brodk\u00f3w m.in. na rekompensat\u0119 za przed\u0142u\u017cony czas s\u0142u\u017cby stra\u017cak\u00f3w s\u0105 wed\u0142ug ministra Siemoniaka wysokie.<\/p>\n<p style=\"text-align: justify;\">Przewodnicz\u0105cy zwr\u00f3ci\u0142 uwag\u0119, \u017ce rozwi\u0105zaniem problem\u00f3w finansowych by\u0142oby powi\u0105zanie bud\u017cetu MSWiA z PKB. Ju\u017c wielokrotnie mundurowe struktury NSZZ \u201eSolidarno\u015b\u0107\u201d postulowa\u0142y o takie rozwi\u0105zanie. Wed\u0142ug ministra by\u0142oby to lekarstwem na wiele obecnych problem\u00f3w jednak wprowadzenie takiego rozwi\u0105zania b\u0119dzie nie zwykle trudne ze wzgl\u0119d\u00f3w politycznych i\u00a0ekonomicznych.<\/p>\n<p style=\"text-align: justify;\">Dyskutowano r\u00f3wnie\u017c o co raz wi\u0119kszej frustracji funkcjonariuszy MSWiA z powodu niekorzystnych r\u00f3\u017cnic w dodatkach mieszkaniowych w por\u00f3wnaniu do MON. MSWiA jest gotowe do wsp\u00f3lnych prac nad stworzeniem konkurencyjnego sytemu mieszkaniowego w resorcie. Ten temat b\u0119dzie przedmiotem rozm\u00f3w w najbli\u017cszych tygodniach.<\/p>\n<p style=\"text-align: justify;\">Przewodnicz\u0105cy przedstawi\u0142 negatywn\u0105 opini\u0119 do projektu zmiany ustawy o Ochotniczych Stra\u017cach Po\u017carnych. Zdaniem Komisji Krajowej NSZZ \u201eSolidarno\u015b\u0107\u201d projekt ustawy, wbrew twierdzeniom projektodawcy, nie wywo\u0142a pozytywnych skutk\u00f3w spo\u0142eczno-gospodarczych, gdy\u017c wprowadzi w miejsce apolitycznej formacji mundurowej, kt\u00f3ra nie mo\u017ce osi\u0105ga\u0107 \u017cadnych zysk\u00f3w z tytu\u0142u obrotu rzeczonymi \u015brodkami finansowymi, instytucj\u0119 po\u015bredni\u0105, kt\u00f3ra\u00a0prowadzi we w\u0142asnym zakresie dzia\u0142alno\u015b\u0107 gospodarcz\u0105.<\/p>\n<p style=\"text-align: justify;\">Uczestnicy spotkania zgodzili si\u0119, \u017ce z punktu widzenia bezpiecze\u0144stwa obywateli niezwykle wa\u017cna jest ustawa o ochronie ludno\u015bci i obronie cywilnej. Prace nad ostatecznym kszta\u0142tem ustawy trwaj\u0105 i wed\u0142ug s\u0142\u00f3w ministra mo\u017cliwym jest jej wej\u015bcie w \u017cycie jeszcze pod koniec 2024 roku. Przewodnicz\u0105cy Mickiewicz kolejny raz zaznaczy\u0142, \u017ce bez dodatkowych etat\u00f3w i \u015brodk\u00f3w finansowych obci\u0105\u017cenie Pa\u0144stwowej Stra\u017cy Po\u017carnej dodatkowymi obowi\u0105zkami nie uda si\u0119.<\/p>\n<p>Spotkanie z panem Ministrem przebieg\u0142o w bardzo merytorycznej atmosferze. Jak powiedzia\u0142 po spotkaniu Przewodnicz\u0105cy KSP:<\/p>\n<blockquote>\n<p>Uwa\u017cam, \u017ce funkcjonariusze i pracownicy s\u0142u\u017cb podleg\u0142ych MSWiA ju\u017c niebawem odczuj\u0105 efekty tej rozmowy.<\/p>\n<\/blockquote>","protected":false},"excerpt":{"rendered":"<p>Najwa\u017cniejsze problemy s\u0142u\u017cb mundurowych by\u0142y tematem spotkania Przewodnicz\u0105cego Krajowej Sekcji Po\u017carnictwa NSZZ &#8222;Solidarno\u015b\u0107&#8221; Bart\u0142omieja Mickiewicza z Ministrem Spraw Wewn\u0119trznych i\u00a0Administracji Tomaszem Siemoniakiem, kt\u00f3re odby\u0142o si\u0119 12 wrze\u015bnia 2024 r. Poniewa\u017c prace nad przysz\u0142orocznym bud\u017cetem wkraczaj\u0105 w decyduj\u0105c\u0105 faz\u0119 podczas rozmowy poruszono kwesti\u0119 podwy\u017cek. NSZZ \u201eSolidarno\u015b\u0107\u201d domaga si\u0119 co najmniej 15% wzrostu p\u0142ac. Minister zgodzi\u0142 si\u0119, &hellip;<\/p>\n","protected":false},"author":2,"featured_media":6592,"comment_status":"closed","ping_status":"closed","sticky":false,"template":"","format":"standard","meta":{"footnotes":""},"categories":[2,1],"tags":[],"yoast_head":"<!-- This site is optimized with the Yoast SEO plugin v22.7 - https:\/\/yoast.com\/wordpress\/plugins\/seo\/ -->\n<title>Funkcjonariusze i pracownicy s\u0142u\u017cb podleg\u0142ych MSWiA ju\u017c niebawem odczuj\u0105 efekty tej rozmowy - Bart\u0142omiej Mickiewicz spotka\u0142 si\u0119 Tomaszem Siemoniakiem - KSPNSZZ<\/title>\n<meta name=\"robots\" content=\"index, follow, max-snippet:-1, max-image-preview:large, max-video-preview:-1\" \/>\n<link rel=\"canonical\" href=\"http:\/\/kspnszz.org\/index.php\/2024\/09\/13\/funkcjonariusze-i-pracownicy-sluzb-podleglych-mswia-juz-niebawem-odczuja-efekty-tej-rozmowy-bartlomiej-mickiewicz-spotkal-sie-tomaszem-siemoniakiem\/\" \/>\n<meta property=\"og:locale\" content=\"pl_PL\" \/>\n<meta property=\"og:type\" content=\"article\" \/>\n<meta property=\"og:title\" content=\"Funkcjonariusze i pracownicy s\u0142u\u017cb podleg\u0142ych MSWiA ju\u017c niebawem odczuj\u0105 efekty tej rozmowy - Bart\u0142omiej Mickiewicz spotka\u0142 si\u0119 Tomaszem Siemoniakiem - KSPNSZZ\" \/>\n<meta property=\"og:description\" content=\"Najwa\u017cniejsze problemy s\u0142u\u017cb mundurowych by\u0142y tematem spotkania Przewodnicz\u0105cego Krajowej Sekcji Po\u017carnictwa NSZZ &#8222;Solidarno\u015b\u0107&#8221; Bart\u0142omieja Mickiewicza z Ministrem Spraw Wewn\u0119trznych i\u00a0Administracji Tomaszem Siemoniakiem, kt\u00f3re odby\u0142o si\u0119 12 wrze\u015bnia 2024 r. Poniewa\u017c prace nad przysz\u0142orocznym bud\u017cetem wkraczaj\u0105 w decyduj\u0105c\u0105 faz\u0119 podczas rozmowy poruszono kwesti\u0119 podwy\u017cek. NSZZ \u201eSolidarno\u015b\u0107\u201d domaga si\u0119 co najmniej 15% wzrostu p\u0142ac. Minister zgodzi\u0142 si\u0119, &hellip;\" \/>\n<meta property=\"og:url\" content=\"http:\/\/kspnszz.org\/index.php\/2024\/09\/13\/funkcjonariusze-i-pracownicy-sluzb-podleglych-mswia-juz-niebawem-odczuja-efekty-tej-rozmowy-bartlomiej-mickiewicz-spotkal-sie-tomaszem-siemoniakiem\/\" \/>\n<meta property=\"og:site_name\" content=\"KSPNSZZ\" \/>\n<meta property=\"article:published_time\" content=\"2024-09-13T07:18:50+00:00\" \/>\n<meta property=\"article:modified_time\" content=\"2024-09-13T07:18:51+00:00\" \/>\n<meta property=\"og:image\" content=\"http:\/\/kspnszz.org\/wp-content\/uploads\/2024\/09\/siemoniak.jpg\" \/>\n\t<meta property=\"og:image:width\" content=\"960\" \/>\n\t<meta property=\"og:image:height\" content=\"1280\" \/>\n\t<meta property=\"og:image:type\" content=\"image\/jpeg\" \/>\n<meta name=\"author\" content=\"bartlomiej\" \/>\n<meta name=\"twitter:card\" content=\"summary_large_image\" \/>\n<meta name=\"twitter:label1\" content=\"Napisane przez\" \/>\n\t<meta name=\"twitter:data1\" content=\"bartlomiej\" \/>\n\t<meta name=\"twitter:label2\" content=\"Szacowany czas czytania\" \/>\n\t<meta name=\"twitter:data2\" content=\"3 minuty\" \/>\n<script type=\"application\/ld+json\" class=\"yoast-schema-graph\">{\"@context\":\"https:\/\/schema.org\",\"@graph\":[{\"@type\":\"WebPage\",\"@id\":\"http:\/\/kspnszz.org\/index.php\/2024\/09\/13\/funkcjonariusze-i-pracownicy-sluzb-podleglych-mswia-juz-niebawem-odczuja-efekty-tej-rozmowy-bartlomiej-mickiewicz-spotkal-sie-tomaszem-siemoniakiem\/\",\"url\":\"http:\/\/kspnszz.org\/index.php\/2024\/09\/13\/funkcjonariusze-i-pracownicy-sluzb-podleglych-mswia-juz-niebawem-odczuja-efekty-tej-rozmowy-bartlomiej-mickiewicz-spotkal-sie-tomaszem-siemoniakiem\/\",\"name\":\"Funkcjonariusze i pracownicy s\u0142u\u017cb podleg\u0142ych MSWiA ju\u017c niebawem odczuj\u0105 efekty tej rozmowy - Bart\u0142omiej Mickiewicz spotka\u0142 si\u0119 Tomaszem Siemoniakiem - KSPNSZZ\",\"isPartOf\":{\"@id\":\"http:\/\/kspnszz.org\/#website\"},\"primaryImageOfPage\":{\"@id\":\"http:\/\/kspnszz.org\/index.php\/2024\/09\/13\/funkcjonariusze-i-pracownicy-sluzb-podleglych-mswia-juz-niebawem-odczuja-efekty-tej-rozmowy-bartlomiej-mickiewicz-spotkal-sie-tomaszem-siemoniakiem\/#primaryimage\"},\"image\":{\"@id\":\"http:\/\/kspnszz.org\/index.php\/2024\/09\/13\/funkcjonariusze-i-pracownicy-sluzb-podleglych-mswia-juz-niebawem-odczuja-efekty-tej-rozmowy-bartlomiej-mickiewicz-spotkal-sie-tomaszem-siemoniakiem\/#primaryimage\"},\"thumbnailUrl\":\"https:\/\/kspnszz.org\/wp-content\/uploads\/2024\/09\/siemoniak.jpg\",\"datePublished\":\"2024-09-13T07:18:50+00:00\",\"dateModified\":\"2024-09-13T07:18:51+00:00\",\"author\":{\"@id\":\"http:\/\/kspnszz.org\/#\/schema\/person\/31096cf196f706ef50ecbd878903cc13\"},\"breadcrumb\":{\"@id\":\"http:\/\/kspnszz.org\/index.php\/2024\/09\/13\/funkcjonariusze-i-pracownicy-sluzb-podleglych-mswia-juz-niebawem-odczuja-efekty-tej-rozmowy-bartlomiej-mickiewicz-spotkal-sie-tomaszem-siemoniakiem\/#breadcrumb\"},\"inLanguage\":\"pl-PL\",\"potentialAction\":[{\"@type\":\"ReadAction\",\"target\":[\"http:\/\/kspnszz.org\/index.php\/2024\/09\/13\/funkcjonariusze-i-pracownicy-sluzb-podleglych-mswia-juz-niebawem-odczuja-efekty-tej-rozmowy-bartlomiej-mickiewicz-spotkal-sie-tomaszem-siemoniakiem\/\"]}]},{\"@type\":\"ImageObject\",\"inLanguage\":\"pl-PL\",\"@id\":\"http:\/\/kspnszz.org\/index.php\/2024\/09\/13\/funkcjonariusze-i-pracownicy-sluzb-podleglych-mswia-juz-niebawem-odczuja-efekty-tej-rozmowy-bartlomiej-mickiewicz-spotkal-sie-tomaszem-siemoniakiem\/#primaryimage\",\"url\":\"https:\/\/kspnszz.org\/wp-content\/uploads\/2024\/09\/siemoniak.jpg\",\"contentUrl\":\"https:\/\/kspnszz.org\/wp-content\/uploads\/2024\/09\/siemoniak.jpg\",\"width\":960,\"height\":1280},{\"@type\":\"BreadcrumbList\",\"@id\":\"http:\/\/kspnszz.org\/index.php\/2024\/09\/13\/funkcjonariusze-i-pracownicy-sluzb-podleglych-mswia-juz-niebawem-odczuja-efekty-tej-rozmowy-bartlomiej-mickiewicz-spotkal-sie-tomaszem-siemoniakiem\/#breadcrumb\",\"itemListElement\":[{\"@type\":\"ListItem\",\"position\":1,\"name\":\"Strona g\u0142\u00f3wna\",\"item\":\"http:\/\/kspnszz.org\/\"},{\"@type\":\"ListItem\",\"position\":2,\"name\":\"Funkcjonariusze i pracownicy s\u0142u\u017cb podleg\u0142ych MSWiA ju\u017c niebawem odczuj\u0105 efekty tej rozmowy &#8211; Bart\u0142omiej Mickiewicz spotka\u0142 si\u0119 Tomaszem Siemoniakiem\"}]},{\"@type\":\"WebSite\",\"@id\":\"http:\/\/kspnszz.org\/#website\",\"url\":\"http:\/\/kspnszz.org\/\",\"name\":\"KSPNSZZ\",\"description\":\"Krajowa Sekcja Po\u017carnictwa\",\"potentialAction\":[{\"@type\":\"SearchAction\",\"target\":{\"@type\":\"EntryPoint\",\"urlTemplate\":\"http:\/\/kspnszz.org\/?s={search_term_string}\"},\"query-input\":\"required name=search_term_string\"}],\"inLanguage\":\"pl-PL\"},{\"@type\":\"Person\",\"@id\":\"http:\/\/kspnszz.org\/#\/schema\/person\/31096cf196f706ef50ecbd878903cc13\",\"name\":\"bartlomiej\",\"image\":{\"@type\":\"ImageObject\",\"inLanguage\":\"pl-PL\",\"@id\":\"http:\/\/kspnszz.org\/#\/schema\/person\/image\/\",\"url\":\"https:\/\/secure.gravatar.com\/avatar\/cb681656f150968eb94b73c62cf58e52?s=96&d=mm&r=g\",\"contentUrl\":\"https:\/\/secure.gravatar.com\/avatar\/cb681656f150968eb94b73c62cf58e52?s=96&d=mm&r=g\",\"caption\":\"bartlomiej\"},\"url\":\"https:\/\/kspnszz.org\/index.php\/author\/bartlomiej\/\"}]}<\/script>\n<!-- \/ Yoast SEO plugin. -->","yoast_head_json":{"title":"Funkcjonariusze i pracownicy s\u0142u\u017cb podleg\u0142ych MSWiA ju\u017c niebawem odczuj\u0105 efekty tej rozmowy - Bart\u0142omiej Mickiewicz spotka\u0142 si\u0119 Tomaszem Siemoniakiem - KSPNSZZ","robots":{"index":"index","follow":"follow","max-snippet":"max-snippet:-1","max-image-preview":"max-image-preview:large","max-video-preview":"max-video-preview:-1"},"canonical":"http:\/\/kspnszz.org\/index.php\/2024\/09\/13\/funkcjonariusze-i-pracownicy-sluzb-podleglych-mswia-juz-niebawem-odczuja-efekty-tej-rozmowy-bartlomiej-mickiewicz-spotkal-sie-tomaszem-siemoniakiem\/","og_locale":"pl_PL","og_type":"article","og_title":"Funkcjonariusze i pracownicy s\u0142u\u017cb podleg\u0142ych MSWiA ju\u017c niebawem odczuj\u0105 efekty tej rozmowy - Bart\u0142omiej Mickiewicz spotka\u0142 si\u0119 Tomaszem Siemoniakiem - KSPNSZZ","og_description":"Najwa\u017cniejsze problemy s\u0142u\u017cb mundurowych by\u0142y tematem spotkania Przewodnicz\u0105cego Krajowej Sekcji Po\u017carnictwa NSZZ &#8222;Solidarno\u015b\u0107&#8221; Bart\u0142omieja Mickiewicza z Ministrem Spraw Wewn\u0119trznych i\u00a0Administracji Tomaszem Siemoniakiem, kt\u00f3re odby\u0142o si\u0119 12 wrze\u015bnia 2024 r. Poniewa\u017c prace nad przysz\u0142orocznym bud\u017cetem wkraczaj\u0105 w decyduj\u0105c\u0105 faz\u0119 podczas rozmowy poruszono kwesti\u0119 podwy\u017cek. NSZZ \u201eSolidarno\u015b\u0107\u201d domaga si\u0119 co najmniej 15% wzrostu p\u0142ac. Minister zgodzi\u0142 si\u0119, &hellip;","og_url":"http:\/\/kspnszz.org\/index.php\/2024\/09\/13\/funkcjonariusze-i-pracownicy-sluzb-podleglych-mswia-juz-niebawem-odczuja-efekty-tej-rozmowy-bartlomiej-mickiewicz-spotkal-sie-tomaszem-siemoniakiem\/","og_site_name":"KSPNSZZ","article_published_time":"2024-09-13T07:18:50+00:00","article_modified_time":"2024-09-13T07:18:51+00:00","og_image":[{"width":960,"height":1280,"url":"http:\/\/kspnszz.org\/wp-content\/uploads\/2024\/09\/siemoniak.jpg","type":"image\/jpeg"}],"author":"bartlomiej","twitter_card":"summary_large_image","twitter_misc":{"Napisane przez":"bartlomiej","Szacowany czas czytania":"3 minuty"},"schema":{"@context":"https:\/\/schema.org","@graph":[{"@type":"WebPage","@id":"http:\/\/kspnszz.org\/index.php\/2024\/09\/13\/funkcjonariusze-i-pracownicy-sluzb-podleglych-mswia-juz-niebawem-odczuja-efekty-tej-rozmowy-bartlomiej-mickiewicz-spotkal-sie-tomaszem-siemoniakiem\/","url":"http:\/\/kspnszz.org\/index.php\/2024\/09\/13\/funkcjonariusze-i-pracownicy-sluzb-podleglych-mswia-juz-niebawem-odczuja-efekty-tej-rozmowy-bartlomiej-mickiewicz-spotkal-sie-tomaszem-siemoniakiem\/","name":"Funkcjonariusze i pracownicy s\u0142u\u017cb podleg\u0142ych MSWiA ju\u017c niebawem odczuj\u0105 efekty tej rozmowy - Bart\u0142omiej Mickiewicz spotka\u0142 si\u0119 Tomaszem Siemoniakiem - KSPNSZZ","isPartOf":{"@id":"http:\/\/kspnszz.org\/#website"},"primaryImageOfPage":{"@id":"http:\/\/kspnszz.org\/index.php\/2024\/09\/13\/funkcjonariusze-i-pracownicy-sluzb-podleglych-mswia-juz-niebawem-odczuja-efekty-tej-rozmowy-bartlomiej-mickiewicz-spotkal-sie-tomaszem-siemoniakiem\/#primaryimage"},"image":{"@id":"http:\/\/kspnszz.org\/index.php\/2024\/09\/13\/funkcjonariusze-i-pracownicy-sluzb-podleglych-mswia-juz-niebawem-odczuja-efekty-tej-rozmowy-bartlomiej-mickiewicz-spotkal-sie-tomaszem-siemoniakiem\/#primaryimage"},"thumbnailUrl":"https:\/\/kspnszz.org\/wp-content\/uploads\/2024\/09\/siemoniak.jpg","datePublished":"2024-09-13T07:18:50+00:00","dateModified":"2024-09-13T07:18:51+00:00","author":{"@id":"http:\/\/kspnszz.org\/#\/schema\/person\/31096cf196f706ef50ecbd878903cc13"},"breadcrumb":{"@id":"http:\/\/kspnszz.org\/index.php\/2024\/09\/13\/funkcjonariusze-i-pracownicy-sluzb-podleglych-mswia-juz-niebawem-odczuja-efekty-tej-rozmowy-bartlomiej-mickiewicz-spotkal-sie-tomaszem-siemoniakiem\/#breadcrumb"},"inLanguage":"pl-PL","potentialAction":[{"@type":"ReadAction","target":["http:\/\/kspnszz.org\/index.php\/2024\/09\/13\/funkcjonariusze-i-pracownicy-sluzb-podleglych-mswia-juz-niebawem-odczuja-efekty-tej-rozmowy-bartlomiej-mickiewicz-spotkal-sie-tomaszem-siemoniakiem\/"]}]},{"@type":"ImageObject","inLanguage":"pl-PL","@id":"http:\/\/kspnszz.org\/index.php\/2024\/09\/13\/funkcjonariusze-i-pracownicy-sluzb-podleglych-mswia-juz-niebawem-odczuja-efekty-tej-rozmowy-bartlomiej-mickiewicz-spotkal-sie-tomaszem-siemoniakiem\/#primaryimage","url":"https:\/\/kspnszz.org\/wp-content\/uploads\/2024\/09\/siemoniak.jpg","contentUrl":"https:\/\/kspnszz.org\/wp-content\/uploads\/2024\/09\/siemoniak.jpg","width":960,"height":1280},{"@type":"BreadcrumbList","@id":"http:\/\/kspnszz.org\/index.php\/2024\/09\/13\/funkcjonariusze-i-pracownicy-sluzb-podleglych-mswia-juz-niebawem-odczuja-efekty-tej-rozmowy-bartlomiej-mickiewicz-spotkal-sie-tomaszem-siemoniakiem\/#breadcrumb","itemListElement":[{"@type":"ListItem","position":1,"name":"Strona g\u0142\u00f3wna","item":"http:\/\/kspnszz.org\/"},{"@type":"ListItem","position":2,"name":"Funkcjonariusze i pracownicy s\u0142u\u017cb podleg\u0142ych MSWiA ju\u017c niebawem odczuj\u0105 efekty tej rozmowy &#8211; Bart\u0142omiej Mickiewicz spotka\u0142 si\u0119 Tomaszem Siemoniakiem"}]},{"@type":"WebSite","@id":"http:\/\/kspnszz.org\/#website","url":"http:\/\/kspnszz.org\/","name":"KSPNSZZ","description":"Krajowa Sekcja Po\u017carnictwa","potentialAction":[{"@type":"SearchAction","target":{"@type":"EntryPoint","urlTemplate":"http:\/\/kspnszz.org\/?s={search_term_string}"},"query-input":"required name=search_term_string"}],"inLanguage":"pl-PL"},{"@type":"Person","@id":"http:\/\/kspnszz.org\/#\/schema\/person\/31096cf196f706ef50ecbd878903cc13","name":"bartlomiej","image":{"@type":"ImageObject","inLanguage":"pl-PL","@id":"http:\/\/kspnszz.org\/#\/schema\/person\/image\/","url":"https:\/\/secure.gravatar.com\/avatar\/cb681656f150968eb94b73c62cf58e52?s=96&d=mm&r=g","contentUrl":"https:\/\/secure.gravatar.com\/avatar\/cb681656f150968eb94b73c62cf58e52?s=96&d=mm&r=g","caption":"bartlomiej"},"url":"https:\/\/kspnszz.org\/index.php\/author\/bartlomiej\/"}]}},"_links":{"self":[{"href":"https:\/\/kspnszz.org\/index.php\/wp-json\/wp\/v2\/posts\/6593"}],"collection":[{"href":"https:\/\/kspnszz.org\/index.php\/wp-json\/wp\/v2\/posts"}],"about":[{"href":"https:\/\/kspnszz.org\/index.php\/wp-json\/wp\/v2\/types\/post"}],"author":[{"embeddable":true,"href":"https:\/\/kspnszz.org\/index.php\/wp-json\/wp\/v2\/users\/2"}],"replies":[{"embeddable":true,"href":"https:\/\/kspnszz.org\/index.php\/wp-json\/wp\/v2\/comments?post=6593"}],"version-history":[{"count":4,"href":"https:\/\/kspnszz.org\/index.php\/wp-json\/wp\/v2\/posts\/6593\/revisions"}],"predecessor-version":[{"id":6608,"href":"https:\/\/kspnszz.org\/index.php\/wp-json\/wp\/v2\/posts\/6593\/revisions\/6608"}],"wp:featuredmedia":[{"embeddable":true,"href":"https:\/\/kspnszz.org\/index.php\/wp-json\/wp\/v2\/media\/6592"}],"wp:attachment":[{"href":"https:\/\/kspnszz.org\/index.php\/wp-json\/wp\/v2\/media?parent=6593"}],"wp:term":[{"taxonomy":"category","embeddable":true,"href":"https:\/\/kspnszz.org\/index.php\/wp-json\/wp\/v2\/categories?post=6593"},{"taxonomy":"post_tag","embeddable":true,"href":"https:\/\/kspnszz.org\/index.php\/wp-json\/wp\/v2\/tags?post=6593"}],"curies":[{"name":"wp","href":"https:\/\/api.w.org\/{rel}","templated":true}]}}