{"id":6584,"date":"2024-09-11T14:34:21","date_gmt":"2024-09-11T12:34:21","guid":{"rendered":"https:\/\/kspnszz.org\/?p=6584"},"modified":"2024-09-11T14:37:26","modified_gmt":"2024-09-11T12:37:26","slug":"ii-ogolnopolski-turniej-pilki-halowej-mundurowej-solidarnosci","status":"publish","type":"post","link":"https:\/\/kspnszz.org\/index.php\/2024\/09\/11\/ii-ogolnopolski-turniej-pilki-halowej-mundurowej-solidarnosci\/","title":{"rendered":"II Og\u00f3lnopolski Turniej Pi\u0142ki Halowej Mundurowej Solidarno\u015bci"},"content":{"rendered":"<p style=\"text-align: justify;\"><strong>W sobot\u0119 7 wrze\u015bnia 2024 roku we W\u0142oc\u0142awku odby\u0142 si\u0119 II Og\u00f3lnopolski Turniej Pi\u0142ki No\u017cnej Halowej Mundurowej Solidarno\u015bci. Do sportowej rywalizacji przyst\u0105pi\u0142o 21 dru\u017cyn z ca\u0142ego kraju, z\u0142o\u017conych z\u00a0funkcjonariuszy Pa\u0144stwowej Stra\u017cy Po\u017carnej, Policji i S\u0142u\u017cby Wi\u0119ziennej.<\/strong><\/p>\n\n<div class=\"wp-block-image\">\n<figure class=\"aligncenter size-full is-resized\"><a href=\"http:\/\/kspnszz.org\/wp-content\/uploads\/2024\/09\/wloclawek.jpg\" data-rel=\"lightbox-image-0\" data-rl_title=\"\" data-rl_caption=\"\" title=\"\"><img loading=\"lazy\" decoding=\"async\" width=\"960\" height=\"560\" src=\"http:\/\/kspnszz.org\/wp-content\/uploads\/2024\/09\/wloclawek.jpg\" alt=\"\" class=\"wp-image-6583\" style=\"width:490px;height:auto\" srcset=\"https:\/\/kspnszz.org\/wp-content\/uploads\/2024\/09\/wloclawek.jpg 960w, https:\/\/kspnszz.org\/wp-content\/uploads\/2024\/09\/wloclawek-300x175.jpg 300w, https:\/\/kspnszz.org\/wp-content\/uploads\/2024\/09\/wloclawek-768x448.jpg 768w\" sizes=\"(max-width: 960px) 100vw, 960px\" \/><\/a><\/figure><\/div>\n\n<p style=\"text-align: justify;\">Po otwarciu turnieju, minut\u0105 ciszy upami\u0119tniono stra\u017cak\u00f3w, kt\u00f3rzy zgin\u0119li na s\u0142u\u017cbie podczas po\u017caru w<strong>\u00a0<\/strong>Poznaniu. Nast\u0119pnie przywitano zaproszonych go\u015bci. Dru\u017cyny zosta\u0142y podzielone na grupy zgodnie z<strong>\u00a0<\/strong>przeprowadzonym dzie\u0144 wcze\u015bniej losowaniem. Faza grupowa rozgrywa\u0142a si\u0119 jedocze\u015bnie na dw\u00f3ch obiektach tj. Hali Mistrz\u00f3w we\u00a0W\u0142oc\u0142awku oraz Hali Sportowej ZSCKR w Kowalu.<\/p>\n<p style=\"text-align: justify;\">Po meczach grupowych wy\u0142oniono 16 dru\u017cyn, kt\u00f3re zmierzy\u0142y si\u0119 w fazie pucharowej rozgrywanej na hali we W\u0142oc\u0142awku. Zmagania na parkiecie obserwowali licznie przybyli przedstawiciele organizacji NSZZ \u201eSolidarno\u015b\u0107\u201d funkcjonuj\u0105cych w s\u0142u\u017cbach mundurowych oraz ich rodziny.<\/p>\n<p style=\"text-align: justify;\">Ostatecznie turniej zako\u0144czy\u0142 si\u0119 zwyci\u0119sko dla dru\u017cyn:<\/p>\n<p style=\"text-align: justify;\">1 miejsce \u2013 Reprezentacja Wojew\u00f3dztwa Kujawsko-Pomorskiego Pa\u0144stwowej Stra\u017cy Po\u017carnej w Toruniu;<\/p>\n<p style=\"text-align: justify;\">2 miejsce Reprezentacja Aresztu \u015aledczego w Bydgoszczy;<\/p>\n<p style=\"text-align: justify;\">3 miejsce Reprezentacja NSZZ Funkcjonariuszy i Pracownik\u00f3w Wi\u0119ziennictwa.<\/p>\n<p style=\"text-align: justify;\">Tu\u017c za podium na 4 miejscu znalaz\u0142a si\u0119 reprezentacja Aresztu \u015aledczego w Gda\u0144sku.<\/p>\n<p style=\"text-align: justify;\">Najlepszym Zawodnikiem Turnieju wybrano Patryka Ci\u0119\u017ckowskiego z PSP w Toruniu.\u00a0Najlepszym Bramkarzem zosta\u0142 Artur Polaski z A\u015a w Bydgoszczy.\u00a0Kr\u00f3lem Strzelc\u00f3w zosta\u0142 \u0141ukasz Grubbe z NSZZ Funkcjonariuszy i Pracownik\u00f3w Wi\u0119ziennictwa.<\/p>\n<p style=\"text-align: justify;\">Podsumowania turnieju dokonali organizatorzy i zaproszeni go\u015bcie, kt\u00f3rzy wr\u0119czyli najlepszym dru\u017cynom i<strong>\u00a0<\/strong>zawodnikom indywidualnym pami\u0105tkowe puchary wraz z nagrodami rzeczowymi.<\/p>\n<p style=\"text-align: justify;\">W\u015br\u00f3d go\u015bci reprezentuj\u0105cych formacje mundurowe i struktury NSZZ \u201eSolidarno\u015b\u0107\u201d swoj\u0105 obecno\u015bci\u0105 wydarzenie zaszczycili:<\/p>\n<ul>\n<li style=\"text-align: justify;\">st. bryg. Rafa\u0142 \u015awiechowicz Kujawsko Pomorski Komendant Wojew\u00f3dzki Pa\u0144stwowej Stra\u017cy Po\u017carnej w<strong>\u00a0<\/strong>Toruniu,<\/li>\n<li style=\"text-align: justify;\">p\u0142k Andrzej Gniot Dyrektor Okr\u0119gowy S\u0142u\u017cby Wi\u0119ziennej w Bydgoszczy,<\/li>\n<li style=\"text-align: justify;\">insp. Ma\u0142gorzata Jorka Zast\u0119pca Komendanta Wojew\u00f3dzkiego Policji w Bydgoszczy,<\/li>\n<li style=\"text-align: justify;\">podinsp. Robert Murawski Komendant Miejski Policji we W\u0142oc\u0142awku,<\/li>\n<li style=\"text-align: justify;\">insp. w stanie spoczynku Anna Kochowicz przez wiele lat zwi\u0105zana z KMP W\u0142oc\u0142awek, w kt\u00f3rej zajmowa\u0142a stanowisko Komendanta Miejskiego Policji,<\/li>\n<li style=\"text-align: justify;\">pp\u0142k. Magdalena Zwierzchowska Dyrektor Zak\u0142adu Karnego w Inowroc\u0142awiu,<\/li>\n<li style=\"text-align: justify;\">mjr Micha\u0142 S\u0142owi\u0144ski Zast\u0119pca Dyrektora Aresztu \u015aledczego w Bydgoszczy,<\/li>\n<li style=\"text-align: justify;\">st. bryg. Grzegorz Jankowski Zast\u0119pca Komendanta Miejskiego Pa\u0144stwowej Stra\u017cy Po\u017carnej we<strong>\u00a0<\/strong>W\u0142oc\u0142awku,<\/li>\n<li style=\"text-align: justify;\">kom. Rados\u0142aw G\u00f3recki Zast\u0119pca Dow\u00f3dcy Oddzia\u0142u Prewencji Policji w Bydgoszczy,<\/li>\n<li style=\"text-align: justify;\">Tomasz Jeziorek Przewodnicz\u0105cy Zarz\u0105du Regionu Toru\u0144sko-W\u0142oc\u0142awskiego NSZZ \u201eSolidarno\u015b\u0107\u201d,<\/li>\n<li style=\"text-align: justify;\">Andrzej \u015apiewak Wiceprzewodnicz\u0105cy Sekretariatu S\u0142u\u017cb Publicznych NSZZ \u201eSolidarno\u015b\u0107\u201d,<\/li>\n<li style=\"text-align: justify;\">Maciej \u0141ozowski Wiceprzewodnicz\u0105cy Krajowej Sekcji Po\u017carnictwa NSZZ \u201eSolidarno\u015b\u0107\u201d,<\/li>\n<li style=\"text-align: justify;\">\u0141ukasz Stefa\u0144ski Przewodnicz\u0105cy Zachodniopomorskiej Sekcji Po\u017carnictwa NSZZ &#8222;Solidarno\u015b\u0107&#8221;,<\/li>\n<li style=\"text-align: justify;\">Mariusz Kawczy\u0144ski Zast\u0119pca Przewodnicz\u0105cego &#8211; Skarbnik Zarz\u0105du Regionu Toru\u0144sko-W\u0142oc\u0142awskiego NSZZ \u201eSolidarno\u015b\u0107\u201d,<\/li>\n<li style=\"text-align: justify;\">Przemys\u0142aw Morgulski cz\u0142onek Prezydium Zarz\u0105du Regionu Toru\u0144sko-W\u0142oc\u0142awskiego NSZZ \u201eSolidarno\u015b\u0107\u201d,<\/li>\n<li style=\"text-align: justify;\">S\u0142awomir Szablewski Cz\u0142onek Prezydium Zarz\u0105du Regionu Toru\u0144sko-W\u0142oc\u0142awskiego NSZZ \u201eSolidarno\u015b\u0107\u201d,<\/li>\n<li style=\"text-align: justify;\">Maciej Klimek Przewodnicz\u0105cy MSP NSZZ \u201eSolidarno\u015b\u0107 Stra\u017cak\u00f3w PSP woj. Kujawsko-Pomorskiego,<\/li>\n<li style=\"text-align: justify;\">Krzysztof Sadowski Przewodnicz\u0105cy OM NSZZ \u201eSolidarno\u015b\u0107\u201d Funkcjonariuszy i Pracownik\u00f3w Policji wojew\u00f3dztwa Kujawsko-Pomorskiego Arkadiusz Ostrowski Zast\u0119pca &#8211; Przewodnicz\u0105cego OM NSZZ \u201eSolidarno\u015b\u0107\u201d Funkcjonariuszy i Pracownik\u00f3w S\u0142u\u017cby Wi\u0119ziennej Okr\u0119gu Bydgoskiego.<\/li>\n<\/ul>\n<p style=\"text-align: justify;\">Na zako\u0144czenie organizatorzy podzi\u0119kowali r\u00f3wnie\u017c wszystkim dzi\u0119ki kt\u00f3rym realizacja tego wydarzenia by\u0142a mo\u017cliwa, a w szczeg\u00f3lno\u015bci:<\/p>\n<ul>\n<li style=\"text-align: justify;\">Krzysztof Kukucki Prezydent Miasta W\u0142oc\u0142awek,<\/li>\n<li style=\"text-align: justify;\">Eugeniusz Go\u0142embiewski Burmistrz Miasta Kowal,<\/li>\n<li style=\"text-align: justify;\">Roman Go\u0142\u0119biewski Starosta W\u0142oc\u0142awski,<\/li>\n<li style=\"text-align: justify;\">Sekretariat S\u0142u\u017cb Publicznych NSZZ \u201eSolidarno\u015b\u0107\u201d,<\/li>\n<li style=\"text-align: justify;\">Zarz\u0105d Regionu Toru\u0144sko-W\u0142oc\u0142awskiego NSZZ \u201eSolidarno\u015b\u0107\u201d,<\/li>\n<li style=\"text-align: justify;\">Selenka Wieniec Zdr\u00f3j,<\/li>\n<li style=\"text-align: justify;\">Take Away,<\/li>\n<li style=\"text-align: justify;\">Mat-po\u017c,<\/li>\n<li style=\"text-align: justify;\">Fantoman.<\/li>\n<\/ul>\n<p style=\"text-align: justify;\">Podzi\u0119kowania trafi\u0142y r\u00f3wnie\u017c do sk\u0142adu s\u0119dziowskiego turnieju: Krzysztofa Budzi\u0144skiego, Marcina Pra\u017cniewskiego, Jaros\u0142awa Bykowskiego.<\/p>\n\n<div class=\"wp-block-image\">\n<figure class=\"aligncenter size-full is-resized\"><a href=\"http:\/\/kspnszz.org\/wp-content\/uploads\/2024\/09\/wloclawek2.jpg\" data-rel=\"lightbox-image-1\" data-rl_title=\"\" data-rl_caption=\"\" title=\"\"><img loading=\"lazy\" decoding=\"async\" width=\"930\" height=\"620\" src=\"http:\/\/kspnszz.org\/wp-content\/uploads\/2024\/09\/wloclawek2.jpg\" alt=\"\" class=\"wp-image-6582\" style=\"width:510px;height:auto\" srcset=\"https:\/\/kspnszz.org\/wp-content\/uploads\/2024\/09\/wloclawek2.jpg 930w, https:\/\/kspnszz.org\/wp-content\/uploads\/2024\/09\/wloclawek2-300x200.jpg 300w, https:\/\/kspnszz.org\/wp-content\/uploads\/2024\/09\/wloclawek2-768x512.jpg 768w\" sizes=\"(max-width: 930px) 100vw, 930px\" \/><\/a><\/figure><\/div>\n\n<div class=\"wp-block-image\">\n<figure class=\"aligncenter size-full is-resized\"><a href=\"http:\/\/kspnszz.org\/wp-content\/uploads\/2024\/09\/wloclawek1.jpg\" data-rel=\"lightbox-image-2\" data-rl_title=\"\" data-rl_caption=\"\" title=\"\"><img loading=\"lazy\" decoding=\"async\" width=\"930\" height=\"620\" src=\"http:\/\/kspnszz.org\/wp-content\/uploads\/2024\/09\/wloclawek1.jpg\" alt=\"\" class=\"wp-image-6581\" style=\"width:510px;height:auto\" srcset=\"https:\/\/kspnszz.org\/wp-content\/uploads\/2024\/09\/wloclawek1.jpg 930w, https:\/\/kspnszz.org\/wp-content\/uploads\/2024\/09\/wloclawek1-300x200.jpg 300w, https:\/\/kspnszz.org\/wp-content\/uploads\/2024\/09\/wloclawek1-768x512.jpg 768w\" sizes=\"(max-width: 930px) 100vw, 930px\" \/><\/a><\/figure><\/div>\n\n<div class=\"wp-block-image\">\n<figure class=\"aligncenter size-large is-resized\"><a href=\"http:\/\/kspnszz.org\/wp-content\/uploads\/2024\/09\/wloclawek7.jpeg\" data-rel=\"lightbox-image-3\" data-rl_title=\"\" data-rl_caption=\"\" title=\"\"><img loading=\"lazy\" decoding=\"async\" width=\"1024\" height=\"734\" src=\"http:\/\/kspnszz.org\/wp-content\/uploads\/2024\/09\/wloclawek7-1024x734.jpeg\" alt=\"\" class=\"wp-image-6580\" style=\"width:509px;height:auto\" srcset=\"https:\/\/kspnszz.org\/wp-content\/uploads\/2024\/09\/wloclawek7-1024x734.jpeg 1024w, https:\/\/kspnszz.org\/wp-content\/uploads\/2024\/09\/wloclawek7-300x215.jpeg 300w, https:\/\/kspnszz.org\/wp-content\/uploads\/2024\/09\/wloclawek7-768x550.jpeg 768w, https:\/\/kspnszz.org\/wp-content\/uploads\/2024\/09\/wloclawek7-1536x1101.jpeg 1536w, https:\/\/kspnszz.org\/wp-content\/uploads\/2024\/09\/wloclawek7.jpeg 1963w\" sizes=\"(max-width: 1024px) 100vw, 1024px\" \/><\/a><\/figure><\/div>\n\n<div class=\"wp-block-image\">\n<figure class=\"aligncenter size-large is-resized\"><a href=\"http:\/\/kspnszz.org\/wp-content\/uploads\/2024\/09\/wloclawek6.jpeg\" data-rel=\"lightbox-image-4\" data-rl_title=\"\" data-rl_caption=\"\" title=\"\"><img loading=\"lazy\" decoding=\"async\" width=\"754\" height=\"1024\" src=\"http:\/\/kspnszz.org\/wp-content\/uploads\/2024\/09\/wloclawek6-754x1024.jpeg\" alt=\"\" class=\"wp-image-6579\" style=\"width:508px;height:auto\" srcset=\"https:\/\/kspnszz.org\/wp-content\/uploads\/2024\/09\/wloclawek6-754x1024.jpeg 754w, https:\/\/kspnszz.org\/wp-content\/uploads\/2024\/09\/wloclawek6-221x300.jpeg 221w, https:\/\/kspnszz.org\/wp-content\/uploads\/2024\/09\/wloclawek6-768x1043.jpeg 768w, https:\/\/kspnszz.org\/wp-content\/uploads\/2024\/09\/wloclawek6.jpeg 1117w\" sizes=\"(max-width: 754px) 100vw, 754px\" \/><\/a><\/figure><\/div>\n\n<div class=\"wp-block-image\">\n<figure class=\"aligncenter size-large is-resized\"><a href=\"http:\/\/kspnszz.org\/wp-content\/uploads\/2024\/09\/wloclawek5.jpeg\" data-rel=\"lightbox-image-5\" data-rl_title=\"\" data-rl_caption=\"\" title=\"\"><img loading=\"lazy\" decoding=\"async\" width=\"1024\" height=\"752\" src=\"http:\/\/kspnszz.org\/wp-content\/uploads\/2024\/09\/wloclawek5-1024x752.jpeg\" alt=\"\" class=\"wp-image-6578\" style=\"width:508px;height:auto\" srcset=\"https:\/\/kspnszz.org\/wp-content\/uploads\/2024\/09\/wloclawek5-1024x752.jpeg 1024w, https:\/\/kspnszz.org\/wp-content\/uploads\/2024\/09\/wloclawek5-300x220.jpeg 300w, https:\/\/kspnszz.org\/wp-content\/uploads\/2024\/09\/wloclawek5-768x564.jpeg 768w, https:\/\/kspnszz.org\/wp-content\/uploads\/2024\/09\/wloclawek5.jpeg 1357w\" sizes=\"(max-width: 1024px) 100vw, 1024px\" \/><\/a><\/figure><\/div>\n\n<div class=\"wp-block-image\">\n<figure class=\"aligncenter size-large is-resized\"><a href=\"http:\/\/kspnszz.org\/wp-content\/uploads\/2024\/09\/wloclawek4.jpeg\" data-rel=\"lightbox-image-6\" data-rl_title=\"\" data-rl_caption=\"\" title=\"\"><img loading=\"lazy\" decoding=\"async\" width=\"1024\" height=\"660\" src=\"http:\/\/kspnszz.org\/wp-content\/uploads\/2024\/09\/wloclawek4-1024x660.jpeg\" alt=\"\" class=\"wp-image-6577\" style=\"width:509px;height:auto\" srcset=\"https:\/\/kspnszz.org\/wp-content\/uploads\/2024\/09\/wloclawek4-1024x660.jpeg 1024w, https:\/\/kspnszz.org\/wp-content\/uploads\/2024\/09\/wloclawek4-300x193.jpeg 300w, https:\/\/kspnszz.org\/wp-content\/uploads\/2024\/09\/wloclawek4-768x495.jpeg 768w, https:\/\/kspnszz.org\/wp-content\/uploads\/2024\/09\/wloclawek4.jpeg 1408w\" sizes=\"(max-width: 1024px) 100vw, 1024px\" \/><\/a><\/figure><\/div>\n\n<div class=\"wp-block-image\">\n<figure class=\"aligncenter size-full is-resized\"><a href=\"http:\/\/kspnszz.org\/wp-content\/uploads\/2024\/09\/wloclawek3.jpg\" data-rel=\"lightbox-image-7\" data-rl_title=\"\" data-rl_caption=\"\" title=\"\"><img loading=\"lazy\" decoding=\"async\" width=\"930\" height=\"620\" src=\"http:\/\/kspnszz.org\/wp-content\/uploads\/2024\/09\/wloclawek3.jpg\" alt=\"\" class=\"wp-image-6576\" style=\"width:510px;height:auto\" srcset=\"https:\/\/kspnszz.org\/wp-content\/uploads\/2024\/09\/wloclawek3.jpg 930w, https:\/\/kspnszz.org\/wp-content\/uploads\/2024\/09\/wloclawek3-300x200.jpg 300w, https:\/\/kspnszz.org\/wp-content\/uploads\/2024\/09\/wloclawek3-768x512.jpg 768w\" sizes=\"(max-width: 930px) 100vw, 930px\" \/><\/a><\/figure><\/div>\n\n<p style=\"text-align: justify;\">Zdj\u0119cia dzi\u0119ki uprzejmo\u015bci: W\u0142oc\u0142awski Portal Internetowy <a href=\"http:\/\/www.q4.pl\">www.q4.pl<\/a> (fot. Aurelia Kowalczyk), portal <a href=\"https:\/\/wloclawek.naszemiasto.pl\/\">www.wloclawek.naszemiasto.pl<\/a> (fot. Katarzyna Renata Brzostowska).<\/p>","protected":false},"excerpt":{"rendered":"<p>W sobot\u0119 7 wrze\u015bnia 2024 roku we W\u0142oc\u0142awku odby\u0142 si\u0119 II Og\u00f3lnopolski Turniej Pi\u0142ki No\u017cnej Halowej Mundurowej Solidarno\u015bci. Do sportowej rywalizacji przyst\u0105pi\u0142o 21 dru\u017cyn z ca\u0142ego kraju, z\u0142o\u017conych z\u00a0funkcjonariuszy Pa\u0144stwowej Stra\u017cy Po\u017carnej, Policji i S\u0142u\u017cby Wi\u0119ziennej. Po otwarciu turnieju, minut\u0105 ciszy upami\u0119tniono stra\u017cak\u00f3w, kt\u00f3rzy zgin\u0119li na s\u0142u\u017cbie podczas po\u017caru w\u00a0Poznaniu. Nast\u0119pnie przywitano zaproszonych go\u015bci. Dru\u017cyny &hellip;<\/p>\n","protected":false},"author":2,"featured_media":6583,"comment_status":"closed","ping_status":"closed","sticky":false,"template":"","format":"standard","meta":{"footnotes":""},"categories":[2,34],"tags":[],"yoast_head":"<!-- This site is optimized with the Yoast SEO plugin v22.7 - https:\/\/yoast.com\/wordpress\/plugins\/seo\/ -->\n<title>II Og\u00f3lnopolski Turniej Pi\u0142ki Halowej Mundurowej Solidarno\u015bci - KSPNSZZ<\/title>\n<meta name=\"robots\" content=\"index, follow, max-snippet:-1, max-image-preview:large, max-video-preview:-1\" \/>\n<link rel=\"canonical\" href=\"https:\/\/kspnszz.org\/index.php\/2024\/09\/11\/ii-ogolnopolski-turniej-pilki-halowej-mundurowej-solidarnosci\/\" \/>\n<meta property=\"og:locale\" content=\"pl_PL\" \/>\n<meta property=\"og:type\" content=\"article\" \/>\n<meta property=\"og:title\" content=\"II Og\u00f3lnopolski Turniej Pi\u0142ki Halowej Mundurowej Solidarno\u015bci - KSPNSZZ\" \/>\n<meta property=\"og:description\" content=\"W sobot\u0119 7 wrze\u015bnia 2024 roku we W\u0142oc\u0142awku odby\u0142 si\u0119 II Og\u00f3lnopolski Turniej Pi\u0142ki No\u017cnej Halowej Mundurowej Solidarno\u015bci. Do sportowej rywalizacji przyst\u0105pi\u0142o 21 dru\u017cyn z ca\u0142ego kraju, z\u0142o\u017conych z\u00a0funkcjonariuszy Pa\u0144stwowej Stra\u017cy Po\u017carnej, Policji i S\u0142u\u017cby Wi\u0119ziennej. Po otwarciu turnieju, minut\u0105 ciszy upami\u0119tniono stra\u017cak\u00f3w, kt\u00f3rzy zgin\u0119li na s\u0142u\u017cbie podczas po\u017caru w\u00a0Poznaniu. Nast\u0119pnie przywitano zaproszonych go\u015bci. Dru\u017cyny &hellip;\" \/>\n<meta property=\"og:url\" content=\"https:\/\/kspnszz.org\/index.php\/2024\/09\/11\/ii-ogolnopolski-turniej-pilki-halowej-mundurowej-solidarnosci\/\" \/>\n<meta property=\"og:site_name\" content=\"KSPNSZZ\" \/>\n<meta property=\"article:published_time\" content=\"2024-09-11T12:34:21+00:00\" \/>\n<meta property=\"article:modified_time\" content=\"2024-09-11T12:37:26+00:00\" \/>\n<meta property=\"og:image\" content=\"https:\/\/kspnszz.org\/wp-content\/uploads\/2024\/09\/wloclawek.jpg\" \/>\n\t<meta property=\"og:image:width\" content=\"960\" \/>\n\t<meta property=\"og:image:height\" content=\"560\" \/>\n\t<meta property=\"og:image:type\" content=\"image\/jpeg\" \/>\n<meta name=\"author\" content=\"bartlomiej\" \/>\n<meta name=\"twitter:card\" content=\"summary_large_image\" \/>\n<meta name=\"twitter:label1\" content=\"Napisane przez\" \/>\n\t<meta name=\"twitter:data1\" content=\"bartlomiej\" \/>\n\t<meta name=\"twitter:label2\" content=\"Szacowany czas czytania\" \/>\n\t<meta name=\"twitter:data2\" content=\"5 minut\" \/>\n<script type=\"application\/ld+json\" class=\"yoast-schema-graph\">{\"@context\":\"https:\/\/schema.org\",\"@graph\":[{\"@type\":\"WebPage\",\"@id\":\"https:\/\/kspnszz.org\/index.php\/2024\/09\/11\/ii-ogolnopolski-turniej-pilki-halowej-mundurowej-solidarnosci\/\",\"url\":\"https:\/\/kspnszz.org\/index.php\/2024\/09\/11\/ii-ogolnopolski-turniej-pilki-halowej-mundurowej-solidarnosci\/\",\"name\":\"II Og\u00f3lnopolski Turniej Pi\u0142ki Halowej Mundurowej Solidarno\u015bci - KSPNSZZ\",\"isPartOf\":{\"@id\":\"http:\/\/kspnszz.org\/#website\"},\"primaryImageOfPage\":{\"@id\":\"https:\/\/kspnszz.org\/index.php\/2024\/09\/11\/ii-ogolnopolski-turniej-pilki-halowej-mundurowej-solidarnosci\/#primaryimage\"},\"image\":{\"@id\":\"https:\/\/kspnszz.org\/index.php\/2024\/09\/11\/ii-ogolnopolski-turniej-pilki-halowej-mundurowej-solidarnosci\/#primaryimage\"},\"thumbnailUrl\":\"https:\/\/kspnszz.org\/wp-content\/uploads\/2024\/09\/wloclawek.jpg\",\"datePublished\":\"2024-09-11T12:34:21+00:00\",\"dateModified\":\"2024-09-11T12:37:26+00:00\",\"author\":{\"@id\":\"http:\/\/kspnszz.org\/#\/schema\/person\/31096cf196f706ef50ecbd878903cc13\"},\"breadcrumb\":{\"@id\":\"https:\/\/kspnszz.org\/index.php\/2024\/09\/11\/ii-ogolnopolski-turniej-pilki-halowej-mundurowej-solidarnosci\/#breadcrumb\"},\"inLanguage\":\"pl-PL\",\"potentialAction\":[{\"@type\":\"ReadAction\",\"target\":[\"https:\/\/kspnszz.org\/index.php\/2024\/09\/11\/ii-ogolnopolski-turniej-pilki-halowej-mundurowej-solidarnosci\/\"]}]},{\"@type\":\"ImageObject\",\"inLanguage\":\"pl-PL\",\"@id\":\"https:\/\/kspnszz.org\/index.php\/2024\/09\/11\/ii-ogolnopolski-turniej-pilki-halowej-mundurowej-solidarnosci\/#primaryimage\",\"url\":\"https:\/\/kspnszz.org\/wp-content\/uploads\/2024\/09\/wloclawek.jpg\",\"contentUrl\":\"https:\/\/kspnszz.org\/wp-content\/uploads\/2024\/09\/wloclawek.jpg\",\"width\":960,\"height\":560},{\"@type\":\"BreadcrumbList\",\"@id\":\"https:\/\/kspnszz.org\/index.php\/2024\/09\/11\/ii-ogolnopolski-turniej-pilki-halowej-mundurowej-solidarnosci\/#breadcrumb\",\"itemListElement\":[{\"@type\":\"ListItem\",\"position\":1,\"name\":\"Strona g\u0142\u00f3wna\",\"item\":\"http:\/\/kspnszz.org\/\"},{\"@type\":\"ListItem\",\"position\":2,\"name\":\"II Og\u00f3lnopolski Turniej Pi\u0142ki Halowej Mundurowej Solidarno\u015bci\"}]},{\"@type\":\"WebSite\",\"@id\":\"http:\/\/kspnszz.org\/#website\",\"url\":\"http:\/\/kspnszz.org\/\",\"name\":\"KSPNSZZ\",\"description\":\"Krajowa Sekcja Po\u017carnictwa\",\"potentialAction\":[{\"@type\":\"SearchAction\",\"target\":{\"@type\":\"EntryPoint\",\"urlTemplate\":\"http:\/\/kspnszz.org\/?s={search_term_string}\"},\"query-input\":\"required name=search_term_string\"}],\"inLanguage\":\"pl-PL\"},{\"@type\":\"Person\",\"@id\":\"http:\/\/kspnszz.org\/#\/schema\/person\/31096cf196f706ef50ecbd878903cc13\",\"name\":\"bartlomiej\",\"image\":{\"@type\":\"ImageObject\",\"inLanguage\":\"pl-PL\",\"@id\":\"http:\/\/kspnszz.org\/#\/schema\/person\/image\/\",\"url\":\"https:\/\/secure.gravatar.com\/avatar\/cb681656f150968eb94b73c62cf58e52?s=96&d=mm&r=g\",\"contentUrl\":\"https:\/\/secure.gravatar.com\/avatar\/cb681656f150968eb94b73c62cf58e52?s=96&d=mm&r=g\",\"caption\":\"bartlomiej\"},\"url\":\"https:\/\/kspnszz.org\/index.php\/author\/bartlomiej\/\"}]}<\/script>\n<!-- \/ Yoast SEO plugin. -->","yoast_head_json":{"title":"II Og\u00f3lnopolski Turniej Pi\u0142ki Halowej Mundurowej Solidarno\u015bci - KSPNSZZ","robots":{"index":"index","follow":"follow","max-snippet":"max-snippet:-1","max-image-preview":"max-image-preview:large","max-video-preview":"max-video-preview:-1"},"canonical":"https:\/\/kspnszz.org\/index.php\/2024\/09\/11\/ii-ogolnopolski-turniej-pilki-halowej-mundurowej-solidarnosci\/","og_locale":"pl_PL","og_type":"article","og_title":"II Og\u00f3lnopolski Turniej Pi\u0142ki Halowej Mundurowej Solidarno\u015bci - KSPNSZZ","og_description":"W sobot\u0119 7 wrze\u015bnia 2024 roku we W\u0142oc\u0142awku odby\u0142 si\u0119 II Og\u00f3lnopolski Turniej Pi\u0142ki No\u017cnej Halowej Mundurowej Solidarno\u015bci. Do sportowej rywalizacji przyst\u0105pi\u0142o 21 dru\u017cyn z ca\u0142ego kraju, z\u0142o\u017conych z\u00a0funkcjonariuszy Pa\u0144stwowej Stra\u017cy Po\u017carnej, Policji i S\u0142u\u017cby Wi\u0119ziennej. Po otwarciu turnieju, minut\u0105 ciszy upami\u0119tniono stra\u017cak\u00f3w, kt\u00f3rzy zgin\u0119li na s\u0142u\u017cbie podczas po\u017caru w\u00a0Poznaniu. Nast\u0119pnie przywitano zaproszonych go\u015bci. Dru\u017cyny &hellip;","og_url":"https:\/\/kspnszz.org\/index.php\/2024\/09\/11\/ii-ogolnopolski-turniej-pilki-halowej-mundurowej-solidarnosci\/","og_site_name":"KSPNSZZ","article_published_time":"2024-09-11T12:34:21+00:00","article_modified_time":"2024-09-11T12:37:26+00:00","og_image":[{"width":960,"height":560,"url":"https:\/\/kspnszz.org\/wp-content\/uploads\/2024\/09\/wloclawek.jpg","type":"image\/jpeg"}],"author":"bartlomiej","twitter_card":"summary_large_image","twitter_misc":{"Napisane przez":"bartlomiej","Szacowany czas czytania":"5 minut"},"schema":{"@context":"https:\/\/schema.org","@graph":[{"@type":"WebPage","@id":"https:\/\/kspnszz.org\/index.php\/2024\/09\/11\/ii-ogolnopolski-turniej-pilki-halowej-mundurowej-solidarnosci\/","url":"https:\/\/kspnszz.org\/index.php\/2024\/09\/11\/ii-ogolnopolski-turniej-pilki-halowej-mundurowej-solidarnosci\/","name":"II Og\u00f3lnopolski Turniej Pi\u0142ki Halowej Mundurowej Solidarno\u015bci - KSPNSZZ","isPartOf":{"@id":"http:\/\/kspnszz.org\/#website"},"primaryImageOfPage":{"@id":"https:\/\/kspnszz.org\/index.php\/2024\/09\/11\/ii-ogolnopolski-turniej-pilki-halowej-mundurowej-solidarnosci\/#primaryimage"},"image":{"@id":"https:\/\/kspnszz.org\/index.php\/2024\/09\/11\/ii-ogolnopolski-turniej-pilki-halowej-mundurowej-solidarnosci\/#primaryimage"},"thumbnailUrl":"https:\/\/kspnszz.org\/wp-content\/uploads\/2024\/09\/wloclawek.jpg","datePublished":"2024-09-11T12:34:21+00:00","dateModified":"2024-09-11T12:37:26+00:00","author":{"@id":"http:\/\/kspnszz.org\/#\/schema\/person\/31096cf196f706ef50ecbd878903cc13"},"breadcrumb":{"@id":"https:\/\/kspnszz.org\/index.php\/2024\/09\/11\/ii-ogolnopolski-turniej-pilki-halowej-mundurowej-solidarnosci\/#breadcrumb"},"inLanguage":"pl-PL","potentialAction":[{"@type":"ReadAction","target":["https:\/\/kspnszz.org\/index.php\/2024\/09\/11\/ii-ogolnopolski-turniej-pilki-halowej-mundurowej-solidarnosci\/"]}]},{"@type":"ImageObject","inLanguage":"pl-PL","@id":"https:\/\/kspnszz.org\/index.php\/2024\/09\/11\/ii-ogolnopolski-turniej-pilki-halowej-mundurowej-solidarnosci\/#primaryimage","url":"https:\/\/kspnszz.org\/wp-content\/uploads\/2024\/09\/wloclawek.jpg","contentUrl":"https:\/\/kspnszz.org\/wp-content\/uploads\/2024\/09\/wloclawek.jpg","width":960,"height":560},{"@type":"BreadcrumbList","@id":"https:\/\/kspnszz.org\/index.php\/2024\/09\/11\/ii-ogolnopolski-turniej-pilki-halowej-mundurowej-solidarnosci\/#breadcrumb","itemListElement":[{"@type":"ListItem","position":1,"name":"Strona g\u0142\u00f3wna","item":"http:\/\/kspnszz.org\/"},{"@type":"ListItem","position":2,"name":"II Og\u00f3lnopolski Turniej Pi\u0142ki Halowej Mundurowej Solidarno\u015bci"}]},{"@type":"WebSite","@id":"http:\/\/kspnszz.org\/#website","url":"http:\/\/kspnszz.org\/","name":"KSPNSZZ","description":"Krajowa Sekcja Po\u017carnictwa","potentialAction":[{"@type":"SearchAction","target":{"@type":"EntryPoint","urlTemplate":"http:\/\/kspnszz.org\/?s={search_term_string}"},"query-input":"required name=search_term_string"}],"inLanguage":"pl-PL"},{"@type":"Person","@id":"http:\/\/kspnszz.org\/#\/schema\/person\/31096cf196f706ef50ecbd878903cc13","name":"bartlomiej","image":{"@type":"ImageObject","inLanguage":"pl-PL","@id":"http:\/\/kspnszz.org\/#\/schema\/person\/image\/","url":"https:\/\/secure.gravatar.com\/avatar\/cb681656f150968eb94b73c62cf58e52?s=96&d=mm&r=g","contentUrl":"https:\/\/secure.gravatar.com\/avatar\/cb681656f150968eb94b73c62cf58e52?s=96&d=mm&r=g","caption":"bartlomiej"},"url":"https:\/\/kspnszz.org\/index.php\/author\/bartlomiej\/"}]}},"_links":{"self":[{"href":"https:\/\/kspnszz.org\/index.php\/wp-json\/wp\/v2\/posts\/6584"}],"collection":[{"href":"https:\/\/kspnszz.org\/index.php\/wp-json\/wp\/v2\/posts"}],"about":[{"href":"https:\/\/kspnszz.org\/index.php\/wp-json\/wp\/v2\/types\/post"}],"author":[{"embeddable":true,"href":"https:\/\/kspnszz.org\/index.php\/wp-json\/wp\/v2\/users\/2"}],"replies":[{"embeddable":true,"href":"https:\/\/kspnszz.org\/index.php\/wp-json\/wp\/v2\/comments?post=6584"}],"version-history":[{"count":2,"href":"https:\/\/kspnszz.org\/index.php\/wp-json\/wp\/v2\/posts\/6584\/revisions"}],"predecessor-version":[{"id":6586,"href":"https:\/\/kspnszz.org\/index.php\/wp-json\/wp\/v2\/posts\/6584\/revisions\/6586"}],"wp:featuredmedia":[{"embeddable":true,"href":"https:\/\/kspnszz.org\/index.php\/wp-json\/wp\/v2\/media\/6583"}],"wp:attachment":[{"href":"https:\/\/kspnszz.org\/index.php\/wp-json\/wp\/v2\/media?parent=6584"}],"wp:term":[{"taxonomy":"category","embeddable":true,"href":"https:\/\/kspnszz.org\/index.php\/wp-json\/wp\/v2\/categories?post=6584"},{"taxonomy":"post_tag","embeddable":true,"href":"https:\/\/kspnszz.org\/index.php\/wp-json\/wp\/v2\/tags?post=6584"}],"curies":[{"name":"wp","href":"https:\/\/api.w.org\/{rel}","templated":true}]}}