{"id":6543,"date":"2024-08-30T21:20:18","date_gmt":"2024-08-30T19:20:18","guid":{"rendered":"https:\/\/kspnszz.org\/?p=6543"},"modified":"2024-08-30T21:20:19","modified_gmt":"2024-08-30T19:20:19","slug":"pogrzeb-sp-st-ogn-patryka-michalskiego","status":"publish","type":"post","link":"https:\/\/kspnszz.org\/index.php\/2024\/08\/30\/pogrzeb-sp-st-ogn-patryka-michalskiego\/","title":{"rendered":"Pogrzeb \u015bp. st. ogn. Patryka Michalskiego"},"content":{"rendered":"<p style=\"text-align: justify;\"><strong>W pi\u0105tek, 30 sierpnia br. w Bazylice Archikatedralnej pw. \u015awi\u0119tych Aposto\u0142\u00f3w Piotra i Paw\u0142a w\u00a0Poznaniu po\u017cegnali\u015bmy \u015bp. st. ogn. Patryka Michalskiego, drugiego ze stra\u017cak\u00f3w kt\u00f3ry zgin\u0105\u0142 podczas po\u017caru kamienicy w Poznaniu.<\/strong><\/p>\n\n<div class=\"wp-block-image\">\n<figure class=\"aligncenter size-large is-resized\"><a href=\"http:\/\/kspnszz.org\/wp-content\/uploads\/2024\/08\/pogrzeb5.jpg\" data-rel=\"lightbox-image-0\" data-rl_title=\"\" data-rl_caption=\"\" title=\"\"><img loading=\"lazy\" decoding=\"async\" width=\"1024\" height=\"683\" src=\"http:\/\/kspnszz.org\/wp-content\/uploads\/2024\/08\/pogrzeb5-1024x683.jpg\" alt=\"\" class=\"wp-image-6542\" style=\"width:520px;height:auto\" srcset=\"https:\/\/kspnszz.org\/wp-content\/uploads\/2024\/08\/pogrzeb5-1024x683.jpg 1024w, https:\/\/kspnszz.org\/wp-content\/uploads\/2024\/08\/pogrzeb5-300x200.jpg 300w, https:\/\/kspnszz.org\/wp-content\/uploads\/2024\/08\/pogrzeb5-768x512.jpg 768w, https:\/\/kspnszz.org\/wp-content\/uploads\/2024\/08\/pogrzeb5-1536x1025.jpg 1536w, https:\/\/kspnszz.org\/wp-content\/uploads\/2024\/08\/pogrzeb5.jpg 2048w\" sizes=\"(max-width: 1024px) 100vw, 1024px\" \/><\/a><\/figure><\/div>\n\n<p style=\"text-align: justify;\">W uroczysto\u015bciach wzi\u0119li udzia\u0142 przedstawiciele Regionalnej Sekcji NSZZ \u201eSolidarno\u015b\u0107\u201d Po\u017carnictwa Wielkopolski Krajowej Sekcji Po\u017carnictwa NSZZ \u201eSolidarno\u015b\u0107\u201d.<\/p>\n<p style=\"text-align: justify;\">\u015ap. st. ogn. Patryk Michalski odszed\u0142 na wieczn\u0105 s\u0142u\u017cb\u0119, maj\u0105c zaledwie 34 lata, pozostawiaj\u0105c pogr\u0105\u017conych w \u017ca\u0142obie najbli\u017cszych. S\u0142u\u017cb\u0119 w ochronie przeciwpo\u017carowej rozpocz\u0105\u0142 1 lutego 2012 r. w\u00a0Komendzie Miejskiej Pa\u0144stwowej Stra\u017cy Po\u017carnej we W\u0142oc\u0142awku. Od 1 stycznia 2017 roku pe\u0142ni\u0142 s\u0142u\u017cb\u0119 w Komendzie Miejskiej Pa\u0144stwowej Stra\u017cy Po\u017carnej w Poznaniu.<\/p>\n\n<div class=\"wp-block-image\">\n<figure class=\"aligncenter size-large is-resized\"><a href=\"http:\/\/kspnszz.org\/wp-content\/uploads\/2024\/08\/pogrzeb4.jpg\" data-rel=\"lightbox-image-1\" data-rl_title=\"\" data-rl_caption=\"\" title=\"\"><img loading=\"lazy\" decoding=\"async\" width=\"1024\" height=\"768\" src=\"http:\/\/kspnszz.org\/wp-content\/uploads\/2024\/08\/pogrzeb4-1024x768.jpg\" alt=\"\" class=\"wp-image-6541\" style=\"width:516px;height:auto\" srcset=\"https:\/\/kspnszz.org\/wp-content\/uploads\/2024\/08\/pogrzeb4-1024x768.jpg 1024w, https:\/\/kspnszz.org\/wp-content\/uploads\/2024\/08\/pogrzeb4-300x225.jpg 300w, https:\/\/kspnszz.org\/wp-content\/uploads\/2024\/08\/pogrzeb4-768x576.jpg 768w, https:\/\/kspnszz.org\/wp-content\/uploads\/2024\/08\/pogrzeb4.jpg 1123w\" sizes=\"(max-width: 1024px) 100vw, 1024px\" \/><\/a><\/figure><\/div>\n\n<p style=\"text-align: left;\">Fot. KG PSP, KSP<\/p>","protected":false},"excerpt":{"rendered":"<p>W pi\u0105tek, 30 sierpnia br. w Bazylice Archikatedralnej pw. \u015awi\u0119tych Aposto\u0142\u00f3w Piotra i Paw\u0142a w\u00a0Poznaniu po\u017cegnali\u015bmy \u015bp. st. ogn. Patryka Michalskiego, drugiego ze stra\u017cak\u00f3w kt\u00f3ry zgin\u0105\u0142 podczas po\u017caru kamienicy w Poznaniu. W uroczysto\u015bciach wzi\u0119li udzia\u0142 przedstawiciele Regionalnej Sekcji NSZZ \u201eSolidarno\u015b\u0107\u201d Po\u017carnictwa Wielkopolski Krajowej Sekcji Po\u017carnictwa NSZZ \u201eSolidarno\u015b\u0107\u201d. \u015ap. st. ogn. Patryk Michalski odszed\u0142 na wieczn\u0105 &hellip;<\/p>\n","protected":false},"author":2,"featured_media":6542,"comment_status":"closed","ping_status":"closed","sticky":false,"template":"","format":"standard","meta":{"footnotes":""},"categories":[2,1],"tags":[],"yoast_head":"<!-- This site is optimized with the Yoast SEO plugin v22.7 - https:\/\/yoast.com\/wordpress\/plugins\/seo\/ -->\n<title>Pogrzeb \u015bp. st. ogn. Patryka Michalskiego - KSPNSZZ<\/title>\n<meta name=\"robots\" content=\"index, follow, max-snippet:-1, max-image-preview:large, max-video-preview:-1\" \/>\n<link rel=\"canonical\" href=\"https:\/\/kspnszz.org\/index.php\/2024\/08\/30\/pogrzeb-sp-st-ogn-patryka-michalskiego\/\" \/>\n<meta property=\"og:locale\" content=\"pl_PL\" \/>\n<meta property=\"og:type\" content=\"article\" \/>\n<meta property=\"og:title\" content=\"Pogrzeb \u015bp. st. ogn. Patryka Michalskiego - KSPNSZZ\" \/>\n<meta property=\"og:description\" content=\"W pi\u0105tek, 30 sierpnia br. w Bazylice Archikatedralnej pw. \u015awi\u0119tych Aposto\u0142\u00f3w Piotra i Paw\u0142a w\u00a0Poznaniu po\u017cegnali\u015bmy \u015bp. st. ogn. Patryka Michalskiego, drugiego ze stra\u017cak\u00f3w kt\u00f3ry zgin\u0105\u0142 podczas po\u017caru kamienicy w Poznaniu. W uroczysto\u015bciach wzi\u0119li udzia\u0142 przedstawiciele Regionalnej Sekcji NSZZ \u201eSolidarno\u015b\u0107\u201d Po\u017carnictwa Wielkopolski Krajowej Sekcji Po\u017carnictwa NSZZ \u201eSolidarno\u015b\u0107\u201d. \u015ap. st. ogn. Patryk Michalski odszed\u0142 na wieczn\u0105 &hellip;\" \/>\n<meta property=\"og:url\" content=\"https:\/\/kspnszz.org\/index.php\/2024\/08\/30\/pogrzeb-sp-st-ogn-patryka-michalskiego\/\" \/>\n<meta property=\"og:site_name\" content=\"KSPNSZZ\" \/>\n<meta property=\"article:published_time\" content=\"2024-08-30T19:20:18+00:00\" \/>\n<meta property=\"article:modified_time\" content=\"2024-08-30T19:20:19+00:00\" \/>\n<meta property=\"og:image\" content=\"https:\/\/kspnszz.org\/wp-content\/uploads\/2024\/08\/pogrzeb5.jpg\" \/>\n\t<meta property=\"og:image:width\" content=\"2048\" \/>\n\t<meta property=\"og:image:height\" content=\"1366\" \/>\n\t<meta property=\"og:image:type\" content=\"image\/jpeg\" \/>\n<meta name=\"author\" content=\"bartlomiej\" \/>\n<meta name=\"twitter:card\" content=\"summary_large_image\" \/>\n<meta name=\"twitter:label1\" content=\"Napisane przez\" \/>\n\t<meta name=\"twitter:data1\" content=\"bartlomiej\" \/>\n\t<meta name=\"twitter:label2\" content=\"Szacowany czas czytania\" \/>\n\t<meta name=\"twitter:data2\" content=\"2 minuty\" \/>\n<script type=\"application\/ld+json\" class=\"yoast-schema-graph\">{\"@context\":\"https:\/\/schema.org\",\"@graph\":[{\"@type\":\"WebPage\",\"@id\":\"https:\/\/kspnszz.org\/index.php\/2024\/08\/30\/pogrzeb-sp-st-ogn-patryka-michalskiego\/\",\"url\":\"https:\/\/kspnszz.org\/index.php\/2024\/08\/30\/pogrzeb-sp-st-ogn-patryka-michalskiego\/\",\"name\":\"Pogrzeb \u015bp. st. ogn. Patryka Michalskiego - KSPNSZZ\",\"isPartOf\":{\"@id\":\"http:\/\/kspnszz.org\/#website\"},\"primaryImageOfPage\":{\"@id\":\"https:\/\/kspnszz.org\/index.php\/2024\/08\/30\/pogrzeb-sp-st-ogn-patryka-michalskiego\/#primaryimage\"},\"image\":{\"@id\":\"https:\/\/kspnszz.org\/index.php\/2024\/08\/30\/pogrzeb-sp-st-ogn-patryka-michalskiego\/#primaryimage\"},\"thumbnailUrl\":\"https:\/\/kspnszz.org\/wp-content\/uploads\/2024\/08\/pogrzeb5.jpg\",\"datePublished\":\"2024-08-30T19:20:18+00:00\",\"dateModified\":\"2024-08-30T19:20:19+00:00\",\"author\":{\"@id\":\"http:\/\/kspnszz.org\/#\/schema\/person\/31096cf196f706ef50ecbd878903cc13\"},\"breadcrumb\":{\"@id\":\"https:\/\/kspnszz.org\/index.php\/2024\/08\/30\/pogrzeb-sp-st-ogn-patryka-michalskiego\/#breadcrumb\"},\"inLanguage\":\"pl-PL\",\"potentialAction\":[{\"@type\":\"ReadAction\",\"target\":[\"https:\/\/kspnszz.org\/index.php\/2024\/08\/30\/pogrzeb-sp-st-ogn-patryka-michalskiego\/\"]}]},{\"@type\":\"ImageObject\",\"inLanguage\":\"pl-PL\",\"@id\":\"https:\/\/kspnszz.org\/index.php\/2024\/08\/30\/pogrzeb-sp-st-ogn-patryka-michalskiego\/#primaryimage\",\"url\":\"https:\/\/kspnszz.org\/wp-content\/uploads\/2024\/08\/pogrzeb5.jpg\",\"contentUrl\":\"https:\/\/kspnszz.org\/wp-content\/uploads\/2024\/08\/pogrzeb5.jpg\",\"width\":2048,\"height\":1366},{\"@type\":\"BreadcrumbList\",\"@id\":\"https:\/\/kspnszz.org\/index.php\/2024\/08\/30\/pogrzeb-sp-st-ogn-patryka-michalskiego\/#breadcrumb\",\"itemListElement\":[{\"@type\":\"ListItem\",\"position\":1,\"name\":\"Strona g\u0142\u00f3wna\",\"item\":\"http:\/\/kspnszz.org\/\"},{\"@type\":\"ListItem\",\"position\":2,\"name\":\"Pogrzeb \u015bp. st. ogn. Patryka Michalskiego\"}]},{\"@type\":\"WebSite\",\"@id\":\"http:\/\/kspnszz.org\/#website\",\"url\":\"http:\/\/kspnszz.org\/\",\"name\":\"KSPNSZZ\",\"description\":\"Krajowa Sekcja Po\u017carnictwa\",\"potentialAction\":[{\"@type\":\"SearchAction\",\"target\":{\"@type\":\"EntryPoint\",\"urlTemplate\":\"http:\/\/kspnszz.org\/?s={search_term_string}\"},\"query-input\":\"required name=search_term_string\"}],\"inLanguage\":\"pl-PL\"},{\"@type\":\"Person\",\"@id\":\"http:\/\/kspnszz.org\/#\/schema\/person\/31096cf196f706ef50ecbd878903cc13\",\"name\":\"bartlomiej\",\"image\":{\"@type\":\"ImageObject\",\"inLanguage\":\"pl-PL\",\"@id\":\"http:\/\/kspnszz.org\/#\/schema\/person\/image\/\",\"url\":\"https:\/\/secure.gravatar.com\/avatar\/cb681656f150968eb94b73c62cf58e52?s=96&d=mm&r=g\",\"contentUrl\":\"https:\/\/secure.gravatar.com\/avatar\/cb681656f150968eb94b73c62cf58e52?s=96&d=mm&r=g\",\"caption\":\"bartlomiej\"},\"url\":\"https:\/\/kspnszz.org\/index.php\/author\/bartlomiej\/\"}]}<\/script>\n<!-- \/ Yoast SEO plugin. -->","yoast_head_json":{"title":"Pogrzeb \u015bp. st. ogn. Patryka Michalskiego - KSPNSZZ","robots":{"index":"index","follow":"follow","max-snippet":"max-snippet:-1","max-image-preview":"max-image-preview:large","max-video-preview":"max-video-preview:-1"},"canonical":"https:\/\/kspnszz.org\/index.php\/2024\/08\/30\/pogrzeb-sp-st-ogn-patryka-michalskiego\/","og_locale":"pl_PL","og_type":"article","og_title":"Pogrzeb \u015bp. st. ogn. Patryka Michalskiego - KSPNSZZ","og_description":"W pi\u0105tek, 30 sierpnia br. w Bazylice Archikatedralnej pw. \u015awi\u0119tych Aposto\u0142\u00f3w Piotra i Paw\u0142a w\u00a0Poznaniu po\u017cegnali\u015bmy \u015bp. st. ogn. Patryka Michalskiego, drugiego ze stra\u017cak\u00f3w kt\u00f3ry zgin\u0105\u0142 podczas po\u017caru kamienicy w Poznaniu. W uroczysto\u015bciach wzi\u0119li udzia\u0142 przedstawiciele Regionalnej Sekcji NSZZ \u201eSolidarno\u015b\u0107\u201d Po\u017carnictwa Wielkopolski Krajowej Sekcji Po\u017carnictwa NSZZ \u201eSolidarno\u015b\u0107\u201d. \u015ap. st. ogn. Patryk Michalski odszed\u0142 na wieczn\u0105 &hellip;","og_url":"https:\/\/kspnszz.org\/index.php\/2024\/08\/30\/pogrzeb-sp-st-ogn-patryka-michalskiego\/","og_site_name":"KSPNSZZ","article_published_time":"2024-08-30T19:20:18+00:00","article_modified_time":"2024-08-30T19:20:19+00:00","og_image":[{"width":2048,"height":1366,"url":"https:\/\/kspnszz.org\/wp-content\/uploads\/2024\/08\/pogrzeb5.jpg","type":"image\/jpeg"}],"author":"bartlomiej","twitter_card":"summary_large_image","twitter_misc":{"Napisane przez":"bartlomiej","Szacowany czas czytania":"2 minuty"},"schema":{"@context":"https:\/\/schema.org","@graph":[{"@type":"WebPage","@id":"https:\/\/kspnszz.org\/index.php\/2024\/08\/30\/pogrzeb-sp-st-ogn-patryka-michalskiego\/","url":"https:\/\/kspnszz.org\/index.php\/2024\/08\/30\/pogrzeb-sp-st-ogn-patryka-michalskiego\/","name":"Pogrzeb \u015bp. st. ogn. Patryka Michalskiego - KSPNSZZ","isPartOf":{"@id":"http:\/\/kspnszz.org\/#website"},"primaryImageOfPage":{"@id":"https:\/\/kspnszz.org\/index.php\/2024\/08\/30\/pogrzeb-sp-st-ogn-patryka-michalskiego\/#primaryimage"},"image":{"@id":"https:\/\/kspnszz.org\/index.php\/2024\/08\/30\/pogrzeb-sp-st-ogn-patryka-michalskiego\/#primaryimage"},"thumbnailUrl":"https:\/\/kspnszz.org\/wp-content\/uploads\/2024\/08\/pogrzeb5.jpg","datePublished":"2024-08-30T19:20:18+00:00","dateModified":"2024-08-30T19:20:19+00:00","author":{"@id":"http:\/\/kspnszz.org\/#\/schema\/person\/31096cf196f706ef50ecbd878903cc13"},"breadcrumb":{"@id":"https:\/\/kspnszz.org\/index.php\/2024\/08\/30\/pogrzeb-sp-st-ogn-patryka-michalskiego\/#breadcrumb"},"inLanguage":"pl-PL","potentialAction":[{"@type":"ReadAction","target":["https:\/\/kspnszz.org\/index.php\/2024\/08\/30\/pogrzeb-sp-st-ogn-patryka-michalskiego\/"]}]},{"@type":"ImageObject","inLanguage":"pl-PL","@id":"https:\/\/kspnszz.org\/index.php\/2024\/08\/30\/pogrzeb-sp-st-ogn-patryka-michalskiego\/#primaryimage","url":"https:\/\/kspnszz.org\/wp-content\/uploads\/2024\/08\/pogrzeb5.jpg","contentUrl":"https:\/\/kspnszz.org\/wp-content\/uploads\/2024\/08\/pogrzeb5.jpg","width":2048,"height":1366},{"@type":"BreadcrumbList","@id":"https:\/\/kspnszz.org\/index.php\/2024\/08\/30\/pogrzeb-sp-st-ogn-patryka-michalskiego\/#breadcrumb","itemListElement":[{"@type":"ListItem","position":1,"name":"Strona g\u0142\u00f3wna","item":"http:\/\/kspnszz.org\/"},{"@type":"ListItem","position":2,"name":"Pogrzeb \u015bp. st. ogn. Patryka Michalskiego"}]},{"@type":"WebSite","@id":"http:\/\/kspnszz.org\/#website","url":"http:\/\/kspnszz.org\/","name":"KSPNSZZ","description":"Krajowa Sekcja Po\u017carnictwa","potentialAction":[{"@type":"SearchAction","target":{"@type":"EntryPoint","urlTemplate":"http:\/\/kspnszz.org\/?s={search_term_string}"},"query-input":"required name=search_term_string"}],"inLanguage":"pl-PL"},{"@type":"Person","@id":"http:\/\/kspnszz.org\/#\/schema\/person\/31096cf196f706ef50ecbd878903cc13","name":"bartlomiej","image":{"@type":"ImageObject","inLanguage":"pl-PL","@id":"http:\/\/kspnszz.org\/#\/schema\/person\/image\/","url":"https:\/\/secure.gravatar.com\/avatar\/cb681656f150968eb94b73c62cf58e52?s=96&d=mm&r=g","contentUrl":"https:\/\/secure.gravatar.com\/avatar\/cb681656f150968eb94b73c62cf58e52?s=96&d=mm&r=g","caption":"bartlomiej"},"url":"https:\/\/kspnszz.org\/index.php\/author\/bartlomiej\/"}]}},"_links":{"self":[{"href":"https:\/\/kspnszz.org\/index.php\/wp-json\/wp\/v2\/posts\/6543"}],"collection":[{"href":"https:\/\/kspnszz.org\/index.php\/wp-json\/wp\/v2\/posts"}],"about":[{"href":"https:\/\/kspnszz.org\/index.php\/wp-json\/wp\/v2\/types\/post"}],"author":[{"embeddable":true,"href":"https:\/\/kspnszz.org\/index.php\/wp-json\/wp\/v2\/users\/2"}],"replies":[{"embeddable":true,"href":"https:\/\/kspnszz.org\/index.php\/wp-json\/wp\/v2\/comments?post=6543"}],"version-history":[{"count":1,"href":"https:\/\/kspnszz.org\/index.php\/wp-json\/wp\/v2\/posts\/6543\/revisions"}],"predecessor-version":[{"id":6544,"href":"https:\/\/kspnszz.org\/index.php\/wp-json\/wp\/v2\/posts\/6543\/revisions\/6544"}],"wp:featuredmedia":[{"embeddable":true,"href":"https:\/\/kspnszz.org\/index.php\/wp-json\/wp\/v2\/media\/6542"}],"wp:attachment":[{"href":"https:\/\/kspnszz.org\/index.php\/wp-json\/wp\/v2\/media?parent=6543"}],"wp:term":[{"taxonomy":"category","embeddable":true,"href":"https:\/\/kspnszz.org\/index.php\/wp-json\/wp\/v2\/categories?post=6543"},{"taxonomy":"post_tag","embeddable":true,"href":"https:\/\/kspnszz.org\/index.php\/wp-json\/wp\/v2\/tags?post=6543"}],"curies":[{"name":"wp","href":"https:\/\/api.w.org\/{rel}","templated":true}]}}