{"id":5963,"date":"2024-03-06T10:07:40","date_gmt":"2024-03-06T09:07:40","guid":{"rendered":"http:\/\/kspnszz.org\/?p=5963"},"modified":"2024-03-06T11:49:57","modified_gmt":"2024-03-06T10:49:57","slug":"podwyzki-dla-pracownikow-psp-zawsze-beda-jednym-z-priorytetow-solidarnosci-strazackiej","status":"publish","type":"post","link":"https:\/\/kspnszz.org\/index.php\/2024\/03\/06\/podwyzki-dla-pracownikow-psp-zawsze-beda-jednym-z-priorytetow-solidarnosci-strazackiej\/","title":{"rendered":"Podwy\u017cki dla pracownik\u00f3w PSP zawsze b\u0119d\u0105 jednym z priorytet\u00f3w stra\u017cackiej Solidarno\u015bci"},"content":{"rendered":"<p style=\"text-align: justify;\"><strong>W Komendzie G\u0142\u00f3wnej PSP, 5 marca\u00a0 2024 r., odby\u0142o si\u0119 spotkanie zaaran\u017cowane przez NSZZ Solidarno\u015b\u0107 z pracownikami cywilnymi zatrudnionymi w PSP i kierownictwem Komendy G\u0142\u00f3wnej PSP.<\/strong><\/p>\n<p><a href=\"http:\/\/kspnszz.org\/wp-content\/uploads\/2024\/03\/Spotkanie-cywile-KG.jpeg\" data-rel=\"lightbox-image-0\" data-rl_title=\"\" data-rl_caption=\"\" title=\"\"><img loading=\"lazy\" decoding=\"async\" class=\"aligncenter size-large wp-image-5965\" src=\"http:\/\/kspnszz.org\/wp-content\/uploads\/2024\/03\/Spotkanie-cywile-KG-1024x682.jpeg\" alt=\"Spotkanie cywile KG\" width=\"618\" height=\"412\" srcset=\"https:\/\/kspnszz.org\/wp-content\/uploads\/2024\/03\/Spotkanie-cywile-KG-1024x682.jpeg 1024w, https:\/\/kspnszz.org\/wp-content\/uploads\/2024\/03\/Spotkanie-cywile-KG-300x200.jpeg 300w, https:\/\/kspnszz.org\/wp-content\/uploads\/2024\/03\/Spotkanie-cywile-KG.jpeg 1600w\" sizes=\"(max-width: 618px) 100vw, 618px\" \/><\/a><\/p>\n<p style=\"font-weight: 400;\">W trakcie spotkania, przedstawicielki pracownik\u00f3w cywilnych przedstawi\u0142y informacje, na kt\u00f3re nale\u017cy zwr\u00f3ci\u0107 szczeg\u00f3ln\u0105 uwag\u0119 w celu polepszenia bytu tych\u017ce pracownik\u00f3w. Strona s\u0142u\u017cbowa wyrazi\u0142a pe\u0142n\u0105 aprobat\u0119 i zgodzi\u0142a si\u0119 ze zg\u0142oszonymi przez przedstawicieli cywili argumentami, w tym w szczeg\u00f3lno\u015bci zmian wynagrodze\u0144. Rozmowy by\u0142y prowadzone w spos\u00f3b merytoryczny, w atmosferze wzajemnego szacunku.<\/p>\n<p style=\"font-weight: 400;\"><a href=\"http:\/\/kspnszz.org\/wp-content\/uploads\/2024\/03\/Spotkanie-cywile-KG-2.jpeg\" data-rel=\"lightbox-image-1\" data-rl_title=\"\" data-rl_caption=\"\" title=\"\"><img loading=\"lazy\" decoding=\"async\" class=\"aligncenter size-large wp-image-5964\" src=\"http:\/\/kspnszz.org\/wp-content\/uploads\/2024\/03\/Spotkanie-cywile-KG-2-1024x682.jpeg\" alt=\"Spotkanie cywile KG 2\" width=\"618\" height=\"412\" srcset=\"https:\/\/kspnszz.org\/wp-content\/uploads\/2024\/03\/Spotkanie-cywile-KG-2-1024x682.jpeg 1024w, https:\/\/kspnszz.org\/wp-content\/uploads\/2024\/03\/Spotkanie-cywile-KG-2-300x200.jpeg 300w, https:\/\/kspnszz.org\/wp-content\/uploads\/2024\/03\/Spotkanie-cywile-KG-2.jpeg 1600w\" sizes=\"(max-width: 618px) 100vw, 618px\" \/><\/a><\/p>\n<p style=\"font-weight: 400;\">Ze strony s\u0142u\u017cbowej w spotkaniu udzia\u0142 wzi\u0119li:<\/p>\n<ol>\n<li style=\"font-weight: 400;\"><strong>bryg. Pawe\u0142 Fliszkiewicz,<\/strong><\/li>\n<li style=\"font-weight: 400;\"><strong>bryg. Jaros\u0142aw Kocio\u0142ek,<\/strong><\/li>\n<li style=\"font-weight: 400;\"><strong>bryg. Rafa\u0142 Zdziennicki.<\/strong><\/li>\n<\/ol>\n<p style=\"font-weight: 400;\">Prezydium Krajowej Sekcji Po\u017carnictwa NSZZ Solidarno\u015b\u0107 reprezentowa\u0142 zast\u0119pca przewodnicz\u0105cego\u00a0<strong>kol. Tomasz Richert.<\/strong><\/p>\n<p style=\"font-weight: 400;\">Pracownik\u00f3w cywilnych w PSP reprezentowa\u0142y panie\u00a0<strong>Bo\u017cena Kruk i Ma\u0142gorzata Busz.<\/strong><\/p>\n","protected":false},"excerpt":{"rendered":"<p>W Komendzie G\u0142\u00f3wnej PSP, 5 marca\u00a0 2024 r., odby\u0142o si\u0119 spotkanie zaaran\u017cowane przez NSZZ Solidarno\u015b\u0107 z pracownikami cywilnymi zatrudnionymi w PSP i kierownictwem Komendy G\u0142\u00f3wnej PSP. W trakcie spotkania, przedstawicielki pracownik\u00f3w cywilnych przedstawi\u0142y informacje, na kt\u00f3re nale\u017cy zwr\u00f3ci\u0107 szczeg\u00f3ln\u0105 uwag\u0119 w celu polepszenia bytu tych\u017ce pracownik\u00f3w. Strona s\u0142u\u017cbowa wyrazi\u0142a pe\u0142n\u0105 aprobat\u0119 i zgodzi\u0142a si\u0119 ze &hellip;<\/p>\n","protected":false},"author":2,"featured_media":5964,"comment_status":"closed","ping_status":"closed","sticky":false,"template":"","format":"standard","meta":{"footnotes":""},"categories":[2,1],"tags":[],"yoast_head":"<!-- This site is optimized with the Yoast SEO plugin v22.7 - https:\/\/yoast.com\/wordpress\/plugins\/seo\/ -->\n<title>Podwy\u017cki dla pracownik\u00f3w PSP zawsze b\u0119d\u0105 jednym z priorytet\u00f3w stra\u017cackiej Solidarno\u015bci - KSPNSZZ<\/title>\n<meta name=\"robots\" content=\"index, follow, max-snippet:-1, max-image-preview:large, max-video-preview:-1\" \/>\n<link rel=\"canonical\" href=\"https:\/\/kspnszz.org\/index.php\/2024\/03\/06\/podwyzki-dla-pracownikow-psp-zawsze-beda-jednym-z-priorytetow-solidarnosci-strazackiej\/\" \/>\n<meta property=\"og:locale\" content=\"pl_PL\" \/>\n<meta property=\"og:type\" content=\"article\" \/>\n<meta property=\"og:title\" content=\"Podwy\u017cki dla pracownik\u00f3w PSP zawsze b\u0119d\u0105 jednym z priorytet\u00f3w stra\u017cackiej Solidarno\u015bci - KSPNSZZ\" \/>\n<meta property=\"og:description\" content=\"W Komendzie G\u0142\u00f3wnej PSP, 5 marca\u00a0 2024 r., odby\u0142o si\u0119 spotkanie zaaran\u017cowane przez NSZZ Solidarno\u015b\u0107 z pracownikami cywilnymi zatrudnionymi w PSP i kierownictwem Komendy G\u0142\u00f3wnej PSP. W trakcie spotkania, przedstawicielki pracownik\u00f3w cywilnych przedstawi\u0142y informacje, na kt\u00f3re nale\u017cy zwr\u00f3ci\u0107 szczeg\u00f3ln\u0105 uwag\u0119 w celu polepszenia bytu tych\u017ce pracownik\u00f3w. Strona s\u0142u\u017cbowa wyrazi\u0142a pe\u0142n\u0105 aprobat\u0119 i zgodzi\u0142a si\u0119 ze &hellip;\" \/>\n<meta property=\"og:url\" content=\"https:\/\/kspnszz.org\/index.php\/2024\/03\/06\/podwyzki-dla-pracownikow-psp-zawsze-beda-jednym-z-priorytetow-solidarnosci-strazackiej\/\" \/>\n<meta property=\"og:site_name\" content=\"KSPNSZZ\" \/>\n<meta property=\"article:published_time\" content=\"2024-03-06T09:07:40+00:00\" \/>\n<meta property=\"article:modified_time\" content=\"2024-03-06T10:49:57+00:00\" \/>\n<meta property=\"og:image\" content=\"https:\/\/kspnszz.org\/wp-content\/uploads\/2024\/03\/Spotkanie-cywile-KG-2.jpeg\" \/>\n\t<meta property=\"og:image:width\" content=\"1600\" \/>\n\t<meta property=\"og:image:height\" content=\"1066\" \/>\n\t<meta property=\"og:image:type\" content=\"image\/jpeg\" \/>\n<meta name=\"author\" content=\"bartlomiej\" \/>\n<meta name=\"twitter:card\" content=\"summary_large_image\" \/>\n<meta name=\"twitter:label1\" content=\"Napisane przez\" \/>\n\t<meta name=\"twitter:data1\" content=\"bartlomiej\" \/>\n\t<meta name=\"twitter:label2\" content=\"Szacowany czas czytania\" \/>\n\t<meta name=\"twitter:data2\" content=\"1 minuta\" \/>\n<script type=\"application\/ld+json\" class=\"yoast-schema-graph\">{\"@context\":\"https:\/\/schema.org\",\"@graph\":[{\"@type\":\"WebPage\",\"@id\":\"https:\/\/kspnszz.org\/index.php\/2024\/03\/06\/podwyzki-dla-pracownikow-psp-zawsze-beda-jednym-z-priorytetow-solidarnosci-strazackiej\/\",\"url\":\"https:\/\/kspnszz.org\/index.php\/2024\/03\/06\/podwyzki-dla-pracownikow-psp-zawsze-beda-jednym-z-priorytetow-solidarnosci-strazackiej\/\",\"name\":\"Podwy\u017cki dla pracownik\u00f3w PSP zawsze b\u0119d\u0105 jednym z priorytet\u00f3w stra\u017cackiej Solidarno\u015bci - KSPNSZZ\",\"isPartOf\":{\"@id\":\"http:\/\/kspnszz.org\/#website\"},\"primaryImageOfPage\":{\"@id\":\"https:\/\/kspnszz.org\/index.php\/2024\/03\/06\/podwyzki-dla-pracownikow-psp-zawsze-beda-jednym-z-priorytetow-solidarnosci-strazackiej\/#primaryimage\"},\"image\":{\"@id\":\"https:\/\/kspnszz.org\/index.php\/2024\/03\/06\/podwyzki-dla-pracownikow-psp-zawsze-beda-jednym-z-priorytetow-solidarnosci-strazackiej\/#primaryimage\"},\"thumbnailUrl\":\"https:\/\/kspnszz.org\/wp-content\/uploads\/2024\/03\/Spotkanie-cywile-KG-2.jpeg\",\"datePublished\":\"2024-03-06T09:07:40+00:00\",\"dateModified\":\"2024-03-06T10:49:57+00:00\",\"author\":{\"@id\":\"http:\/\/kspnszz.org\/#\/schema\/person\/31096cf196f706ef50ecbd878903cc13\"},\"breadcrumb\":{\"@id\":\"https:\/\/kspnszz.org\/index.php\/2024\/03\/06\/podwyzki-dla-pracownikow-psp-zawsze-beda-jednym-z-priorytetow-solidarnosci-strazackiej\/#breadcrumb\"},\"inLanguage\":\"pl-PL\",\"potentialAction\":[{\"@type\":\"ReadAction\",\"target\":[\"https:\/\/kspnszz.org\/index.php\/2024\/03\/06\/podwyzki-dla-pracownikow-psp-zawsze-beda-jednym-z-priorytetow-solidarnosci-strazackiej\/\"]}]},{\"@type\":\"ImageObject\",\"inLanguage\":\"pl-PL\",\"@id\":\"https:\/\/kspnszz.org\/index.php\/2024\/03\/06\/podwyzki-dla-pracownikow-psp-zawsze-beda-jednym-z-priorytetow-solidarnosci-strazackiej\/#primaryimage\",\"url\":\"https:\/\/kspnszz.org\/wp-content\/uploads\/2024\/03\/Spotkanie-cywile-KG-2.jpeg\",\"contentUrl\":\"https:\/\/kspnszz.org\/wp-content\/uploads\/2024\/03\/Spotkanie-cywile-KG-2.jpeg\",\"width\":1600,\"height\":1066},{\"@type\":\"BreadcrumbList\",\"@id\":\"https:\/\/kspnszz.org\/index.php\/2024\/03\/06\/podwyzki-dla-pracownikow-psp-zawsze-beda-jednym-z-priorytetow-solidarnosci-strazackiej\/#breadcrumb\",\"itemListElement\":[{\"@type\":\"ListItem\",\"position\":1,\"name\":\"Strona g\u0142\u00f3wna\",\"item\":\"http:\/\/kspnszz.org\/\"},{\"@type\":\"ListItem\",\"position\":2,\"name\":\"Podwy\u017cki dla pracownik\u00f3w PSP zawsze b\u0119d\u0105 jednym z priorytet\u00f3w stra\u017cackiej Solidarno\u015bci\"}]},{\"@type\":\"WebSite\",\"@id\":\"http:\/\/kspnszz.org\/#website\",\"url\":\"http:\/\/kspnszz.org\/\",\"name\":\"KSPNSZZ\",\"description\":\"Krajowa Sekcja Po\u017carnictwa\",\"potentialAction\":[{\"@type\":\"SearchAction\",\"target\":{\"@type\":\"EntryPoint\",\"urlTemplate\":\"http:\/\/kspnszz.org\/?s={search_term_string}\"},\"query-input\":\"required name=search_term_string\"}],\"inLanguage\":\"pl-PL\"},{\"@type\":\"Person\",\"@id\":\"http:\/\/kspnszz.org\/#\/schema\/person\/31096cf196f706ef50ecbd878903cc13\",\"name\":\"bartlomiej\",\"image\":{\"@type\":\"ImageObject\",\"inLanguage\":\"pl-PL\",\"@id\":\"http:\/\/kspnszz.org\/#\/schema\/person\/image\/\",\"url\":\"https:\/\/secure.gravatar.com\/avatar\/cb681656f150968eb94b73c62cf58e52?s=96&d=mm&r=g\",\"contentUrl\":\"https:\/\/secure.gravatar.com\/avatar\/cb681656f150968eb94b73c62cf58e52?s=96&d=mm&r=g\",\"caption\":\"bartlomiej\"},\"url\":\"https:\/\/kspnszz.org\/index.php\/author\/bartlomiej\/\"}]}<\/script>\n<!-- \/ Yoast SEO plugin. -->","yoast_head_json":{"title":"Podwy\u017cki dla pracownik\u00f3w PSP zawsze b\u0119d\u0105 jednym z priorytet\u00f3w stra\u017cackiej Solidarno\u015bci - KSPNSZZ","robots":{"index":"index","follow":"follow","max-snippet":"max-snippet:-1","max-image-preview":"max-image-preview:large","max-video-preview":"max-video-preview:-1"},"canonical":"https:\/\/kspnszz.org\/index.php\/2024\/03\/06\/podwyzki-dla-pracownikow-psp-zawsze-beda-jednym-z-priorytetow-solidarnosci-strazackiej\/","og_locale":"pl_PL","og_type":"article","og_title":"Podwy\u017cki dla pracownik\u00f3w PSP zawsze b\u0119d\u0105 jednym z priorytet\u00f3w stra\u017cackiej Solidarno\u015bci - KSPNSZZ","og_description":"W Komendzie G\u0142\u00f3wnej PSP, 5 marca\u00a0 2024 r., odby\u0142o si\u0119 spotkanie zaaran\u017cowane przez NSZZ Solidarno\u015b\u0107 z pracownikami cywilnymi zatrudnionymi w PSP i kierownictwem Komendy G\u0142\u00f3wnej PSP. W trakcie spotkania, przedstawicielki pracownik\u00f3w cywilnych przedstawi\u0142y informacje, na kt\u00f3re nale\u017cy zwr\u00f3ci\u0107 szczeg\u00f3ln\u0105 uwag\u0119 w celu polepszenia bytu tych\u017ce pracownik\u00f3w. Strona s\u0142u\u017cbowa wyrazi\u0142a pe\u0142n\u0105 aprobat\u0119 i zgodzi\u0142a si\u0119 ze &hellip;","og_url":"https:\/\/kspnszz.org\/index.php\/2024\/03\/06\/podwyzki-dla-pracownikow-psp-zawsze-beda-jednym-z-priorytetow-solidarnosci-strazackiej\/","og_site_name":"KSPNSZZ","article_published_time":"2024-03-06T09:07:40+00:00","article_modified_time":"2024-03-06T10:49:57+00:00","og_image":[{"width":1600,"height":1066,"url":"https:\/\/kspnszz.org\/wp-content\/uploads\/2024\/03\/Spotkanie-cywile-KG-2.jpeg","type":"image\/jpeg"}],"author":"bartlomiej","twitter_card":"summary_large_image","twitter_misc":{"Napisane przez":"bartlomiej","Szacowany czas czytania":"1 minuta"},"schema":{"@context":"https:\/\/schema.org","@graph":[{"@type":"WebPage","@id":"https:\/\/kspnszz.org\/index.php\/2024\/03\/06\/podwyzki-dla-pracownikow-psp-zawsze-beda-jednym-z-priorytetow-solidarnosci-strazackiej\/","url":"https:\/\/kspnszz.org\/index.php\/2024\/03\/06\/podwyzki-dla-pracownikow-psp-zawsze-beda-jednym-z-priorytetow-solidarnosci-strazackiej\/","name":"Podwy\u017cki dla pracownik\u00f3w PSP zawsze b\u0119d\u0105 jednym z priorytet\u00f3w stra\u017cackiej Solidarno\u015bci - KSPNSZZ","isPartOf":{"@id":"http:\/\/kspnszz.org\/#website"},"primaryImageOfPage":{"@id":"https:\/\/kspnszz.org\/index.php\/2024\/03\/06\/podwyzki-dla-pracownikow-psp-zawsze-beda-jednym-z-priorytetow-solidarnosci-strazackiej\/#primaryimage"},"image":{"@id":"https:\/\/kspnszz.org\/index.php\/2024\/03\/06\/podwyzki-dla-pracownikow-psp-zawsze-beda-jednym-z-priorytetow-solidarnosci-strazackiej\/#primaryimage"},"thumbnailUrl":"https:\/\/kspnszz.org\/wp-content\/uploads\/2024\/03\/Spotkanie-cywile-KG-2.jpeg","datePublished":"2024-03-06T09:07:40+00:00","dateModified":"2024-03-06T10:49:57+00:00","author":{"@id":"http:\/\/kspnszz.org\/#\/schema\/person\/31096cf196f706ef50ecbd878903cc13"},"breadcrumb":{"@id":"https:\/\/kspnszz.org\/index.php\/2024\/03\/06\/podwyzki-dla-pracownikow-psp-zawsze-beda-jednym-z-priorytetow-solidarnosci-strazackiej\/#breadcrumb"},"inLanguage":"pl-PL","potentialAction":[{"@type":"ReadAction","target":["https:\/\/kspnszz.org\/index.php\/2024\/03\/06\/podwyzki-dla-pracownikow-psp-zawsze-beda-jednym-z-priorytetow-solidarnosci-strazackiej\/"]}]},{"@type":"ImageObject","inLanguage":"pl-PL","@id":"https:\/\/kspnszz.org\/index.php\/2024\/03\/06\/podwyzki-dla-pracownikow-psp-zawsze-beda-jednym-z-priorytetow-solidarnosci-strazackiej\/#primaryimage","url":"https:\/\/kspnszz.org\/wp-content\/uploads\/2024\/03\/Spotkanie-cywile-KG-2.jpeg","contentUrl":"https:\/\/kspnszz.org\/wp-content\/uploads\/2024\/03\/Spotkanie-cywile-KG-2.jpeg","width":1600,"height":1066},{"@type":"BreadcrumbList","@id":"https:\/\/kspnszz.org\/index.php\/2024\/03\/06\/podwyzki-dla-pracownikow-psp-zawsze-beda-jednym-z-priorytetow-solidarnosci-strazackiej\/#breadcrumb","itemListElement":[{"@type":"ListItem","position":1,"name":"Strona g\u0142\u00f3wna","item":"http:\/\/kspnszz.org\/"},{"@type":"ListItem","position":2,"name":"Podwy\u017cki dla pracownik\u00f3w PSP zawsze b\u0119d\u0105 jednym z priorytet\u00f3w stra\u017cackiej Solidarno\u015bci"}]},{"@type":"WebSite","@id":"http:\/\/kspnszz.org\/#website","url":"http:\/\/kspnszz.org\/","name":"KSPNSZZ","description":"Krajowa Sekcja Po\u017carnictwa","potentialAction":[{"@type":"SearchAction","target":{"@type":"EntryPoint","urlTemplate":"http:\/\/kspnszz.org\/?s={search_term_string}"},"query-input":"required name=search_term_string"}],"inLanguage":"pl-PL"},{"@type":"Person","@id":"http:\/\/kspnszz.org\/#\/schema\/person\/31096cf196f706ef50ecbd878903cc13","name":"bartlomiej","image":{"@type":"ImageObject","inLanguage":"pl-PL","@id":"http:\/\/kspnszz.org\/#\/schema\/person\/image\/","url":"https:\/\/secure.gravatar.com\/avatar\/cb681656f150968eb94b73c62cf58e52?s=96&d=mm&r=g","contentUrl":"https:\/\/secure.gravatar.com\/avatar\/cb681656f150968eb94b73c62cf58e52?s=96&d=mm&r=g","caption":"bartlomiej"},"url":"https:\/\/kspnszz.org\/index.php\/author\/bartlomiej\/"}]}},"_links":{"self":[{"href":"https:\/\/kspnszz.org\/index.php\/wp-json\/wp\/v2\/posts\/5963"}],"collection":[{"href":"https:\/\/kspnszz.org\/index.php\/wp-json\/wp\/v2\/posts"}],"about":[{"href":"https:\/\/kspnszz.org\/index.php\/wp-json\/wp\/v2\/types\/post"}],"author":[{"embeddable":true,"href":"https:\/\/kspnszz.org\/index.php\/wp-json\/wp\/v2\/users\/2"}],"replies":[{"embeddable":true,"href":"https:\/\/kspnszz.org\/index.php\/wp-json\/wp\/v2\/comments?post=5963"}],"version-history":[{"count":7,"href":"https:\/\/kspnszz.org\/index.php\/wp-json\/wp\/v2\/posts\/5963\/revisions"}],"predecessor-version":[{"id":5972,"href":"https:\/\/kspnszz.org\/index.php\/wp-json\/wp\/v2\/posts\/5963\/revisions\/5972"}],"wp:featuredmedia":[{"embeddable":true,"href":"https:\/\/kspnszz.org\/index.php\/wp-json\/wp\/v2\/media\/5964"}],"wp:attachment":[{"href":"https:\/\/kspnszz.org\/index.php\/wp-json\/wp\/v2\/media?parent=5963"}],"wp:term":[{"taxonomy":"category","embeddable":true,"href":"https:\/\/kspnszz.org\/index.php\/wp-json\/wp\/v2\/categories?post=5963"},{"taxonomy":"post_tag","embeddable":true,"href":"https:\/\/kspnszz.org\/index.php\/wp-json\/wp\/v2\/tags?post=5963"}],"curies":[{"name":"wp","href":"https:\/\/api.w.org\/{rel}","templated":true}]}}