{"id":5899,"date":"2024-02-22T07:52:42","date_gmt":"2024-02-22T06:52:42","guid":{"rendered":"http:\/\/kspnszz.org\/?p=5899"},"modified":"2024-02-22T07:52:42","modified_gmt":"2024-02-22T06:52:42","slug":"spotkanie-slaskich-zwiazkowcow-z-nowym-komendantem","status":"publish","type":"post","link":"https:\/\/kspnszz.org\/index.php\/2024\/02\/22\/spotkanie-slaskich-zwiazkowcow-z-nowym-komendantem\/","title":{"rendered":"Spotkanie \u015bl\u0105skich zwi\u0105zkowc\u00f3w z nowym komendantem"},"content":{"rendered":"<p style=\"text-align: justify;\"><strong>St. bryg. mgr in\u017c. Wojciech Kruczek by\u0142 go\u015bciem na\u00a0posiedzeniu Rady Mi\u0119dzyregionalnej \u015al\u0105skiej Sekcji Po\u017carnictwa NSZZ \u201eSolidarno\u015b\u0107\u201d, kt\u00f3re odby\u0142o si\u0119 21 lutego br. w Katowicach. Spotkanie by\u0142o doskona\u0142\u0105 okazj\u0105 do przedstawienia oczekiwa\u0144 co do dalszej wsp\u00f3\u0142pracy z nowym \u015al\u0105skim Komendantem Wojew\u00f3dzkim PSP.<\/strong><\/p>\n<p style=\"text-align: justify;\"><a href=\"http:\/\/kspnszz.org\/wp-content\/uploads\/2024\/02\/f7fe91cd-9b1d-4ffd-89db-f839714fffa9.jpg\" data-rel=\"lightbox-image-0\" data-rl_title=\"\" data-rl_caption=\"\" title=\"\"><img loading=\"lazy\" decoding=\"async\" class=\"aligncenter  wp-image-5897\" src=\"http:\/\/kspnszz.org\/wp-content\/uploads\/2024\/02\/f7fe91cd-9b1d-4ffd-89db-f839714fffa9-1024x642.jpg\" alt=\"f7fe91cd-9b1d-4ffd-89db-f839714fffa9\" width=\"419\" height=\"262\" srcset=\"https:\/\/kspnszz.org\/wp-content\/uploads\/2024\/02\/f7fe91cd-9b1d-4ffd-89db-f839714fffa9-1024x642.jpg 1024w, https:\/\/kspnszz.org\/wp-content\/uploads\/2024\/02\/f7fe91cd-9b1d-4ffd-89db-f839714fffa9-300x188.jpg 300w, https:\/\/kspnszz.org\/wp-content\/uploads\/2024\/02\/f7fe91cd-9b1d-4ffd-89db-f839714fffa9.jpg 1600w\" sizes=\"(max-width: 419px) 100vw, 419px\" \/><\/a><\/p>\n<p style=\"text-align: justify;\">W trakcie posiedzenia przewodnicz\u0105cy M\u015aSP Adam Rogoza z\u0142o\u017cy\u0142 sprawozdanie z dzia\u0142ania Sekcji w\u00a02023\u00a0r. Zaprezentowane zosta\u0142y r\u00f3wnie\u017c sprawozdania z dzia\u0142alno\u015bci Fundacji Solidarni oraz Komisji Socjalnej do spraw emeryt\u00f3w i rencist\u00f3w PSP.<\/p>\n<p style=\"text-align: justify;\">Om\u00f3wiono r\u00f3wnie\u017c przebieg ostatniego posiedzenia Rady Krajowej Sekcji Po\u017carnictwa NSZZ \u201eSolidarno\u015b\u0107\u201d i podj\u0119te tam stanowiska, w tym r\u00f3wnie\u017c kwestie tegorocznych podwy\u017cek.<\/p>\n<p style=\"text-align: justify;\">Kolega Mateusz Pietrzyk przedstawi\u0142 informacj\u0119 dotycz\u0105c\u0105 narz\u0119dzi do komunikacji wewn\u0119trznej i\u00a0zewn\u0119trznej, w tym profili w mediach spo\u0142eczno\u015bciowych.<\/p>\n<p style=\"text-align: justify;\">Zwi\u0105zkowcy przedyskutowali tak\u017ce inne tematy dotycz\u0105ce bie\u017c\u0105cej dzia\u0142alno\u015bci zwi\u0105zku, m.in. poruszono temat organizowania szkole\u0144.<\/p>\n<p style=\"text-align: justify;\"><a href=\"http:\/\/kspnszz.org\/wp-content\/uploads\/2024\/02\/429092195_934015294787457_7987858056671294850_n.jpg\" data-rel=\"lightbox-image-1\" data-rl_title=\"\" data-rl_caption=\"\" title=\"\"><img loading=\"lazy\" decoding=\"async\" class=\"aligncenter  wp-image-5898\" src=\"http:\/\/kspnszz.org\/wp-content\/uploads\/2024\/02\/429092195_934015294787457_7987858056671294850_n-1024x627.jpg\" alt=\"429092195_934015294787457_7987858056671294850_n\" width=\"423\" height=\"259\" srcset=\"https:\/\/kspnszz.org\/wp-content\/uploads\/2024\/02\/429092195_934015294787457_7987858056671294850_n-1024x627.jpg 1024w, https:\/\/kspnszz.org\/wp-content\/uploads\/2024\/02\/429092195_934015294787457_7987858056671294850_n-300x184.jpg 300w, https:\/\/kspnszz.org\/wp-content\/uploads\/2024\/02\/429092195_934015294787457_7987858056671294850_n.jpg 1497w\" sizes=\"(max-width: 423px) 100vw, 423px\" \/><\/a><\/p>\n<p style=\"text-align: justify;\">\n<p style=\"text-align: justify;\"><a href=\"http:\/\/kspnszz.org\/wp-content\/uploads\/2024\/02\/6362ce06-0429-4062-be0e-f62ad80765f4.jpg\" data-rel=\"lightbox-image-2\" data-rl_title=\"\" data-rl_caption=\"\" title=\"\"><img loading=\"lazy\" decoding=\"async\" class=\"aligncenter  wp-image-5896\" src=\"http:\/\/kspnszz.org\/wp-content\/uploads\/2024\/02\/6362ce06-0429-4062-be0e-f62ad80765f4-1024x640.jpg\" alt=\"6362ce06-0429-4062-be0e-f62ad80765f4\" width=\"424\" height=\"265\" srcset=\"https:\/\/kspnszz.org\/wp-content\/uploads\/2024\/02\/6362ce06-0429-4062-be0e-f62ad80765f4-1024x640.jpg 1024w, https:\/\/kspnszz.org\/wp-content\/uploads\/2024\/02\/6362ce06-0429-4062-be0e-f62ad80765f4-300x188.jpg 300w, https:\/\/kspnszz.org\/wp-content\/uploads\/2024\/02\/6362ce06-0429-4062-be0e-f62ad80765f4.jpg 1600w\" sizes=\"(max-width: 424px) 100vw, 424px\" \/><\/a><\/p>\n","protected":false},"excerpt":{"rendered":"<p>St. bryg. mgr in\u017c. Wojciech Kruczek by\u0142 go\u015bciem na\u00a0posiedzeniu Rady Mi\u0119dzyregionalnej \u015al\u0105skiej Sekcji Po\u017carnictwa NSZZ \u201eSolidarno\u015b\u0107\u201d, kt\u00f3re odby\u0142o si\u0119 21 lutego br. w Katowicach. Spotkanie by\u0142o doskona\u0142\u0105 okazj\u0105 do przedstawienia oczekiwa\u0144 co do dalszej wsp\u00f3\u0142pracy z nowym \u015al\u0105skim Komendantem Wojew\u00f3dzkim PSP. W trakcie posiedzenia przewodnicz\u0105cy M\u015aSP Adam Rogoza z\u0142o\u017cy\u0142 sprawozdanie z dzia\u0142ania Sekcji w\u00a02023\u00a0r. Zaprezentowane &hellip;<\/p>\n","protected":false},"author":2,"featured_media":5896,"comment_status":"closed","ping_status":"closed","sticky":false,"template":"","format":"standard","meta":{"footnotes":""},"categories":[2],"tags":[],"yoast_head":"<!-- This site is optimized with the Yoast SEO plugin v22.7 - https:\/\/yoast.com\/wordpress\/plugins\/seo\/ -->\n<title>Spotkanie \u015bl\u0105skich zwi\u0105zkowc\u00f3w z nowym komendantem - KSPNSZZ<\/title>\n<meta name=\"robots\" content=\"index, follow, max-snippet:-1, max-image-preview:large, max-video-preview:-1\" \/>\n<link rel=\"canonical\" href=\"http:\/\/kspnszz.org\/index.php\/2024\/02\/22\/spotkanie-slaskich-zwiazkowcow-z-nowym-komendantem\/\" \/>\n<meta property=\"og:locale\" content=\"pl_PL\" \/>\n<meta property=\"og:type\" content=\"article\" \/>\n<meta property=\"og:title\" content=\"Spotkanie \u015bl\u0105skich zwi\u0105zkowc\u00f3w z nowym komendantem - KSPNSZZ\" \/>\n<meta property=\"og:description\" content=\"St. bryg. mgr in\u017c. Wojciech Kruczek by\u0142 go\u015bciem na\u00a0posiedzeniu Rady Mi\u0119dzyregionalnej \u015al\u0105skiej Sekcji Po\u017carnictwa NSZZ \u201eSolidarno\u015b\u0107\u201d, kt\u00f3re odby\u0142o si\u0119 21 lutego br. w Katowicach. Spotkanie by\u0142o doskona\u0142\u0105 okazj\u0105 do przedstawienia oczekiwa\u0144 co do dalszej wsp\u00f3\u0142pracy z nowym \u015al\u0105skim Komendantem Wojew\u00f3dzkim PSP. W trakcie posiedzenia przewodnicz\u0105cy M\u015aSP Adam Rogoza z\u0142o\u017cy\u0142 sprawozdanie z dzia\u0142ania Sekcji w\u00a02023\u00a0r. Zaprezentowane &hellip;\" \/>\n<meta property=\"og:url\" content=\"http:\/\/kspnszz.org\/index.php\/2024\/02\/22\/spotkanie-slaskich-zwiazkowcow-z-nowym-komendantem\/\" \/>\n<meta property=\"og:site_name\" content=\"KSPNSZZ\" \/>\n<meta property=\"article:published_time\" content=\"2024-02-22T06:52:42+00:00\" \/>\n<meta property=\"og:image\" content=\"http:\/\/kspnszz.org\/wp-content\/uploads\/2024\/02\/6362ce06-0429-4062-be0e-f62ad80765f4.jpg\" \/>\n\t<meta property=\"og:image:width\" content=\"1600\" \/>\n\t<meta property=\"og:image:height\" content=\"1000\" \/>\n\t<meta property=\"og:image:type\" content=\"image\/jpeg\" \/>\n<meta name=\"author\" content=\"bartlomiej\" \/>\n<meta name=\"twitter:card\" content=\"summary_large_image\" \/>\n<meta name=\"twitter:label1\" content=\"Napisane przez\" \/>\n\t<meta name=\"twitter:data1\" content=\"bartlomiej\" \/>\n\t<meta name=\"twitter:label2\" content=\"Szacowany czas czytania\" \/>\n\t<meta name=\"twitter:data2\" content=\"1 minuta\" \/>\n<script type=\"application\/ld+json\" class=\"yoast-schema-graph\">{\"@context\":\"https:\/\/schema.org\",\"@graph\":[{\"@type\":\"WebPage\",\"@id\":\"http:\/\/kspnszz.org\/index.php\/2024\/02\/22\/spotkanie-slaskich-zwiazkowcow-z-nowym-komendantem\/\",\"url\":\"http:\/\/kspnszz.org\/index.php\/2024\/02\/22\/spotkanie-slaskich-zwiazkowcow-z-nowym-komendantem\/\",\"name\":\"Spotkanie \u015bl\u0105skich zwi\u0105zkowc\u00f3w z nowym komendantem - KSPNSZZ\",\"isPartOf\":{\"@id\":\"http:\/\/kspnszz.org\/#website\"},\"primaryImageOfPage\":{\"@id\":\"http:\/\/kspnszz.org\/index.php\/2024\/02\/22\/spotkanie-slaskich-zwiazkowcow-z-nowym-komendantem\/#primaryimage\"},\"image\":{\"@id\":\"http:\/\/kspnszz.org\/index.php\/2024\/02\/22\/spotkanie-slaskich-zwiazkowcow-z-nowym-komendantem\/#primaryimage\"},\"thumbnailUrl\":\"https:\/\/kspnszz.org\/wp-content\/uploads\/2024\/02\/6362ce06-0429-4062-be0e-f62ad80765f4.jpg\",\"datePublished\":\"2024-02-22T06:52:42+00:00\",\"dateModified\":\"2024-02-22T06:52:42+00:00\",\"author\":{\"@id\":\"http:\/\/kspnszz.org\/#\/schema\/person\/31096cf196f706ef50ecbd878903cc13\"},\"breadcrumb\":{\"@id\":\"http:\/\/kspnszz.org\/index.php\/2024\/02\/22\/spotkanie-slaskich-zwiazkowcow-z-nowym-komendantem\/#breadcrumb\"},\"inLanguage\":\"pl-PL\",\"potentialAction\":[{\"@type\":\"ReadAction\",\"target\":[\"http:\/\/kspnszz.org\/index.php\/2024\/02\/22\/spotkanie-slaskich-zwiazkowcow-z-nowym-komendantem\/\"]}]},{\"@type\":\"ImageObject\",\"inLanguage\":\"pl-PL\",\"@id\":\"http:\/\/kspnszz.org\/index.php\/2024\/02\/22\/spotkanie-slaskich-zwiazkowcow-z-nowym-komendantem\/#primaryimage\",\"url\":\"https:\/\/kspnszz.org\/wp-content\/uploads\/2024\/02\/6362ce06-0429-4062-be0e-f62ad80765f4.jpg\",\"contentUrl\":\"https:\/\/kspnszz.org\/wp-content\/uploads\/2024\/02\/6362ce06-0429-4062-be0e-f62ad80765f4.jpg\",\"width\":1600,\"height\":1000},{\"@type\":\"BreadcrumbList\",\"@id\":\"http:\/\/kspnszz.org\/index.php\/2024\/02\/22\/spotkanie-slaskich-zwiazkowcow-z-nowym-komendantem\/#breadcrumb\",\"itemListElement\":[{\"@type\":\"ListItem\",\"position\":1,\"name\":\"Strona g\u0142\u00f3wna\",\"item\":\"http:\/\/kspnszz.org\/\"},{\"@type\":\"ListItem\",\"position\":2,\"name\":\"Spotkanie \u015bl\u0105skich zwi\u0105zkowc\u00f3w z nowym komendantem\"}]},{\"@type\":\"WebSite\",\"@id\":\"http:\/\/kspnszz.org\/#website\",\"url\":\"http:\/\/kspnszz.org\/\",\"name\":\"KSPNSZZ\",\"description\":\"Krajowa Sekcja Po\u017carnictwa\",\"potentialAction\":[{\"@type\":\"SearchAction\",\"target\":{\"@type\":\"EntryPoint\",\"urlTemplate\":\"http:\/\/kspnszz.org\/?s={search_term_string}\"},\"query-input\":\"required name=search_term_string\"}],\"inLanguage\":\"pl-PL\"},{\"@type\":\"Person\",\"@id\":\"http:\/\/kspnszz.org\/#\/schema\/person\/31096cf196f706ef50ecbd878903cc13\",\"name\":\"bartlomiej\",\"image\":{\"@type\":\"ImageObject\",\"inLanguage\":\"pl-PL\",\"@id\":\"http:\/\/kspnszz.org\/#\/schema\/person\/image\/\",\"url\":\"https:\/\/secure.gravatar.com\/avatar\/cb681656f150968eb94b73c62cf58e52?s=96&d=mm&r=g\",\"contentUrl\":\"https:\/\/secure.gravatar.com\/avatar\/cb681656f150968eb94b73c62cf58e52?s=96&d=mm&r=g\",\"caption\":\"bartlomiej\"},\"url\":\"https:\/\/kspnszz.org\/index.php\/author\/bartlomiej\/\"}]}<\/script>\n<!-- \/ Yoast SEO plugin. -->","yoast_head_json":{"title":"Spotkanie \u015bl\u0105skich zwi\u0105zkowc\u00f3w z nowym komendantem - KSPNSZZ","robots":{"index":"index","follow":"follow","max-snippet":"max-snippet:-1","max-image-preview":"max-image-preview:large","max-video-preview":"max-video-preview:-1"},"canonical":"http:\/\/kspnszz.org\/index.php\/2024\/02\/22\/spotkanie-slaskich-zwiazkowcow-z-nowym-komendantem\/","og_locale":"pl_PL","og_type":"article","og_title":"Spotkanie \u015bl\u0105skich zwi\u0105zkowc\u00f3w z nowym komendantem - KSPNSZZ","og_description":"St. bryg. mgr in\u017c. Wojciech Kruczek by\u0142 go\u015bciem na\u00a0posiedzeniu Rady Mi\u0119dzyregionalnej \u015al\u0105skiej Sekcji Po\u017carnictwa NSZZ \u201eSolidarno\u015b\u0107\u201d, kt\u00f3re odby\u0142o si\u0119 21 lutego br. w Katowicach. Spotkanie by\u0142o doskona\u0142\u0105 okazj\u0105 do przedstawienia oczekiwa\u0144 co do dalszej wsp\u00f3\u0142pracy z nowym \u015al\u0105skim Komendantem Wojew\u00f3dzkim PSP. W trakcie posiedzenia przewodnicz\u0105cy M\u015aSP Adam Rogoza z\u0142o\u017cy\u0142 sprawozdanie z dzia\u0142ania Sekcji w\u00a02023\u00a0r. Zaprezentowane &hellip;","og_url":"http:\/\/kspnszz.org\/index.php\/2024\/02\/22\/spotkanie-slaskich-zwiazkowcow-z-nowym-komendantem\/","og_site_name":"KSPNSZZ","article_published_time":"2024-02-22T06:52:42+00:00","og_image":[{"width":1600,"height":1000,"url":"http:\/\/kspnszz.org\/wp-content\/uploads\/2024\/02\/6362ce06-0429-4062-be0e-f62ad80765f4.jpg","type":"image\/jpeg"}],"author":"bartlomiej","twitter_card":"summary_large_image","twitter_misc":{"Napisane przez":"bartlomiej","Szacowany czas czytania":"1 minuta"},"schema":{"@context":"https:\/\/schema.org","@graph":[{"@type":"WebPage","@id":"http:\/\/kspnszz.org\/index.php\/2024\/02\/22\/spotkanie-slaskich-zwiazkowcow-z-nowym-komendantem\/","url":"http:\/\/kspnszz.org\/index.php\/2024\/02\/22\/spotkanie-slaskich-zwiazkowcow-z-nowym-komendantem\/","name":"Spotkanie \u015bl\u0105skich zwi\u0105zkowc\u00f3w z nowym komendantem - KSPNSZZ","isPartOf":{"@id":"http:\/\/kspnszz.org\/#website"},"primaryImageOfPage":{"@id":"http:\/\/kspnszz.org\/index.php\/2024\/02\/22\/spotkanie-slaskich-zwiazkowcow-z-nowym-komendantem\/#primaryimage"},"image":{"@id":"http:\/\/kspnszz.org\/index.php\/2024\/02\/22\/spotkanie-slaskich-zwiazkowcow-z-nowym-komendantem\/#primaryimage"},"thumbnailUrl":"https:\/\/kspnszz.org\/wp-content\/uploads\/2024\/02\/6362ce06-0429-4062-be0e-f62ad80765f4.jpg","datePublished":"2024-02-22T06:52:42+00:00","dateModified":"2024-02-22T06:52:42+00:00","author":{"@id":"http:\/\/kspnszz.org\/#\/schema\/person\/31096cf196f706ef50ecbd878903cc13"},"breadcrumb":{"@id":"http:\/\/kspnszz.org\/index.php\/2024\/02\/22\/spotkanie-slaskich-zwiazkowcow-z-nowym-komendantem\/#breadcrumb"},"inLanguage":"pl-PL","potentialAction":[{"@type":"ReadAction","target":["http:\/\/kspnszz.org\/index.php\/2024\/02\/22\/spotkanie-slaskich-zwiazkowcow-z-nowym-komendantem\/"]}]},{"@type":"ImageObject","inLanguage":"pl-PL","@id":"http:\/\/kspnszz.org\/index.php\/2024\/02\/22\/spotkanie-slaskich-zwiazkowcow-z-nowym-komendantem\/#primaryimage","url":"https:\/\/kspnszz.org\/wp-content\/uploads\/2024\/02\/6362ce06-0429-4062-be0e-f62ad80765f4.jpg","contentUrl":"https:\/\/kspnszz.org\/wp-content\/uploads\/2024\/02\/6362ce06-0429-4062-be0e-f62ad80765f4.jpg","width":1600,"height":1000},{"@type":"BreadcrumbList","@id":"http:\/\/kspnszz.org\/index.php\/2024\/02\/22\/spotkanie-slaskich-zwiazkowcow-z-nowym-komendantem\/#breadcrumb","itemListElement":[{"@type":"ListItem","position":1,"name":"Strona g\u0142\u00f3wna","item":"http:\/\/kspnszz.org\/"},{"@type":"ListItem","position":2,"name":"Spotkanie \u015bl\u0105skich zwi\u0105zkowc\u00f3w z nowym komendantem"}]},{"@type":"WebSite","@id":"http:\/\/kspnszz.org\/#website","url":"http:\/\/kspnszz.org\/","name":"KSPNSZZ","description":"Krajowa Sekcja Po\u017carnictwa","potentialAction":[{"@type":"SearchAction","target":{"@type":"EntryPoint","urlTemplate":"http:\/\/kspnszz.org\/?s={search_term_string}"},"query-input":"required name=search_term_string"}],"inLanguage":"pl-PL"},{"@type":"Person","@id":"http:\/\/kspnszz.org\/#\/schema\/person\/31096cf196f706ef50ecbd878903cc13","name":"bartlomiej","image":{"@type":"ImageObject","inLanguage":"pl-PL","@id":"http:\/\/kspnszz.org\/#\/schema\/person\/image\/","url":"https:\/\/secure.gravatar.com\/avatar\/cb681656f150968eb94b73c62cf58e52?s=96&d=mm&r=g","contentUrl":"https:\/\/secure.gravatar.com\/avatar\/cb681656f150968eb94b73c62cf58e52?s=96&d=mm&r=g","caption":"bartlomiej"},"url":"https:\/\/kspnszz.org\/index.php\/author\/bartlomiej\/"}]}},"_links":{"self":[{"href":"https:\/\/kspnszz.org\/index.php\/wp-json\/wp\/v2\/posts\/5899"}],"collection":[{"href":"https:\/\/kspnszz.org\/index.php\/wp-json\/wp\/v2\/posts"}],"about":[{"href":"https:\/\/kspnszz.org\/index.php\/wp-json\/wp\/v2\/types\/post"}],"author":[{"embeddable":true,"href":"https:\/\/kspnszz.org\/index.php\/wp-json\/wp\/v2\/users\/2"}],"replies":[{"embeddable":true,"href":"https:\/\/kspnszz.org\/index.php\/wp-json\/wp\/v2\/comments?post=5899"}],"version-history":[{"count":6,"href":"https:\/\/kspnszz.org\/index.php\/wp-json\/wp\/v2\/posts\/5899\/revisions"}],"predecessor-version":[{"id":5905,"href":"https:\/\/kspnszz.org\/index.php\/wp-json\/wp\/v2\/posts\/5899\/revisions\/5905"}],"wp:featuredmedia":[{"embeddable":true,"href":"https:\/\/kspnszz.org\/index.php\/wp-json\/wp\/v2\/media\/5896"}],"wp:attachment":[{"href":"https:\/\/kspnszz.org\/index.php\/wp-json\/wp\/v2\/media?parent=5899"}],"wp:term":[{"taxonomy":"category","embeddable":true,"href":"https:\/\/kspnszz.org\/index.php\/wp-json\/wp\/v2\/categories?post=5899"},{"taxonomy":"post_tag","embeddable":true,"href":"https:\/\/kspnszz.org\/index.php\/wp-json\/wp\/v2\/tags?post=5899"}],"curies":[{"name":"wp","href":"https:\/\/api.w.org\/{rel}","templated":true}]}}