{"id":5413,"date":"2023-10-21T11:51:48","date_gmt":"2023-10-21T09:51:48","guid":{"rendered":"http:\/\/kspnszz.org\/?p=5413"},"modified":"2023-10-21T11:51:48","modified_gmt":"2023-10-21T09:51:48","slug":"konferencja-naukowa-pt-bezpieczenstwo-strazakow-w-dzialaniach-ratowniczych","status":"publish","type":"post","link":"https:\/\/kspnszz.org\/index.php\/2023\/10\/21\/konferencja-naukowa-pt-bezpieczenstwo-strazakow-w-dzialaniach-ratowniczych\/","title":{"rendered":"Konferencja naukowa pt. \u201eBezpiecze\u0144stwo stra\u017cak\u00f3w w dzia\u0142aniach ratowniczych\u201d"},"content":{"rendered":"<p style=\"text-align: justify;\">W dniach 17-18 pa\u017adziernika 2023 r. w\u00a0Akademii Po\u017carniczej (APo\u017c) odby\u0142a si\u0119 konferencja naukowa pt.: \u201eBezpiecze\u0144stwo stra\u017cak\u00f3w w dzia\u0142aniach ratowniczych\u201d, zorganizowana przy wsp\u00f3\u0142udziale:<\/p>\n<ul style=\"text-align: justify;\">\n<li>Szko\u0142y Aspirant\u00f3w Pa\u0144stwowej Stra\u017cy Po\u017carnej w Krakowie,<\/li>\n<li>Centrum Naukowo-Badawczego Ochrony Przeciwpo\u017carowej \u2013 Pa\u0144stwowego Instytutu Badawczego,<\/li>\n<li>Centralnego Instytutu Ochrony Pracy \u2013 Pa\u0144stwowego Instytutu Badawczego,<\/li>\n<li>Stowarzyszenia In\u017cynier\u00f3w i Technik\u00f3w Po\u017carnictwa,<\/li>\n<li>Stowarzyszenia In\u017cynier\u00f3w Bezpiecze\u0144stwa Po\u017carowego,<\/li>\n<li>Fundacji cfbt.pl.<\/li>\n<\/ul>\n<p style=\"text-align: justify;\">Partnerem konferencji by\u0142a Krajowa Sekcja Po\u017carnictwa NSZZ \u201eSolidarno\u015b\u0107\u201d.<a href=\"http:\/\/kspnszz.org\/wp-content\/uploads\/2023\/10\/konferencja_Bezpieczenstwo-strazakow-w-dzialaniach-ratowniczych_3-baner.png\" data-rel=\"lightbox-image-0\" data-rl_title=\"\" data-rl_caption=\"\" title=\"\"><img loading=\"lazy\" decoding=\"async\" class=\"aligncenter size-large wp-image-5412\" src=\"http:\/\/kspnszz.org\/wp-content\/uploads\/2023\/10\/konferencja_Bezpieczenstwo-strazakow-w-dzialaniach-ratowniczych_3-baner-1024x576.png\" alt=\"konferencja_Bezpieczenstwo-strazakow-w-dzialaniach-ratowniczych_3-baner\" width=\"618\" height=\"348\" srcset=\"https:\/\/kspnszz.org\/wp-content\/uploads\/2023\/10\/konferencja_Bezpieczenstwo-strazakow-w-dzialaniach-ratowniczych_3-baner-1024x576.png 1024w, https:\/\/kspnszz.org\/wp-content\/uploads\/2023\/10\/konferencja_Bezpieczenstwo-strazakow-w-dzialaniach-ratowniczych_3-baner-300x169.png 300w, https:\/\/kspnszz.org\/wp-content\/uploads\/2023\/10\/konferencja_Bezpieczenstwo-strazakow-w-dzialaniach-ratowniczych_3-baner.png 1280w\" sizes=\"(max-width: 618px) 100vw, 618px\" \/><\/a><\/p>\n<p style=\"text-align: justify;\">W pierwszym dniu konferencji ponad 40 prelegent\u00f3w zaprezentowa\u0142o najnowsze wyniki bada\u0144, dobre praktyki, projekty, osi\u0105gni\u0119cia i\u00a0wyzwania zwi\u0105zane z bezpiecze\u0144stwem stra\u017cak\u00f3w i\u00a0wyst\u0119puj\u0105cymi zagro\u017ceniami w \u015brodowisku ich pracy. Om\u00f3wiono m.in.: kultur\u0119 bezpiecze\u0144stwa w\u00a0dzia\u0142aniach ratowniczych, profilaktyk\u0119 zdrowotn\u0105, \u015brodki ochrony indywidualnej, sprz\u0119t, techniki i\u00a0taktyki wykorzystywane podczas prowadzenia dzia\u0142a\u0144 ratowniczych, projektowania obiekt\u00f3w budowlanych, oddzia\u0142ywania wyst\u0119puj\u0105cych zagro\u017ce\u0144 na \u015brodowisko naturalne.<\/p>\n<p style=\"text-align: justify;\">W trakcie drugiego dnia konferencji\u00a0na terenie Bazy Szkolenia Poligonowego APo\u017c w\u00a0Nowym Dworze Mazowieckim odby\u0142y si\u0119 pokazy podchor\u0105\u017cych nale\u017c\u0105cych do studenckich k\u00f3\u0142 naukowych naszej Uczelni. Zakres prezentacji dotyczy\u0142 dzia\u0142a\u0144 ga\u015bniczych oraz ratownictwa technicznego z\u00a0elementami bada\u0144 i\u00a0\u0107wicze\u0144 w warunkach zbli\u017conych do rzeczywistych.<\/p>\n<p style=\"text-align: justify;\">Konferencja by\u0142a prowadzona w formule hybrydowej.<\/p>\n<p style=\"text-align: justify;\">Krajow\u0105 Sekcj\u0119 Po\u017carnictwa NSZZ &#8222;Solidarno\u015b\u0107&#8221; podczas konferencji reprezentowa\u0142 wiceprzewodnicz\u0105cy Maciej \u0141ozowski.<\/p>\n<p style=\"text-align: justify;\">\u0179r\u00f3d\u0142o: <a href=\"https:\/\/apoz.edu.pl\/konferencja-naukowa-pt-bezpieczenstwo-strazakow-w-dzialaniach-ratowniczych-dziekujemy-za-udzial\/\">https:\/\/apoz.edu.pl\/konferencja-naukowa-pt-bezpieczenstwo-strazakow-w-dzialaniach-ratowniczych-dziekujemy-za-udzial\/<\/a><strong><\/strong><\/p>\n","protected":false},"excerpt":{"rendered":"<p>W dniach 17-18 pa\u017adziernika 2023 r. w\u00a0Akademii Po\u017carniczej (APo\u017c) odby\u0142a si\u0119 konferencja naukowa pt.: \u201eBezpiecze\u0144stwo stra\u017cak\u00f3w w dzia\u0142aniach ratowniczych\u201d, zorganizowana przy wsp\u00f3\u0142udziale: Szko\u0142y Aspirant\u00f3w Pa\u0144stwowej Stra\u017cy Po\u017carnej w Krakowie, Centrum Naukowo-Badawczego Ochrony Przeciwpo\u017carowej \u2013 Pa\u0144stwowego Instytutu Badawczego, Centralnego Instytutu Ochrony Pracy \u2013 Pa\u0144stwowego Instytutu Badawczego, Stowarzyszenia In\u017cynier\u00f3w i Technik\u00f3w Po\u017carnictwa, Stowarzyszenia In\u017cynier\u00f3w Bezpiecze\u0144stwa Po\u017carowego, Fundacji &hellip;<\/p>\n","protected":false},"author":2,"featured_media":5412,"comment_status":"closed","ping_status":"closed","sticky":false,"template":"","format":"standard","meta":{"footnotes":""},"categories":[2],"tags":[],"yoast_head":"<!-- This site is optimized with the Yoast SEO plugin v22.7 - https:\/\/yoast.com\/wordpress\/plugins\/seo\/ -->\n<title>Konferencja naukowa pt. \u201eBezpiecze\u0144stwo stra\u017cak\u00f3w w dzia\u0142aniach ratowniczych\u201d - KSPNSZZ<\/title>\n<meta name=\"robots\" content=\"index, follow, max-snippet:-1, max-image-preview:large, max-video-preview:-1\" \/>\n<link rel=\"canonical\" href=\"http:\/\/kspnszz.org\/index.php\/2023\/10\/21\/konferencja-naukowa-pt-bezpieczenstwo-strazakow-w-dzialaniach-ratowniczych\/\" \/>\n<meta property=\"og:locale\" content=\"pl_PL\" \/>\n<meta property=\"og:type\" content=\"article\" \/>\n<meta property=\"og:title\" content=\"Konferencja naukowa pt. \u201eBezpiecze\u0144stwo stra\u017cak\u00f3w w dzia\u0142aniach ratowniczych\u201d - KSPNSZZ\" \/>\n<meta property=\"og:description\" content=\"W dniach 17-18 pa\u017adziernika 2023 r. w\u00a0Akademii Po\u017carniczej (APo\u017c) odby\u0142a si\u0119 konferencja naukowa pt.: \u201eBezpiecze\u0144stwo stra\u017cak\u00f3w w dzia\u0142aniach ratowniczych\u201d, zorganizowana przy wsp\u00f3\u0142udziale: Szko\u0142y Aspirant\u00f3w Pa\u0144stwowej Stra\u017cy Po\u017carnej w Krakowie, Centrum Naukowo-Badawczego Ochrony Przeciwpo\u017carowej \u2013 Pa\u0144stwowego Instytutu Badawczego, Centralnego Instytutu Ochrony Pracy \u2013 Pa\u0144stwowego Instytutu Badawczego, Stowarzyszenia In\u017cynier\u00f3w i Technik\u00f3w Po\u017carnictwa, Stowarzyszenia In\u017cynier\u00f3w Bezpiecze\u0144stwa Po\u017carowego, Fundacji &hellip;\" \/>\n<meta property=\"og:url\" content=\"http:\/\/kspnszz.org\/index.php\/2023\/10\/21\/konferencja-naukowa-pt-bezpieczenstwo-strazakow-w-dzialaniach-ratowniczych\/\" \/>\n<meta property=\"og:site_name\" content=\"KSPNSZZ\" \/>\n<meta property=\"article:published_time\" content=\"2023-10-21T09:51:48+00:00\" \/>\n<meta property=\"og:image\" content=\"http:\/\/kspnszz.org\/wp-content\/uploads\/2023\/10\/konferencja_Bezpieczenstwo-strazakow-w-dzialaniach-ratowniczych_3-baner.png\" \/>\n\t<meta property=\"og:image:width\" content=\"1280\" \/>\n\t<meta property=\"og:image:height\" content=\"720\" \/>\n\t<meta property=\"og:image:type\" content=\"image\/png\" \/>\n<meta name=\"author\" content=\"bartlomiej\" \/>\n<meta name=\"twitter:card\" content=\"summary_large_image\" \/>\n<meta name=\"twitter:label1\" content=\"Napisane przez\" \/>\n\t<meta name=\"twitter:data1\" content=\"bartlomiej\" \/>\n\t<meta name=\"twitter:label2\" content=\"Szacowany czas czytania\" \/>\n\t<meta name=\"twitter:data2\" content=\"1 minuta\" \/>\n<script type=\"application\/ld+json\" class=\"yoast-schema-graph\">{\"@context\":\"https:\/\/schema.org\",\"@graph\":[{\"@type\":\"WebPage\",\"@id\":\"http:\/\/kspnszz.org\/index.php\/2023\/10\/21\/konferencja-naukowa-pt-bezpieczenstwo-strazakow-w-dzialaniach-ratowniczych\/\",\"url\":\"http:\/\/kspnszz.org\/index.php\/2023\/10\/21\/konferencja-naukowa-pt-bezpieczenstwo-strazakow-w-dzialaniach-ratowniczych\/\",\"name\":\"Konferencja naukowa pt. \u201eBezpiecze\u0144stwo stra\u017cak\u00f3w w dzia\u0142aniach ratowniczych\u201d - KSPNSZZ\",\"isPartOf\":{\"@id\":\"http:\/\/kspnszz.org\/#website\"},\"primaryImageOfPage\":{\"@id\":\"http:\/\/kspnszz.org\/index.php\/2023\/10\/21\/konferencja-naukowa-pt-bezpieczenstwo-strazakow-w-dzialaniach-ratowniczych\/#primaryimage\"},\"image\":{\"@id\":\"http:\/\/kspnszz.org\/index.php\/2023\/10\/21\/konferencja-naukowa-pt-bezpieczenstwo-strazakow-w-dzialaniach-ratowniczych\/#primaryimage\"},\"thumbnailUrl\":\"https:\/\/kspnszz.org\/wp-content\/uploads\/2023\/10\/konferencja_Bezpieczenstwo-strazakow-w-dzialaniach-ratowniczych_3-baner.png\",\"datePublished\":\"2023-10-21T09:51:48+00:00\",\"dateModified\":\"2023-10-21T09:51:48+00:00\",\"author\":{\"@id\":\"http:\/\/kspnszz.org\/#\/schema\/person\/31096cf196f706ef50ecbd878903cc13\"},\"breadcrumb\":{\"@id\":\"http:\/\/kspnszz.org\/index.php\/2023\/10\/21\/konferencja-naukowa-pt-bezpieczenstwo-strazakow-w-dzialaniach-ratowniczych\/#breadcrumb\"},\"inLanguage\":\"pl-PL\",\"potentialAction\":[{\"@type\":\"ReadAction\",\"target\":[\"http:\/\/kspnszz.org\/index.php\/2023\/10\/21\/konferencja-naukowa-pt-bezpieczenstwo-strazakow-w-dzialaniach-ratowniczych\/\"]}]},{\"@type\":\"ImageObject\",\"inLanguage\":\"pl-PL\",\"@id\":\"http:\/\/kspnszz.org\/index.php\/2023\/10\/21\/konferencja-naukowa-pt-bezpieczenstwo-strazakow-w-dzialaniach-ratowniczych\/#primaryimage\",\"url\":\"https:\/\/kspnszz.org\/wp-content\/uploads\/2023\/10\/konferencja_Bezpieczenstwo-strazakow-w-dzialaniach-ratowniczych_3-baner.png\",\"contentUrl\":\"https:\/\/kspnszz.org\/wp-content\/uploads\/2023\/10\/konferencja_Bezpieczenstwo-strazakow-w-dzialaniach-ratowniczych_3-baner.png\",\"width\":1280,\"height\":720},{\"@type\":\"BreadcrumbList\",\"@id\":\"http:\/\/kspnszz.org\/index.php\/2023\/10\/21\/konferencja-naukowa-pt-bezpieczenstwo-strazakow-w-dzialaniach-ratowniczych\/#breadcrumb\",\"itemListElement\":[{\"@type\":\"ListItem\",\"position\":1,\"name\":\"Strona g\u0142\u00f3wna\",\"item\":\"http:\/\/kspnszz.org\/\"},{\"@type\":\"ListItem\",\"position\":2,\"name\":\"Konferencja naukowa pt. \u201eBezpiecze\u0144stwo stra\u017cak\u00f3w w dzia\u0142aniach ratowniczych\u201d\"}]},{\"@type\":\"WebSite\",\"@id\":\"http:\/\/kspnszz.org\/#website\",\"url\":\"http:\/\/kspnszz.org\/\",\"name\":\"KSPNSZZ\",\"description\":\"Krajowa Sekcja Po\u017carnictwa\",\"potentialAction\":[{\"@type\":\"SearchAction\",\"target\":{\"@type\":\"EntryPoint\",\"urlTemplate\":\"http:\/\/kspnszz.org\/?s={search_term_string}\"},\"query-input\":\"required name=search_term_string\"}],\"inLanguage\":\"pl-PL\"},{\"@type\":\"Person\",\"@id\":\"http:\/\/kspnszz.org\/#\/schema\/person\/31096cf196f706ef50ecbd878903cc13\",\"name\":\"bartlomiej\",\"image\":{\"@type\":\"ImageObject\",\"inLanguage\":\"pl-PL\",\"@id\":\"http:\/\/kspnszz.org\/#\/schema\/person\/image\/\",\"url\":\"https:\/\/secure.gravatar.com\/avatar\/cb681656f150968eb94b73c62cf58e52?s=96&d=mm&r=g\",\"contentUrl\":\"https:\/\/secure.gravatar.com\/avatar\/cb681656f150968eb94b73c62cf58e52?s=96&d=mm&r=g\",\"caption\":\"bartlomiej\"},\"url\":\"https:\/\/kspnszz.org\/index.php\/author\/bartlomiej\/\"}]}<\/script>\n<!-- \/ Yoast SEO plugin. -->","yoast_head_json":{"title":"Konferencja naukowa pt. \u201eBezpiecze\u0144stwo stra\u017cak\u00f3w w dzia\u0142aniach ratowniczych\u201d - KSPNSZZ","robots":{"index":"index","follow":"follow","max-snippet":"max-snippet:-1","max-image-preview":"max-image-preview:large","max-video-preview":"max-video-preview:-1"},"canonical":"http:\/\/kspnszz.org\/index.php\/2023\/10\/21\/konferencja-naukowa-pt-bezpieczenstwo-strazakow-w-dzialaniach-ratowniczych\/","og_locale":"pl_PL","og_type":"article","og_title":"Konferencja naukowa pt. \u201eBezpiecze\u0144stwo stra\u017cak\u00f3w w dzia\u0142aniach ratowniczych\u201d - KSPNSZZ","og_description":"W dniach 17-18 pa\u017adziernika 2023 r. w\u00a0Akademii Po\u017carniczej (APo\u017c) odby\u0142a si\u0119 konferencja naukowa pt.: \u201eBezpiecze\u0144stwo stra\u017cak\u00f3w w dzia\u0142aniach ratowniczych\u201d, zorganizowana przy wsp\u00f3\u0142udziale: Szko\u0142y Aspirant\u00f3w Pa\u0144stwowej Stra\u017cy Po\u017carnej w Krakowie, Centrum Naukowo-Badawczego Ochrony Przeciwpo\u017carowej \u2013 Pa\u0144stwowego Instytutu Badawczego, Centralnego Instytutu Ochrony Pracy \u2013 Pa\u0144stwowego Instytutu Badawczego, Stowarzyszenia In\u017cynier\u00f3w i Technik\u00f3w Po\u017carnictwa, Stowarzyszenia In\u017cynier\u00f3w Bezpiecze\u0144stwa Po\u017carowego, Fundacji &hellip;","og_url":"http:\/\/kspnszz.org\/index.php\/2023\/10\/21\/konferencja-naukowa-pt-bezpieczenstwo-strazakow-w-dzialaniach-ratowniczych\/","og_site_name":"KSPNSZZ","article_published_time":"2023-10-21T09:51:48+00:00","og_image":[{"width":1280,"height":720,"url":"http:\/\/kspnszz.org\/wp-content\/uploads\/2023\/10\/konferencja_Bezpieczenstwo-strazakow-w-dzialaniach-ratowniczych_3-baner.png","type":"image\/png"}],"author":"bartlomiej","twitter_card":"summary_large_image","twitter_misc":{"Napisane przez":"bartlomiej","Szacowany czas czytania":"1 minuta"},"schema":{"@context":"https:\/\/schema.org","@graph":[{"@type":"WebPage","@id":"http:\/\/kspnszz.org\/index.php\/2023\/10\/21\/konferencja-naukowa-pt-bezpieczenstwo-strazakow-w-dzialaniach-ratowniczych\/","url":"http:\/\/kspnszz.org\/index.php\/2023\/10\/21\/konferencja-naukowa-pt-bezpieczenstwo-strazakow-w-dzialaniach-ratowniczych\/","name":"Konferencja naukowa pt. \u201eBezpiecze\u0144stwo stra\u017cak\u00f3w w dzia\u0142aniach ratowniczych\u201d - KSPNSZZ","isPartOf":{"@id":"http:\/\/kspnszz.org\/#website"},"primaryImageOfPage":{"@id":"http:\/\/kspnszz.org\/index.php\/2023\/10\/21\/konferencja-naukowa-pt-bezpieczenstwo-strazakow-w-dzialaniach-ratowniczych\/#primaryimage"},"image":{"@id":"http:\/\/kspnszz.org\/index.php\/2023\/10\/21\/konferencja-naukowa-pt-bezpieczenstwo-strazakow-w-dzialaniach-ratowniczych\/#primaryimage"},"thumbnailUrl":"https:\/\/kspnszz.org\/wp-content\/uploads\/2023\/10\/konferencja_Bezpieczenstwo-strazakow-w-dzialaniach-ratowniczych_3-baner.png","datePublished":"2023-10-21T09:51:48+00:00","dateModified":"2023-10-21T09:51:48+00:00","author":{"@id":"http:\/\/kspnszz.org\/#\/schema\/person\/31096cf196f706ef50ecbd878903cc13"},"breadcrumb":{"@id":"http:\/\/kspnszz.org\/index.php\/2023\/10\/21\/konferencja-naukowa-pt-bezpieczenstwo-strazakow-w-dzialaniach-ratowniczych\/#breadcrumb"},"inLanguage":"pl-PL","potentialAction":[{"@type":"ReadAction","target":["http:\/\/kspnszz.org\/index.php\/2023\/10\/21\/konferencja-naukowa-pt-bezpieczenstwo-strazakow-w-dzialaniach-ratowniczych\/"]}]},{"@type":"ImageObject","inLanguage":"pl-PL","@id":"http:\/\/kspnszz.org\/index.php\/2023\/10\/21\/konferencja-naukowa-pt-bezpieczenstwo-strazakow-w-dzialaniach-ratowniczych\/#primaryimage","url":"https:\/\/kspnszz.org\/wp-content\/uploads\/2023\/10\/konferencja_Bezpieczenstwo-strazakow-w-dzialaniach-ratowniczych_3-baner.png","contentUrl":"https:\/\/kspnszz.org\/wp-content\/uploads\/2023\/10\/konferencja_Bezpieczenstwo-strazakow-w-dzialaniach-ratowniczych_3-baner.png","width":1280,"height":720},{"@type":"BreadcrumbList","@id":"http:\/\/kspnszz.org\/index.php\/2023\/10\/21\/konferencja-naukowa-pt-bezpieczenstwo-strazakow-w-dzialaniach-ratowniczych\/#breadcrumb","itemListElement":[{"@type":"ListItem","position":1,"name":"Strona g\u0142\u00f3wna","item":"http:\/\/kspnszz.org\/"},{"@type":"ListItem","position":2,"name":"Konferencja naukowa pt. \u201eBezpiecze\u0144stwo stra\u017cak\u00f3w w dzia\u0142aniach ratowniczych\u201d"}]},{"@type":"WebSite","@id":"http:\/\/kspnszz.org\/#website","url":"http:\/\/kspnszz.org\/","name":"KSPNSZZ","description":"Krajowa Sekcja Po\u017carnictwa","potentialAction":[{"@type":"SearchAction","target":{"@type":"EntryPoint","urlTemplate":"http:\/\/kspnszz.org\/?s={search_term_string}"},"query-input":"required name=search_term_string"}],"inLanguage":"pl-PL"},{"@type":"Person","@id":"http:\/\/kspnszz.org\/#\/schema\/person\/31096cf196f706ef50ecbd878903cc13","name":"bartlomiej","image":{"@type":"ImageObject","inLanguage":"pl-PL","@id":"http:\/\/kspnszz.org\/#\/schema\/person\/image\/","url":"https:\/\/secure.gravatar.com\/avatar\/cb681656f150968eb94b73c62cf58e52?s=96&d=mm&r=g","contentUrl":"https:\/\/secure.gravatar.com\/avatar\/cb681656f150968eb94b73c62cf58e52?s=96&d=mm&r=g","caption":"bartlomiej"},"url":"https:\/\/kspnszz.org\/index.php\/author\/bartlomiej\/"}]}},"_links":{"self":[{"href":"https:\/\/kspnszz.org\/index.php\/wp-json\/wp\/v2\/posts\/5413"}],"collection":[{"href":"https:\/\/kspnszz.org\/index.php\/wp-json\/wp\/v2\/posts"}],"about":[{"href":"https:\/\/kspnszz.org\/index.php\/wp-json\/wp\/v2\/types\/post"}],"author":[{"embeddable":true,"href":"https:\/\/kspnszz.org\/index.php\/wp-json\/wp\/v2\/users\/2"}],"replies":[{"embeddable":true,"href":"https:\/\/kspnszz.org\/index.php\/wp-json\/wp\/v2\/comments?post=5413"}],"version-history":[{"count":3,"href":"https:\/\/kspnszz.org\/index.php\/wp-json\/wp\/v2\/posts\/5413\/revisions"}],"predecessor-version":[{"id":5416,"href":"https:\/\/kspnszz.org\/index.php\/wp-json\/wp\/v2\/posts\/5413\/revisions\/5416"}],"wp:featuredmedia":[{"embeddable":true,"href":"https:\/\/kspnszz.org\/index.php\/wp-json\/wp\/v2\/media\/5412"}],"wp:attachment":[{"href":"https:\/\/kspnszz.org\/index.php\/wp-json\/wp\/v2\/media?parent=5413"}],"wp:term":[{"taxonomy":"category","embeddable":true,"href":"https:\/\/kspnszz.org\/index.php\/wp-json\/wp\/v2\/categories?post=5413"},{"taxonomy":"post_tag","embeddable":true,"href":"https:\/\/kspnszz.org\/index.php\/wp-json\/wp\/v2\/tags?post=5413"}],"curies":[{"name":"wp","href":"https:\/\/api.w.org\/{rel}","templated":true}]}}