{"id":5305,"date":"2023-09-23T12:31:02","date_gmt":"2023-09-23T10:31:02","guid":{"rendered":"http:\/\/kspnszz.org\/?p=5305"},"modified":"2023-09-23T12:33:04","modified_gmt":"2023-09-23T10:33:04","slug":"przyznano-krzyze-krajowej-sekcji-pozarnictwa","status":"publish","type":"post","link":"https:\/\/kspnszz.org\/index.php\/2023\/09\/23\/przyznano-krzyze-krajowej-sekcji-pozarnictwa\/","title":{"rendered":"Przyznano Krzy\u017ce Krajowej Sekcji Po\u017carnictwa"},"content":{"rendered":"<div class=\"__fb-light-mode x1n2onr6\">\n<div class=\"\">\n<div class=\"x78zum5 xdt5ytf x1n2onr6\" tabindex=\"-1\" data-release-focus-from=\"CLICK\" data-scope=\"messages_table\">\n<div class=\"x78zum5\">\n<div class=\"x78zum5 x1iyjqo2 xs83m0k xeuugli x15zctf7\">\n<div class=\"x1h91t0o xkh2ocl x78zum5 xdt5ytf x13a6bvl x1r145dm\">\n<div class=\"x78zum5 xh8yej3\">\n<div class=\"x78zum5 xdt5ytf x193iq5w x1n2onr6 xuk3077\">\n<div class=\"x78zum5 xh8yej3\">\n<div class=\"x1tlxs6b x1g8br2z x1gn5b1j x230xth x14ctfv x1okitfd x6ikm8r x10wlt62 x1mzt3pk x1y1aw1k xn6708d xwib8y2 x1ye3gou x1n2onr6 x13faqbe x1vjfegm\">\n<div class=\"x9f619 x1n2onr6 x1ja2u2z __fb-light-mode\">\n<div class=\"x6prxxf x1fc57z9 x1yc453h x126k92a x14ctfv\" dir=\"auto\" style=\"text-align: justify;\"><strong>Po raz pierwszy w historii Krajowej Sekcji Po\u017carnictwa NSZZ Solidarno\u015b\u0107 przyznano Odznak\u0119 Honorow\u0105 &#8211; Krzy\u017c Krajowej Sekcji Po\u017carnictwa NSZZ Solidarno\u015b\u0107. Uroczyste posiedzenie Rady KSP NSZZ Solidarno\u015b\u0107, na kt\u00f3rym wr\u0119czono odznaczenia odby\u0142o si\u0119\u00a021 wrze\u015bnia 2023 r. w Che\u0142mie. Uroczysto\u015b\u0107 swoj\u0105 obecno\u015bci\u0105 zaszczycili m.in. Pose\u0142 na Sejm RP Anna D\u0105browska &#8211; Banaszek, Komendant G\u0142\u00f3wny PSP gen. brygadier Andrzej Bartkowiak oraz Lubelski Komendant Wojew\u00f3dzki nadbryg. Grzegorz Alinowski.<\/strong><\/div>\n<\/div>\n<\/div>\n<\/div>\n<\/div>\n<\/div>\n<div class=\"x1h91t0o xkh2ocl x78zum5 xdt5ytf x13a6bvl x193iq5w x1c4vz4f xcrg951\" style=\"text-align: justify;\"><a href=\"http:\/\/kspnszz.org\/wp-content\/uploads\/2023\/09\/381374059_708244387784543_4075474065497720084_n.jpg\" data-rel=\"lightbox-image-0\" data-rl_title=\"\" data-rl_caption=\"\" title=\"\"><img loading=\"lazy\" decoding=\"async\" class=\"aligncenter  wp-image-5299\" src=\"http:\/\/kspnszz.org\/wp-content\/uploads\/2023\/09\/381374059_708244387784543_4075474065497720084_n-1024x768.jpg\" alt=\"381374059_708244387784543_4075474065497720084_n\" width=\"384\" height=\"288\" srcset=\"https:\/\/kspnszz.org\/wp-content\/uploads\/2023\/09\/381374059_708244387784543_4075474065497720084_n-1024x768.jpg 1024w, https:\/\/kspnszz.org\/wp-content\/uploads\/2023\/09\/381374059_708244387784543_4075474065497720084_n-300x225.jpg 300w, https:\/\/kspnszz.org\/wp-content\/uploads\/2023\/09\/381374059_708244387784543_4075474065497720084_n.jpg 2000w\" sizes=\"(max-width: 384px) 100vw, 384px\" \/><\/a><\/div>\n<\/div>\n<div class=\"x1h91t0o xkh2ocl x78zum5 xdt5ytf x13a6bvl x193iq5w x1c4vz4f xcrg951\" style=\"text-align: justify;\">Odznaka Honorowa Krajowej Sekcji Po\u017carnictwa NSZZ \u201eSolidarno\u015b\u0107\u201d \u2013 Krzy\u017c Krajowej Sekcji Po\u017carnictwa\u00a0 jest honorowym wyr\u00f3\u017cnieniem, kt\u00f3re przyznaje si\u0119 osobom fizycznym za aktywne dzia\u0142ania na rzecz Zwi\u0105zku i \u015brodowiska stra\u017cackiego.<\/div>\n<\/div>\n<\/div>\n<\/div>\n<\/div>\n<\/div>\n<div class=\"__fb-light-mode x1n2onr6\">\n<div class=\"\">\n<div class=\"x78zum5 xdt5ytf x1n2onr6\" tabindex=\"0\" data-release-focus-from=\"CLICK\" data-scope=\"messages_table\">\n<div class=\"x78zum5\">\n<div class=\"x78zum5 x1iyjqo2 xs83m0k xeuugli x15zctf7\">\n<div class=\"x1h91t0o xkh2ocl x78zum5 xdt5ytf x13a6bvl x1r145dm\">\n<div class=\"x78zum5 xh8yej3\">\n<div class=\"x78zum5 xdt5ytf x193iq5w x1n2onr6 xuk3077\">\n<div class=\"x78zum5 xh8yej3\">\n<div class=\"x1h91t0o xkh2ocl x78zum5 xdt5ytf x13a6bvl x193iq5w x1iyjqo2 xcrg951\" style=\"text-align: justify;\"><img loading=\"lazy\" decoding=\"async\" class=\"aligncenter  wp-image-5301\" src=\"http:\/\/kspnszz.org\/wp-content\/uploads\/2023\/09\/381023596_622545203397144_8653538345751629759_n-1024x768.jpg\" alt=\"381023596_622545203397144_8653538345751629759_n\" width=\"386\" height=\"289\" srcset=\"https:\/\/kspnszz.org\/wp-content\/uploads\/2023\/09\/381023596_622545203397144_8653538345751629759_n.jpg 1024w, https:\/\/kspnszz.org\/wp-content\/uploads\/2023\/09\/381023596_622545203397144_8653538345751629759_n-300x225.jpg 300w\" sizes=\"(max-width: 386px) 100vw, 386px\" \/><\/div>\n<div class=\"x1tlxs6b x1g8br2z x1gn5b1j x230xth x14ctfv x1okitfd x6ikm8r x10wlt62 x1mzt3pk x1y1aw1k xn6708d xwib8y2 x1ye3gou x1n2onr6 x13faqbe x1vjfegm\">\n<div class=\"x9f619 x1n2onr6 x1ja2u2z __fb-light-mode\">\n<div class=\"x6prxxf x1fc57z9 x1yc453h x126k92a x14ctfv\" dir=\"auto\" style=\"text-align: justify;\">Komendant G\u0142\u00f3wny PSP w swoim wyst\u0105pieniu podzi\u0119kowa\u0142 stra\u017cackiej Solidarno\u015bci za wk\u0142ad w rozw\u00f3j formacji. Poinformowa\u0142 r\u00f3wnie\u017c zebranych, \u017ce w najbli\u017cszym czasie do komend trafi\u0105 \u015brodki na rekompensat\u0119 za ponadnormatywny czas s\u0142u\u017cby.<\/div>\n<div class=\"x6prxxf x1fc57z9 x1yc453h x126k92a x14ctfv\" dir=\"auto\" style=\"text-align: justify;\"><a href=\"http:\/\/kspnszz.org\/wp-content\/uploads\/2023\/09\/381836488_319872367265591_4021293161398598597_n.jpg\" data-rel=\"lightbox-image-1\" data-rl_title=\"\" data-rl_caption=\"\" title=\"\"><img loading=\"lazy\" decoding=\"async\" class=\"aligncenter  wp-image-5304\" src=\"http:\/\/kspnszz.org\/wp-content\/uploads\/2023\/09\/381836488_319872367265591_4021293161398598597_n-1024x761.jpg\" alt=\"381836488_319872367265591_4021293161398598597_n\" width=\"389\" height=\"289\" srcset=\"https:\/\/kspnszz.org\/wp-content\/uploads\/2023\/09\/381836488_319872367265591_4021293161398598597_n-1024x761.jpg 1024w, https:\/\/kspnszz.org\/wp-content\/uploads\/2023\/09\/381836488_319872367265591_4021293161398598597_n-300x223.jpg 300w, https:\/\/kspnszz.org\/wp-content\/uploads\/2023\/09\/381836488_319872367265591_4021293161398598597_n.jpg 2015w\" sizes=\"(max-width: 389px) 100vw, 389px\" \/><\/a><\/div>\n<\/div>\n<\/div>\n<\/div>\n<\/div>\n<\/div>\n<div class=\"x6prxxf x1fc57z9 x1yc453h x126k92a x14ctfv\" dir=\"auto\" style=\"text-align: justify;\"><\/div>\n<\/div>\n<\/div>\n<\/div>\n<\/div>\n<\/div>\n<\/div>\n<div class=\"x6prxxf x1fc57z9 x1yc453h x126k92a x14ctfv\" dir=\"auto\" style=\"text-align: justify;\"><\/div>\n<div class=\"x6prxxf x1fc57z9 x1yc453h x126k92a x14ctfv\" dir=\"auto\" style=\"text-align: justify;\"><a href=\"http:\/\/kspnszz.org\/wp-content\/uploads\/2023\/09\/381052675_622544423397222_776951928870231814_n.jpg\" data-rel=\"lightbox-image-2\" data-rl_title=\"\" data-rl_caption=\"\" title=\"\"><img loading=\"lazy\" decoding=\"async\" class=\"aligncenter  wp-image-5302\" src=\"http:\/\/kspnszz.org\/wp-content\/uploads\/2023\/09\/381052675_622544423397222_776951928870231814_n.jpg\" alt=\"381052675_622544423397222_776951928870231814_n\" width=\"391\" height=\"336\" srcset=\"https:\/\/kspnszz.org\/wp-content\/uploads\/2023\/09\/381052675_622544423397222_776951928870231814_n.jpg 780w, https:\/\/kspnszz.org\/wp-content\/uploads\/2023\/09\/381052675_622544423397222_776951928870231814_n-300x258.jpg 300w\" sizes=\"(max-width: 391px) 100vw, 391px\" \/><\/a><\/div>\n<div class=\"x6prxxf x1fc57z9 x1yc453h x126k92a x14ctfv\" dir=\"auto\" style=\"text-align: justify;\"><\/div>\n<div class=\"x6prxxf x1fc57z9 x1yc453h x126k92a x14ctfv\" dir=\"auto\" style=\"text-align: justify;\"><a href=\"http:\/\/kspnszz.org\/wp-content\/uploads\/2023\/09\/381048511_622545193397145_1891108542035490629_n.jpg\" data-rel=\"lightbox-image-3\" data-rl_title=\"\" data-rl_caption=\"\" title=\"\"><img loading=\"lazy\" decoding=\"async\" class=\"aligncenter  wp-image-5300\" src=\"http:\/\/kspnszz.org\/wp-content\/uploads\/2023\/09\/381048511_622545193397145_1891108542035490629_n.jpg\" alt=\"381048511_622545193397145_1891108542035490629_n\" width=\"390\" height=\"289\" srcset=\"https:\/\/kspnszz.org\/wp-content\/uploads\/2023\/09\/381048511_622545193397145_1891108542035490629_n.jpg 991w, https:\/\/kspnszz.org\/wp-content\/uploads\/2023\/09\/381048511_622545193397145_1891108542035490629_n-300x222.jpg 300w\" sizes=\"(max-width: 390px) 100vw, 390px\" \/><\/a><\/div>\n<div class=\"x6prxxf x1fc57z9 x1yc453h x126k92a x14ctfv\" dir=\"auto\" style=\"text-align: justify;\"><\/div>\n<div class=\"x6prxxf x1fc57z9 x1yc453h x126k92a x14ctfv\" dir=\"auto\" style=\"text-align: justify;\"><a href=\"http:\/\/kspnszz.org\/wp-content\/uploads\/2023\/09\/381028389_622545163397148_3802109994935875596_n.jpg\" data-rel=\"lightbox-image-4\" data-rl_title=\"\" data-rl_caption=\"\" title=\"\"><img loading=\"lazy\" decoding=\"async\" class=\"aligncenter  wp-image-5307\" src=\"http:\/\/kspnszz.org\/wp-content\/uploads\/2023\/09\/381028389_622545163397148_3802109994935875596_n-768x1024.jpg\" alt=\"381028389_622545163397148_3802109994935875596_n\" width=\"392\" height=\"522\" srcset=\"https:\/\/kspnszz.org\/wp-content\/uploads\/2023\/09\/381028389_622545163397148_3802109994935875596_n-768x1024.jpg 768w, https:\/\/kspnszz.org\/wp-content\/uploads\/2023\/09\/381028389_622545163397148_3802109994935875596_n-225x300.jpg 225w, https:\/\/kspnszz.org\/wp-content\/uploads\/2023\/09\/381028389_622545163397148_3802109994935875596_n.jpg 1500w\" sizes=\"(max-width: 392px) 100vw, 392px\" \/><\/a><\/div>\n<div class=\"x6prxxf x1fc57z9 x1yc453h x126k92a x14ctfv\" dir=\"auto\" style=\"text-align: justify;\"><\/div>\n<div class=\"x6prxxf x1fc57z9 x1yc453h x126k92a x14ctfv\" dir=\"auto\" style=\"text-align: justify;\"><a href=\"http:\/\/kspnszz.org\/wp-content\/uploads\/2023\/09\/381373997_232051339866615_4189704862823811065_n.jpg\" data-rel=\"lightbox-image-5\" data-rl_title=\"\" data-rl_caption=\"\" title=\"\"><img loading=\"lazy\" decoding=\"async\" class=\"aligncenter  wp-image-5309\" src=\"http:\/\/kspnszz.org\/wp-content\/uploads\/2023\/09\/381373997_232051339866615_4189704862823811065_n-1024x768.jpg\" alt=\"381373997_232051339866615_4189704862823811065_n\" width=\"392\" height=\"295\" srcset=\"https:\/\/kspnszz.org\/wp-content\/uploads\/2023\/09\/381373997_232051339866615_4189704862823811065_n.jpg 1024w, https:\/\/kspnszz.org\/wp-content\/uploads\/2023\/09\/381373997_232051339866615_4189704862823811065_n-300x225.jpg 300w\" sizes=\"(max-width: 392px) 100vw, 392px\" \/><\/a><\/div>\n<div class=\"x6prxxf x1fc57z9 x1yc453h x126k92a x14ctfv\" dir=\"auto\" style=\"text-align: justify;\"><\/div>\n<div class=\"x6prxxf x1fc57z9 x1yc453h x126k92a x14ctfv\" dir=\"auto\" style=\"text-align: justify;\"><a href=\"http:\/\/kspnszz.org\/wp-content\/uploads\/2023\/09\/380636138_622544173397247_9031487917619701260_n.jpg\" data-rel=\"lightbox-image-6\" data-rl_title=\"\" data-rl_caption=\"\" title=\"\"><img loading=\"lazy\" decoding=\"async\" class=\"aligncenter  wp-image-5303\" src=\"http:\/\/kspnszz.org\/wp-content\/uploads\/2023\/09\/380636138_622544173397247_9031487917619701260_n.jpg\" alt=\"380636138_622544173397247_9031487917619701260_n\" width=\"392\" height=\"447\" srcset=\"https:\/\/kspnszz.org\/wp-content\/uploads\/2023\/09\/380636138_622544173397247_9031487917619701260_n.jpg 668w, https:\/\/kspnszz.org\/wp-content\/uploads\/2023\/09\/380636138_622544173397247_9031487917619701260_n-262x300.jpg 262w\" sizes=\"(max-width: 392px) 100vw, 392px\" \/><\/a><\/div>\n<div class=\"x6prxxf x1fc57z9 x1yc453h x126k92a x14ctfv\" dir=\"auto\" style=\"text-align: justify;\"><a href=\"http:\/\/kspnszz.org\/wp-content\/uploads\/2023\/09\/380411134_622545160063815_2712811660930499671_n.jpg\" data-rel=\"lightbox-image-7\" data-rl_title=\"\" data-rl_caption=\"\" title=\"\"><img loading=\"lazy\" decoding=\"async\" class=\"aligncenter  wp-image-5298\" src=\"http:\/\/kspnszz.org\/wp-content\/uploads\/2023\/09\/380411134_622545160063815_2712811660930499671_n-1024x592.jpg\" alt=\"380411134_622545160063815_2712811660930499671_n\" width=\"394\" height=\"228\" srcset=\"https:\/\/kspnszz.org\/wp-content\/uploads\/2023\/09\/380411134_622545160063815_2712811660930499671_n.jpg 1024w, https:\/\/kspnszz.org\/wp-content\/uploads\/2023\/09\/380411134_622545160063815_2712811660930499671_n-300x173.jpg 300w\" sizes=\"(max-width: 394px) 100vw, 394px\" \/><\/a><\/div>\n<div class=\"x6prxxf x1fc57z9 x1yc453h x126k92a x14ctfv\" dir=\"auto\" style=\"text-align: justify;\"><\/div>\n<div class=\"x6prxxf x1fc57z9 x1yc453h x126k92a x14ctfv\" dir=\"auto\" style=\"text-align: justify;\"><\/div>\n","protected":false},"excerpt":{"rendered":"<p>Po raz pierwszy w historii Krajowej Sekcji Po\u017carnictwa NSZZ Solidarno\u015b\u0107 przyznano Odznak\u0119 Honorow\u0105 &#8211; Krzy\u017c Krajowej Sekcji Po\u017carnictwa NSZZ Solidarno\u015b\u0107. Uroczyste posiedzenie Rady KSP NSZZ Solidarno\u015b\u0107, na kt\u00f3rym wr\u0119czono odznaczenia odby\u0142o si\u0119\u00a021 wrze\u015bnia 2023 r. w Che\u0142mie. Uroczysto\u015b\u0107 swoj\u0105 obecno\u015bci\u0105 zaszczycili m.in. Pose\u0142 na Sejm RP Anna D\u0105browska &#8211; Banaszek, Komendant G\u0142\u00f3wny PSP gen. brygadier &hellip;<\/p>\n","protected":false},"author":2,"featured_media":5312,"comment_status":"closed","ping_status":"closed","sticky":false,"template":"","format":"standard","meta":{"footnotes":""},"categories":[2,1,6],"tags":[],"yoast_head":"<!-- This site is optimized with the Yoast SEO plugin v22.7 - https:\/\/yoast.com\/wordpress\/plugins\/seo\/ -->\n<title>Przyznano Krzy\u017ce Krajowej Sekcji Po\u017carnictwa - KSPNSZZ<\/title>\n<meta name=\"robots\" content=\"index, follow, max-snippet:-1, max-image-preview:large, max-video-preview:-1\" \/>\n<link rel=\"canonical\" href=\"https:\/\/kspnszz.org\/index.php\/2023\/09\/23\/przyznano-krzyze-krajowej-sekcji-pozarnictwa\/\" \/>\n<meta property=\"og:locale\" content=\"pl_PL\" \/>\n<meta property=\"og:type\" content=\"article\" \/>\n<meta property=\"og:title\" content=\"Przyznano Krzy\u017ce Krajowej Sekcji Po\u017carnictwa - KSPNSZZ\" \/>\n<meta property=\"og:description\" content=\"Po raz pierwszy w historii Krajowej Sekcji Po\u017carnictwa NSZZ Solidarno\u015b\u0107 przyznano Odznak\u0119 Honorow\u0105 &#8211; Krzy\u017c Krajowej Sekcji Po\u017carnictwa NSZZ Solidarno\u015b\u0107. Uroczyste posiedzenie Rady KSP NSZZ Solidarno\u015b\u0107, na kt\u00f3rym wr\u0119czono odznaczenia odby\u0142o si\u0119\u00a021 wrze\u015bnia 2023 r. w Che\u0142mie. Uroczysto\u015b\u0107 swoj\u0105 obecno\u015bci\u0105 zaszczycili m.in. Pose\u0142 na Sejm RP Anna D\u0105browska &#8211; Banaszek, Komendant G\u0142\u00f3wny PSP gen. brygadier &hellip;\" \/>\n<meta property=\"og:url\" content=\"https:\/\/kspnszz.org\/index.php\/2023\/09\/23\/przyznano-krzyze-krajowej-sekcji-pozarnictwa\/\" \/>\n<meta property=\"og:site_name\" content=\"KSPNSZZ\" \/>\n<meta property=\"article:published_time\" content=\"2023-09-23T10:31:02+00:00\" \/>\n<meta property=\"article:modified_time\" content=\"2023-09-23T10:33:04+00:00\" \/>\n<meta property=\"og:image\" content=\"https:\/\/kspnszz.org\/wp-content\/uploads\/2023\/09\/krzyze.jpg\" \/>\n\t<meta property=\"og:image:width\" content=\"2000\" \/>\n\t<meta property=\"og:image:height\" content=\"1500\" \/>\n\t<meta property=\"og:image:type\" content=\"image\/jpeg\" \/>\n<meta name=\"author\" content=\"bartlomiej\" \/>\n<meta name=\"twitter:card\" content=\"summary_large_image\" \/>\n<meta name=\"twitter:label1\" content=\"Napisane przez\" \/>\n\t<meta name=\"twitter:data1\" content=\"bartlomiej\" \/>\n\t<meta name=\"twitter:label2\" content=\"Szacowany czas czytania\" \/>\n\t<meta name=\"twitter:data2\" content=\"1 minuta\" \/>\n<script type=\"application\/ld+json\" class=\"yoast-schema-graph\">{\"@context\":\"https:\/\/schema.org\",\"@graph\":[{\"@type\":\"WebPage\",\"@id\":\"https:\/\/kspnszz.org\/index.php\/2023\/09\/23\/przyznano-krzyze-krajowej-sekcji-pozarnictwa\/\",\"url\":\"https:\/\/kspnszz.org\/index.php\/2023\/09\/23\/przyznano-krzyze-krajowej-sekcji-pozarnictwa\/\",\"name\":\"Przyznano Krzy\u017ce Krajowej Sekcji Po\u017carnictwa - KSPNSZZ\",\"isPartOf\":{\"@id\":\"http:\/\/kspnszz.org\/#website\"},\"primaryImageOfPage\":{\"@id\":\"https:\/\/kspnszz.org\/index.php\/2023\/09\/23\/przyznano-krzyze-krajowej-sekcji-pozarnictwa\/#primaryimage\"},\"image\":{\"@id\":\"https:\/\/kspnszz.org\/index.php\/2023\/09\/23\/przyznano-krzyze-krajowej-sekcji-pozarnictwa\/#primaryimage\"},\"thumbnailUrl\":\"https:\/\/kspnszz.org\/wp-content\/uploads\/2023\/09\/krzyze.jpg\",\"datePublished\":\"2023-09-23T10:31:02+00:00\",\"dateModified\":\"2023-09-23T10:33:04+00:00\",\"author\":{\"@id\":\"http:\/\/kspnszz.org\/#\/schema\/person\/31096cf196f706ef50ecbd878903cc13\"},\"breadcrumb\":{\"@id\":\"https:\/\/kspnszz.org\/index.php\/2023\/09\/23\/przyznano-krzyze-krajowej-sekcji-pozarnictwa\/#breadcrumb\"},\"inLanguage\":\"pl-PL\",\"potentialAction\":[{\"@type\":\"ReadAction\",\"target\":[\"https:\/\/kspnszz.org\/index.php\/2023\/09\/23\/przyznano-krzyze-krajowej-sekcji-pozarnictwa\/\"]}]},{\"@type\":\"ImageObject\",\"inLanguage\":\"pl-PL\",\"@id\":\"https:\/\/kspnszz.org\/index.php\/2023\/09\/23\/przyznano-krzyze-krajowej-sekcji-pozarnictwa\/#primaryimage\",\"url\":\"https:\/\/kspnszz.org\/wp-content\/uploads\/2023\/09\/krzyze.jpg\",\"contentUrl\":\"https:\/\/kspnszz.org\/wp-content\/uploads\/2023\/09\/krzyze.jpg\",\"width\":2000,\"height\":1500},{\"@type\":\"BreadcrumbList\",\"@id\":\"https:\/\/kspnszz.org\/index.php\/2023\/09\/23\/przyznano-krzyze-krajowej-sekcji-pozarnictwa\/#breadcrumb\",\"itemListElement\":[{\"@type\":\"ListItem\",\"position\":1,\"name\":\"Strona g\u0142\u00f3wna\",\"item\":\"http:\/\/kspnszz.org\/\"},{\"@type\":\"ListItem\",\"position\":2,\"name\":\"Przyznano Krzy\u017ce Krajowej Sekcji Po\u017carnictwa\"}]},{\"@type\":\"WebSite\",\"@id\":\"http:\/\/kspnszz.org\/#website\",\"url\":\"http:\/\/kspnszz.org\/\",\"name\":\"KSPNSZZ\",\"description\":\"Krajowa Sekcja Po\u017carnictwa\",\"potentialAction\":[{\"@type\":\"SearchAction\",\"target\":{\"@type\":\"EntryPoint\",\"urlTemplate\":\"http:\/\/kspnszz.org\/?s={search_term_string}\"},\"query-input\":\"required name=search_term_string\"}],\"inLanguage\":\"pl-PL\"},{\"@type\":\"Person\",\"@id\":\"http:\/\/kspnszz.org\/#\/schema\/person\/31096cf196f706ef50ecbd878903cc13\",\"name\":\"bartlomiej\",\"image\":{\"@type\":\"ImageObject\",\"inLanguage\":\"pl-PL\",\"@id\":\"http:\/\/kspnszz.org\/#\/schema\/person\/image\/\",\"url\":\"https:\/\/secure.gravatar.com\/avatar\/cb681656f150968eb94b73c62cf58e52?s=96&d=mm&r=g\",\"contentUrl\":\"https:\/\/secure.gravatar.com\/avatar\/cb681656f150968eb94b73c62cf58e52?s=96&d=mm&r=g\",\"caption\":\"bartlomiej\"},\"url\":\"https:\/\/kspnszz.org\/index.php\/author\/bartlomiej\/\"}]}<\/script>\n<!-- \/ Yoast SEO plugin. -->","yoast_head_json":{"title":"Przyznano Krzy\u017ce Krajowej Sekcji Po\u017carnictwa - KSPNSZZ","robots":{"index":"index","follow":"follow","max-snippet":"max-snippet:-1","max-image-preview":"max-image-preview:large","max-video-preview":"max-video-preview:-1"},"canonical":"https:\/\/kspnszz.org\/index.php\/2023\/09\/23\/przyznano-krzyze-krajowej-sekcji-pozarnictwa\/","og_locale":"pl_PL","og_type":"article","og_title":"Przyznano Krzy\u017ce Krajowej Sekcji Po\u017carnictwa - KSPNSZZ","og_description":"Po raz pierwszy w historii Krajowej Sekcji Po\u017carnictwa NSZZ Solidarno\u015b\u0107 przyznano Odznak\u0119 Honorow\u0105 &#8211; Krzy\u017c Krajowej Sekcji Po\u017carnictwa NSZZ Solidarno\u015b\u0107. Uroczyste posiedzenie Rady KSP NSZZ Solidarno\u015b\u0107, na kt\u00f3rym wr\u0119czono odznaczenia odby\u0142o si\u0119\u00a021 wrze\u015bnia 2023 r. w Che\u0142mie. Uroczysto\u015b\u0107 swoj\u0105 obecno\u015bci\u0105 zaszczycili m.in. Pose\u0142 na Sejm RP Anna D\u0105browska &#8211; Banaszek, Komendant G\u0142\u00f3wny PSP gen. brygadier &hellip;","og_url":"https:\/\/kspnszz.org\/index.php\/2023\/09\/23\/przyznano-krzyze-krajowej-sekcji-pozarnictwa\/","og_site_name":"KSPNSZZ","article_published_time":"2023-09-23T10:31:02+00:00","article_modified_time":"2023-09-23T10:33:04+00:00","og_image":[{"width":2000,"height":1500,"url":"https:\/\/kspnszz.org\/wp-content\/uploads\/2023\/09\/krzyze.jpg","type":"image\/jpeg"}],"author":"bartlomiej","twitter_card":"summary_large_image","twitter_misc":{"Napisane przez":"bartlomiej","Szacowany czas czytania":"1 minuta"},"schema":{"@context":"https:\/\/schema.org","@graph":[{"@type":"WebPage","@id":"https:\/\/kspnszz.org\/index.php\/2023\/09\/23\/przyznano-krzyze-krajowej-sekcji-pozarnictwa\/","url":"https:\/\/kspnszz.org\/index.php\/2023\/09\/23\/przyznano-krzyze-krajowej-sekcji-pozarnictwa\/","name":"Przyznano Krzy\u017ce Krajowej Sekcji Po\u017carnictwa - KSPNSZZ","isPartOf":{"@id":"http:\/\/kspnszz.org\/#website"},"primaryImageOfPage":{"@id":"https:\/\/kspnszz.org\/index.php\/2023\/09\/23\/przyznano-krzyze-krajowej-sekcji-pozarnictwa\/#primaryimage"},"image":{"@id":"https:\/\/kspnszz.org\/index.php\/2023\/09\/23\/przyznano-krzyze-krajowej-sekcji-pozarnictwa\/#primaryimage"},"thumbnailUrl":"https:\/\/kspnszz.org\/wp-content\/uploads\/2023\/09\/krzyze.jpg","datePublished":"2023-09-23T10:31:02+00:00","dateModified":"2023-09-23T10:33:04+00:00","author":{"@id":"http:\/\/kspnszz.org\/#\/schema\/person\/31096cf196f706ef50ecbd878903cc13"},"breadcrumb":{"@id":"https:\/\/kspnszz.org\/index.php\/2023\/09\/23\/przyznano-krzyze-krajowej-sekcji-pozarnictwa\/#breadcrumb"},"inLanguage":"pl-PL","potentialAction":[{"@type":"ReadAction","target":["https:\/\/kspnszz.org\/index.php\/2023\/09\/23\/przyznano-krzyze-krajowej-sekcji-pozarnictwa\/"]}]},{"@type":"ImageObject","inLanguage":"pl-PL","@id":"https:\/\/kspnszz.org\/index.php\/2023\/09\/23\/przyznano-krzyze-krajowej-sekcji-pozarnictwa\/#primaryimage","url":"https:\/\/kspnszz.org\/wp-content\/uploads\/2023\/09\/krzyze.jpg","contentUrl":"https:\/\/kspnszz.org\/wp-content\/uploads\/2023\/09\/krzyze.jpg","width":2000,"height":1500},{"@type":"BreadcrumbList","@id":"https:\/\/kspnszz.org\/index.php\/2023\/09\/23\/przyznano-krzyze-krajowej-sekcji-pozarnictwa\/#breadcrumb","itemListElement":[{"@type":"ListItem","position":1,"name":"Strona g\u0142\u00f3wna","item":"http:\/\/kspnszz.org\/"},{"@type":"ListItem","position":2,"name":"Przyznano Krzy\u017ce Krajowej Sekcji Po\u017carnictwa"}]},{"@type":"WebSite","@id":"http:\/\/kspnszz.org\/#website","url":"http:\/\/kspnszz.org\/","name":"KSPNSZZ","description":"Krajowa Sekcja Po\u017carnictwa","potentialAction":[{"@type":"SearchAction","target":{"@type":"EntryPoint","urlTemplate":"http:\/\/kspnszz.org\/?s={search_term_string}"},"query-input":"required name=search_term_string"}],"inLanguage":"pl-PL"},{"@type":"Person","@id":"http:\/\/kspnszz.org\/#\/schema\/person\/31096cf196f706ef50ecbd878903cc13","name":"bartlomiej","image":{"@type":"ImageObject","inLanguage":"pl-PL","@id":"http:\/\/kspnszz.org\/#\/schema\/person\/image\/","url":"https:\/\/secure.gravatar.com\/avatar\/cb681656f150968eb94b73c62cf58e52?s=96&d=mm&r=g","contentUrl":"https:\/\/secure.gravatar.com\/avatar\/cb681656f150968eb94b73c62cf58e52?s=96&d=mm&r=g","caption":"bartlomiej"},"url":"https:\/\/kspnszz.org\/index.php\/author\/bartlomiej\/"}]}},"_links":{"self":[{"href":"https:\/\/kspnszz.org\/index.php\/wp-json\/wp\/v2\/posts\/5305"}],"collection":[{"href":"https:\/\/kspnszz.org\/index.php\/wp-json\/wp\/v2\/posts"}],"about":[{"href":"https:\/\/kspnszz.org\/index.php\/wp-json\/wp\/v2\/types\/post"}],"author":[{"embeddable":true,"href":"https:\/\/kspnszz.org\/index.php\/wp-json\/wp\/v2\/users\/2"}],"replies":[{"embeddable":true,"href":"https:\/\/kspnszz.org\/index.php\/wp-json\/wp\/v2\/comments?post=5305"}],"version-history":[{"count":4,"href":"https:\/\/kspnszz.org\/index.php\/wp-json\/wp\/v2\/posts\/5305\/revisions"}],"predecessor-version":[{"id":5311,"href":"https:\/\/kspnszz.org\/index.php\/wp-json\/wp\/v2\/posts\/5305\/revisions\/5311"}],"wp:featuredmedia":[{"embeddable":true,"href":"https:\/\/kspnszz.org\/index.php\/wp-json\/wp\/v2\/media\/5312"}],"wp:attachment":[{"href":"https:\/\/kspnszz.org\/index.php\/wp-json\/wp\/v2\/media?parent=5305"}],"wp:term":[{"taxonomy":"category","embeddable":true,"href":"https:\/\/kspnszz.org\/index.php\/wp-json\/wp\/v2\/categories?post=5305"},{"taxonomy":"post_tag","embeddable":true,"href":"https:\/\/kspnszz.org\/index.php\/wp-json\/wp\/v2\/tags?post=5305"}],"curies":[{"name":"wp","href":"https:\/\/api.w.org\/{rel}","templated":true}]}}