{"id":4764,"date":"2023-04-10T09:51:33","date_gmt":"2023-04-10T07:51:33","guid":{"rendered":"http:\/\/kspnszz.org\/?p=4764"},"modified":"2023-04-10T09:51:33","modified_gmt":"2023-04-10T07:51:33","slug":"w-pieciu-wojewodztwach-wybrano-kierownictwo-zwiazku","status":"publish","type":"post","link":"https:\/\/kspnszz.org\/index.php\/2023\/04\/10\/w-pieciu-wojewodztwach-wybrano-kierownictwo-zwiazku\/","title":{"rendered":"W pi\u0119ciu wojew\u00f3dztwach wybrano kierownictwo Zwi\u0105zku"},"content":{"rendered":"<p style=\"text-align: justify;\"><strong>Zgodnie z kalendarzem wyborczym ustalonym przez Komisj\u0119 Krajow\u0105 NSZZ &#8222;Solidarno\u015b\u0107&#8221; <strong>od\u00a01\u00a0kwietnia<\/strong> rozpocz\u0119\u0142y si\u0119 wybory w\u0142adz regionalnych sekcji bran\u017cowych. W pierwszym tygodniu kwietnia br. odby\u0142o si\u0119 pi\u0119\u0107 zjazd\u00f3w wyborczych w sekcjach po\u017carnictwa dzia\u0142aj\u0105cych <strong>w\u00a0wojew\u00f3dztwach:<\/strong> warmi\u0144sko-mazurskim, wielkopolskim, podlaskim, pomorskim i \u015bl\u0105skim.<\/strong><\/p>\n<p style=\"text-align: justify;\">4 kwietnia 2023 r. odby\u0142 si\u0119 Walny Zjazd Delegat\u00f3w Regionalnej Sekcji NSZZ \u201eSolidarno\u015b\u0107\u201d Po\u017carnictwa Wielkopolski. W wyniku przeprowadzonych wybor\u00f3w przewodnicz\u0105cym Regionalnej Sekcji NSZZ \u201eSolidarno\u015b\u0107\u201d Po\u017carnictwa Wielkopolski ponownie zosta\u0142 Bogumi\u0142 Go\u017adzik.<a href=\"http:\/\/kspnszz.org\/wp-content\/uploads\/2023\/04\/wlkp.jpg\" data-rel=\"lightbox-image-0\" data-rl_title=\"\" data-rl_caption=\"\" title=\"\"><img loading=\"lazy\" decoding=\"async\" class=\"aligncenter  wp-image-4760\" src=\"http:\/\/kspnszz.org\/wp-content\/uploads\/2023\/04\/wlkp-1024x641.jpg\" alt=\"wlkp\" width=\"476\" height=\"298\" srcset=\"https:\/\/kspnszz.org\/wp-content\/uploads\/2023\/04\/wlkp-1024x641.jpg 1024w, https:\/\/kspnszz.org\/wp-content\/uploads\/2023\/04\/wlkp-300x188.jpg 300w, https:\/\/kspnszz.org\/wp-content\/uploads\/2023\/04\/wlkp.jpg 1510w\" sizes=\"(max-width: 476px) 100vw, 476px\" \/><\/a><\/p>\n<p style=\"text-align: justify;\">Jaros\u0142aw Rejner ponowne zosta\u0142 wybrany na Przewodnicz\u0105cego Regionalnej\u00a0Sekcji Po\u017carnictwa\u00a0NSZZ \u201eSolidarno\u015b\u0107\u201d\u00a0woj.\u00a0warmi\u0144sko-mazurskiego. WZD odby\u0142o si\u0119 4 kwietnia br. w siedzibie Regionu.<\/p>\n<p style=\"text-align: justify;\"><a href=\"http:\/\/kspnszz.org\/wp-content\/uploads\/2023\/04\/war-maz.jpg\" data-rel=\"lightbox-image-1\" data-rl_title=\"\" data-rl_caption=\"\" title=\"\"><img loading=\"lazy\" decoding=\"async\" class=\"aligncenter  wp-image-4759\" src=\"http:\/\/kspnszz.org\/wp-content\/uploads\/2023\/04\/war-maz.jpg\" alt=\"war-maz\" width=\"454\" height=\"340\" srcset=\"https:\/\/kspnszz.org\/wp-content\/uploads\/2023\/04\/war-maz.jpg 960w, https:\/\/kspnszz.org\/wp-content\/uploads\/2023\/04\/war-maz-300x225.jpg 300w\" sizes=\"(max-width: 454px) 100vw, 454px\" \/><\/a><\/p>\n<p style=\"text-align: justify;\">Na kolejn\u0105 kadencj\u0119 przewodnicz\u0105cym Mi\u0119dzyregionalnej Podlaskiej Sekcji Po\u017carnictwa wybrano Macieja \u0141ozowskiego. WZD podlaskiej Sekcji odby\u0142 si\u0119 r\u00f3wnie\u017c 4 kwietnia, w Gibach w powiecie sejne\u0144skim.<\/p>\n<p style=\"text-align: justify;\"><a href=\"http:\/\/kspnszz.org\/wp-content\/uploads\/2023\/04\/podlaskie-2.jpg\" data-rel=\"lightbox-image-2\" data-rl_title=\"\" data-rl_caption=\"\" title=\"\"><img loading=\"lazy\" decoding=\"async\" class=\"aligncenter  wp-image-4763\" src=\"http:\/\/kspnszz.org\/wp-content\/uploads\/2023\/04\/podlaskie-2-1024x768.jpg\" alt=\"podlaskie (2)\" width=\"467\" height=\"350\" srcset=\"https:\/\/kspnszz.org\/wp-content\/uploads\/2023\/04\/podlaskie-2-1024x768.jpg 1024w, https:\/\/kspnszz.org\/wp-content\/uploads\/2023\/04\/podlaskie-2-300x225.jpg 300w, https:\/\/kspnszz.org\/wp-content\/uploads\/2023\/04\/podlaskie-2.jpg 2048w\" sizes=\"(max-width: 467px) 100vw, 467px\" \/><\/a><\/p>\n<p style=\"text-align: justify;\">\u017bukowo w powiecie kartuskim by\u0142o miejscem Walnego Zjazdu Delegat\u00f3w Mi\u0119dzyregionalnej Pomorskiej Sekcji Po\u017carnictwa, kt\u00f3ry odby\u0142 si\u0119 5 kwietnia 2023 r. Przewodnicz\u0105cym Sekcji ponownie zosta\u0142 Tomasz Richert.<\/p>\n<p style=\"text-align: justify;\"><a href=\"http:\/\/kspnszz.org\/wp-content\/uploads\/2023\/04\/pomorskie-e1681111997214.jpg\" data-rel=\"lightbox-image-3\" data-rl_title=\"\" data-rl_caption=\"\" title=\"\"><img loading=\"lazy\" decoding=\"async\" class=\"aligncenter wp-image-4761 \" src=\"http:\/\/kspnszz.org\/wp-content\/uploads\/2023\/04\/pomorskie-e1681111997214-1024x622.jpg\" alt=\"\" width=\"468\" height=\"284\" srcset=\"https:\/\/kspnszz.org\/wp-content\/uploads\/2023\/04\/pomorskie-e1681111997214.jpg 1024w, https:\/\/kspnszz.org\/wp-content\/uploads\/2023\/04\/pomorskie-e1681111997214-300x182.jpg 300w\" sizes=\"(max-width: 468px) 100vw, 468px\" \/><\/a><\/p>\n<p style=\"text-align: justify;\">Nowym przewodnicz\u0105cym Mi\u0119dzyregionalnej \u015al\u0105skiej Sekcji Po\u017carnictwa zosta\u0142 Adam Rogoza. Delegaci, kt\u00f3rzy zebrali si\u0119 5 kwietnia 2023 r. w siedzibie Regionu \u015al\u0105sko-D\u0105browskiego zdecydowali r\u00f3wnie\u017c o nadaniu ust\u0119puj\u0105cemu przewodnicz\u0105cemu Damianowi Kochoniowi uroczystego tytu\u0142u Honorowego Przewodnicz\u0105cego M\u015aSP.<\/p>\n<p style=\"text-align: justify;\"><a href=\"http:\/\/kspnszz.org\/wp-content\/uploads\/2023\/04\/\u015bl\u0105sk-2.jpg\" data-rel=\"lightbox-image-4\" data-rl_title=\"\" data-rl_caption=\"\" title=\"\"><img loading=\"lazy\" decoding=\"async\" class=\"aligncenter  wp-image-4762\" src=\"http:\/\/kspnszz.org\/wp-content\/uploads\/2023\/04\/\u015bl\u0105sk-2-1024x694.jpg\" alt=\"\u015bl\u0105sk (2)\" width=\"466\" height=\"316\" srcset=\"https:\/\/kspnszz.org\/wp-content\/uploads\/2023\/04\/\u015bl\u0105sk-2-1024x694.jpg 1024w, https:\/\/kspnszz.org\/wp-content\/uploads\/2023\/04\/\u015bl\u0105sk-2-300x203.jpg 300w, https:\/\/kspnszz.org\/wp-content\/uploads\/2023\/04\/\u015bl\u0105sk-2-110x75.jpg 110w, https:\/\/kspnszz.org\/wp-content\/uploads\/2023\/04\/\u015bl\u0105sk-2.jpg 1755w\" sizes=\"(max-width: 466px) 100vw, 466px\" \/><\/a><\/p>\n","protected":false},"excerpt":{"rendered":"<p>Zgodnie z kalendarzem wyborczym ustalonym przez Komisj\u0119 Krajow\u0105 NSZZ &#8222;Solidarno\u015b\u0107&#8221; od\u00a01\u00a0kwietnia rozpocz\u0119\u0142y si\u0119 wybory w\u0142adz regionalnych sekcji bran\u017cowych. W pierwszym tygodniu kwietnia br. odby\u0142o si\u0119 pi\u0119\u0107 zjazd\u00f3w wyborczych w sekcjach po\u017carnictwa dzia\u0142aj\u0105cych w\u00a0wojew\u00f3dztwach: warmi\u0144sko-mazurskim, wielkopolskim, podlaskim, pomorskim i \u015bl\u0105skim. 4 kwietnia 2023 r. odby\u0142 si\u0119 Walny Zjazd Delegat\u00f3w Regionalnej Sekcji NSZZ \u201eSolidarno\u015b\u0107\u201d Po\u017carnictwa Wielkopolski. W &hellip;<\/p>\n","protected":false},"author":2,"featured_media":4769,"comment_status":"closed","ping_status":"closed","sticky":false,"template":"","format":"standard","meta":{"footnotes":""},"categories":[2],"tags":[],"yoast_head":"<!-- This site is optimized with the Yoast SEO plugin v22.7 - https:\/\/yoast.com\/wordpress\/plugins\/seo\/ -->\n<title>W pi\u0119ciu wojew\u00f3dztwach wybrano kierownictwo Zwi\u0105zku - KSPNSZZ<\/title>\n<meta name=\"robots\" content=\"index, follow, max-snippet:-1, max-image-preview:large, max-video-preview:-1\" \/>\n<link rel=\"canonical\" href=\"https:\/\/kspnszz.org\/index.php\/2023\/04\/10\/w-pieciu-wojewodztwach-wybrano-kierownictwo-zwiazku\/\" \/>\n<meta property=\"og:locale\" content=\"pl_PL\" \/>\n<meta property=\"og:type\" content=\"article\" \/>\n<meta property=\"og:title\" content=\"W pi\u0119ciu wojew\u00f3dztwach wybrano kierownictwo Zwi\u0105zku - KSPNSZZ\" \/>\n<meta property=\"og:description\" content=\"Zgodnie z kalendarzem wyborczym ustalonym przez Komisj\u0119 Krajow\u0105 NSZZ &#8222;Solidarno\u015b\u0107&#8221; od\u00a01\u00a0kwietnia rozpocz\u0119\u0142y si\u0119 wybory w\u0142adz regionalnych sekcji bran\u017cowych. W pierwszym tygodniu kwietnia br. odby\u0142o si\u0119 pi\u0119\u0107 zjazd\u00f3w wyborczych w sekcjach po\u017carnictwa dzia\u0142aj\u0105cych w\u00a0wojew\u00f3dztwach: warmi\u0144sko-mazurskim, wielkopolskim, podlaskim, pomorskim i \u015bl\u0105skim. 4 kwietnia 2023 r. odby\u0142 si\u0119 Walny Zjazd Delegat\u00f3w Regionalnej Sekcji NSZZ \u201eSolidarno\u015b\u0107\u201d Po\u017carnictwa Wielkopolski. W &hellip;\" \/>\n<meta property=\"og:url\" content=\"https:\/\/kspnszz.org\/index.php\/2023\/04\/10\/w-pieciu-wojewodztwach-wybrano-kierownictwo-zwiazku\/\" \/>\n<meta property=\"og:site_name\" content=\"KSPNSZZ\" \/>\n<meta property=\"article:published_time\" content=\"2023-04-10T07:51:33+00:00\" \/>\n<meta property=\"og:image\" content=\"https:\/\/kspnszz.org\/wp-content\/uploads\/2023\/04\/wybory.jpg\" \/>\n\t<meta property=\"og:image:width\" content=\"2048\" \/>\n\t<meta property=\"og:image:height\" content=\"1456\" \/>\n\t<meta property=\"og:image:type\" content=\"image\/jpeg\" \/>\n<meta name=\"author\" content=\"bartlomiej\" \/>\n<meta name=\"twitter:card\" content=\"summary_large_image\" \/>\n<meta name=\"twitter:label1\" content=\"Napisane przez\" \/>\n\t<meta name=\"twitter:data1\" content=\"bartlomiej\" \/>\n\t<meta name=\"twitter:label2\" content=\"Szacowany czas czytania\" \/>\n\t<meta name=\"twitter:data2\" content=\"1 minuta\" \/>\n<script type=\"application\/ld+json\" class=\"yoast-schema-graph\">{\"@context\":\"https:\/\/schema.org\",\"@graph\":[{\"@type\":\"WebPage\",\"@id\":\"https:\/\/kspnszz.org\/index.php\/2023\/04\/10\/w-pieciu-wojewodztwach-wybrano-kierownictwo-zwiazku\/\",\"url\":\"https:\/\/kspnszz.org\/index.php\/2023\/04\/10\/w-pieciu-wojewodztwach-wybrano-kierownictwo-zwiazku\/\",\"name\":\"W pi\u0119ciu wojew\u00f3dztwach wybrano kierownictwo Zwi\u0105zku - KSPNSZZ\",\"isPartOf\":{\"@id\":\"http:\/\/kspnszz.org\/#website\"},\"primaryImageOfPage\":{\"@id\":\"https:\/\/kspnszz.org\/index.php\/2023\/04\/10\/w-pieciu-wojewodztwach-wybrano-kierownictwo-zwiazku\/#primaryimage\"},\"image\":{\"@id\":\"https:\/\/kspnszz.org\/index.php\/2023\/04\/10\/w-pieciu-wojewodztwach-wybrano-kierownictwo-zwiazku\/#primaryimage\"},\"thumbnailUrl\":\"https:\/\/kspnszz.org\/wp-content\/uploads\/2023\/04\/wybory.jpg\",\"datePublished\":\"2023-04-10T07:51:33+00:00\",\"dateModified\":\"2023-04-10T07:51:33+00:00\",\"author\":{\"@id\":\"http:\/\/kspnszz.org\/#\/schema\/person\/31096cf196f706ef50ecbd878903cc13\"},\"breadcrumb\":{\"@id\":\"https:\/\/kspnszz.org\/index.php\/2023\/04\/10\/w-pieciu-wojewodztwach-wybrano-kierownictwo-zwiazku\/#breadcrumb\"},\"inLanguage\":\"pl-PL\",\"potentialAction\":[{\"@type\":\"ReadAction\",\"target\":[\"https:\/\/kspnszz.org\/index.php\/2023\/04\/10\/w-pieciu-wojewodztwach-wybrano-kierownictwo-zwiazku\/\"]}]},{\"@type\":\"ImageObject\",\"inLanguage\":\"pl-PL\",\"@id\":\"https:\/\/kspnszz.org\/index.php\/2023\/04\/10\/w-pieciu-wojewodztwach-wybrano-kierownictwo-zwiazku\/#primaryimage\",\"url\":\"https:\/\/kspnszz.org\/wp-content\/uploads\/2023\/04\/wybory.jpg\",\"contentUrl\":\"https:\/\/kspnszz.org\/wp-content\/uploads\/2023\/04\/wybory.jpg\",\"width\":2048,\"height\":1456},{\"@type\":\"BreadcrumbList\",\"@id\":\"https:\/\/kspnszz.org\/index.php\/2023\/04\/10\/w-pieciu-wojewodztwach-wybrano-kierownictwo-zwiazku\/#breadcrumb\",\"itemListElement\":[{\"@type\":\"ListItem\",\"position\":1,\"name\":\"Strona g\u0142\u00f3wna\",\"item\":\"http:\/\/kspnszz.org\/\"},{\"@type\":\"ListItem\",\"position\":2,\"name\":\"W pi\u0119ciu wojew\u00f3dztwach wybrano kierownictwo Zwi\u0105zku\"}]},{\"@type\":\"WebSite\",\"@id\":\"http:\/\/kspnszz.org\/#website\",\"url\":\"http:\/\/kspnszz.org\/\",\"name\":\"KSPNSZZ\",\"description\":\"Krajowa Sekcja Po\u017carnictwa\",\"potentialAction\":[{\"@type\":\"SearchAction\",\"target\":{\"@type\":\"EntryPoint\",\"urlTemplate\":\"http:\/\/kspnszz.org\/?s={search_term_string}\"},\"query-input\":\"required name=search_term_string\"}],\"inLanguage\":\"pl-PL\"},{\"@type\":\"Person\",\"@id\":\"http:\/\/kspnszz.org\/#\/schema\/person\/31096cf196f706ef50ecbd878903cc13\",\"name\":\"bartlomiej\",\"image\":{\"@type\":\"ImageObject\",\"inLanguage\":\"pl-PL\",\"@id\":\"http:\/\/kspnszz.org\/#\/schema\/person\/image\/\",\"url\":\"https:\/\/secure.gravatar.com\/avatar\/cb681656f150968eb94b73c62cf58e52?s=96&d=mm&r=g\",\"contentUrl\":\"https:\/\/secure.gravatar.com\/avatar\/cb681656f150968eb94b73c62cf58e52?s=96&d=mm&r=g\",\"caption\":\"bartlomiej\"},\"url\":\"https:\/\/kspnszz.org\/index.php\/author\/bartlomiej\/\"}]}<\/script>\n<!-- \/ Yoast SEO plugin. -->","yoast_head_json":{"title":"W pi\u0119ciu wojew\u00f3dztwach wybrano kierownictwo Zwi\u0105zku - KSPNSZZ","robots":{"index":"index","follow":"follow","max-snippet":"max-snippet:-1","max-image-preview":"max-image-preview:large","max-video-preview":"max-video-preview:-1"},"canonical":"https:\/\/kspnszz.org\/index.php\/2023\/04\/10\/w-pieciu-wojewodztwach-wybrano-kierownictwo-zwiazku\/","og_locale":"pl_PL","og_type":"article","og_title":"W pi\u0119ciu wojew\u00f3dztwach wybrano kierownictwo Zwi\u0105zku - KSPNSZZ","og_description":"Zgodnie z kalendarzem wyborczym ustalonym przez Komisj\u0119 Krajow\u0105 NSZZ &#8222;Solidarno\u015b\u0107&#8221; od\u00a01\u00a0kwietnia rozpocz\u0119\u0142y si\u0119 wybory w\u0142adz regionalnych sekcji bran\u017cowych. W pierwszym tygodniu kwietnia br. odby\u0142o si\u0119 pi\u0119\u0107 zjazd\u00f3w wyborczych w sekcjach po\u017carnictwa dzia\u0142aj\u0105cych w\u00a0wojew\u00f3dztwach: warmi\u0144sko-mazurskim, wielkopolskim, podlaskim, pomorskim i \u015bl\u0105skim. 4 kwietnia 2023 r. odby\u0142 si\u0119 Walny Zjazd Delegat\u00f3w Regionalnej Sekcji NSZZ \u201eSolidarno\u015b\u0107\u201d Po\u017carnictwa Wielkopolski. W &hellip;","og_url":"https:\/\/kspnszz.org\/index.php\/2023\/04\/10\/w-pieciu-wojewodztwach-wybrano-kierownictwo-zwiazku\/","og_site_name":"KSPNSZZ","article_published_time":"2023-04-10T07:51:33+00:00","og_image":[{"width":2048,"height":1456,"url":"https:\/\/kspnszz.org\/wp-content\/uploads\/2023\/04\/wybory.jpg","type":"image\/jpeg"}],"author":"bartlomiej","twitter_card":"summary_large_image","twitter_misc":{"Napisane przez":"bartlomiej","Szacowany czas czytania":"1 minuta"},"schema":{"@context":"https:\/\/schema.org","@graph":[{"@type":"WebPage","@id":"https:\/\/kspnszz.org\/index.php\/2023\/04\/10\/w-pieciu-wojewodztwach-wybrano-kierownictwo-zwiazku\/","url":"https:\/\/kspnszz.org\/index.php\/2023\/04\/10\/w-pieciu-wojewodztwach-wybrano-kierownictwo-zwiazku\/","name":"W pi\u0119ciu wojew\u00f3dztwach wybrano kierownictwo Zwi\u0105zku - KSPNSZZ","isPartOf":{"@id":"http:\/\/kspnszz.org\/#website"},"primaryImageOfPage":{"@id":"https:\/\/kspnszz.org\/index.php\/2023\/04\/10\/w-pieciu-wojewodztwach-wybrano-kierownictwo-zwiazku\/#primaryimage"},"image":{"@id":"https:\/\/kspnszz.org\/index.php\/2023\/04\/10\/w-pieciu-wojewodztwach-wybrano-kierownictwo-zwiazku\/#primaryimage"},"thumbnailUrl":"https:\/\/kspnszz.org\/wp-content\/uploads\/2023\/04\/wybory.jpg","datePublished":"2023-04-10T07:51:33+00:00","dateModified":"2023-04-10T07:51:33+00:00","author":{"@id":"http:\/\/kspnszz.org\/#\/schema\/person\/31096cf196f706ef50ecbd878903cc13"},"breadcrumb":{"@id":"https:\/\/kspnszz.org\/index.php\/2023\/04\/10\/w-pieciu-wojewodztwach-wybrano-kierownictwo-zwiazku\/#breadcrumb"},"inLanguage":"pl-PL","potentialAction":[{"@type":"ReadAction","target":["https:\/\/kspnszz.org\/index.php\/2023\/04\/10\/w-pieciu-wojewodztwach-wybrano-kierownictwo-zwiazku\/"]}]},{"@type":"ImageObject","inLanguage":"pl-PL","@id":"https:\/\/kspnszz.org\/index.php\/2023\/04\/10\/w-pieciu-wojewodztwach-wybrano-kierownictwo-zwiazku\/#primaryimage","url":"https:\/\/kspnszz.org\/wp-content\/uploads\/2023\/04\/wybory.jpg","contentUrl":"https:\/\/kspnszz.org\/wp-content\/uploads\/2023\/04\/wybory.jpg","width":2048,"height":1456},{"@type":"BreadcrumbList","@id":"https:\/\/kspnszz.org\/index.php\/2023\/04\/10\/w-pieciu-wojewodztwach-wybrano-kierownictwo-zwiazku\/#breadcrumb","itemListElement":[{"@type":"ListItem","position":1,"name":"Strona g\u0142\u00f3wna","item":"http:\/\/kspnszz.org\/"},{"@type":"ListItem","position":2,"name":"W pi\u0119ciu wojew\u00f3dztwach wybrano kierownictwo Zwi\u0105zku"}]},{"@type":"WebSite","@id":"http:\/\/kspnszz.org\/#website","url":"http:\/\/kspnszz.org\/","name":"KSPNSZZ","description":"Krajowa Sekcja Po\u017carnictwa","potentialAction":[{"@type":"SearchAction","target":{"@type":"EntryPoint","urlTemplate":"http:\/\/kspnszz.org\/?s={search_term_string}"},"query-input":"required name=search_term_string"}],"inLanguage":"pl-PL"},{"@type":"Person","@id":"http:\/\/kspnszz.org\/#\/schema\/person\/31096cf196f706ef50ecbd878903cc13","name":"bartlomiej","image":{"@type":"ImageObject","inLanguage":"pl-PL","@id":"http:\/\/kspnszz.org\/#\/schema\/person\/image\/","url":"https:\/\/secure.gravatar.com\/avatar\/cb681656f150968eb94b73c62cf58e52?s=96&d=mm&r=g","contentUrl":"https:\/\/secure.gravatar.com\/avatar\/cb681656f150968eb94b73c62cf58e52?s=96&d=mm&r=g","caption":"bartlomiej"},"url":"https:\/\/kspnszz.org\/index.php\/author\/bartlomiej\/"}]}},"_links":{"self":[{"href":"https:\/\/kspnszz.org\/index.php\/wp-json\/wp\/v2\/posts\/4764"}],"collection":[{"href":"https:\/\/kspnszz.org\/index.php\/wp-json\/wp\/v2\/posts"}],"about":[{"href":"https:\/\/kspnszz.org\/index.php\/wp-json\/wp\/v2\/types\/post"}],"author":[{"embeddable":true,"href":"https:\/\/kspnszz.org\/index.php\/wp-json\/wp\/v2\/users\/2"}],"replies":[{"embeddable":true,"href":"https:\/\/kspnszz.org\/index.php\/wp-json\/wp\/v2\/comments?post=4764"}],"version-history":[{"count":3,"href":"https:\/\/kspnszz.org\/index.php\/wp-json\/wp\/v2\/posts\/4764\/revisions"}],"predecessor-version":[{"id":4767,"href":"https:\/\/kspnszz.org\/index.php\/wp-json\/wp\/v2\/posts\/4764\/revisions\/4767"}],"wp:featuredmedia":[{"embeddable":true,"href":"https:\/\/kspnszz.org\/index.php\/wp-json\/wp\/v2\/media\/4769"}],"wp:attachment":[{"href":"https:\/\/kspnszz.org\/index.php\/wp-json\/wp\/v2\/media?parent=4764"}],"wp:term":[{"taxonomy":"category","embeddable":true,"href":"https:\/\/kspnszz.org\/index.php\/wp-json\/wp\/v2\/categories?post=4764"},{"taxonomy":"post_tag","embeddable":true,"href":"https:\/\/kspnszz.org\/index.php\/wp-json\/wp\/v2\/tags?post=4764"}],"curies":[{"name":"wp","href":"https:\/\/api.w.org\/{rel}","templated":true}]}}