{"id":4676,"date":"2023-03-01T14:35:12","date_gmt":"2023-03-01T13:35:12","guid":{"rendered":"http:\/\/kspnszz.org\/?p=4676"},"modified":"2024-08-16T10:31:55","modified_gmt":"2024-08-16T08:31:55","slug":"miedzynarodowa-konferencja-poswiecona-bezpieczenstwu-strazakow","status":"publish","type":"post","link":"https:\/\/kspnszz.org\/index.php\/2023\/03\/01\/miedzynarodowa-konferencja-poswiecona-bezpieczenstwu-strazakow\/","title":{"rendered":"Mi\u0119dzynarodowa konferencja po\u015bwi\u0119cona bezpiecze\u0144stwu stra\u017cak\u00f3w"},"content":{"rendered":"<p style=\"text-align: justify;\"><strong>W dniach 22-26 lutego 2023 r. nasz przedstawiciel, Szymon Kokot, odpowiadaj\u0105cy za kierunki profilaktyki nowotworowej stra\u017cak\u00f3w w KSP NSZZ \u201eSolidarno\u015b\u0107\u201d wzi\u0105\u0142 udzia\u0142 w konferencji \u201eThe Problem of Exposure to Contaminating Products in the Context Of Firefighting Activities\u201d (Problem ekspozycji na produkty powoduj\u0105ce zanieczyszczenie w kontek\u015bcie dzia\u0142a\u0144 ga\u015bniczych), zorganizowanej przez stra\u017c po\u017carn\u0105 Companhia de Bombeiros Sapadores de Coimbra w Portugalii. Nasz delegat reprezentowa\u0142 jednocze\u015bnie Fundacj\u0119 cfbt.pl, kt\u00f3ra \u015bci\u015ble wsp\u00f3\u0142pracuje z KSP w\u00a0kwestii profilaktyki nowotworowej stra\u017cak\u00f3w.<\/strong><\/p>\n<p style=\"text-align: justify;\"><a href=\"http:\/\/kspnszz.org\/wp-content\/uploads\/2023\/03\/108-e1677676613422.jpg\" data-rel=\"lightbox-image-0\" data-rl_title=\"\" data-rl_caption=\"\" title=\"\"><img loading=\"lazy\" decoding=\"async\" class=\"aligncenter wp-image-4672 size-large\" src=\"http:\/\/kspnszz.org\/wp-content\/uploads\/2023\/03\/108-e1677676613422-1024x576.jpg\" alt=\"\" width=\"618\" height=\"348\" srcset=\"https:\/\/kspnszz.org\/wp-content\/uploads\/2023\/03\/108-e1677676613422-1024x576.jpg 1024w, https:\/\/kspnszz.org\/wp-content\/uploads\/2023\/03\/108-e1677676613422-300x169.jpg 300w, https:\/\/kspnszz.org\/wp-content\/uploads\/2023\/03\/108-e1677676613422.jpg 1596w\" sizes=\"(max-width: 618px) 100vw, 618px\" \/><\/a><\/p>\n<p style=\"text-align: justify;\">Wizyta by\u0142a sposobno\u015bci\u0105 do odwiedzenia Escola de Regimento de Sapadores Bombeiros de Lisboa (Szko\u0142y Regimentu Stra\u017cy Po\u017carnej w Lizbonie). W dniu 23 lutego nasz delegat spotka\u0142 si\u0119 z\u00a0przedstawicielami szko\u0142y i zapozna\u0142 si\u0119 ze specyfik\u0105 pracy stra\u017cak\u00f3w oraz baz\u0105 szkoleniowo-lokalow\u0105. By\u0142o to okazj\u0105 do wymiany do\u015bwiadcze\u0144 oraz podzielenia si\u0119 niekt\u00f3rymi z wniosk\u00f3w i kierunk\u00f3w rozwoju przyj\u0119tych w PSP, w tym wypracowanych w ramach posiedze\u0144 zespo\u0142u Komendanta G\u0142\u00f3wnego PSP zajmuj\u0105cego si\u0119 tematyk\u0105 profilaktyki nowotworowej. Gospodarze wizyty wyrazili du\u017ce zainteresowanie znacznym post\u0119pem, jaki dokonuje si\u0119 obecnie we wspomnianej sferze w Polsce, stwierdzaj\u0105c \u017ce chc\u0105 korzysta\u0107 z naszych rozwi\u0105za\u0144, aby przyspieszy\u0107 i usprawni\u0107 osi\u0105ganie kolejnych kamieni milowych w tej wa\u017cnej dla nich sferze. Pad\u0142a deklaracja ch\u0119ci kontynuowania wizyt i wymiany do\u015bwiadcze\u0144 w przysz\u0142o\u015bci.<\/p>\n<p style=\"text-align: justify;\">Lizbo\u0144ska szko\u0142a stra\u017cacka zajmuje si\u0119 obecnie kszta\u0142ceniem w zawodzie stra\u017caka na potrzeby ca\u0142ego kraju. Rekruci sp\u0119dzaj\u0105 tam \u0142\u0105cznie 7 miesi\u0119cy na szkoleniu, po czym udaj\u0105 si\u0119 na pi\u0119ciomiesi\u0119czny stra\u017c do jednostek macierzystych, gdzie pod okiem opiekun\u00f3w wdra\u017caj\u0105 si\u0119 w praktyczne aspekty funkcjonowania swoich jednostek. Po sko\u0144czonym sta\u017cu odbywaj\u0105 egzamin, kt\u00f3ry nadaje im kwalifikacje zawodowe. W Portugalii obowi\u0105zuje jedna \u015bcie\u017cka kariery rozpoczynaj\u0105ca si\u0119 od stanowisk szeregowych. Lokalni stra\u017cacy zwracaj\u0105 uwag\u0119 na s\u0142abe strony tego systemu polegaj\u0105ce na braku systemowego rozwi\u0105zania gwarantuj\u0105cego przygotowanie do pe\u0142nienia funkcji i zada\u0144 menad\u017cerskich wraz z rozwojem karier funkcjonariuszy. Przy lizbo\u0144skiej szkole funkcjonuje jednostka ratowniczo-ga\u015bnicza posiadaj\u0105c specjalizacje ratownicze: wysoko\u015bciow\u0105, chemiczno-ekologiczn\u0105, poszukiwawczo-ratownicz\u0105 oraz nurkow\u0105. Ciekawostkami z kategorii wyposa\u017cenia technicznego s\u0105 9-litrowe butle w aparatach powietrznych w standardzie oraz drabiny hakowe podobne do tych, kt\u00f3rych u\u017cywa paryska brygada stra\u017cacka SPBP. W szkole trwa aktualnie du\u017ca inwestycja, dzi\u0119ki kt\u00f3rej zbudowane zostan\u0105 nowe obiekty szkolne, koszarowe oraz siedziba administracyjna kierownictwa, a tak\u017ce rozbudowany zostanie poligon szkoleniowy.<\/p>\n<p style=\"text-align: justify;\"><a href=\"http:\/\/kspnszz.org\/wp-content\/uploads\/2023\/03\/70.jpg\" data-rel=\"lightbox-image-1\" data-rl_title=\"\" data-rl_caption=\"\" title=\"\"><img loading=\"lazy\" decoding=\"async\" class=\"aligncenter  wp-image-4674\" src=\"http:\/\/kspnszz.org\/wp-content\/uploads\/2023\/03\/70-768x1024.jpg\" alt=\"70\" width=\"246\" height=\"328\" srcset=\"https:\/\/kspnszz.org\/wp-content\/uploads\/2023\/03\/70-768x1024.jpg 768w, https:\/\/kspnszz.org\/wp-content\/uploads\/2023\/03\/70-225x300.jpg 225w, https:\/\/kspnszz.org\/wp-content\/uploads\/2023\/03\/70.jpg 1200w\" sizes=\"(max-width: 246px) 100vw, 246px\" \/><\/a><\/p>\n<p style=\"text-align: justify;\">Z uwagi na specyfik\u0119 tego regionu europejskiego bardzo rozwini\u0119te s\u0105 kwestie zwi\u0105zane z gaszeniem traw i las\u00f3w, chocia\u017c bol\u0105czk\u0105 stra\u017cak\u00f3w jest brak upowszechnienia ubra\u0144 lekkich jako rozwi\u0105zania systemowego, co omawiano r\u00f3wnie\u017c pod k\u0105tem profilaktyki zdrowotnej przez pryzmat przegrzewania organizmu czy zagro\u017ce\u0144 substancjami rakotw\u00f3rczymi. W Portugalii obowi\u0105zuje system pe\u0142nienia s\u0142u\u017cby 12\/24 \u2013 12\/72 (09:00-21:00) oraz 35-godzinny wymiar tygodniowy. Z uwagi na generowanie znacznej liczby nadgodzin, do istniej\u0105cych 4 dru\u017cyn (zmian) pe\u0142ni\u0105cych s\u0142u\u017cby rotacyjnie, niedawno dodano pi\u0105t\u0105 dru\u017cyn\u0119 co spowodowa\u0142o obni\u017cenie \u015bredniej liczny wyrabianych nadgodzin w przeliczeniu na stra\u017caka. Co ciekawe zmiany s\u0142u\u017cby odbywaj\u0105 si\u0119 jedynie w obecno\u015bci zmiany przyjmuj\u0105cej z powodu protest\u00f3w zwi\u0105zanych z\u00a0wyd\u0142u\u017caniem niep\u0142atnego okresu przebywania w pracy. Stra\u017ce po\u017carne podlegaj\u0105 bezpo\u015brednio samorz\u0105dom miejskim a w urz\u0119dach miast funkcjonuje wydzia\u0142 bezpo\u015brednio nadzoruj\u0105cy stra\u017c po\u017carn\u0105 oraz inne s\u0142u\u017cby publiczne, w tym obron\u0119 cywiln\u0105 funkcjonuj\u0105c\u0105 w oparciu m.in. o stra\u017c po\u017carn\u0105.<\/p>\n<p style=\"text-align: justify;\">W dniach 24-25 lutego nasz delegat przebywa\u0142 w miejscowo\u015bci Coimbra. W mie\u015bcie znajduje si\u0119 jedna du\u017ca jednostka ratowniczo-ga\u015bnicza stra\u017cak\u00f3w zawodowych (Companhia de Bombeiros Sapadores de Coimbra \u2013 CBS Coimbra) oraz dwie jednostki ochotnik\u00f3w o profilu p\u00f3\u0142-zawodowym. Kompania zosta\u0142a za\u0142o\u017cona w dniu 13 marca 1781 roku, co oznacza, \u017ce wkr\u00f3tce obchodzi\u0107 b\u0119dzie 242 rocznic\u0119 za\u0142o\u017cenia! Stra\u017caxy obchodz\u0105 dzie\u0144 stra\u017caka w dniu 11 wrze\u015bnia a ich patronem jest \u015awi\u0119ty Marceli (Mar\u00e7al). Stra\u017c zawodowa zatrudnia 106 stra\u017cak\u00f3w i wraz z ochotnikami obs\u0142uguje oko\u0142o 5700 interwencji rocznie. posiada specjalizacje ratownicze: chemiczno-ekologiczn\u0105, wysoko\u015bciow\u0105 oraz nurkow\u0105 (z uwagi m.in. na obecno\u015b\u0107 du\u017cej rzeki w mie\u015bcie i liczne interwencje z tym zwi\u0105zane). Jak wsz\u0119dzie w Portugalii w jednostce funkcjonuj\u0105 r\u00f3wnie\u017c rozwini\u0119te rozwi\u0105zania techniczne s\u0142u\u017c\u0105ce gaszeniu po\u017car\u00f3w las\u00f3w. W roku 2005 w regionie w wyniku nag\u0142ej zmiany wiatru podczas po\u017caru lasu zgin\u0119\u0142o 4 stra\u017cak\u00f3w (pi\u0105ty uratowa\u0142 si\u0119 ucieczk\u0105) w trakcie zje\u017cd\u017cania z g\u00f3ry samochodem ga\u015bniczym w kierunku po\u017caru. Przy wej\u015bciu do komendy znajduje si\u0119 tablica pami\u0105tkowa po\u015bwi\u0119cona ich pami\u0119ci. Co ciekawe, w Olsztynie przy budynkach KW PSP i KM PSP znajduje si\u0119 pomnik po\u015bwi\u0119cony pami\u0119ci stra\u017cak\u00f3w poleg\u0142ych na s\u0142u\u017cbie, na kt\u00f3rym upami\u0119tniono r\u00f3wnie\u017c \u015bmier\u0107 stra\u017cak\u00f3w w prowincji Coimbra.<\/p>\n<p style=\"text-align: justify;\"><a href=\"http:\/\/kspnszz.org\/wp-content\/uploads\/2023\/03\/103.jpg\" data-rel=\"lightbox-image-2\" data-rl_title=\"\" data-rl_caption=\"\" title=\"\"><img loading=\"lazy\" decoding=\"async\" class=\"aligncenter  wp-image-4670\" src=\"http:\/\/kspnszz.org\/wp-content\/uploads\/2023\/03\/103-768x1024.jpg\" alt=\"103\" width=\"290\" height=\"387\" srcset=\"https:\/\/kspnszz.org\/wp-content\/uploads\/2023\/03\/103.jpg 768w, https:\/\/kspnszz.org\/wp-content\/uploads\/2023\/03\/103-225x300.jpg 225w\" sizes=\"(max-width: 290px) 100vw, 290px\" \/><\/a><\/p>\n<p style=\"text-align: justify;\">Pierwszego dnia pobytu \u00a0nasz delegat zapozna\u0142 si\u0119 ze specyfik\u0105 lokalnej stra\u017cy po\u017carnej, podzieli\u0142 si\u0119 przemy\u015bleniami w sferze m.in. funkcjonowania stref czystych i brudnych, podkre\u015blaj\u0105c rol\u0119 stref przej\u015bciowych w utrzymaniu higieny. W oparciu o t\u0119 dyskusj\u0119 stra\u017cacy z CBS Coimbra postanowili zmodyfikowa\u0107 zaplanowane do wykonania zmiany w infrastrukturze. Omawiano te\u017c aspekty prawne, organizacyjne i uwarunkowania sprz\u0119towe, maj\u0105ce znaczenie dla tworzenia skutecznych rozwi\u0105za\u0144 w sferze profilaktyki nowotworowej. Cz\u0119\u015b\u0107 dnia up\u0142yn\u0119\u0142a tak\u017ce na konsultowaniu maj\u0105cych si\u0119 odby\u0107 kolejnego dnia wyst\u0105pie\u0144, aby prezentowany przekaz by\u0142 sp\u00f3jny i m\u00f3g\u0142 wesprze\u0107 stra\u017cak\u00f3w z Coimbry w osi\u0105ganiu kolejnych etap\u00f3w za\u0142o\u017conego programu profilaktyki. Podczas wizyty w Urz\u0119dzie Miasta wraz z Komendantem Stra\u017cy w Coimbrze, Paulo Palrilha oraz dow\u00f3dcami zast\u0119pu Jose Antunes i Jos\u00e9 Primo, nasz delegat spotka\u0142 si\u0119 z zast\u0119pc\u0105 szefa wydzia\u0142u nadzoruj\u0105cego stra\u017c po\u017carn\u0105 oraz z doradczyni\u0105 Prezydenta do spraw wsp\u00f3\u0142pracy mi\u0119dzynarodowej, Dr Joann\u0105 Loureiro, odpowiedzialn\u0105 za t\u0142umaczenie podczas konferencji.<\/p>\n<p style=\"text-align: justify;\">W dniu 25 lutego mia\u0142a miejsce konferencja, stanowi\u0105ca g\u0142\u00f3wny punkt wizyty. Na wydarzenie przyby\u0142o oko\u0142o 200 stra\u017cak\u00f3w z ca\u0142ego kraju, co wskazuje na wielkie zainteresowanie tematyk\u0105. Konferencj\u0119 otworzy\u0142 cz\u0142onek gabinetu prezydenta miasta dr Carlos Matias Lopes, odpowiedzialny za s\u0142u\u017cby publiczne. Pierwsz\u0105 sesj\u0119 moderowa\u0142 znany profesor dr Domingos Xavier Viegas z Uniwersytetu w Combrze, specjalizuj\u0105cy si\u0119 m.in. w tematyuce po\u017car\u00f3w las\u00f3w. Prelegentami byli:<\/p>\n<ul style=\"text-align: justify;\">\n<li>dr Maria Feio, Narodowy Instytut Ratownictwa Medycznego w Portugalii: \u201eZdarzenia CBRNE a zdarzenia chemiczne: poznaj r\u00f3\u017cnice!\u201d;<\/li>\n<li>dr Ant\u00f3nio Jorge Ferreira, Pulmonolog na Wydziale Medycyny Uniwersytetu w Coimbrze: \u201eZagro\u017cenia dla zdrowia wynikaj\u0105ce z nara\u017cenia zawodowe i \u015brodowiskowe u stra\u017cak\u00f3w\u201d;<\/li>\n<li>dr Simone Morais, Wy\u017cszy Instytut In\u017cynierii w Porto: \u201eCharakterystyka nara\u017cenia stra\u017cak\u00f3w na zanieczyszczenia na zanieczyszczenia powstaj\u0105ce podczas po\u017car\u00f3w\u201d.<\/li>\n<\/ul>\n<p style=\"text-align: justify;\">\n<p style=\"text-align: justify;\">Kolejn\u0105 sesj\u0119 otworzy\u0142 nasz reprezentant, Szymon Kokot. Podczas wyst\u0105pienia delegat prezentowa\u0142 zar\u00f3wno inicjatywy podejmowane przez organizacje spo\u0142eczne (KSP NSZZ \u201eSolidarno\u015b\u0107\u201d) jak te\u017c liczne w ostatnim czasie, kluczowe zmiany systemowe, w\u015br\u00f3d kt\u00f3rych podkre\u015bli\u0142 zmiany w umundurowaniu, wprowadzanie ubra\u0144 lekkich, prawne usankcjonowanie funkcjonowania stref czystych i brudnych w JRG PSP czy te\u017c powo\u0142anie zespo\u0142u Komendanta G\u0142\u00f3wnego PSP zajmuj\u0105cego si\u0119 szerok\u0105 tematyk\u0105, w tym wypracowywaniem rozwi\u0105za\u0144 dla Ochotniczych Stra\u017cy Po\u017carnych. Przedstawiono r\u00f3wnie\u017c bie\u017c\u0105ce cele i kierunki profilaktyki nowotworowej w kraju, podkre\u015blaj\u0105c otwarto\u015b\u0107 i zdecydowane dzia\u0142ania strony s\u0142u\u017cbowej w omawianej sferze. W kolejnych wyst\u0105pieniach stra\u017cacy oraz pracownicy obrony cywilnej prezentowali tematyk\u0119 zwi\u0105zan\u0105 z profilaktyk\u0105 zdrowotn\u0105:<\/p>\n<ul style=\"text-align: justify;\">\n<li>Jos\u00e9 Antunes, dow\u00f3dca sekcji w CBS Coimbra: \u201ePo\u017cary wewn\u0119trzne jako zdarzenia chemiczne. Dekontaminacja\u201d;<\/li>\n<li>Jos\u00e9 Primo, dow\u00f3dca sekcji w CBS Coimbra: \u201eZanieczyszczenie, metody post\u0119powania w celu redukcji skutk\u00f3w\u201d;<\/li>\n<li>Cristina Cola\u00e7o i Bruno Vaz, Krajowy Urz\u0105d Ochrony Cywilnej: \u201eProjekt badawczy kwestionariusza zdrowotnego w\u015br\u00f3d stra\u017cak\u00f3w w Portugalii\u201d.<\/li>\n<\/ul>\n<p style=\"text-align: justify;\">Konferencj\u0119 podsumowa\u0142 i zamkn\u0105\u0142 Prezydent Coimbry, dr Jos\u00e9 Manuel Silva. Nasz delegat odebra\u0142 liczne s\u0142owa podzi\u0119kowania od w\u0142adz lokalnych, na czele z prezydentem Coimbry, szefem wydzia\u0142u nadzoruj\u0105cego stra\u017c po\u017carn\u0105, komendantem stra\u017cy oraz przedstawicielami Obrony Cywilnej oraz naukowcami wyg\u0142aszaj\u0105cymi prelekcje podczas konferencji. Zar\u00f3wno naukowcy jak i stra\u017cacy z r\u00f3\u017cnych region\u00f3w Portugalii prowadzili z naszym delegatem dyskusje, przekazuj\u0105c gratulacje i wyrazy podzi\u0119kowania za liczne wa\u017cne tre\u015bci przekazane w obecno\u015bci decydent\u00f3w, zadaj\u0105c pytania oraz wymieniaj\u0105c dane kontaktowe dla p\u00f3\u017aniejszej wsp\u00f3\u0142pracy.<\/p>\n<p style=\"text-align: justify;\"><a href=\"http:\/\/kspnszz.org\/wp-content\/uploads\/2023\/03\/105.jpg\" data-rel=\"lightbox-image-3\" data-rl_title=\"\" data-rl_caption=\"\" title=\"\"><img loading=\"lazy\" decoding=\"async\" class=\"aligncenter  wp-image-4673\" src=\"http:\/\/kspnszz.org\/wp-content\/uploads\/2023\/03\/105-1024x768.jpg\" alt=\"105\" width=\"370\" height=\"278\" srcset=\"https:\/\/kspnszz.org\/wp-content\/uploads\/2023\/03\/105-1024x768.jpg 1024w, https:\/\/kspnszz.org\/wp-content\/uploads\/2023\/03\/105-300x225.jpg 300w, https:\/\/kspnszz.org\/wp-content\/uploads\/2023\/03\/105.jpg 2000w\" sizes=\"(max-width: 370px) 100vw, 370px\" \/><\/a><\/p>\n<p style=\"text-align: justify;\">Mo\u017cna \u015bmia\u0142o skonkludowa\u0107, \u017ce udzia\u0142 delegata KSP NSZZ \u201eSolidarno\u015b\u0107\u201d w wyje\u017adzie wydarzeniu pom\u00f3g\u0142 nag\u0142o\u015bni\u0107 siln\u0105 polityk\u0119 profilaktyki nowotworowej prowadzon\u0105 w Polsce oraz rol\u0119 naszej organizacji w tym procesie. Nawi\u0105zane kontakty oraz zaplanowane na przysz\u0142o\u015b\u0107 wsp\u00f3lne dzia\u0142ania z pewno\u015bci\u0105 b\u0119d\u0105 najlepszym potwierdzeniem tej tezy w przysz\u0142o\u015bci. Krajowa Sekcja Po\u017carnictwa NSZZ \u201eSolidarno\u015b\u0107\u201d deklaruje nieprzerwanie wol\u0119 dzia\u0142ania w sferze antynowotworowej na najwy\u017cszym mi\u0119dzynarodowym poziomie dla poprawy warunk\u00f3w s\u0142u\u017cby polskich stra\u017cak\u00f3w oraz dla dzielenia si\u0119 naszymi osi\u0105gni\u0119ciami z\u00a0kole\u017cankami i kolegami z innych kraj\u00f3w.<\/p>\n<p style=\"text-align: justify;\"><a href=\"http:\/\/kspnszz.org\/wp-content\/uploads\/2023\/03\/100.jpg\" data-rel=\"lightbox-image-4\" data-rl_title=\"\" data-rl_caption=\"\" title=\"\"><img loading=\"lazy\" decoding=\"async\" class=\"aligncenter  wp-image-4675\" src=\"http:\/\/kspnszz.org\/wp-content\/uploads\/2023\/03\/100-1024x768.jpg\" alt=\"100\" width=\"397\" height=\"298\" srcset=\"https:\/\/kspnszz.org\/wp-content\/uploads\/2023\/03\/100.jpg 1024w, https:\/\/kspnszz.org\/wp-content\/uploads\/2023\/03\/100-300x225.jpg 300w\" sizes=\"(max-width: 397px) 100vw, 397px\" \/><\/a><\/p>\n","protected":false},"excerpt":{"rendered":"<p>W dniach 22-26 lutego 2023 r. nasz przedstawiciel, Szymon Kokot, odpowiadaj\u0105cy za kierunki profilaktyki nowotworowej stra\u017cak\u00f3w w KSP NSZZ \u201eSolidarno\u015b\u0107\u201d wzi\u0105\u0142 udzia\u0142 w konferencji \u201eThe Problem of Exposure to Contaminating Products in the Context Of Firefighting Activities\u201d (Problem ekspozycji na produkty powoduj\u0105ce zanieczyszczenie w kontek\u015bcie dzia\u0142a\u0144 ga\u015bniczych), zorganizowanej przez stra\u017c po\u017carn\u0105 Companhia de Bombeiros Sapadores &hellip;<\/p>\n","protected":false},"author":2,"featured_media":4672,"comment_status":"closed","ping_status":"closed","sticky":false,"template":"","format":"standard","meta":{"footnotes":""},"categories":[2],"tags":[],"yoast_head":"<!-- This site is optimized with the Yoast SEO plugin v22.7 - https:\/\/yoast.com\/wordpress\/plugins\/seo\/ -->\n<title>Mi\u0119dzynarodowa konferencja po\u015bwi\u0119cona bezpiecze\u0144stwu stra\u017cak\u00f3w - KSPNSZZ<\/title>\n<meta name=\"robots\" content=\"index, follow, max-snippet:-1, max-image-preview:large, max-video-preview:-1\" \/>\n<link rel=\"canonical\" href=\"http:\/\/kspnszz.org\/index.php\/2023\/03\/01\/miedzynarodowa-konferencja-poswiecona-bezpieczenstwu-strazakow\/\" \/>\n<meta property=\"og:locale\" content=\"pl_PL\" \/>\n<meta property=\"og:type\" content=\"article\" \/>\n<meta property=\"og:title\" content=\"Mi\u0119dzynarodowa konferencja po\u015bwi\u0119cona bezpiecze\u0144stwu stra\u017cak\u00f3w - KSPNSZZ\" \/>\n<meta property=\"og:description\" content=\"W dniach 22-26 lutego 2023 r. nasz przedstawiciel, Szymon Kokot, odpowiadaj\u0105cy za kierunki profilaktyki nowotworowej stra\u017cak\u00f3w w KSP NSZZ \u201eSolidarno\u015b\u0107\u201d wzi\u0105\u0142 udzia\u0142 w konferencji \u201eThe Problem of Exposure to Contaminating Products in the Context Of Firefighting Activities\u201d (Problem ekspozycji na produkty powoduj\u0105ce zanieczyszczenie w kontek\u015bcie dzia\u0142a\u0144 ga\u015bniczych), zorganizowanej przez stra\u017c po\u017carn\u0105 Companhia de Bombeiros Sapadores &hellip;\" \/>\n<meta property=\"og:url\" content=\"http:\/\/kspnszz.org\/index.php\/2023\/03\/01\/miedzynarodowa-konferencja-poswiecona-bezpieczenstwu-strazakow\/\" \/>\n<meta property=\"og:site_name\" content=\"KSPNSZZ\" \/>\n<meta property=\"article:published_time\" content=\"2023-03-01T13:35:12+00:00\" \/>\n<meta property=\"article:modified_time\" content=\"2024-08-16T08:31:55+00:00\" \/>\n<meta property=\"og:image\" content=\"http:\/\/kspnszz.org\/wp-content\/uploads\/2023\/03\/108-e1677676613422.jpg\" \/>\n\t<meta property=\"og:image:width\" content=\"1596\" \/>\n\t<meta property=\"og:image:height\" content=\"897\" \/>\n\t<meta property=\"og:image:type\" content=\"image\/jpeg\" \/>\n<meta name=\"author\" content=\"bartlomiej\" \/>\n<meta name=\"twitter:card\" content=\"summary_large_image\" \/>\n<meta name=\"twitter:label1\" content=\"Napisane przez\" \/>\n\t<meta name=\"twitter:data1\" content=\"bartlomiej\" \/>\n\t<meta name=\"twitter:label2\" content=\"Szacowany czas czytania\" \/>\n\t<meta name=\"twitter:data2\" content=\"9 minut\" \/>\n<script type=\"application\/ld+json\" class=\"yoast-schema-graph\">{\"@context\":\"https:\/\/schema.org\",\"@graph\":[{\"@type\":\"WebPage\",\"@id\":\"http:\/\/kspnszz.org\/index.php\/2023\/03\/01\/miedzynarodowa-konferencja-poswiecona-bezpieczenstwu-strazakow\/\",\"url\":\"http:\/\/kspnszz.org\/index.php\/2023\/03\/01\/miedzynarodowa-konferencja-poswiecona-bezpieczenstwu-strazakow\/\",\"name\":\"Mi\u0119dzynarodowa konferencja po\u015bwi\u0119cona bezpiecze\u0144stwu stra\u017cak\u00f3w - KSPNSZZ\",\"isPartOf\":{\"@id\":\"http:\/\/kspnszz.org\/#website\"},\"primaryImageOfPage\":{\"@id\":\"http:\/\/kspnszz.org\/index.php\/2023\/03\/01\/miedzynarodowa-konferencja-poswiecona-bezpieczenstwu-strazakow\/#primaryimage\"},\"image\":{\"@id\":\"http:\/\/kspnszz.org\/index.php\/2023\/03\/01\/miedzynarodowa-konferencja-poswiecona-bezpieczenstwu-strazakow\/#primaryimage\"},\"thumbnailUrl\":\"https:\/\/kspnszz.org\/wp-content\/uploads\/2023\/03\/108-e1677676613422.jpg\",\"datePublished\":\"2023-03-01T13:35:12+00:00\",\"dateModified\":\"2024-08-16T08:31:55+00:00\",\"author\":{\"@id\":\"http:\/\/kspnszz.org\/#\/schema\/person\/31096cf196f706ef50ecbd878903cc13\"},\"breadcrumb\":{\"@id\":\"http:\/\/kspnszz.org\/index.php\/2023\/03\/01\/miedzynarodowa-konferencja-poswiecona-bezpieczenstwu-strazakow\/#breadcrumb\"},\"inLanguage\":\"pl-PL\",\"potentialAction\":[{\"@type\":\"ReadAction\",\"target\":[\"http:\/\/kspnszz.org\/index.php\/2023\/03\/01\/miedzynarodowa-konferencja-poswiecona-bezpieczenstwu-strazakow\/\"]}]},{\"@type\":\"ImageObject\",\"inLanguage\":\"pl-PL\",\"@id\":\"http:\/\/kspnszz.org\/index.php\/2023\/03\/01\/miedzynarodowa-konferencja-poswiecona-bezpieczenstwu-strazakow\/#primaryimage\",\"url\":\"https:\/\/kspnszz.org\/wp-content\/uploads\/2023\/03\/108-e1677676613422.jpg\",\"contentUrl\":\"https:\/\/kspnszz.org\/wp-content\/uploads\/2023\/03\/108-e1677676613422.jpg\",\"width\":1596,\"height\":897},{\"@type\":\"BreadcrumbList\",\"@id\":\"http:\/\/kspnszz.org\/index.php\/2023\/03\/01\/miedzynarodowa-konferencja-poswiecona-bezpieczenstwu-strazakow\/#breadcrumb\",\"itemListElement\":[{\"@type\":\"ListItem\",\"position\":1,\"name\":\"Strona g\u0142\u00f3wna\",\"item\":\"http:\/\/kspnszz.org\/\"},{\"@type\":\"ListItem\",\"position\":2,\"name\":\"Mi\u0119dzynarodowa konferencja po\u015bwi\u0119cona bezpiecze\u0144stwu stra\u017cak\u00f3w\"}]},{\"@type\":\"WebSite\",\"@id\":\"http:\/\/kspnszz.org\/#website\",\"url\":\"http:\/\/kspnszz.org\/\",\"name\":\"KSPNSZZ\",\"description\":\"Krajowa Sekcja Po\u017carnictwa\",\"potentialAction\":[{\"@type\":\"SearchAction\",\"target\":{\"@type\":\"EntryPoint\",\"urlTemplate\":\"http:\/\/kspnszz.org\/?s={search_term_string}\"},\"query-input\":\"required name=search_term_string\"}],\"inLanguage\":\"pl-PL\"},{\"@type\":\"Person\",\"@id\":\"http:\/\/kspnszz.org\/#\/schema\/person\/31096cf196f706ef50ecbd878903cc13\",\"name\":\"bartlomiej\",\"image\":{\"@type\":\"ImageObject\",\"inLanguage\":\"pl-PL\",\"@id\":\"http:\/\/kspnszz.org\/#\/schema\/person\/image\/\",\"url\":\"https:\/\/secure.gravatar.com\/avatar\/cb681656f150968eb94b73c62cf58e52?s=96&d=mm&r=g\",\"contentUrl\":\"https:\/\/secure.gravatar.com\/avatar\/cb681656f150968eb94b73c62cf58e52?s=96&d=mm&r=g\",\"caption\":\"bartlomiej\"},\"url\":\"https:\/\/kspnszz.org\/index.php\/author\/bartlomiej\/\"}]}<\/script>\n<!-- \/ Yoast SEO plugin. -->","yoast_head_json":{"title":"Mi\u0119dzynarodowa konferencja po\u015bwi\u0119cona bezpiecze\u0144stwu stra\u017cak\u00f3w - KSPNSZZ","robots":{"index":"index","follow":"follow","max-snippet":"max-snippet:-1","max-image-preview":"max-image-preview:large","max-video-preview":"max-video-preview:-1"},"canonical":"http:\/\/kspnszz.org\/index.php\/2023\/03\/01\/miedzynarodowa-konferencja-poswiecona-bezpieczenstwu-strazakow\/","og_locale":"pl_PL","og_type":"article","og_title":"Mi\u0119dzynarodowa konferencja po\u015bwi\u0119cona bezpiecze\u0144stwu stra\u017cak\u00f3w - KSPNSZZ","og_description":"W dniach 22-26 lutego 2023 r. nasz przedstawiciel, Szymon Kokot, odpowiadaj\u0105cy za kierunki profilaktyki nowotworowej stra\u017cak\u00f3w w KSP NSZZ \u201eSolidarno\u015b\u0107\u201d wzi\u0105\u0142 udzia\u0142 w konferencji \u201eThe Problem of Exposure to Contaminating Products in the Context Of Firefighting Activities\u201d (Problem ekspozycji na produkty powoduj\u0105ce zanieczyszczenie w kontek\u015bcie dzia\u0142a\u0144 ga\u015bniczych), zorganizowanej przez stra\u017c po\u017carn\u0105 Companhia de Bombeiros Sapadores &hellip;","og_url":"http:\/\/kspnszz.org\/index.php\/2023\/03\/01\/miedzynarodowa-konferencja-poswiecona-bezpieczenstwu-strazakow\/","og_site_name":"KSPNSZZ","article_published_time":"2023-03-01T13:35:12+00:00","article_modified_time":"2024-08-16T08:31:55+00:00","og_image":[{"width":1596,"height":897,"url":"http:\/\/kspnszz.org\/wp-content\/uploads\/2023\/03\/108-e1677676613422.jpg","type":"image\/jpeg"}],"author":"bartlomiej","twitter_card":"summary_large_image","twitter_misc":{"Napisane przez":"bartlomiej","Szacowany czas czytania":"9 minut"},"schema":{"@context":"https:\/\/schema.org","@graph":[{"@type":"WebPage","@id":"http:\/\/kspnszz.org\/index.php\/2023\/03\/01\/miedzynarodowa-konferencja-poswiecona-bezpieczenstwu-strazakow\/","url":"http:\/\/kspnszz.org\/index.php\/2023\/03\/01\/miedzynarodowa-konferencja-poswiecona-bezpieczenstwu-strazakow\/","name":"Mi\u0119dzynarodowa konferencja po\u015bwi\u0119cona bezpiecze\u0144stwu stra\u017cak\u00f3w - KSPNSZZ","isPartOf":{"@id":"http:\/\/kspnszz.org\/#website"},"primaryImageOfPage":{"@id":"http:\/\/kspnszz.org\/index.php\/2023\/03\/01\/miedzynarodowa-konferencja-poswiecona-bezpieczenstwu-strazakow\/#primaryimage"},"image":{"@id":"http:\/\/kspnszz.org\/index.php\/2023\/03\/01\/miedzynarodowa-konferencja-poswiecona-bezpieczenstwu-strazakow\/#primaryimage"},"thumbnailUrl":"https:\/\/kspnszz.org\/wp-content\/uploads\/2023\/03\/108-e1677676613422.jpg","datePublished":"2023-03-01T13:35:12+00:00","dateModified":"2024-08-16T08:31:55+00:00","author":{"@id":"http:\/\/kspnszz.org\/#\/schema\/person\/31096cf196f706ef50ecbd878903cc13"},"breadcrumb":{"@id":"http:\/\/kspnszz.org\/index.php\/2023\/03\/01\/miedzynarodowa-konferencja-poswiecona-bezpieczenstwu-strazakow\/#breadcrumb"},"inLanguage":"pl-PL","potentialAction":[{"@type":"ReadAction","target":["http:\/\/kspnszz.org\/index.php\/2023\/03\/01\/miedzynarodowa-konferencja-poswiecona-bezpieczenstwu-strazakow\/"]}]},{"@type":"ImageObject","inLanguage":"pl-PL","@id":"http:\/\/kspnszz.org\/index.php\/2023\/03\/01\/miedzynarodowa-konferencja-poswiecona-bezpieczenstwu-strazakow\/#primaryimage","url":"https:\/\/kspnszz.org\/wp-content\/uploads\/2023\/03\/108-e1677676613422.jpg","contentUrl":"https:\/\/kspnszz.org\/wp-content\/uploads\/2023\/03\/108-e1677676613422.jpg","width":1596,"height":897},{"@type":"BreadcrumbList","@id":"http:\/\/kspnszz.org\/index.php\/2023\/03\/01\/miedzynarodowa-konferencja-poswiecona-bezpieczenstwu-strazakow\/#breadcrumb","itemListElement":[{"@type":"ListItem","position":1,"name":"Strona g\u0142\u00f3wna","item":"http:\/\/kspnszz.org\/"},{"@type":"ListItem","position":2,"name":"Mi\u0119dzynarodowa konferencja po\u015bwi\u0119cona bezpiecze\u0144stwu stra\u017cak\u00f3w"}]},{"@type":"WebSite","@id":"http:\/\/kspnszz.org\/#website","url":"http:\/\/kspnszz.org\/","name":"KSPNSZZ","description":"Krajowa Sekcja Po\u017carnictwa","potentialAction":[{"@type":"SearchAction","target":{"@type":"EntryPoint","urlTemplate":"http:\/\/kspnszz.org\/?s={search_term_string}"},"query-input":"required name=search_term_string"}],"inLanguage":"pl-PL"},{"@type":"Person","@id":"http:\/\/kspnszz.org\/#\/schema\/person\/31096cf196f706ef50ecbd878903cc13","name":"bartlomiej","image":{"@type":"ImageObject","inLanguage":"pl-PL","@id":"http:\/\/kspnszz.org\/#\/schema\/person\/image\/","url":"https:\/\/secure.gravatar.com\/avatar\/cb681656f150968eb94b73c62cf58e52?s=96&d=mm&r=g","contentUrl":"https:\/\/secure.gravatar.com\/avatar\/cb681656f150968eb94b73c62cf58e52?s=96&d=mm&r=g","caption":"bartlomiej"},"url":"https:\/\/kspnszz.org\/index.php\/author\/bartlomiej\/"}]}},"_links":{"self":[{"href":"https:\/\/kspnszz.org\/index.php\/wp-json\/wp\/v2\/posts\/4676"}],"collection":[{"href":"https:\/\/kspnszz.org\/index.php\/wp-json\/wp\/v2\/posts"}],"about":[{"href":"https:\/\/kspnszz.org\/index.php\/wp-json\/wp\/v2\/types\/post"}],"author":[{"embeddable":true,"href":"https:\/\/kspnszz.org\/index.php\/wp-json\/wp\/v2\/users\/2"}],"replies":[{"embeddable":true,"href":"https:\/\/kspnszz.org\/index.php\/wp-json\/wp\/v2\/comments?post=4676"}],"version-history":[{"count":6,"href":"https:\/\/kspnszz.org\/index.php\/wp-json\/wp\/v2\/posts\/4676\/revisions"}],"predecessor-version":[{"id":6518,"href":"https:\/\/kspnszz.org\/index.php\/wp-json\/wp\/v2\/posts\/4676\/revisions\/6518"}],"wp:featuredmedia":[{"embeddable":true,"href":"https:\/\/kspnszz.org\/index.php\/wp-json\/wp\/v2\/media\/4672"}],"wp:attachment":[{"href":"https:\/\/kspnszz.org\/index.php\/wp-json\/wp\/v2\/media?parent=4676"}],"wp:term":[{"taxonomy":"category","embeddable":true,"href":"https:\/\/kspnszz.org\/index.php\/wp-json\/wp\/v2\/categories?post=4676"},{"taxonomy":"post_tag","embeddable":true,"href":"https:\/\/kspnszz.org\/index.php\/wp-json\/wp\/v2\/tags?post=4676"}],"curies":[{"name":"wp","href":"https:\/\/api.w.org\/{rel}","templated":true}]}}