{"id":4621,"date":"2023-02-06T18:51:52","date_gmt":"2023-02-06T17:51:52","guid":{"rendered":"http:\/\/kspnszz.org\/?p=4621"},"modified":"2023-02-06T18:51:52","modified_gmt":"2023-02-06T17:51:52","slug":"solidarnosc-daje-czas-na-realizacje-postulatow-do-15-marca","status":"publish","type":"post","link":"https:\/\/kspnszz.org\/index.php\/2023\/02\/06\/solidarnosc-daje-czas-na-realizacje-postulatow-do-15-marca\/","title":{"rendered":"Solidarno\u015b\u0107 daje czas na realizacj\u0119 postulat\u00f3w do 15 marca"},"content":{"rendered":"<p style=\"text-align: justify;\"><strong>W poniedzia\u0142ek 6 lutego 2023 r. w formie zdalnej odby\u0142o si\u0119 posiedzenie Rady Krajowej Sekcji Po\u017carnictwa NSZZ \u201eSolidarno\u015b\u0107\u201d. Powodem zwo\u0142ania Rady by\u0142o zako\u0144czenie negocjacji z MSWiA oraz podpisanie porozumienia z KG PSP ws. rozdzia\u0142u \u015brodk\u00f3w na tegoroczne podwy\u017cki <strong>i\u00a0konieczno\u015b\u0107<\/strong> podj\u0119cia decyzji co do dalszych dzia\u0142a\u0144 Zwi\u0105zku.<\/strong><\/p>\n<p style=\"text-align: justify;\">Maj\u0105c na uwadze stopie\u0144 realizacji poszczeg\u00f3lnych postulat\u00f3w tj.:<\/p>\n<p style=\"text-align: justify;\">\u2013\u00a0\u00a0\u00a0 rozpocz\u0119cie rozm\u00f3w ws. zwi\u0119kszenia waloryzacji uposa\u017ce\u0144 w pa\u0144stwowej sferze bud\u017cetowej w\u00a0ramach zespo\u0142u Rz\u0105d-Solidarno\u015b\u0107,<\/p>\n<p style=\"text-align: justify;\">\u2013\u00a0\u00a0\u00a0 podpisanie porozumienia z KG PSP ws. rozdzia\u0142u \u015brodk\u00f3w na podwy\u017cki w 2023 r. urealniaj\u0105ce siatk\u0119 p\u0142ac funkcjonariuszy PSP,<\/p>\n<p style=\"text-align: justify;\">\u2013\u00a0\u00a0\u00a0 zwi\u0119kszenie bud\u017cetu PSP w zakresie wydatk\u00f3w rzeczowych w 2023 r.,<\/p>\n<p style=\"text-align: justify;\">\u2013\u00a0\u00a0\u00a0 przygotowanie projektu zmian rozporz\u0105dzenia o pe\u0142nieniu s\u0142u\u017cby przez stra\u017cak\u00f3w PSP m.in. w\u00a0zakresie rozliczania czasu s\u0142u\u017cby stra\u017cak\u00f3w skierowanych do szk\u00f3\u0142 i o\u015brodk\u00f3w szkolenia i\u00a0deklaracj\u0119 MSWiA niezw\u0142ocznego wdro\u017cenie w \u017cycie tego rozporz\u0105dzenia,<\/p>\n<p style=\"text-align: justify;\">\u2013\u00a0\u00a0\u00a0 przygotowanie projekt\u00f3w zmian rozporz\u0105dze\u0144 ws. pomocy mieszkaniowej i dodatku za brak mieszkania co jest urealnieniem \u015bwiadcze\u0144 socjalnych wyp\u0142acanych stra\u017cakom,<\/p>\n<p style=\"text-align: justify;\">\u2013\u00a0\u00a0\u00a0 przygotowanie ustawy wprowadzaj\u0105cej \u015bwiadczenie za d\u0142ugoletni\u0105 s\u0142u\u017cb\u0119 i stworzenie mechanizmu zaliczenia go do wys\u0142ugi emerytalnej,<\/p>\n<p style=\"text-align: justify;\">Rada KSP postanowi\u0142a zawiesi\u0107 akcj\u0119 protestacyjn\u0105. Jednocze\u015bnie zobowi\u0105zano Prezydium Rady KSP NSZZ \u201eSolidarno\u015b\u0107\u201d do monitorowania post\u0119p\u00f3w prac nad aktami prawnymi i\u00a0przed\u0142o\u017cenia Radzie sprawozdania do 15 marca br. Brak post\u0119p\u00f3w sprawi, \u017ce akcja protestacyjna zostanie wznowiona.<\/p>\n<p style=\"text-align: justify;\">Uchwa\u0142\u0119 w tej sprawie Rada KSP przyj\u0119\u0142a po prawie dwugodzinnej dyskusji.<\/p>\n","protected":false},"excerpt":{"rendered":"<p>W poniedzia\u0142ek 6 lutego 2023 r. w formie zdalnej odby\u0142o si\u0119 posiedzenie Rady Krajowej Sekcji Po\u017carnictwa NSZZ \u201eSolidarno\u015b\u0107\u201d. Powodem zwo\u0142ania Rady by\u0142o zako\u0144czenie negocjacji z MSWiA oraz podpisanie porozumienia z KG PSP ws. rozdzia\u0142u \u015brodk\u00f3w na tegoroczne podwy\u017cki i\u00a0konieczno\u015b\u0107 podj\u0119cia decyzji co do dalszych dzia\u0142a\u0144 Zwi\u0105zku. Maj\u0105c na uwadze stopie\u0144 realizacji poszczeg\u00f3lnych postulat\u00f3w tj.: \u2013\u00a0\u00a0\u00a0 &hellip;<\/p>\n","protected":false},"author":2,"featured_media":1165,"comment_status":"closed","ping_status":"closed","sticky":false,"template":"","format":"standard","meta":{"footnotes":""},"categories":[2],"tags":[],"yoast_head":"<!-- This site is optimized with the Yoast SEO plugin v22.7 - https:\/\/yoast.com\/wordpress\/plugins\/seo\/ -->\n<title>Solidarno\u015b\u0107 daje czas na realizacj\u0119 postulat\u00f3w do 15 marca - KSPNSZZ<\/title>\n<meta name=\"robots\" content=\"index, follow, max-snippet:-1, max-image-preview:large, max-video-preview:-1\" \/>\n<link rel=\"canonical\" href=\"https:\/\/kspnszz.org\/index.php\/2023\/02\/06\/solidarnosc-daje-czas-na-realizacje-postulatow-do-15-marca\/\" \/>\n<meta property=\"og:locale\" content=\"pl_PL\" \/>\n<meta property=\"og:type\" content=\"article\" \/>\n<meta property=\"og:title\" content=\"Solidarno\u015b\u0107 daje czas na realizacj\u0119 postulat\u00f3w do 15 marca - KSPNSZZ\" \/>\n<meta property=\"og:description\" content=\"W poniedzia\u0142ek 6 lutego 2023 r. w formie zdalnej odby\u0142o si\u0119 posiedzenie Rady Krajowej Sekcji Po\u017carnictwa NSZZ \u201eSolidarno\u015b\u0107\u201d. Powodem zwo\u0142ania Rady by\u0142o zako\u0144czenie negocjacji z MSWiA oraz podpisanie porozumienia z KG PSP ws. rozdzia\u0142u \u015brodk\u00f3w na tegoroczne podwy\u017cki i\u00a0konieczno\u015b\u0107 podj\u0119cia decyzji co do dalszych dzia\u0142a\u0144 Zwi\u0105zku. Maj\u0105c na uwadze stopie\u0144 realizacji poszczeg\u00f3lnych postulat\u00f3w tj.: \u2013\u00a0\u00a0\u00a0 &hellip;\" \/>\n<meta property=\"og:url\" content=\"https:\/\/kspnszz.org\/index.php\/2023\/02\/06\/solidarnosc-daje-czas-na-realizacje-postulatow-do-15-marca\/\" \/>\n<meta property=\"og:site_name\" content=\"KSPNSZZ\" \/>\n<meta property=\"article:published_time\" content=\"2023-02-06T17:51:52+00:00\" \/>\n<meta property=\"og:image\" content=\"https:\/\/kspnszz.org\/wp-content\/uploads\/2015\/08\/Fotolia_92528686_Subscription_Monthly_M.jpg\" \/>\n\t<meta property=\"og:image:width\" content=\"1457\" \/>\n\t<meta property=\"og:image:height\" content=\"1304\" \/>\n\t<meta property=\"og:image:type\" content=\"image\/jpeg\" \/>\n<meta name=\"author\" content=\"bartlomiej\" \/>\n<meta name=\"twitter:card\" content=\"summary_large_image\" \/>\n<meta name=\"twitter:label1\" content=\"Napisane przez\" \/>\n\t<meta name=\"twitter:data1\" content=\"bartlomiej\" \/>\n\t<meta name=\"twitter:label2\" content=\"Szacowany czas czytania\" \/>\n\t<meta name=\"twitter:data2\" content=\"1 minuta\" \/>\n<script type=\"application\/ld+json\" class=\"yoast-schema-graph\">{\"@context\":\"https:\/\/schema.org\",\"@graph\":[{\"@type\":\"WebPage\",\"@id\":\"https:\/\/kspnszz.org\/index.php\/2023\/02\/06\/solidarnosc-daje-czas-na-realizacje-postulatow-do-15-marca\/\",\"url\":\"https:\/\/kspnszz.org\/index.php\/2023\/02\/06\/solidarnosc-daje-czas-na-realizacje-postulatow-do-15-marca\/\",\"name\":\"Solidarno\u015b\u0107 daje czas na realizacj\u0119 postulat\u00f3w do 15 marca - KSPNSZZ\",\"isPartOf\":{\"@id\":\"http:\/\/kspnszz.org\/#website\"},\"primaryImageOfPage\":{\"@id\":\"https:\/\/kspnszz.org\/index.php\/2023\/02\/06\/solidarnosc-daje-czas-na-realizacje-postulatow-do-15-marca\/#primaryimage\"},\"image\":{\"@id\":\"https:\/\/kspnszz.org\/index.php\/2023\/02\/06\/solidarnosc-daje-czas-na-realizacje-postulatow-do-15-marca\/#primaryimage\"},\"thumbnailUrl\":\"https:\/\/kspnszz.org\/wp-content\/uploads\/2015\/08\/Fotolia_92528686_Subscription_Monthly_M.jpg\",\"datePublished\":\"2023-02-06T17:51:52+00:00\",\"dateModified\":\"2023-02-06T17:51:52+00:00\",\"author\":{\"@id\":\"http:\/\/kspnszz.org\/#\/schema\/person\/31096cf196f706ef50ecbd878903cc13\"},\"breadcrumb\":{\"@id\":\"https:\/\/kspnszz.org\/index.php\/2023\/02\/06\/solidarnosc-daje-czas-na-realizacje-postulatow-do-15-marca\/#breadcrumb\"},\"inLanguage\":\"pl-PL\",\"potentialAction\":[{\"@type\":\"ReadAction\",\"target\":[\"https:\/\/kspnszz.org\/index.php\/2023\/02\/06\/solidarnosc-daje-czas-na-realizacje-postulatow-do-15-marca\/\"]}]},{\"@type\":\"ImageObject\",\"inLanguage\":\"pl-PL\",\"@id\":\"https:\/\/kspnszz.org\/index.php\/2023\/02\/06\/solidarnosc-daje-czas-na-realizacje-postulatow-do-15-marca\/#primaryimage\",\"url\":\"https:\/\/kspnszz.org\/wp-content\/uploads\/2015\/08\/Fotolia_92528686_Subscription_Monthly_M.jpg\",\"contentUrl\":\"https:\/\/kspnszz.org\/wp-content\/uploads\/2015\/08\/Fotolia_92528686_Subscription_Monthly_M.jpg\",\"width\":1457,\"height\":1304},{\"@type\":\"BreadcrumbList\",\"@id\":\"https:\/\/kspnszz.org\/index.php\/2023\/02\/06\/solidarnosc-daje-czas-na-realizacje-postulatow-do-15-marca\/#breadcrumb\",\"itemListElement\":[{\"@type\":\"ListItem\",\"position\":1,\"name\":\"Strona g\u0142\u00f3wna\",\"item\":\"http:\/\/kspnszz.org\/\"},{\"@type\":\"ListItem\",\"position\":2,\"name\":\"Solidarno\u015b\u0107 daje czas na realizacj\u0119 postulat\u00f3w do 15 marca\"}]},{\"@type\":\"WebSite\",\"@id\":\"http:\/\/kspnszz.org\/#website\",\"url\":\"http:\/\/kspnszz.org\/\",\"name\":\"KSPNSZZ\",\"description\":\"Krajowa Sekcja Po\u017carnictwa\",\"potentialAction\":[{\"@type\":\"SearchAction\",\"target\":{\"@type\":\"EntryPoint\",\"urlTemplate\":\"http:\/\/kspnszz.org\/?s={search_term_string}\"},\"query-input\":\"required name=search_term_string\"}],\"inLanguage\":\"pl-PL\"},{\"@type\":\"Person\",\"@id\":\"http:\/\/kspnszz.org\/#\/schema\/person\/31096cf196f706ef50ecbd878903cc13\",\"name\":\"bartlomiej\",\"image\":{\"@type\":\"ImageObject\",\"inLanguage\":\"pl-PL\",\"@id\":\"http:\/\/kspnszz.org\/#\/schema\/person\/image\/\",\"url\":\"https:\/\/secure.gravatar.com\/avatar\/cb681656f150968eb94b73c62cf58e52?s=96&d=mm&r=g\",\"contentUrl\":\"https:\/\/secure.gravatar.com\/avatar\/cb681656f150968eb94b73c62cf58e52?s=96&d=mm&r=g\",\"caption\":\"bartlomiej\"},\"url\":\"https:\/\/kspnszz.org\/index.php\/author\/bartlomiej\/\"}]}<\/script>\n<!-- \/ Yoast SEO plugin. -->","yoast_head_json":{"title":"Solidarno\u015b\u0107 daje czas na realizacj\u0119 postulat\u00f3w do 15 marca - KSPNSZZ","robots":{"index":"index","follow":"follow","max-snippet":"max-snippet:-1","max-image-preview":"max-image-preview:large","max-video-preview":"max-video-preview:-1"},"canonical":"https:\/\/kspnszz.org\/index.php\/2023\/02\/06\/solidarnosc-daje-czas-na-realizacje-postulatow-do-15-marca\/","og_locale":"pl_PL","og_type":"article","og_title":"Solidarno\u015b\u0107 daje czas na realizacj\u0119 postulat\u00f3w do 15 marca - KSPNSZZ","og_description":"W poniedzia\u0142ek 6 lutego 2023 r. w formie zdalnej odby\u0142o si\u0119 posiedzenie Rady Krajowej Sekcji Po\u017carnictwa NSZZ \u201eSolidarno\u015b\u0107\u201d. Powodem zwo\u0142ania Rady by\u0142o zako\u0144czenie negocjacji z MSWiA oraz podpisanie porozumienia z KG PSP ws. rozdzia\u0142u \u015brodk\u00f3w na tegoroczne podwy\u017cki i\u00a0konieczno\u015b\u0107 podj\u0119cia decyzji co do dalszych dzia\u0142a\u0144 Zwi\u0105zku. Maj\u0105c na uwadze stopie\u0144 realizacji poszczeg\u00f3lnych postulat\u00f3w tj.: \u2013\u00a0\u00a0\u00a0 &hellip;","og_url":"https:\/\/kspnszz.org\/index.php\/2023\/02\/06\/solidarnosc-daje-czas-na-realizacje-postulatow-do-15-marca\/","og_site_name":"KSPNSZZ","article_published_time":"2023-02-06T17:51:52+00:00","og_image":[{"width":1457,"height":1304,"url":"https:\/\/kspnszz.org\/wp-content\/uploads\/2015\/08\/Fotolia_92528686_Subscription_Monthly_M.jpg","type":"image\/jpeg"}],"author":"bartlomiej","twitter_card":"summary_large_image","twitter_misc":{"Napisane przez":"bartlomiej","Szacowany czas czytania":"1 minuta"},"schema":{"@context":"https:\/\/schema.org","@graph":[{"@type":"WebPage","@id":"https:\/\/kspnszz.org\/index.php\/2023\/02\/06\/solidarnosc-daje-czas-na-realizacje-postulatow-do-15-marca\/","url":"https:\/\/kspnszz.org\/index.php\/2023\/02\/06\/solidarnosc-daje-czas-na-realizacje-postulatow-do-15-marca\/","name":"Solidarno\u015b\u0107 daje czas na realizacj\u0119 postulat\u00f3w do 15 marca - KSPNSZZ","isPartOf":{"@id":"http:\/\/kspnszz.org\/#website"},"primaryImageOfPage":{"@id":"https:\/\/kspnszz.org\/index.php\/2023\/02\/06\/solidarnosc-daje-czas-na-realizacje-postulatow-do-15-marca\/#primaryimage"},"image":{"@id":"https:\/\/kspnszz.org\/index.php\/2023\/02\/06\/solidarnosc-daje-czas-na-realizacje-postulatow-do-15-marca\/#primaryimage"},"thumbnailUrl":"https:\/\/kspnszz.org\/wp-content\/uploads\/2015\/08\/Fotolia_92528686_Subscription_Monthly_M.jpg","datePublished":"2023-02-06T17:51:52+00:00","dateModified":"2023-02-06T17:51:52+00:00","author":{"@id":"http:\/\/kspnszz.org\/#\/schema\/person\/31096cf196f706ef50ecbd878903cc13"},"breadcrumb":{"@id":"https:\/\/kspnszz.org\/index.php\/2023\/02\/06\/solidarnosc-daje-czas-na-realizacje-postulatow-do-15-marca\/#breadcrumb"},"inLanguage":"pl-PL","potentialAction":[{"@type":"ReadAction","target":["https:\/\/kspnszz.org\/index.php\/2023\/02\/06\/solidarnosc-daje-czas-na-realizacje-postulatow-do-15-marca\/"]}]},{"@type":"ImageObject","inLanguage":"pl-PL","@id":"https:\/\/kspnszz.org\/index.php\/2023\/02\/06\/solidarnosc-daje-czas-na-realizacje-postulatow-do-15-marca\/#primaryimage","url":"https:\/\/kspnszz.org\/wp-content\/uploads\/2015\/08\/Fotolia_92528686_Subscription_Monthly_M.jpg","contentUrl":"https:\/\/kspnszz.org\/wp-content\/uploads\/2015\/08\/Fotolia_92528686_Subscription_Monthly_M.jpg","width":1457,"height":1304},{"@type":"BreadcrumbList","@id":"https:\/\/kspnszz.org\/index.php\/2023\/02\/06\/solidarnosc-daje-czas-na-realizacje-postulatow-do-15-marca\/#breadcrumb","itemListElement":[{"@type":"ListItem","position":1,"name":"Strona g\u0142\u00f3wna","item":"http:\/\/kspnszz.org\/"},{"@type":"ListItem","position":2,"name":"Solidarno\u015b\u0107 daje czas na realizacj\u0119 postulat\u00f3w do 15 marca"}]},{"@type":"WebSite","@id":"http:\/\/kspnszz.org\/#website","url":"http:\/\/kspnszz.org\/","name":"KSPNSZZ","description":"Krajowa Sekcja Po\u017carnictwa","potentialAction":[{"@type":"SearchAction","target":{"@type":"EntryPoint","urlTemplate":"http:\/\/kspnszz.org\/?s={search_term_string}"},"query-input":"required name=search_term_string"}],"inLanguage":"pl-PL"},{"@type":"Person","@id":"http:\/\/kspnszz.org\/#\/schema\/person\/31096cf196f706ef50ecbd878903cc13","name":"bartlomiej","image":{"@type":"ImageObject","inLanguage":"pl-PL","@id":"http:\/\/kspnszz.org\/#\/schema\/person\/image\/","url":"https:\/\/secure.gravatar.com\/avatar\/cb681656f150968eb94b73c62cf58e52?s=96&d=mm&r=g","contentUrl":"https:\/\/secure.gravatar.com\/avatar\/cb681656f150968eb94b73c62cf58e52?s=96&d=mm&r=g","caption":"bartlomiej"},"url":"https:\/\/kspnszz.org\/index.php\/author\/bartlomiej\/"}]}},"_links":{"self":[{"href":"https:\/\/kspnszz.org\/index.php\/wp-json\/wp\/v2\/posts\/4621"}],"collection":[{"href":"https:\/\/kspnszz.org\/index.php\/wp-json\/wp\/v2\/posts"}],"about":[{"href":"https:\/\/kspnszz.org\/index.php\/wp-json\/wp\/v2\/types\/post"}],"author":[{"embeddable":true,"href":"https:\/\/kspnszz.org\/index.php\/wp-json\/wp\/v2\/users\/2"}],"replies":[{"embeddable":true,"href":"https:\/\/kspnszz.org\/index.php\/wp-json\/wp\/v2\/comments?post=4621"}],"version-history":[{"count":3,"href":"https:\/\/kspnszz.org\/index.php\/wp-json\/wp\/v2\/posts\/4621\/revisions"}],"predecessor-version":[{"id":4624,"href":"https:\/\/kspnszz.org\/index.php\/wp-json\/wp\/v2\/posts\/4621\/revisions\/4624"}],"wp:featuredmedia":[{"embeddable":true,"href":"https:\/\/kspnszz.org\/index.php\/wp-json\/wp\/v2\/media\/1165"}],"wp:attachment":[{"href":"https:\/\/kspnszz.org\/index.php\/wp-json\/wp\/v2\/media?parent=4621"}],"wp:term":[{"taxonomy":"category","embeddable":true,"href":"https:\/\/kspnszz.org\/index.php\/wp-json\/wp\/v2\/categories?post=4621"},{"taxonomy":"post_tag","embeddable":true,"href":"https:\/\/kspnszz.org\/index.php\/wp-json\/wp\/v2\/tags?post=4621"}],"curies":[{"name":"wp","href":"https:\/\/api.w.org\/{rel}","templated":true}]}}