{"id":4592,"date":"2023-01-30T18:00:38","date_gmt":"2023-01-30T17:00:38","guid":{"rendered":"http:\/\/kspnszz.org\/?p=4592"},"modified":"2023-01-30T18:00:38","modified_gmt":"2023-01-30T17:00:38","slug":"posiedzenie-komisji-administracji-i-spraw-wewnetrznych-poswiecone-pracownikom-cywilnym-sluzb","status":"publish","type":"post","link":"https:\/\/kspnszz.org\/index.php\/2023\/01\/30\/posiedzenie-komisji-administracji-i-spraw-wewnetrznych-poswiecone-pracownikom-cywilnym-sluzb\/","title":{"rendered":"Posiedzenie Komisji Administracji i Spraw Wewn\u0119trznych po\u015bwi\u0119cone pracownikom cywilnym s\u0142u\u017cb"},"content":{"rendered":"<p style=\"text-align: justify;\"><strong>W dniu 26 stycznia 2023 r. w Sejmie odby\u0142o si\u0119 posiedzenie Komisji Administracji i Spraw Wewn\u0119trznych po\u015bwi\u0119conej\u00a0Informacji Ministra Spraw Wewn\u0119trznych i Administracji na temat statusu prawnego, zatrudnienia i wynagrodze\u0144 pracownik\u00f3w cywilnych w formacjach resortu spraw wewn\u0119trznych i administracji oraz perspektywy zmian w tym zakresie. W posiedzeniu uczestniczy\u0142 przedstawiciel Krajowej Sekcji Po\u017carnictwa NSZZ \u201eSolidarno\u015b\u0107\u201d Sebastian Jarych.<\/strong><\/p>\n<p style=\"text-align: justify;\"><a href=\"http:\/\/kspnszz.org\/wp-content\/uploads\/2023\/01\/komisja-sejm.jpg\" data-rel=\"lightbox-image-0\" data-rl_title=\"\" data-rl_caption=\"\" title=\"\"><img loading=\"lazy\" decoding=\"async\" class=\"aligncenter size-large wp-image-4599\" src=\"http:\/\/kspnszz.org\/wp-content\/uploads\/2023\/01\/komisja-sejm-1024x553.jpg\" alt=\"komisja sejm\" width=\"618\" height=\"334\" srcset=\"https:\/\/kspnszz.org\/wp-content\/uploads\/2023\/01\/komisja-sejm-1024x553.jpg 1024w, https:\/\/kspnszz.org\/wp-content\/uploads\/2023\/01\/komisja-sejm-300x162.jpg 300w, https:\/\/kspnszz.org\/wp-content\/uploads\/2023\/01\/komisja-sejm.jpg 1833w\" sizes=\"(max-width: 618px) 100vw, 618px\" \/><\/a><\/p>\n<p style=\"text-align: justify;\">Na posiedzeniu Komisji Wiceminister Maciej W\u0105sik przedstawi\u0142 informacj\u0119 oraz odpowiada\u0142 na pytania pos\u0142\u00f3w oraz przedstawicieli zwi\u0105zk\u00f3w zawodowych.<\/p>\n<p style=\"text-align: justify;\">Z informacji MSWiA wynika, i\u017c:<\/p>\n<ul style=\"text-align: justify;\">\n<li>od roku 2016 wzrost \u015bredniego wynagrodzenia pracownika cywilnego w Pa\u0144stwowej Stra\u017cy Po\u017carnej wyni\u00f3s\u0142 67,5%, jednak\u017ce \u015brednia p\u0142aca wynosi 5612 z\u0142 brutto.<\/li>\n<li>\u015brednia p\u0142aca pracownika cywilnego w Policji wynosi 5069 z\u0142, w Stra\u017cy Granicznej 5103 z\u0142 za\u015b w SOP 5953 z\u0142.<\/li>\n<\/ul>\n<p style=\"text-align: justify;\">Minister potwierdzi\u0142, i\u017c pomimo zrealizowanych podwy\u017cek p\u0142ace pracownik\u00f3w cywilnych MSWiA s\u0105 na niskim, w por\u00f3wnaniu do innych resort\u00f3w poziomie.<\/p>\n<p style=\"text-align: justify;\">Ponadto Ministerstwo przedstawi\u0142o propozycj\u0119 powi\u0105zania wynagrodze\u0144 pracownik\u00f3w cywilnych z\u00a0wynagrodzeniami funkcjonariuszy s\u0142u\u017cb.<\/p>\n<p style=\"text-align: justify;\">Przedstawiona propozycja zosta\u0142a oceniona pozytywnie przez KSP NSZZ Solidarno\u015b\u0107. Jednocze\u015bnie podkre\u015blili\u015bmy, i\u017c podj\u0119te przez MSWiA dzia\u0142ania nie zdo\u0142a\u0142y zniwelowa\u0107 negatywnych skutk\u00f3w blokowania podwy\u017cek w latach 2008-2015 zar\u00f3wno w odniesieniu do funkcjonariuszy jak i pracownik\u00f3w cywilnych (\u015brednie p\u0142ace i uposa\u017cenia s\u0105 o prawie tysi\u0105c z\u0142 ni\u017csze).<\/p>\n<p style=\"text-align: justify;\">KSP NSZZ Solidarno\u015b\u0107 negatywnie oceni\u0142a przedstawiony w czasie dyskusji pomys\u0142 sp\u0142aszczenia siatki p\u0142ac pracownik\u00f3w cywilnych, opisuj\u0105c skutki takiego rozwi\u0105zania dla perspektyw awansu zawodowego.<\/p>\n<p style=\"text-align: justify;\"><a href=\"http:\/\/kspnszz.org\/wp-content\/uploads\/2023\/01\/ks3-e1675097788167.jpg\" data-rel=\"lightbox-image-1\" data-rl_title=\"\" data-rl_caption=\"\" title=\"\"><img loading=\"lazy\" decoding=\"async\" class=\"aligncenter wp-image-4594 size-large\" src=\"http:\/\/kspnszz.org\/wp-content\/uploads\/2023\/01\/ks3-e1675097788167-1024x658.jpg\" alt=\"\" width=\"618\" height=\"397\" srcset=\"https:\/\/kspnszz.org\/wp-content\/uploads\/2023\/01\/ks3-e1675097788167-1024x658.jpg 1024w, https:\/\/kspnszz.org\/wp-content\/uploads\/2023\/01\/ks3-e1675097788167-300x193.jpg 300w, https:\/\/kspnszz.org\/wp-content\/uploads\/2023\/01\/ks3-e1675097788167.jpg 1344w\" sizes=\"(max-width: 618px) 100vw, 618px\" \/><\/a><\/p>\n<p style=\"text-align: justify;\"><a href=\"http:\/\/kspnszz.org\/wp-content\/uploads\/2023\/01\/komisja-sejm-4.jpg\" data-rel=\"lightbox-image-2\" data-rl_title=\"\" data-rl_caption=\"\" title=\"\"><img loading=\"lazy\" decoding=\"async\" class=\"aligncenter size-large wp-image-4595\" src=\"http:\/\/kspnszz.org\/wp-content\/uploads\/2023\/01\/komisja-sejm-4-1024x740.jpg\" alt=\"komisja sejm 4\" width=\"618\" height=\"447\" srcset=\"https:\/\/kspnszz.org\/wp-content\/uploads\/2023\/01\/komisja-sejm-4-1024x740.jpg 1024w, https:\/\/kspnszz.org\/wp-content\/uploads\/2023\/01\/komisja-sejm-4-300x217.jpg 300w, https:\/\/kspnszz.org\/wp-content\/uploads\/2023\/01\/komisja-sejm-4.jpg 1378w\" sizes=\"(max-width: 618px) 100vw, 618px\" \/><\/a><\/p>\n","protected":false},"excerpt":{"rendered":"<p>W dniu 26 stycznia 2023 r. w Sejmie odby\u0142o si\u0119 posiedzenie Komisji Administracji i Spraw Wewn\u0119trznych po\u015bwi\u0119conej\u00a0Informacji Ministra Spraw Wewn\u0119trznych i Administracji na temat statusu prawnego, zatrudnienia i wynagrodze\u0144 pracownik\u00f3w cywilnych w formacjach resortu spraw wewn\u0119trznych i administracji oraz perspektywy zmian w tym zakresie. W posiedzeniu uczestniczy\u0142 przedstawiciel Krajowej Sekcji Po\u017carnictwa NSZZ \u201eSolidarno\u015b\u0107\u201d Sebastian Jarych. &hellip;<\/p>\n","protected":false},"author":2,"featured_media":4599,"comment_status":"closed","ping_status":"closed","sticky":false,"template":"","format":"standard","meta":{"footnotes":""},"categories":[2,1],"tags":[],"yoast_head":"<!-- This site is optimized with the Yoast SEO plugin v22.7 - https:\/\/yoast.com\/wordpress\/plugins\/seo\/ -->\n<title>Posiedzenie Komisji Administracji i Spraw Wewn\u0119trznych po\u015bwi\u0119cone pracownikom cywilnym s\u0142u\u017cb - KSPNSZZ<\/title>\n<meta name=\"robots\" content=\"index, follow, max-snippet:-1, max-image-preview:large, max-video-preview:-1\" \/>\n<link rel=\"canonical\" href=\"https:\/\/kspnszz.org\/index.php\/2023\/01\/30\/posiedzenie-komisji-administracji-i-spraw-wewnetrznych-poswiecone-pracownikom-cywilnym-sluzb\/\" \/>\n<meta property=\"og:locale\" content=\"pl_PL\" \/>\n<meta property=\"og:type\" content=\"article\" \/>\n<meta property=\"og:title\" content=\"Posiedzenie Komisji Administracji i Spraw Wewn\u0119trznych po\u015bwi\u0119cone pracownikom cywilnym s\u0142u\u017cb - KSPNSZZ\" \/>\n<meta property=\"og:description\" content=\"W dniu 26 stycznia 2023 r. w Sejmie odby\u0142o si\u0119 posiedzenie Komisji Administracji i Spraw Wewn\u0119trznych po\u015bwi\u0119conej\u00a0Informacji Ministra Spraw Wewn\u0119trznych i Administracji na temat statusu prawnego, zatrudnienia i wynagrodze\u0144 pracownik\u00f3w cywilnych w formacjach resortu spraw wewn\u0119trznych i administracji oraz perspektywy zmian w tym zakresie. W posiedzeniu uczestniczy\u0142 przedstawiciel Krajowej Sekcji Po\u017carnictwa NSZZ \u201eSolidarno\u015b\u0107\u201d Sebastian Jarych. &hellip;\" \/>\n<meta property=\"og:url\" content=\"https:\/\/kspnszz.org\/index.php\/2023\/01\/30\/posiedzenie-komisji-administracji-i-spraw-wewnetrznych-poswiecone-pracownikom-cywilnym-sluzb\/\" \/>\n<meta property=\"og:site_name\" content=\"KSPNSZZ\" \/>\n<meta property=\"article:published_time\" content=\"2023-01-30T17:00:38+00:00\" \/>\n<meta property=\"og:image\" content=\"https:\/\/kspnszz.org\/wp-content\/uploads\/2023\/01\/komisja-sejm.jpg\" \/>\n\t<meta property=\"og:image:width\" content=\"1833\" \/>\n\t<meta property=\"og:image:height\" content=\"990\" \/>\n\t<meta property=\"og:image:type\" content=\"image\/jpeg\" \/>\n<meta name=\"author\" content=\"bartlomiej\" \/>\n<meta name=\"twitter:card\" content=\"summary_large_image\" \/>\n<meta name=\"twitter:label1\" content=\"Napisane przez\" \/>\n\t<meta name=\"twitter:data1\" content=\"bartlomiej\" \/>\n\t<meta name=\"twitter:label2\" content=\"Szacowany czas czytania\" \/>\n\t<meta name=\"twitter:data2\" content=\"1 minuta\" \/>\n<script type=\"application\/ld+json\" class=\"yoast-schema-graph\">{\"@context\":\"https:\/\/schema.org\",\"@graph\":[{\"@type\":\"WebPage\",\"@id\":\"https:\/\/kspnszz.org\/index.php\/2023\/01\/30\/posiedzenie-komisji-administracji-i-spraw-wewnetrznych-poswiecone-pracownikom-cywilnym-sluzb\/\",\"url\":\"https:\/\/kspnszz.org\/index.php\/2023\/01\/30\/posiedzenie-komisji-administracji-i-spraw-wewnetrznych-poswiecone-pracownikom-cywilnym-sluzb\/\",\"name\":\"Posiedzenie Komisji Administracji i Spraw Wewn\u0119trznych po\u015bwi\u0119cone pracownikom cywilnym s\u0142u\u017cb - KSPNSZZ\",\"isPartOf\":{\"@id\":\"http:\/\/kspnszz.org\/#website\"},\"primaryImageOfPage\":{\"@id\":\"https:\/\/kspnszz.org\/index.php\/2023\/01\/30\/posiedzenie-komisji-administracji-i-spraw-wewnetrznych-poswiecone-pracownikom-cywilnym-sluzb\/#primaryimage\"},\"image\":{\"@id\":\"https:\/\/kspnszz.org\/index.php\/2023\/01\/30\/posiedzenie-komisji-administracji-i-spraw-wewnetrznych-poswiecone-pracownikom-cywilnym-sluzb\/#primaryimage\"},\"thumbnailUrl\":\"https:\/\/kspnszz.org\/wp-content\/uploads\/2023\/01\/komisja-sejm.jpg\",\"datePublished\":\"2023-01-30T17:00:38+00:00\",\"dateModified\":\"2023-01-30T17:00:38+00:00\",\"author\":{\"@id\":\"http:\/\/kspnszz.org\/#\/schema\/person\/31096cf196f706ef50ecbd878903cc13\"},\"breadcrumb\":{\"@id\":\"https:\/\/kspnszz.org\/index.php\/2023\/01\/30\/posiedzenie-komisji-administracji-i-spraw-wewnetrznych-poswiecone-pracownikom-cywilnym-sluzb\/#breadcrumb\"},\"inLanguage\":\"pl-PL\",\"potentialAction\":[{\"@type\":\"ReadAction\",\"target\":[\"https:\/\/kspnszz.org\/index.php\/2023\/01\/30\/posiedzenie-komisji-administracji-i-spraw-wewnetrznych-poswiecone-pracownikom-cywilnym-sluzb\/\"]}]},{\"@type\":\"ImageObject\",\"inLanguage\":\"pl-PL\",\"@id\":\"https:\/\/kspnszz.org\/index.php\/2023\/01\/30\/posiedzenie-komisji-administracji-i-spraw-wewnetrznych-poswiecone-pracownikom-cywilnym-sluzb\/#primaryimage\",\"url\":\"https:\/\/kspnszz.org\/wp-content\/uploads\/2023\/01\/komisja-sejm.jpg\",\"contentUrl\":\"https:\/\/kspnszz.org\/wp-content\/uploads\/2023\/01\/komisja-sejm.jpg\",\"width\":1833,\"height\":990},{\"@type\":\"BreadcrumbList\",\"@id\":\"https:\/\/kspnszz.org\/index.php\/2023\/01\/30\/posiedzenie-komisji-administracji-i-spraw-wewnetrznych-poswiecone-pracownikom-cywilnym-sluzb\/#breadcrumb\",\"itemListElement\":[{\"@type\":\"ListItem\",\"position\":1,\"name\":\"Strona g\u0142\u00f3wna\",\"item\":\"http:\/\/kspnszz.org\/\"},{\"@type\":\"ListItem\",\"position\":2,\"name\":\"Posiedzenie Komisji Administracji i Spraw Wewn\u0119trznych po\u015bwi\u0119cone pracownikom cywilnym s\u0142u\u017cb\"}]},{\"@type\":\"WebSite\",\"@id\":\"http:\/\/kspnszz.org\/#website\",\"url\":\"http:\/\/kspnszz.org\/\",\"name\":\"KSPNSZZ\",\"description\":\"Krajowa Sekcja Po\u017carnictwa\",\"potentialAction\":[{\"@type\":\"SearchAction\",\"target\":{\"@type\":\"EntryPoint\",\"urlTemplate\":\"http:\/\/kspnszz.org\/?s={search_term_string}\"},\"query-input\":\"required name=search_term_string\"}],\"inLanguage\":\"pl-PL\"},{\"@type\":\"Person\",\"@id\":\"http:\/\/kspnszz.org\/#\/schema\/person\/31096cf196f706ef50ecbd878903cc13\",\"name\":\"bartlomiej\",\"image\":{\"@type\":\"ImageObject\",\"inLanguage\":\"pl-PL\",\"@id\":\"http:\/\/kspnszz.org\/#\/schema\/person\/image\/\",\"url\":\"https:\/\/secure.gravatar.com\/avatar\/cb681656f150968eb94b73c62cf58e52?s=96&d=mm&r=g\",\"contentUrl\":\"https:\/\/secure.gravatar.com\/avatar\/cb681656f150968eb94b73c62cf58e52?s=96&d=mm&r=g\",\"caption\":\"bartlomiej\"},\"url\":\"https:\/\/kspnszz.org\/index.php\/author\/bartlomiej\/\"}]}<\/script>\n<!-- \/ Yoast SEO plugin. -->","yoast_head_json":{"title":"Posiedzenie Komisji Administracji i Spraw Wewn\u0119trznych po\u015bwi\u0119cone pracownikom cywilnym s\u0142u\u017cb - KSPNSZZ","robots":{"index":"index","follow":"follow","max-snippet":"max-snippet:-1","max-image-preview":"max-image-preview:large","max-video-preview":"max-video-preview:-1"},"canonical":"https:\/\/kspnszz.org\/index.php\/2023\/01\/30\/posiedzenie-komisji-administracji-i-spraw-wewnetrznych-poswiecone-pracownikom-cywilnym-sluzb\/","og_locale":"pl_PL","og_type":"article","og_title":"Posiedzenie Komisji Administracji i Spraw Wewn\u0119trznych po\u015bwi\u0119cone pracownikom cywilnym s\u0142u\u017cb - KSPNSZZ","og_description":"W dniu 26 stycznia 2023 r. w Sejmie odby\u0142o si\u0119 posiedzenie Komisji Administracji i Spraw Wewn\u0119trznych po\u015bwi\u0119conej\u00a0Informacji Ministra Spraw Wewn\u0119trznych i Administracji na temat statusu prawnego, zatrudnienia i wynagrodze\u0144 pracownik\u00f3w cywilnych w formacjach resortu spraw wewn\u0119trznych i administracji oraz perspektywy zmian w tym zakresie. W posiedzeniu uczestniczy\u0142 przedstawiciel Krajowej Sekcji Po\u017carnictwa NSZZ \u201eSolidarno\u015b\u0107\u201d Sebastian Jarych. &hellip;","og_url":"https:\/\/kspnszz.org\/index.php\/2023\/01\/30\/posiedzenie-komisji-administracji-i-spraw-wewnetrznych-poswiecone-pracownikom-cywilnym-sluzb\/","og_site_name":"KSPNSZZ","article_published_time":"2023-01-30T17:00:38+00:00","og_image":[{"width":1833,"height":990,"url":"https:\/\/kspnszz.org\/wp-content\/uploads\/2023\/01\/komisja-sejm.jpg","type":"image\/jpeg"}],"author":"bartlomiej","twitter_card":"summary_large_image","twitter_misc":{"Napisane przez":"bartlomiej","Szacowany czas czytania":"1 minuta"},"schema":{"@context":"https:\/\/schema.org","@graph":[{"@type":"WebPage","@id":"https:\/\/kspnszz.org\/index.php\/2023\/01\/30\/posiedzenie-komisji-administracji-i-spraw-wewnetrznych-poswiecone-pracownikom-cywilnym-sluzb\/","url":"https:\/\/kspnszz.org\/index.php\/2023\/01\/30\/posiedzenie-komisji-administracji-i-spraw-wewnetrznych-poswiecone-pracownikom-cywilnym-sluzb\/","name":"Posiedzenie Komisji Administracji i Spraw Wewn\u0119trznych po\u015bwi\u0119cone pracownikom cywilnym s\u0142u\u017cb - KSPNSZZ","isPartOf":{"@id":"http:\/\/kspnszz.org\/#website"},"primaryImageOfPage":{"@id":"https:\/\/kspnszz.org\/index.php\/2023\/01\/30\/posiedzenie-komisji-administracji-i-spraw-wewnetrznych-poswiecone-pracownikom-cywilnym-sluzb\/#primaryimage"},"image":{"@id":"https:\/\/kspnszz.org\/index.php\/2023\/01\/30\/posiedzenie-komisji-administracji-i-spraw-wewnetrznych-poswiecone-pracownikom-cywilnym-sluzb\/#primaryimage"},"thumbnailUrl":"https:\/\/kspnszz.org\/wp-content\/uploads\/2023\/01\/komisja-sejm.jpg","datePublished":"2023-01-30T17:00:38+00:00","dateModified":"2023-01-30T17:00:38+00:00","author":{"@id":"http:\/\/kspnszz.org\/#\/schema\/person\/31096cf196f706ef50ecbd878903cc13"},"breadcrumb":{"@id":"https:\/\/kspnszz.org\/index.php\/2023\/01\/30\/posiedzenie-komisji-administracji-i-spraw-wewnetrznych-poswiecone-pracownikom-cywilnym-sluzb\/#breadcrumb"},"inLanguage":"pl-PL","potentialAction":[{"@type":"ReadAction","target":["https:\/\/kspnszz.org\/index.php\/2023\/01\/30\/posiedzenie-komisji-administracji-i-spraw-wewnetrznych-poswiecone-pracownikom-cywilnym-sluzb\/"]}]},{"@type":"ImageObject","inLanguage":"pl-PL","@id":"https:\/\/kspnszz.org\/index.php\/2023\/01\/30\/posiedzenie-komisji-administracji-i-spraw-wewnetrznych-poswiecone-pracownikom-cywilnym-sluzb\/#primaryimage","url":"https:\/\/kspnszz.org\/wp-content\/uploads\/2023\/01\/komisja-sejm.jpg","contentUrl":"https:\/\/kspnszz.org\/wp-content\/uploads\/2023\/01\/komisja-sejm.jpg","width":1833,"height":990},{"@type":"BreadcrumbList","@id":"https:\/\/kspnszz.org\/index.php\/2023\/01\/30\/posiedzenie-komisji-administracji-i-spraw-wewnetrznych-poswiecone-pracownikom-cywilnym-sluzb\/#breadcrumb","itemListElement":[{"@type":"ListItem","position":1,"name":"Strona g\u0142\u00f3wna","item":"http:\/\/kspnszz.org\/"},{"@type":"ListItem","position":2,"name":"Posiedzenie Komisji Administracji i Spraw Wewn\u0119trznych po\u015bwi\u0119cone pracownikom cywilnym s\u0142u\u017cb"}]},{"@type":"WebSite","@id":"http:\/\/kspnszz.org\/#website","url":"http:\/\/kspnszz.org\/","name":"KSPNSZZ","description":"Krajowa Sekcja Po\u017carnictwa","potentialAction":[{"@type":"SearchAction","target":{"@type":"EntryPoint","urlTemplate":"http:\/\/kspnszz.org\/?s={search_term_string}"},"query-input":"required name=search_term_string"}],"inLanguage":"pl-PL"},{"@type":"Person","@id":"http:\/\/kspnszz.org\/#\/schema\/person\/31096cf196f706ef50ecbd878903cc13","name":"bartlomiej","image":{"@type":"ImageObject","inLanguage":"pl-PL","@id":"http:\/\/kspnszz.org\/#\/schema\/person\/image\/","url":"https:\/\/secure.gravatar.com\/avatar\/cb681656f150968eb94b73c62cf58e52?s=96&d=mm&r=g","contentUrl":"https:\/\/secure.gravatar.com\/avatar\/cb681656f150968eb94b73c62cf58e52?s=96&d=mm&r=g","caption":"bartlomiej"},"url":"https:\/\/kspnszz.org\/index.php\/author\/bartlomiej\/"}]}},"_links":{"self":[{"href":"https:\/\/kspnszz.org\/index.php\/wp-json\/wp\/v2\/posts\/4592"}],"collection":[{"href":"https:\/\/kspnszz.org\/index.php\/wp-json\/wp\/v2\/posts"}],"about":[{"href":"https:\/\/kspnszz.org\/index.php\/wp-json\/wp\/v2\/types\/post"}],"author":[{"embeddable":true,"href":"https:\/\/kspnszz.org\/index.php\/wp-json\/wp\/v2\/users\/2"}],"replies":[{"embeddable":true,"href":"https:\/\/kspnszz.org\/index.php\/wp-json\/wp\/v2\/comments?post=4592"}],"version-history":[{"count":5,"href":"https:\/\/kspnszz.org\/index.php\/wp-json\/wp\/v2\/posts\/4592\/revisions"}],"predecessor-version":[{"id":4601,"href":"https:\/\/kspnszz.org\/index.php\/wp-json\/wp\/v2\/posts\/4592\/revisions\/4601"}],"wp:featuredmedia":[{"embeddable":true,"href":"https:\/\/kspnszz.org\/index.php\/wp-json\/wp\/v2\/media\/4599"}],"wp:attachment":[{"href":"https:\/\/kspnszz.org\/index.php\/wp-json\/wp\/v2\/media?parent=4592"}],"wp:term":[{"taxonomy":"category","embeddable":true,"href":"https:\/\/kspnszz.org\/index.php\/wp-json\/wp\/v2\/categories?post=4592"},{"taxonomy":"post_tag","embeddable":true,"href":"https:\/\/kspnszz.org\/index.php\/wp-json\/wp\/v2\/tags?post=4592"}],"curies":[{"name":"wp","href":"https:\/\/api.w.org\/{rel}","templated":true}]}}