{"id":4554,"date":"2023-01-05T17:59:06","date_gmt":"2023-01-05T16:59:06","guid":{"rendered":"http:\/\/kspnszz.org\/?p=4554"},"modified":"2023-01-05T17:59:06","modified_gmt":"2023-01-05T16:59:06","slug":"podkarpaccy-zwiazkowcy-przekazali-plakaty-do-oznakowania-stref-w-jednostkach","status":"publish","type":"post","link":"https:\/\/kspnszz.org\/index.php\/2023\/01\/05\/podkarpaccy-zwiazkowcy-przekazali-plakaty-do-oznakowania-stref-w-jednostkach\/","title":{"rendered":"Podkarpaccy zwi\u0105zkowcy przekazali plakaty do oznakowania stref w jednostkach"},"content":{"rendered":"<p style=\"text-align: justify;\"><strong>Pod koniec minionego roku przedstawiciele Mi\u0119dzyregionalnej Sekcji Po\u017carnictwa NSZZ \u201eSolidarno\u015b\u0107\u201d Wojew\u00f3dztwa Podkarpackiego spotkali si\u0119 z Podkarpackim Komendantem Wojew\u00f3dzkim PSP nadbryg. Andrzejem Babcem. Spotkanie, poza podsumowaniem minionego roku i om\u00f3wieniem przysz\u0142orocznych plan\u00f3w, by\u0142o doskona\u0142\u0105 okazj\u0105 do przekazania plakat\u00f3w s\u0142u\u017c\u0105cych do oznakowania stref czysta \u2013 brudna w jednostkach ratowniczo \u2013 ga\u015bniczych.<\/strong><\/p>\n<p style=\"text-align: justify;\"><a href=\"http:\/\/kspnszz.org\/wp-content\/uploads\/2023\/01\/324063624_698560805236920_8405969866797569152_n.jpg\" data-rel=\"lightbox-image-0\" data-rl_title=\"\" data-rl_caption=\"\" title=\"\"><img loading=\"lazy\" decoding=\"async\" class=\"aligncenter  wp-image-4558\" src=\"http:\/\/kspnszz.org\/wp-content\/uploads\/2023\/01\/324063624_698560805236920_8405969866797569152_n-1024x684.jpg\" alt=\"324063624_698560805236920_8405969866797569152_n\" width=\"319\" height=\"213\" srcset=\"https:\/\/kspnszz.org\/wp-content\/uploads\/2023\/01\/324063624_698560805236920_8405969866797569152_n-1024x684.jpg 1024w, https:\/\/kspnszz.org\/wp-content\/uploads\/2023\/01\/324063624_698560805236920_8405969866797569152_n-300x200.jpg 300w, https:\/\/kspnszz.org\/wp-content\/uploads\/2023\/01\/324063624_698560805236920_8405969866797569152_n.jpg 1400w\" sizes=\"(max-width: 319px) 100vw, 319px\" \/><\/a><\/p>\n<p style=\"text-align: justify;\">Obowi\u0105zek wyznaczenia stref wprowadzono na podstawie zapis\u00f3w rozporz\u0105dzenia MSWiA z\u00a0sierpnia 2021 roku w sprawie szczeg\u00f3\u0142owych warunk\u00f3w bezpiecze\u0144stwa i higieny s\u0142u\u017cby stra\u017cak\u00f3w Pa\u0144stwowej Stra\u017cy Po\u017carnej. Strefy stanowi\u0105 one uk\u0142ad pomieszcze\u0144 zapewniaj\u0105cy wst\u0119pne umycie, dezynfekcj\u0119, pranie odzie\u017cy i wyposa\u017cenia, a nast\u0119pnie ponowne umundurowanie i wyposa\u017cenie stra\u017caka. Pisali\u015bmy o tym m.in. <a href=\"http:\/\/kspnszz.org\/index.php\/2022\/12\/22\/wzor-instrukcji-wprowadzajacej-funkcjonowanie-stref-w-komendzie\/\">TUTAJ<\/a>.<\/p>\n<p style=\"text-align: justify;\">Mi\u0119dzyregionaln\u0105 Sekcj\u0119 Po\u017carnictwa NSZZ \u201eSolidarno\u015b\u0107\u201d Wojew\u00f3dztwa Podkarpackiego reprezentowali Leszek Pelc oraz Marcin Puzon.<\/p>\n<p><a href=\"http:\/\/kspnszz.org\/wp-content\/uploads\/2023\/01\/318615289_6096235703722166_2048825341001068013_n.jpg\" data-rel=\"lightbox-image-1\" data-rl_title=\"\" data-rl_caption=\"\" title=\"\"><img loading=\"lazy\" decoding=\"async\" class=\"aligncenter  wp-image-4557\" src=\"http:\/\/kspnszz.org\/wp-content\/uploads\/2023\/01\/318615289_6096235703722166_2048825341001068013_n-1024x683.jpg\" alt=\"318615289_6096235703722166_2048825341001068013_n\" width=\"435\" height=\"290\" srcset=\"https:\/\/kspnszz.org\/wp-content\/uploads\/2023\/01\/318615289_6096235703722166_2048825341001068013_n-1024x683.jpg 1024w, https:\/\/kspnszz.org\/wp-content\/uploads\/2023\/01\/318615289_6096235703722166_2048825341001068013_n-300x200.jpg 300w, https:\/\/kspnszz.org\/wp-content\/uploads\/2023\/01\/318615289_6096235703722166_2048825341001068013_n.jpg 1400w\" sizes=\"(max-width: 435px) 100vw, 435px\" \/><\/a><\/p>\n<p>&nbsp;<\/p>\n<p><a href=\"http:\/\/kspnszz.org\/wp-content\/uploads\/2023\/01\/323582027_1212935672675377_1568385765475447582_n.jpg\" data-rel=\"lightbox-image-2\" data-rl_title=\"\" data-rl_caption=\"\" title=\"\"><img loading=\"lazy\" decoding=\"async\" class=\"aligncenter  wp-image-4556\" src=\"http:\/\/kspnszz.org\/wp-content\/uploads\/2023\/01\/323582027_1212935672675377_1568385765475447582_n-1024x683.jpg\" alt=\"323582027_1212935672675377_1568385765475447582_n\" width=\"432\" height=\"288\" srcset=\"https:\/\/kspnszz.org\/wp-content\/uploads\/2023\/01\/323582027_1212935672675377_1568385765475447582_n-1024x683.jpg 1024w, https:\/\/kspnszz.org\/wp-content\/uploads\/2023\/01\/323582027_1212935672675377_1568385765475447582_n-300x200.jpg 300w, https:\/\/kspnszz.org\/wp-content\/uploads\/2023\/01\/323582027_1212935672675377_1568385765475447582_n.jpg 1400w\" sizes=\"(max-width: 432px) 100vw, 432px\" \/><\/a><\/p>\n","protected":false},"excerpt":{"rendered":"<p>Pod koniec minionego roku przedstawiciele Mi\u0119dzyregionalnej Sekcji Po\u017carnictwa NSZZ \u201eSolidarno\u015b\u0107\u201d Wojew\u00f3dztwa Podkarpackiego spotkali si\u0119 z Podkarpackim Komendantem Wojew\u00f3dzkim PSP nadbryg. Andrzejem Babcem. Spotkanie, poza podsumowaniem minionego roku i om\u00f3wieniem przysz\u0142orocznych plan\u00f3w, by\u0142o doskona\u0142\u0105 okazj\u0105 do przekazania plakat\u00f3w s\u0142u\u017c\u0105cych do oznakowania stref czysta \u2013 brudna w jednostkach ratowniczo \u2013 ga\u015bniczych. Obowi\u0105zek wyznaczenia stref wprowadzono na podstawie &hellip;<\/p>\n","protected":false},"author":2,"featured_media":4558,"comment_status":"closed","ping_status":"closed","sticky":false,"template":"","format":"standard","meta":{"footnotes":""},"categories":[2],"tags":[],"yoast_head":"<!-- This site is optimized with the Yoast SEO plugin v22.7 - https:\/\/yoast.com\/wordpress\/plugins\/seo\/ -->\n<title>Podkarpaccy zwi\u0105zkowcy przekazali plakaty do oznakowania stref w jednostkach - KSPNSZZ<\/title>\n<meta name=\"robots\" content=\"index, follow, max-snippet:-1, max-image-preview:large, max-video-preview:-1\" \/>\n<link rel=\"canonical\" href=\"http:\/\/kspnszz.org\/index.php\/2023\/01\/05\/podkarpaccy-zwiazkowcy-przekazali-plakaty-do-oznakowania-stref-w-jednostkach\/\" \/>\n<meta property=\"og:locale\" content=\"pl_PL\" \/>\n<meta property=\"og:type\" content=\"article\" \/>\n<meta property=\"og:title\" content=\"Podkarpaccy zwi\u0105zkowcy przekazali plakaty do oznakowania stref w jednostkach - KSPNSZZ\" \/>\n<meta property=\"og:description\" content=\"Pod koniec minionego roku przedstawiciele Mi\u0119dzyregionalnej Sekcji Po\u017carnictwa NSZZ \u201eSolidarno\u015b\u0107\u201d Wojew\u00f3dztwa Podkarpackiego spotkali si\u0119 z Podkarpackim Komendantem Wojew\u00f3dzkim PSP nadbryg. Andrzejem Babcem. Spotkanie, poza podsumowaniem minionego roku i om\u00f3wieniem przysz\u0142orocznych plan\u00f3w, by\u0142o doskona\u0142\u0105 okazj\u0105 do przekazania plakat\u00f3w s\u0142u\u017c\u0105cych do oznakowania stref czysta \u2013 brudna w jednostkach ratowniczo \u2013 ga\u015bniczych. Obowi\u0105zek wyznaczenia stref wprowadzono na podstawie &hellip;\" \/>\n<meta property=\"og:url\" content=\"http:\/\/kspnszz.org\/index.php\/2023\/01\/05\/podkarpaccy-zwiazkowcy-przekazali-plakaty-do-oznakowania-stref-w-jednostkach\/\" \/>\n<meta property=\"og:site_name\" content=\"KSPNSZZ\" \/>\n<meta property=\"article:published_time\" content=\"2023-01-05T16:59:06+00:00\" \/>\n<meta property=\"og:image\" content=\"http:\/\/kspnszz.org\/wp-content\/uploads\/2023\/01\/324063624_698560805236920_8405969866797569152_n.jpg\" \/>\n\t<meta property=\"og:image:width\" content=\"1400\" \/>\n\t<meta property=\"og:image:height\" content=\"935\" \/>\n\t<meta property=\"og:image:type\" content=\"image\/jpeg\" \/>\n<meta name=\"author\" content=\"bartlomiej\" \/>\n<meta name=\"twitter:card\" content=\"summary_large_image\" \/>\n<meta name=\"twitter:label1\" content=\"Napisane przez\" \/>\n\t<meta name=\"twitter:data1\" content=\"bartlomiej\" \/>\n\t<meta name=\"twitter:label2\" content=\"Szacowany czas czytania\" \/>\n\t<meta name=\"twitter:data2\" content=\"1 minuta\" \/>\n<script type=\"application\/ld+json\" class=\"yoast-schema-graph\">{\"@context\":\"https:\/\/schema.org\",\"@graph\":[{\"@type\":\"WebPage\",\"@id\":\"http:\/\/kspnszz.org\/index.php\/2023\/01\/05\/podkarpaccy-zwiazkowcy-przekazali-plakaty-do-oznakowania-stref-w-jednostkach\/\",\"url\":\"http:\/\/kspnszz.org\/index.php\/2023\/01\/05\/podkarpaccy-zwiazkowcy-przekazali-plakaty-do-oznakowania-stref-w-jednostkach\/\",\"name\":\"Podkarpaccy zwi\u0105zkowcy przekazali plakaty do oznakowania stref w jednostkach - KSPNSZZ\",\"isPartOf\":{\"@id\":\"http:\/\/kspnszz.org\/#website\"},\"primaryImageOfPage\":{\"@id\":\"http:\/\/kspnszz.org\/index.php\/2023\/01\/05\/podkarpaccy-zwiazkowcy-przekazali-plakaty-do-oznakowania-stref-w-jednostkach\/#primaryimage\"},\"image\":{\"@id\":\"http:\/\/kspnszz.org\/index.php\/2023\/01\/05\/podkarpaccy-zwiazkowcy-przekazali-plakaty-do-oznakowania-stref-w-jednostkach\/#primaryimage\"},\"thumbnailUrl\":\"https:\/\/kspnszz.org\/wp-content\/uploads\/2023\/01\/324063624_698560805236920_8405969866797569152_n.jpg\",\"datePublished\":\"2023-01-05T16:59:06+00:00\",\"dateModified\":\"2023-01-05T16:59:06+00:00\",\"author\":{\"@id\":\"http:\/\/kspnszz.org\/#\/schema\/person\/31096cf196f706ef50ecbd878903cc13\"},\"breadcrumb\":{\"@id\":\"http:\/\/kspnszz.org\/index.php\/2023\/01\/05\/podkarpaccy-zwiazkowcy-przekazali-plakaty-do-oznakowania-stref-w-jednostkach\/#breadcrumb\"},\"inLanguage\":\"pl-PL\",\"potentialAction\":[{\"@type\":\"ReadAction\",\"target\":[\"http:\/\/kspnszz.org\/index.php\/2023\/01\/05\/podkarpaccy-zwiazkowcy-przekazali-plakaty-do-oznakowania-stref-w-jednostkach\/\"]}]},{\"@type\":\"ImageObject\",\"inLanguage\":\"pl-PL\",\"@id\":\"http:\/\/kspnszz.org\/index.php\/2023\/01\/05\/podkarpaccy-zwiazkowcy-przekazali-plakaty-do-oznakowania-stref-w-jednostkach\/#primaryimage\",\"url\":\"https:\/\/kspnszz.org\/wp-content\/uploads\/2023\/01\/324063624_698560805236920_8405969866797569152_n.jpg\",\"contentUrl\":\"https:\/\/kspnszz.org\/wp-content\/uploads\/2023\/01\/324063624_698560805236920_8405969866797569152_n.jpg\",\"width\":1400,\"height\":935},{\"@type\":\"BreadcrumbList\",\"@id\":\"http:\/\/kspnszz.org\/index.php\/2023\/01\/05\/podkarpaccy-zwiazkowcy-przekazali-plakaty-do-oznakowania-stref-w-jednostkach\/#breadcrumb\",\"itemListElement\":[{\"@type\":\"ListItem\",\"position\":1,\"name\":\"Strona g\u0142\u00f3wna\",\"item\":\"http:\/\/kspnszz.org\/\"},{\"@type\":\"ListItem\",\"position\":2,\"name\":\"Podkarpaccy zwi\u0105zkowcy przekazali plakaty do oznakowania stref w jednostkach\"}]},{\"@type\":\"WebSite\",\"@id\":\"http:\/\/kspnszz.org\/#website\",\"url\":\"http:\/\/kspnszz.org\/\",\"name\":\"KSPNSZZ\",\"description\":\"Krajowa Sekcja Po\u017carnictwa\",\"potentialAction\":[{\"@type\":\"SearchAction\",\"target\":{\"@type\":\"EntryPoint\",\"urlTemplate\":\"http:\/\/kspnszz.org\/?s={search_term_string}\"},\"query-input\":\"required name=search_term_string\"}],\"inLanguage\":\"pl-PL\"},{\"@type\":\"Person\",\"@id\":\"http:\/\/kspnszz.org\/#\/schema\/person\/31096cf196f706ef50ecbd878903cc13\",\"name\":\"bartlomiej\",\"image\":{\"@type\":\"ImageObject\",\"inLanguage\":\"pl-PL\",\"@id\":\"http:\/\/kspnszz.org\/#\/schema\/person\/image\/\",\"url\":\"https:\/\/secure.gravatar.com\/avatar\/cb681656f150968eb94b73c62cf58e52?s=96&d=mm&r=g\",\"contentUrl\":\"https:\/\/secure.gravatar.com\/avatar\/cb681656f150968eb94b73c62cf58e52?s=96&d=mm&r=g\",\"caption\":\"bartlomiej\"},\"url\":\"https:\/\/kspnszz.org\/index.php\/author\/bartlomiej\/\"}]}<\/script>\n<!-- \/ Yoast SEO plugin. -->","yoast_head_json":{"title":"Podkarpaccy zwi\u0105zkowcy przekazali plakaty do oznakowania stref w jednostkach - KSPNSZZ","robots":{"index":"index","follow":"follow","max-snippet":"max-snippet:-1","max-image-preview":"max-image-preview:large","max-video-preview":"max-video-preview:-1"},"canonical":"http:\/\/kspnszz.org\/index.php\/2023\/01\/05\/podkarpaccy-zwiazkowcy-przekazali-plakaty-do-oznakowania-stref-w-jednostkach\/","og_locale":"pl_PL","og_type":"article","og_title":"Podkarpaccy zwi\u0105zkowcy przekazali plakaty do oznakowania stref w jednostkach - KSPNSZZ","og_description":"Pod koniec minionego roku przedstawiciele Mi\u0119dzyregionalnej Sekcji Po\u017carnictwa NSZZ \u201eSolidarno\u015b\u0107\u201d Wojew\u00f3dztwa Podkarpackiego spotkali si\u0119 z Podkarpackim Komendantem Wojew\u00f3dzkim PSP nadbryg. Andrzejem Babcem. Spotkanie, poza podsumowaniem minionego roku i om\u00f3wieniem przysz\u0142orocznych plan\u00f3w, by\u0142o doskona\u0142\u0105 okazj\u0105 do przekazania plakat\u00f3w s\u0142u\u017c\u0105cych do oznakowania stref czysta \u2013 brudna w jednostkach ratowniczo \u2013 ga\u015bniczych. Obowi\u0105zek wyznaczenia stref wprowadzono na podstawie &hellip;","og_url":"http:\/\/kspnszz.org\/index.php\/2023\/01\/05\/podkarpaccy-zwiazkowcy-przekazali-plakaty-do-oznakowania-stref-w-jednostkach\/","og_site_name":"KSPNSZZ","article_published_time":"2023-01-05T16:59:06+00:00","og_image":[{"width":1400,"height":935,"url":"http:\/\/kspnszz.org\/wp-content\/uploads\/2023\/01\/324063624_698560805236920_8405969866797569152_n.jpg","type":"image\/jpeg"}],"author":"bartlomiej","twitter_card":"summary_large_image","twitter_misc":{"Napisane przez":"bartlomiej","Szacowany czas czytania":"1 minuta"},"schema":{"@context":"https:\/\/schema.org","@graph":[{"@type":"WebPage","@id":"http:\/\/kspnszz.org\/index.php\/2023\/01\/05\/podkarpaccy-zwiazkowcy-przekazali-plakaty-do-oznakowania-stref-w-jednostkach\/","url":"http:\/\/kspnszz.org\/index.php\/2023\/01\/05\/podkarpaccy-zwiazkowcy-przekazali-plakaty-do-oznakowania-stref-w-jednostkach\/","name":"Podkarpaccy zwi\u0105zkowcy przekazali plakaty do oznakowania stref w jednostkach - KSPNSZZ","isPartOf":{"@id":"http:\/\/kspnszz.org\/#website"},"primaryImageOfPage":{"@id":"http:\/\/kspnszz.org\/index.php\/2023\/01\/05\/podkarpaccy-zwiazkowcy-przekazali-plakaty-do-oznakowania-stref-w-jednostkach\/#primaryimage"},"image":{"@id":"http:\/\/kspnszz.org\/index.php\/2023\/01\/05\/podkarpaccy-zwiazkowcy-przekazali-plakaty-do-oznakowania-stref-w-jednostkach\/#primaryimage"},"thumbnailUrl":"https:\/\/kspnszz.org\/wp-content\/uploads\/2023\/01\/324063624_698560805236920_8405969866797569152_n.jpg","datePublished":"2023-01-05T16:59:06+00:00","dateModified":"2023-01-05T16:59:06+00:00","author":{"@id":"http:\/\/kspnszz.org\/#\/schema\/person\/31096cf196f706ef50ecbd878903cc13"},"breadcrumb":{"@id":"http:\/\/kspnszz.org\/index.php\/2023\/01\/05\/podkarpaccy-zwiazkowcy-przekazali-plakaty-do-oznakowania-stref-w-jednostkach\/#breadcrumb"},"inLanguage":"pl-PL","potentialAction":[{"@type":"ReadAction","target":["http:\/\/kspnszz.org\/index.php\/2023\/01\/05\/podkarpaccy-zwiazkowcy-przekazali-plakaty-do-oznakowania-stref-w-jednostkach\/"]}]},{"@type":"ImageObject","inLanguage":"pl-PL","@id":"http:\/\/kspnszz.org\/index.php\/2023\/01\/05\/podkarpaccy-zwiazkowcy-przekazali-plakaty-do-oznakowania-stref-w-jednostkach\/#primaryimage","url":"https:\/\/kspnszz.org\/wp-content\/uploads\/2023\/01\/324063624_698560805236920_8405969866797569152_n.jpg","contentUrl":"https:\/\/kspnszz.org\/wp-content\/uploads\/2023\/01\/324063624_698560805236920_8405969866797569152_n.jpg","width":1400,"height":935},{"@type":"BreadcrumbList","@id":"http:\/\/kspnszz.org\/index.php\/2023\/01\/05\/podkarpaccy-zwiazkowcy-przekazali-plakaty-do-oznakowania-stref-w-jednostkach\/#breadcrumb","itemListElement":[{"@type":"ListItem","position":1,"name":"Strona g\u0142\u00f3wna","item":"http:\/\/kspnszz.org\/"},{"@type":"ListItem","position":2,"name":"Podkarpaccy zwi\u0105zkowcy przekazali plakaty do oznakowania stref w jednostkach"}]},{"@type":"WebSite","@id":"http:\/\/kspnszz.org\/#website","url":"http:\/\/kspnszz.org\/","name":"KSPNSZZ","description":"Krajowa Sekcja Po\u017carnictwa","potentialAction":[{"@type":"SearchAction","target":{"@type":"EntryPoint","urlTemplate":"http:\/\/kspnszz.org\/?s={search_term_string}"},"query-input":"required name=search_term_string"}],"inLanguage":"pl-PL"},{"@type":"Person","@id":"http:\/\/kspnszz.org\/#\/schema\/person\/31096cf196f706ef50ecbd878903cc13","name":"bartlomiej","image":{"@type":"ImageObject","inLanguage":"pl-PL","@id":"http:\/\/kspnszz.org\/#\/schema\/person\/image\/","url":"https:\/\/secure.gravatar.com\/avatar\/cb681656f150968eb94b73c62cf58e52?s=96&d=mm&r=g","contentUrl":"https:\/\/secure.gravatar.com\/avatar\/cb681656f150968eb94b73c62cf58e52?s=96&d=mm&r=g","caption":"bartlomiej"},"url":"https:\/\/kspnszz.org\/index.php\/author\/bartlomiej\/"}]}},"_links":{"self":[{"href":"https:\/\/kspnszz.org\/index.php\/wp-json\/wp\/v2\/posts\/4554"}],"collection":[{"href":"https:\/\/kspnszz.org\/index.php\/wp-json\/wp\/v2\/posts"}],"about":[{"href":"https:\/\/kspnszz.org\/index.php\/wp-json\/wp\/v2\/types\/post"}],"author":[{"embeddable":true,"href":"https:\/\/kspnszz.org\/index.php\/wp-json\/wp\/v2\/users\/2"}],"replies":[{"embeddable":true,"href":"https:\/\/kspnszz.org\/index.php\/wp-json\/wp\/v2\/comments?post=4554"}],"version-history":[{"count":2,"href":"https:\/\/kspnszz.org\/index.php\/wp-json\/wp\/v2\/posts\/4554\/revisions"}],"predecessor-version":[{"id":4559,"href":"https:\/\/kspnszz.org\/index.php\/wp-json\/wp\/v2\/posts\/4554\/revisions\/4559"}],"wp:featuredmedia":[{"embeddable":true,"href":"https:\/\/kspnszz.org\/index.php\/wp-json\/wp\/v2\/media\/4558"}],"wp:attachment":[{"href":"https:\/\/kspnszz.org\/index.php\/wp-json\/wp\/v2\/media?parent=4554"}],"wp:term":[{"taxonomy":"category","embeddable":true,"href":"https:\/\/kspnszz.org\/index.php\/wp-json\/wp\/v2\/categories?post=4554"},{"taxonomy":"post_tag","embeddable":true,"href":"https:\/\/kspnszz.org\/index.php\/wp-json\/wp\/v2\/tags?post=4554"}],"curies":[{"name":"wp","href":"https:\/\/api.w.org\/{rel}","templated":true}]}}