{"id":4496,"date":"2022-12-13T08:42:21","date_gmt":"2022-12-13T07:42:21","guid":{"rendered":"http:\/\/kspnszz.org\/?p=4496"},"modified":"2022-12-13T08:42:21","modified_gmt":"2022-12-13T07:42:21","slug":"obradowali-slascy-zwiazkowcy","status":"publish","type":"post","link":"https:\/\/kspnszz.org\/index.php\/2022\/12\/13\/obradowali-slascy-zwiazkowcy\/","title":{"rendered":"Obradowali \u015bl\u0105scy zwi\u0105zkowcy"},"content":{"rendered":"<p style=\"text-align: justify;\"><strong>O bie\u017c\u0105cym funkcjonowaniu PSP w wojew\u00f3dztwie \u015bl\u0105skim oraz dzia\u0142aniach Zwi\u0105zku w ostatnich miesi\u0105cach dyskutowano na posiedzeniu Mi\u0119dzyregionalnej \u015al\u0105skiej Sekcji Po\u017carnictwa NSZZ \u201eSolidarno\u015b\u0107\u201d, kt\u00f3re odby\u0142o si\u0119 6 grudnia 2022 roku w siedzibie Komendy Wojew\u00f3dzkiej PSP w\u00a0Katowicach.<\/strong><\/p>\n<p style=\"text-align: justify;\"><a href=\"http:\/\/kspnszz.org\/wp-content\/uploads\/2022\/12\/318086538_534172158588570_2553332679859571308_n.jpg\" data-rel=\"lightbox-image-0\" data-rl_title=\"\" data-rl_caption=\"\" title=\"\"><img loading=\"lazy\" decoding=\"async\" class=\"aligncenter  wp-image-4494\" src=\"http:\/\/kspnszz.org\/wp-content\/uploads\/2022\/12\/318086538_534172158588570_2553332679859571308_n-1024x661.jpg\" alt=\"318086538_534172158588570_2553332679859571308_n\" width=\"441\" height=\"285\" srcset=\"https:\/\/kspnszz.org\/wp-content\/uploads\/2022\/12\/318086538_534172158588570_2553332679859571308_n-1024x661.jpg 1024w, https:\/\/kspnszz.org\/wp-content\/uploads\/2022\/12\/318086538_534172158588570_2553332679859571308_n-300x194.jpg 300w, https:\/\/kspnszz.org\/wp-content\/uploads\/2022\/12\/318086538_534172158588570_2553332679859571308_n.jpg 1600w\" sizes=\"(max-width: 441px) 100vw, 441px\" \/><\/a><\/p>\n<p style=\"text-align: justify;\">Spotkaniu przewodniczy\u0142 Przewodnicz\u0105cy Mi\u0119dzyregionalnej \u015al\u0105skiej Sekcji Po\u017carnictwa Damian Kocho\u0144, a w posiedzeniu brali udzia\u0142 tak\u017ce \u015al\u0105ski Komendant Wojew\u00f3dzki Pa\u0144stwowej Stra\u017cy Po\u017carnej nadbryg. Jacek Kleszczewski, Wiceprzewodnicz\u0105cy Krajowej Sekcji Po\u017carnictwa Maciej \u0141ozowski i Sekretarz Krajowej Sekcji Po\u017carnictwa \u0141ukasz Kapica.<\/p>\n<p style=\"text-align: justify;\">Zwi\u0105zkowcy om\u00f3wili m.in. stopie\u0144 realizacji postulat\u00f3w jakie z\u0142o\u017cy\u0142a KSP NSZZ \u201eSolidarno\u015b\u0107\u201d oraz przebieg akcji protestacyjnej. Przedyskutowano r\u00f3wnie\u017c zmiany legislacyjne, w szczeg\u00f3lno\u015bci w zakresie przepisu kwalifikacyjnego.<\/p>\n<p style=\"text-align: justify;\">\u015al\u0105ski Komendant Wojew\u00f3dzki Pa\u0144stwowej Stra\u017cy Po\u017carnej nadbryg. Jacek Kleszczewski udzieli\u0142 odpowiedzi ws. problem\u00f3w zg\u0142aszanych w poszczeg\u00f3lnych jednostkach organizacyjnych i kr\u00f3tko zreferowa\u0142 najwa\u017cniejsze wydarzenia w bie\u017c\u0105cym roku oraz przedstawi\u0142 plany na rok przysz\u0142y.<\/p>\n<p style=\"text-align: justify;\"><a href=\"http:\/\/kspnszz.org\/wp-content\/uploads\/2022\/12\/318973471_1329480741141154_2989175778036808280_n.jpg\" data-rel=\"lightbox-image-1\" data-rl_title=\"\" data-rl_caption=\"\" title=\"\"><img loading=\"lazy\" decoding=\"async\" class=\"aligncenter  wp-image-4495\" src=\"http:\/\/kspnszz.org\/wp-content\/uploads\/2022\/12\/318973471_1329480741141154_2989175778036808280_n-1024x703.jpg\" alt=\"318973471_1329480741141154_2989175778036808280_n\" width=\"479\" height=\"329\" srcset=\"https:\/\/kspnszz.org\/wp-content\/uploads\/2022\/12\/318973471_1329480741141154_2989175778036808280_n-1024x703.jpg 1024w, https:\/\/kspnszz.org\/wp-content\/uploads\/2022\/12\/318973471_1329480741141154_2989175778036808280_n-300x206.jpg 300w, https:\/\/kspnszz.org\/wp-content\/uploads\/2022\/12\/318973471_1329480741141154_2989175778036808280_n-110x75.jpg 110w, https:\/\/kspnszz.org\/wp-content\/uploads\/2022\/12\/318973471_1329480741141154_2989175778036808280_n.jpg 1600w\" sizes=\"(max-width: 479px) 100vw, 479px\" \/><\/a><\/p>\n<p style=\"text-align: justify;\">\n<p style=\"text-align: justify;\"><a href=\"http:\/\/kspnszz.org\/wp-content\/uploads\/2022\/12\/318789595_2617900538353193_2380352452342033867_n.jpg\" data-rel=\"lightbox-image-2\" data-rl_title=\"\" data-rl_caption=\"\" title=\"\"><img loading=\"lazy\" decoding=\"async\" class=\"aligncenter  wp-image-4493\" src=\"http:\/\/kspnszz.org\/wp-content\/uploads\/2022\/12\/318789595_2617900538353193_2380352452342033867_n-1024x635.jpg\" alt=\"318789595_2617900538353193_2380352452342033867_n\" width=\"483\" height=\"299\" srcset=\"https:\/\/kspnszz.org\/wp-content\/uploads\/2022\/12\/318789595_2617900538353193_2380352452342033867_n-1024x635.jpg 1024w, https:\/\/kspnszz.org\/wp-content\/uploads\/2022\/12\/318789595_2617900538353193_2380352452342033867_n-300x186.jpg 300w, https:\/\/kspnszz.org\/wp-content\/uploads\/2022\/12\/318789595_2617900538353193_2380352452342033867_n.jpg 1544w\" sizes=\"(max-width: 483px) 100vw, 483px\" \/><\/a><\/p>\n","protected":false},"excerpt":{"rendered":"<p>O bie\u017c\u0105cym funkcjonowaniu PSP w wojew\u00f3dztwie \u015bl\u0105skim oraz dzia\u0142aniach Zwi\u0105zku w ostatnich miesi\u0105cach dyskutowano na posiedzeniu Mi\u0119dzyregionalnej \u015al\u0105skiej Sekcji Po\u017carnictwa NSZZ \u201eSolidarno\u015b\u0107\u201d, kt\u00f3re odby\u0142o si\u0119 6 grudnia 2022 roku w siedzibie Komendy Wojew\u00f3dzkiej PSP w\u00a0Katowicach. Spotkaniu przewodniczy\u0142 Przewodnicz\u0105cy Mi\u0119dzyregionalnej \u015al\u0105skiej Sekcji Po\u017carnictwa Damian Kocho\u0144, a w posiedzeniu brali udzia\u0142 tak\u017ce \u015al\u0105ski Komendant Wojew\u00f3dzki Pa\u0144stwowej Stra\u017cy &hellip;<\/p>\n","protected":false},"author":2,"featured_media":4493,"comment_status":"closed","ping_status":"closed","sticky":false,"template":"","format":"standard","meta":{"footnotes":""},"categories":[2],"tags":[],"yoast_head":"<!-- This site is optimized with the Yoast SEO plugin v22.7 - https:\/\/yoast.com\/wordpress\/plugins\/seo\/ -->\n<title>Obradowali \u015bl\u0105scy zwi\u0105zkowcy - KSPNSZZ<\/title>\n<meta name=\"robots\" content=\"index, follow, max-snippet:-1, max-image-preview:large, max-video-preview:-1\" \/>\n<link rel=\"canonical\" href=\"https:\/\/kspnszz.org\/index.php\/2022\/12\/13\/obradowali-slascy-zwiazkowcy\/\" \/>\n<meta property=\"og:locale\" content=\"pl_PL\" \/>\n<meta property=\"og:type\" content=\"article\" \/>\n<meta property=\"og:title\" content=\"Obradowali \u015bl\u0105scy zwi\u0105zkowcy - KSPNSZZ\" \/>\n<meta property=\"og:description\" content=\"O bie\u017c\u0105cym funkcjonowaniu PSP w wojew\u00f3dztwie \u015bl\u0105skim oraz dzia\u0142aniach Zwi\u0105zku w ostatnich miesi\u0105cach dyskutowano na posiedzeniu Mi\u0119dzyregionalnej \u015al\u0105skiej Sekcji Po\u017carnictwa NSZZ \u201eSolidarno\u015b\u0107\u201d, kt\u00f3re odby\u0142o si\u0119 6 grudnia 2022 roku w siedzibie Komendy Wojew\u00f3dzkiej PSP w\u00a0Katowicach. Spotkaniu przewodniczy\u0142 Przewodnicz\u0105cy Mi\u0119dzyregionalnej \u015al\u0105skiej Sekcji Po\u017carnictwa Damian Kocho\u0144, a w posiedzeniu brali udzia\u0142 tak\u017ce \u015al\u0105ski Komendant Wojew\u00f3dzki Pa\u0144stwowej Stra\u017cy &hellip;\" \/>\n<meta property=\"og:url\" content=\"https:\/\/kspnszz.org\/index.php\/2022\/12\/13\/obradowali-slascy-zwiazkowcy\/\" \/>\n<meta property=\"og:site_name\" content=\"KSPNSZZ\" \/>\n<meta property=\"article:published_time\" content=\"2022-12-13T07:42:21+00:00\" \/>\n<meta property=\"og:image\" content=\"https:\/\/kspnszz.org\/wp-content\/uploads\/2022\/12\/318789595_2617900538353193_2380352452342033867_n.jpg\" \/>\n\t<meta property=\"og:image:width\" content=\"1544\" \/>\n\t<meta property=\"og:image:height\" content=\"958\" \/>\n\t<meta property=\"og:image:type\" content=\"image\/jpeg\" \/>\n<meta name=\"author\" content=\"bartlomiej\" \/>\n<meta name=\"twitter:card\" content=\"summary_large_image\" \/>\n<meta name=\"twitter:label1\" content=\"Napisane przez\" \/>\n\t<meta name=\"twitter:data1\" content=\"bartlomiej\" \/>\n\t<meta name=\"twitter:label2\" content=\"Szacowany czas czytania\" \/>\n\t<meta name=\"twitter:data2\" content=\"1 minuta\" \/>\n<script type=\"application\/ld+json\" class=\"yoast-schema-graph\">{\"@context\":\"https:\/\/schema.org\",\"@graph\":[{\"@type\":\"WebPage\",\"@id\":\"https:\/\/kspnszz.org\/index.php\/2022\/12\/13\/obradowali-slascy-zwiazkowcy\/\",\"url\":\"https:\/\/kspnszz.org\/index.php\/2022\/12\/13\/obradowali-slascy-zwiazkowcy\/\",\"name\":\"Obradowali \u015bl\u0105scy zwi\u0105zkowcy - KSPNSZZ\",\"isPartOf\":{\"@id\":\"http:\/\/kspnszz.org\/#website\"},\"primaryImageOfPage\":{\"@id\":\"https:\/\/kspnszz.org\/index.php\/2022\/12\/13\/obradowali-slascy-zwiazkowcy\/#primaryimage\"},\"image\":{\"@id\":\"https:\/\/kspnszz.org\/index.php\/2022\/12\/13\/obradowali-slascy-zwiazkowcy\/#primaryimage\"},\"thumbnailUrl\":\"https:\/\/kspnszz.org\/wp-content\/uploads\/2022\/12\/318789595_2617900538353193_2380352452342033867_n.jpg\",\"datePublished\":\"2022-12-13T07:42:21+00:00\",\"dateModified\":\"2022-12-13T07:42:21+00:00\",\"author\":{\"@id\":\"http:\/\/kspnszz.org\/#\/schema\/person\/31096cf196f706ef50ecbd878903cc13\"},\"breadcrumb\":{\"@id\":\"https:\/\/kspnszz.org\/index.php\/2022\/12\/13\/obradowali-slascy-zwiazkowcy\/#breadcrumb\"},\"inLanguage\":\"pl-PL\",\"potentialAction\":[{\"@type\":\"ReadAction\",\"target\":[\"https:\/\/kspnszz.org\/index.php\/2022\/12\/13\/obradowali-slascy-zwiazkowcy\/\"]}]},{\"@type\":\"ImageObject\",\"inLanguage\":\"pl-PL\",\"@id\":\"https:\/\/kspnszz.org\/index.php\/2022\/12\/13\/obradowali-slascy-zwiazkowcy\/#primaryimage\",\"url\":\"https:\/\/kspnszz.org\/wp-content\/uploads\/2022\/12\/318789595_2617900538353193_2380352452342033867_n.jpg\",\"contentUrl\":\"https:\/\/kspnszz.org\/wp-content\/uploads\/2022\/12\/318789595_2617900538353193_2380352452342033867_n.jpg\",\"width\":1544,\"height\":958},{\"@type\":\"BreadcrumbList\",\"@id\":\"https:\/\/kspnszz.org\/index.php\/2022\/12\/13\/obradowali-slascy-zwiazkowcy\/#breadcrumb\",\"itemListElement\":[{\"@type\":\"ListItem\",\"position\":1,\"name\":\"Strona g\u0142\u00f3wna\",\"item\":\"http:\/\/kspnszz.org\/\"},{\"@type\":\"ListItem\",\"position\":2,\"name\":\"Obradowali \u015bl\u0105scy zwi\u0105zkowcy\"}]},{\"@type\":\"WebSite\",\"@id\":\"http:\/\/kspnszz.org\/#website\",\"url\":\"http:\/\/kspnszz.org\/\",\"name\":\"KSPNSZZ\",\"description\":\"Krajowa Sekcja Po\u017carnictwa\",\"potentialAction\":[{\"@type\":\"SearchAction\",\"target\":{\"@type\":\"EntryPoint\",\"urlTemplate\":\"http:\/\/kspnszz.org\/?s={search_term_string}\"},\"query-input\":\"required name=search_term_string\"}],\"inLanguage\":\"pl-PL\"},{\"@type\":\"Person\",\"@id\":\"http:\/\/kspnszz.org\/#\/schema\/person\/31096cf196f706ef50ecbd878903cc13\",\"name\":\"bartlomiej\",\"image\":{\"@type\":\"ImageObject\",\"inLanguage\":\"pl-PL\",\"@id\":\"http:\/\/kspnszz.org\/#\/schema\/person\/image\/\",\"url\":\"https:\/\/secure.gravatar.com\/avatar\/cb681656f150968eb94b73c62cf58e52?s=96&d=mm&r=g\",\"contentUrl\":\"https:\/\/secure.gravatar.com\/avatar\/cb681656f150968eb94b73c62cf58e52?s=96&d=mm&r=g\",\"caption\":\"bartlomiej\"},\"url\":\"https:\/\/kspnszz.org\/index.php\/author\/bartlomiej\/\"}]}<\/script>\n<!-- \/ Yoast SEO plugin. -->","yoast_head_json":{"title":"Obradowali \u015bl\u0105scy zwi\u0105zkowcy - KSPNSZZ","robots":{"index":"index","follow":"follow","max-snippet":"max-snippet:-1","max-image-preview":"max-image-preview:large","max-video-preview":"max-video-preview:-1"},"canonical":"https:\/\/kspnszz.org\/index.php\/2022\/12\/13\/obradowali-slascy-zwiazkowcy\/","og_locale":"pl_PL","og_type":"article","og_title":"Obradowali \u015bl\u0105scy zwi\u0105zkowcy - KSPNSZZ","og_description":"O bie\u017c\u0105cym funkcjonowaniu PSP w wojew\u00f3dztwie \u015bl\u0105skim oraz dzia\u0142aniach Zwi\u0105zku w ostatnich miesi\u0105cach dyskutowano na posiedzeniu Mi\u0119dzyregionalnej \u015al\u0105skiej Sekcji Po\u017carnictwa NSZZ \u201eSolidarno\u015b\u0107\u201d, kt\u00f3re odby\u0142o si\u0119 6 grudnia 2022 roku w siedzibie Komendy Wojew\u00f3dzkiej PSP w\u00a0Katowicach. Spotkaniu przewodniczy\u0142 Przewodnicz\u0105cy Mi\u0119dzyregionalnej \u015al\u0105skiej Sekcji Po\u017carnictwa Damian Kocho\u0144, a w posiedzeniu brali udzia\u0142 tak\u017ce \u015al\u0105ski Komendant Wojew\u00f3dzki Pa\u0144stwowej Stra\u017cy &hellip;","og_url":"https:\/\/kspnszz.org\/index.php\/2022\/12\/13\/obradowali-slascy-zwiazkowcy\/","og_site_name":"KSPNSZZ","article_published_time":"2022-12-13T07:42:21+00:00","og_image":[{"width":1544,"height":958,"url":"https:\/\/kspnszz.org\/wp-content\/uploads\/2022\/12\/318789595_2617900538353193_2380352452342033867_n.jpg","type":"image\/jpeg"}],"author":"bartlomiej","twitter_card":"summary_large_image","twitter_misc":{"Napisane przez":"bartlomiej","Szacowany czas czytania":"1 minuta"},"schema":{"@context":"https:\/\/schema.org","@graph":[{"@type":"WebPage","@id":"https:\/\/kspnszz.org\/index.php\/2022\/12\/13\/obradowali-slascy-zwiazkowcy\/","url":"https:\/\/kspnszz.org\/index.php\/2022\/12\/13\/obradowali-slascy-zwiazkowcy\/","name":"Obradowali \u015bl\u0105scy zwi\u0105zkowcy - KSPNSZZ","isPartOf":{"@id":"http:\/\/kspnszz.org\/#website"},"primaryImageOfPage":{"@id":"https:\/\/kspnszz.org\/index.php\/2022\/12\/13\/obradowali-slascy-zwiazkowcy\/#primaryimage"},"image":{"@id":"https:\/\/kspnszz.org\/index.php\/2022\/12\/13\/obradowali-slascy-zwiazkowcy\/#primaryimage"},"thumbnailUrl":"https:\/\/kspnszz.org\/wp-content\/uploads\/2022\/12\/318789595_2617900538353193_2380352452342033867_n.jpg","datePublished":"2022-12-13T07:42:21+00:00","dateModified":"2022-12-13T07:42:21+00:00","author":{"@id":"http:\/\/kspnszz.org\/#\/schema\/person\/31096cf196f706ef50ecbd878903cc13"},"breadcrumb":{"@id":"https:\/\/kspnszz.org\/index.php\/2022\/12\/13\/obradowali-slascy-zwiazkowcy\/#breadcrumb"},"inLanguage":"pl-PL","potentialAction":[{"@type":"ReadAction","target":["https:\/\/kspnszz.org\/index.php\/2022\/12\/13\/obradowali-slascy-zwiazkowcy\/"]}]},{"@type":"ImageObject","inLanguage":"pl-PL","@id":"https:\/\/kspnszz.org\/index.php\/2022\/12\/13\/obradowali-slascy-zwiazkowcy\/#primaryimage","url":"https:\/\/kspnszz.org\/wp-content\/uploads\/2022\/12\/318789595_2617900538353193_2380352452342033867_n.jpg","contentUrl":"https:\/\/kspnszz.org\/wp-content\/uploads\/2022\/12\/318789595_2617900538353193_2380352452342033867_n.jpg","width":1544,"height":958},{"@type":"BreadcrumbList","@id":"https:\/\/kspnszz.org\/index.php\/2022\/12\/13\/obradowali-slascy-zwiazkowcy\/#breadcrumb","itemListElement":[{"@type":"ListItem","position":1,"name":"Strona g\u0142\u00f3wna","item":"http:\/\/kspnszz.org\/"},{"@type":"ListItem","position":2,"name":"Obradowali \u015bl\u0105scy zwi\u0105zkowcy"}]},{"@type":"WebSite","@id":"http:\/\/kspnszz.org\/#website","url":"http:\/\/kspnszz.org\/","name":"KSPNSZZ","description":"Krajowa Sekcja Po\u017carnictwa","potentialAction":[{"@type":"SearchAction","target":{"@type":"EntryPoint","urlTemplate":"http:\/\/kspnszz.org\/?s={search_term_string}"},"query-input":"required name=search_term_string"}],"inLanguage":"pl-PL"},{"@type":"Person","@id":"http:\/\/kspnszz.org\/#\/schema\/person\/31096cf196f706ef50ecbd878903cc13","name":"bartlomiej","image":{"@type":"ImageObject","inLanguage":"pl-PL","@id":"http:\/\/kspnszz.org\/#\/schema\/person\/image\/","url":"https:\/\/secure.gravatar.com\/avatar\/cb681656f150968eb94b73c62cf58e52?s=96&d=mm&r=g","contentUrl":"https:\/\/secure.gravatar.com\/avatar\/cb681656f150968eb94b73c62cf58e52?s=96&d=mm&r=g","caption":"bartlomiej"},"url":"https:\/\/kspnszz.org\/index.php\/author\/bartlomiej\/"}]}},"_links":{"self":[{"href":"https:\/\/kspnszz.org\/index.php\/wp-json\/wp\/v2\/posts\/4496"}],"collection":[{"href":"https:\/\/kspnszz.org\/index.php\/wp-json\/wp\/v2\/posts"}],"about":[{"href":"https:\/\/kspnszz.org\/index.php\/wp-json\/wp\/v2\/types\/post"}],"author":[{"embeddable":true,"href":"https:\/\/kspnszz.org\/index.php\/wp-json\/wp\/v2\/users\/2"}],"replies":[{"embeddable":true,"href":"https:\/\/kspnszz.org\/index.php\/wp-json\/wp\/v2\/comments?post=4496"}],"version-history":[{"count":2,"href":"https:\/\/kspnszz.org\/index.php\/wp-json\/wp\/v2\/posts\/4496\/revisions"}],"predecessor-version":[{"id":4498,"href":"https:\/\/kspnszz.org\/index.php\/wp-json\/wp\/v2\/posts\/4496\/revisions\/4498"}],"wp:featuredmedia":[{"embeddable":true,"href":"https:\/\/kspnszz.org\/index.php\/wp-json\/wp\/v2\/media\/4493"}],"wp:attachment":[{"href":"https:\/\/kspnszz.org\/index.php\/wp-json\/wp\/v2\/media?parent=4496"}],"wp:term":[{"taxonomy":"category","embeddable":true,"href":"https:\/\/kspnszz.org\/index.php\/wp-json\/wp\/v2\/categories?post=4496"},{"taxonomy":"post_tag","embeddable":true,"href":"https:\/\/kspnszz.org\/index.php\/wp-json\/wp\/v2\/tags?post=4496"}],"curies":[{"name":"wp","href":"https:\/\/api.w.org\/{rel}","templated":true}]}}