{"id":4452,"date":"2022-11-25T17:44:20","date_gmt":"2022-11-25T16:44:20","guid":{"rendered":"http:\/\/kspnszz.org\/?p=4452"},"modified":"2022-11-25T17:44:20","modified_gmt":"2022-11-25T16:44:20","slug":"spotkanie-w-mswia-2","status":"publish","type":"post","link":"https:\/\/kspnszz.org\/index.php\/2022\/11\/25\/spotkanie-w-mswia-2\/","title":{"rendered":"Spotkanie w MSWiA"},"content":{"rendered":"<p style=\"text-align: justify;\"><strong>W dniu 24 listopada 2022 roku w Warszawie odby\u0142o si\u0119 spotkanie przedstawicieli central zwi\u0105zkowych dzia\u0142aj\u0105cych w\u00a0s\u0142u\u017cbach mundurowych z sekretarzem stanu w\u00a0MSWiA Maciejem W\u0105sikiem. Tematem spotkania by\u0142o mi\u0119dzy innymi om\u00f3wienie za\u0142o\u017ce\u0144 do realizacji przysz\u0142orocznej waloryzacji uposa\u017ce\u0144.<\/strong><\/p>\n<p style=\"text-align: justify;\">Minister potwierdzi\u0142, \u017ce w roku 2023 waloryzacja uposa\u017ce\u0144 wyniesie 9,36 % i zostanie zrealizowana ze skutkami przechodz\u0105cymi pomimo pojawiaj\u0105cych si\u0119 r\u00f3\u017cnych interpretacji zapis\u00f3w ustawy bud\u017cetowej. MSWiA wyda w\u00a0tej sprawie stosowny komunikat. Kolejny raz minister W\u0105sik przypomnia\u0142, \u017ce resort dysponuje tylko \u015brodkami finansowymi, kt\u00f3re zosta\u0142y przyznane w bud\u017cecie i jedynie zmiana ustawy bud\u017cetowej mo\u017ce spowodowa\u0107 ich zwi\u0119kszenie. W zwi\u0105zku z tym NSZZ \u201eSolidarno\u015b\u0107\u201d jako jedyny zwi\u0105zek prowadzi negocjacje z rz\u0105dem w tym zakresie. Premier RP powo\u0142a\u0142 zesp\u00f3\u0142, kt\u00f3ry negocjuje przedstawione Rz\u0105dowi postulaty mi\u0119dzy innymi wy\u017csz\u0105 waloryzacj\u0119 p\u0142ac w sferze bud\u017cetowej. Cz\u0142onkiem zespo\u0142u negocjacyjnego jest mi\u0119dzy innymi Przewodnicz\u0105cy Krajowego Sekretariatu S\u0142u\u017cb Publicznych NSZZ \u201eSolidarno\u015b\u0107\u201d Bart\u0142omiej Mickiewicz.<\/p>\n<p style=\"text-align: justify;\">Strona zwi\u0105zkowa zaznaczy\u0142a po raz kolejny, \u017ce waloryzacja uposa\u017ce\u0144 w wysoko\u015bci 9,36% jest niewystarczaj\u0105ca. Podkre\u015blono, \u017ce w ka\u017cdej s\u0142u\u017cbie podleg\u0142ej MSWiA obserwuje si\u0119 ogromn\u0105 ilo\u015b\u0107 odej\u015b\u0107 na zaopatrzenie emerytalne spowodowane niewymierno\u015bci\u0105 uposa\u017ce\u0144 przy ci\u0105g\u0142ym zwi\u0119kszaniu zakresu obowi\u0105zk\u00f3w.<\/p>\n<p style=\"text-align: justify;\">Podczas spotkania poruszono r\u00f3wnie\u017c kwesti\u0119 dodatkowego \u015bwiadczenia w wysoko\u015bci 1% za ka\u017cdy rok s\u0142u\u017cby ponad 15 lat. Przedstawiciel NSZZ \u201eSolidarno\u015b\u0107\u201d zwr\u00f3ci\u0142 uwag\u0119, \u017ce funkcjonariuszom liniowym ci\u0119\u017cko jest osi\u0105gn\u0105\u0107 ponad 30 letni sta\u017c s\u0142u\u017cby. W zwi\u0105zku z tym zaproponowano przeliczenie \u015bwiadczenia w taki spos\u00f3b, aby naliczane by\u0142o od 15 do 25 roku s\u0142u\u017cby, a potem w tej samej kwocie obowi\u0105zywa\u0142o ono do ko\u0144ca s\u0142u\u017cby funkcjonariusza. Po 25 latach w dalszym ci\u0105gu funkcjonariusz otrzyma dodatkowo \u015bwiadczenie motywacyjne w wysoko\u015bci 1500 z\u0142 i 2500 z\u0142 po 28,5 latach s\u0142u\u017cby. MSWiA przychyli\u0142o si\u0119 do tej propozycji i dokona stosownych oblicze\u0144, kt\u00f3re po akceptacji strony spo\u0142ecznej b\u0119d\u0105 mog\u0142y wej\u015b\u0107 w \u017cycie. Ponadto w propozycji ministerstwa dodatkowe \u015bwiadczenie sta\u017cowe po 32 latach s\u0142u\u017cby zostanie wliczone do podstawy emerytury. Wed\u0142ug NSZZ \u201eSolidarno\u015b\u0107\u201d tak wysoki pr\u00f3g sta\u017cu s\u0142u\u017cby jest zbyt wyg\u00f3rowany i nale\u017cy go maksymalne zmniejszy\u0107.<\/p>\n","protected":false},"excerpt":{"rendered":"<p>W dniu 24 listopada 2022 roku w Warszawie odby\u0142o si\u0119 spotkanie przedstawicieli central zwi\u0105zkowych dzia\u0142aj\u0105cych w\u00a0s\u0142u\u017cbach mundurowych z sekretarzem stanu w\u00a0MSWiA Maciejem W\u0105sikiem. Tematem spotkania by\u0142o mi\u0119dzy innymi om\u00f3wienie za\u0142o\u017ce\u0144 do realizacji przysz\u0142orocznej waloryzacji uposa\u017ce\u0144. Minister potwierdzi\u0142, \u017ce w roku 2023 waloryzacja uposa\u017ce\u0144 wyniesie 9,36 % i zostanie zrealizowana ze skutkami przechodz\u0105cymi pomimo pojawiaj\u0105cych si\u0119 &hellip;<\/p>\n","protected":false},"author":2,"featured_media":2400,"comment_status":"closed","ping_status":"closed","sticky":false,"template":"","format":"standard","meta":{"footnotes":""},"categories":[2],"tags":[],"yoast_head":"<!-- This site is optimized with the Yoast SEO plugin v22.7 - https:\/\/yoast.com\/wordpress\/plugins\/seo\/ -->\n<title>Spotkanie w MSWiA - KSPNSZZ<\/title>\n<meta name=\"robots\" content=\"index, follow, max-snippet:-1, max-image-preview:large, max-video-preview:-1\" \/>\n<link rel=\"canonical\" href=\"https:\/\/kspnszz.org\/index.php\/2022\/11\/25\/spotkanie-w-mswia-2\/\" \/>\n<meta property=\"og:locale\" content=\"pl_PL\" \/>\n<meta property=\"og:type\" content=\"article\" \/>\n<meta property=\"og:title\" content=\"Spotkanie w MSWiA - KSPNSZZ\" \/>\n<meta property=\"og:description\" content=\"W dniu 24 listopada 2022 roku w Warszawie odby\u0142o si\u0119 spotkanie przedstawicieli central zwi\u0105zkowych dzia\u0142aj\u0105cych w\u00a0s\u0142u\u017cbach mundurowych z sekretarzem stanu w\u00a0MSWiA Maciejem W\u0105sikiem. Tematem spotkania by\u0142o mi\u0119dzy innymi om\u00f3wienie za\u0142o\u017ce\u0144 do realizacji przysz\u0142orocznej waloryzacji uposa\u017ce\u0144. Minister potwierdzi\u0142, \u017ce w roku 2023 waloryzacja uposa\u017ce\u0144 wyniesie 9,36 % i zostanie zrealizowana ze skutkami przechodz\u0105cymi pomimo pojawiaj\u0105cych si\u0119 &hellip;\" \/>\n<meta property=\"og:url\" content=\"https:\/\/kspnszz.org\/index.php\/2022\/11\/25\/spotkanie-w-mswia-2\/\" \/>\n<meta property=\"og:site_name\" content=\"KSPNSZZ\" \/>\n<meta property=\"article:published_time\" content=\"2022-11-25T16:44:20+00:00\" \/>\n<meta property=\"og:image\" content=\"https:\/\/kspnszz.org\/wp-content\/uploads\/2019\/12\/teczka-mswia.jpg\" \/>\n\t<meta property=\"og:image:width\" content=\"729\" \/>\n\t<meta property=\"og:image:height\" content=\"308\" \/>\n\t<meta property=\"og:image:type\" content=\"image\/jpeg\" \/>\n<meta name=\"author\" content=\"bartlomiej\" \/>\n<meta name=\"twitter:card\" content=\"summary_large_image\" \/>\n<meta name=\"twitter:label1\" content=\"Napisane przez\" \/>\n\t<meta name=\"twitter:data1\" content=\"bartlomiej\" \/>\n\t<meta name=\"twitter:label2\" content=\"Szacowany czas czytania\" \/>\n\t<meta name=\"twitter:data2\" content=\"2 minuty\" \/>\n<script type=\"application\/ld+json\" class=\"yoast-schema-graph\">{\"@context\":\"https:\/\/schema.org\",\"@graph\":[{\"@type\":\"WebPage\",\"@id\":\"https:\/\/kspnszz.org\/index.php\/2022\/11\/25\/spotkanie-w-mswia-2\/\",\"url\":\"https:\/\/kspnszz.org\/index.php\/2022\/11\/25\/spotkanie-w-mswia-2\/\",\"name\":\"Spotkanie w MSWiA - KSPNSZZ\",\"isPartOf\":{\"@id\":\"http:\/\/kspnszz.org\/#website\"},\"primaryImageOfPage\":{\"@id\":\"https:\/\/kspnszz.org\/index.php\/2022\/11\/25\/spotkanie-w-mswia-2\/#primaryimage\"},\"image\":{\"@id\":\"https:\/\/kspnszz.org\/index.php\/2022\/11\/25\/spotkanie-w-mswia-2\/#primaryimage\"},\"thumbnailUrl\":\"https:\/\/kspnszz.org\/wp-content\/uploads\/2019\/12\/teczka-mswia.jpg\",\"datePublished\":\"2022-11-25T16:44:20+00:00\",\"dateModified\":\"2022-11-25T16:44:20+00:00\",\"author\":{\"@id\":\"http:\/\/kspnszz.org\/#\/schema\/person\/31096cf196f706ef50ecbd878903cc13\"},\"breadcrumb\":{\"@id\":\"https:\/\/kspnszz.org\/index.php\/2022\/11\/25\/spotkanie-w-mswia-2\/#breadcrumb\"},\"inLanguage\":\"pl-PL\",\"potentialAction\":[{\"@type\":\"ReadAction\",\"target\":[\"https:\/\/kspnszz.org\/index.php\/2022\/11\/25\/spotkanie-w-mswia-2\/\"]}]},{\"@type\":\"ImageObject\",\"inLanguage\":\"pl-PL\",\"@id\":\"https:\/\/kspnszz.org\/index.php\/2022\/11\/25\/spotkanie-w-mswia-2\/#primaryimage\",\"url\":\"https:\/\/kspnszz.org\/wp-content\/uploads\/2019\/12\/teczka-mswia.jpg\",\"contentUrl\":\"https:\/\/kspnszz.org\/wp-content\/uploads\/2019\/12\/teczka-mswia.jpg\",\"width\":729,\"height\":308},{\"@type\":\"BreadcrumbList\",\"@id\":\"https:\/\/kspnszz.org\/index.php\/2022\/11\/25\/spotkanie-w-mswia-2\/#breadcrumb\",\"itemListElement\":[{\"@type\":\"ListItem\",\"position\":1,\"name\":\"Strona g\u0142\u00f3wna\",\"item\":\"http:\/\/kspnszz.org\/\"},{\"@type\":\"ListItem\",\"position\":2,\"name\":\"Spotkanie w MSWiA\"}]},{\"@type\":\"WebSite\",\"@id\":\"http:\/\/kspnszz.org\/#website\",\"url\":\"http:\/\/kspnszz.org\/\",\"name\":\"KSPNSZZ\",\"description\":\"Krajowa Sekcja Po\u017carnictwa\",\"potentialAction\":[{\"@type\":\"SearchAction\",\"target\":{\"@type\":\"EntryPoint\",\"urlTemplate\":\"http:\/\/kspnszz.org\/?s={search_term_string}\"},\"query-input\":\"required name=search_term_string\"}],\"inLanguage\":\"pl-PL\"},{\"@type\":\"Person\",\"@id\":\"http:\/\/kspnszz.org\/#\/schema\/person\/31096cf196f706ef50ecbd878903cc13\",\"name\":\"bartlomiej\",\"image\":{\"@type\":\"ImageObject\",\"inLanguage\":\"pl-PL\",\"@id\":\"http:\/\/kspnszz.org\/#\/schema\/person\/image\/\",\"url\":\"https:\/\/secure.gravatar.com\/avatar\/cb681656f150968eb94b73c62cf58e52?s=96&d=mm&r=g\",\"contentUrl\":\"https:\/\/secure.gravatar.com\/avatar\/cb681656f150968eb94b73c62cf58e52?s=96&d=mm&r=g\",\"caption\":\"bartlomiej\"},\"url\":\"https:\/\/kspnszz.org\/index.php\/author\/bartlomiej\/\"}]}<\/script>\n<!-- \/ Yoast SEO plugin. -->","yoast_head_json":{"title":"Spotkanie w MSWiA - KSPNSZZ","robots":{"index":"index","follow":"follow","max-snippet":"max-snippet:-1","max-image-preview":"max-image-preview:large","max-video-preview":"max-video-preview:-1"},"canonical":"https:\/\/kspnszz.org\/index.php\/2022\/11\/25\/spotkanie-w-mswia-2\/","og_locale":"pl_PL","og_type":"article","og_title":"Spotkanie w MSWiA - KSPNSZZ","og_description":"W dniu 24 listopada 2022 roku w Warszawie odby\u0142o si\u0119 spotkanie przedstawicieli central zwi\u0105zkowych dzia\u0142aj\u0105cych w\u00a0s\u0142u\u017cbach mundurowych z sekretarzem stanu w\u00a0MSWiA Maciejem W\u0105sikiem. Tematem spotkania by\u0142o mi\u0119dzy innymi om\u00f3wienie za\u0142o\u017ce\u0144 do realizacji przysz\u0142orocznej waloryzacji uposa\u017ce\u0144. Minister potwierdzi\u0142, \u017ce w roku 2023 waloryzacja uposa\u017ce\u0144 wyniesie 9,36 % i zostanie zrealizowana ze skutkami przechodz\u0105cymi pomimo pojawiaj\u0105cych si\u0119 &hellip;","og_url":"https:\/\/kspnszz.org\/index.php\/2022\/11\/25\/spotkanie-w-mswia-2\/","og_site_name":"KSPNSZZ","article_published_time":"2022-11-25T16:44:20+00:00","og_image":[{"width":729,"height":308,"url":"https:\/\/kspnszz.org\/wp-content\/uploads\/2019\/12\/teczka-mswia.jpg","type":"image\/jpeg"}],"author":"bartlomiej","twitter_card":"summary_large_image","twitter_misc":{"Napisane przez":"bartlomiej","Szacowany czas czytania":"2 minuty"},"schema":{"@context":"https:\/\/schema.org","@graph":[{"@type":"WebPage","@id":"https:\/\/kspnszz.org\/index.php\/2022\/11\/25\/spotkanie-w-mswia-2\/","url":"https:\/\/kspnszz.org\/index.php\/2022\/11\/25\/spotkanie-w-mswia-2\/","name":"Spotkanie w MSWiA - KSPNSZZ","isPartOf":{"@id":"http:\/\/kspnszz.org\/#website"},"primaryImageOfPage":{"@id":"https:\/\/kspnszz.org\/index.php\/2022\/11\/25\/spotkanie-w-mswia-2\/#primaryimage"},"image":{"@id":"https:\/\/kspnszz.org\/index.php\/2022\/11\/25\/spotkanie-w-mswia-2\/#primaryimage"},"thumbnailUrl":"https:\/\/kspnszz.org\/wp-content\/uploads\/2019\/12\/teczka-mswia.jpg","datePublished":"2022-11-25T16:44:20+00:00","dateModified":"2022-11-25T16:44:20+00:00","author":{"@id":"http:\/\/kspnszz.org\/#\/schema\/person\/31096cf196f706ef50ecbd878903cc13"},"breadcrumb":{"@id":"https:\/\/kspnszz.org\/index.php\/2022\/11\/25\/spotkanie-w-mswia-2\/#breadcrumb"},"inLanguage":"pl-PL","potentialAction":[{"@type":"ReadAction","target":["https:\/\/kspnszz.org\/index.php\/2022\/11\/25\/spotkanie-w-mswia-2\/"]}]},{"@type":"ImageObject","inLanguage":"pl-PL","@id":"https:\/\/kspnszz.org\/index.php\/2022\/11\/25\/spotkanie-w-mswia-2\/#primaryimage","url":"https:\/\/kspnszz.org\/wp-content\/uploads\/2019\/12\/teczka-mswia.jpg","contentUrl":"https:\/\/kspnszz.org\/wp-content\/uploads\/2019\/12\/teczka-mswia.jpg","width":729,"height":308},{"@type":"BreadcrumbList","@id":"https:\/\/kspnszz.org\/index.php\/2022\/11\/25\/spotkanie-w-mswia-2\/#breadcrumb","itemListElement":[{"@type":"ListItem","position":1,"name":"Strona g\u0142\u00f3wna","item":"http:\/\/kspnszz.org\/"},{"@type":"ListItem","position":2,"name":"Spotkanie w MSWiA"}]},{"@type":"WebSite","@id":"http:\/\/kspnszz.org\/#website","url":"http:\/\/kspnszz.org\/","name":"KSPNSZZ","description":"Krajowa Sekcja Po\u017carnictwa","potentialAction":[{"@type":"SearchAction","target":{"@type":"EntryPoint","urlTemplate":"http:\/\/kspnszz.org\/?s={search_term_string}"},"query-input":"required name=search_term_string"}],"inLanguage":"pl-PL"},{"@type":"Person","@id":"http:\/\/kspnszz.org\/#\/schema\/person\/31096cf196f706ef50ecbd878903cc13","name":"bartlomiej","image":{"@type":"ImageObject","inLanguage":"pl-PL","@id":"http:\/\/kspnszz.org\/#\/schema\/person\/image\/","url":"https:\/\/secure.gravatar.com\/avatar\/cb681656f150968eb94b73c62cf58e52?s=96&d=mm&r=g","contentUrl":"https:\/\/secure.gravatar.com\/avatar\/cb681656f150968eb94b73c62cf58e52?s=96&d=mm&r=g","caption":"bartlomiej"},"url":"https:\/\/kspnszz.org\/index.php\/author\/bartlomiej\/"}]}},"_links":{"self":[{"href":"https:\/\/kspnszz.org\/index.php\/wp-json\/wp\/v2\/posts\/4452"}],"collection":[{"href":"https:\/\/kspnszz.org\/index.php\/wp-json\/wp\/v2\/posts"}],"about":[{"href":"https:\/\/kspnszz.org\/index.php\/wp-json\/wp\/v2\/types\/post"}],"author":[{"embeddable":true,"href":"https:\/\/kspnszz.org\/index.php\/wp-json\/wp\/v2\/users\/2"}],"replies":[{"embeddable":true,"href":"https:\/\/kspnszz.org\/index.php\/wp-json\/wp\/v2\/comments?post=4452"}],"version-history":[{"count":1,"href":"https:\/\/kspnszz.org\/index.php\/wp-json\/wp\/v2\/posts\/4452\/revisions"}],"predecessor-version":[{"id":4453,"href":"https:\/\/kspnszz.org\/index.php\/wp-json\/wp\/v2\/posts\/4452\/revisions\/4453"}],"wp:featuredmedia":[{"embeddable":true,"href":"https:\/\/kspnszz.org\/index.php\/wp-json\/wp\/v2\/media\/2400"}],"wp:attachment":[{"href":"https:\/\/kspnszz.org\/index.php\/wp-json\/wp\/v2\/media?parent=4452"}],"wp:term":[{"taxonomy":"category","embeddable":true,"href":"https:\/\/kspnszz.org\/index.php\/wp-json\/wp\/v2\/categories?post=4452"},{"taxonomy":"post_tag","embeddable":true,"href":"https:\/\/kspnszz.org\/index.php\/wp-json\/wp\/v2\/tags?post=4452"}],"curies":[{"name":"wp","href":"https:\/\/api.w.org\/{rel}","templated":true}]}}