{"id":4373,"date":"2022-10-27T21:17:57","date_gmt":"2022-10-27T19:17:57","guid":{"rendered":"http:\/\/kspnszz.org\/?p=4373"},"modified":"2022-10-27T21:17:57","modified_gmt":"2022-10-27T19:17:57","slug":"strazacy-z-pomorza-zachodniego-17-listopada-jada-do-warszawy","status":"publish","type":"post","link":"https:\/\/kspnszz.org\/index.php\/2022\/10\/27\/strazacy-z-pomorza-zachodniego-17-listopada-jada-do-warszawy\/","title":{"rendered":"Stra\u017cacy z Pomorza Zachodniego 17 listopada jad\u0105 do Warszawy"},"content":{"rendered":"<p style=\"text-align: justify;\"><strong>Sprawy bie\u017c\u0105ce dotycz\u0105ce wojew\u00f3dztwa zachodniopomorskiego, przysz\u0142oroczna waloryzacja uposa\u017ce\u0144 oraz zwi\u0105zana z\u00a0ni\u0105 akcja protestacyjna by\u0142y przedmiotem obrad Zachodniopomorskiej Mi\u0119dzyregionalnej Sekcji Po\u017carnictwa NSZZ \u201eSolidarno\u015b\u0107\u201d, kt\u00f3re odby\u0142y si\u0119 27 pa\u017adziernika 2022 r. w\u00a0Szczecinie. W\u00a0posiedzeniu uczestniczy\u0142 Zachodniopomorski Komendant Wojew\u00f3dzki PSP nadbryg. Jaros\u0142aw Tomczyk oraz Przewodnicz\u0105cy Krajowej Sekcji Po\u017carnictwa Bart\u0142omiej Mickiewicz.<\/strong><\/p>\n<p style=\"text-align: justify;\"><a href=\"http:\/\/kspnszz.org\/wp-content\/uploads\/2022\/10\/313083675_657544979239081_6287352968537459266_n-e1666898179642.jpg\" data-rel=\"lightbox-image-0\" data-rl_title=\"\" data-rl_caption=\"\" title=\"\"><img loading=\"lazy\" decoding=\"async\" class=\"aligncenter wp-image-4372 \" src=\"http:\/\/kspnszz.org\/wp-content\/uploads\/2022\/10\/313083675_657544979239081_6287352968537459266_n-e1666898179642-1024x706.jpg\" alt=\"\" width=\"428\" height=\"295\" srcset=\"https:\/\/kspnszz.org\/wp-content\/uploads\/2022\/10\/313083675_657544979239081_6287352968537459266_n-e1666898179642.jpg 1024w, https:\/\/kspnszz.org\/wp-content\/uploads\/2022\/10\/313083675_657544979239081_6287352968537459266_n-e1666898179642-300x207.jpg 300w, https:\/\/kspnszz.org\/wp-content\/uploads\/2022\/10\/313083675_657544979239081_6287352968537459266_n-e1666898179642-110x75.jpg 110w\" sizes=\"(max-width: 428px) 100vw, 428px\" \/><\/a><\/p>\n<p style=\"text-align: justify;\">O\u017cywion\u0105 dyskusj\u0119 spowodowa\u0142a wysoko\u015b\u0107 przysz\u0142orocznej waloryzacji uposa\u017ce\u0144. W\u00a0ocenie NSZZ \u201eSolidarno\u015b\u0107\u201d 7,8% to zdecydowanie niewystarczaj\u0105ca podwy\u017cka, dlatego te\u017c taka propozycja rz\u0105du doprowadzi\u0142a do akcji protestacyjnej. Przewodnicz\u0105cy Zachodniopomorskiej Mi\u0119dzyregionalnej Sekcji Po\u017carnictwa NSZZ \u201eSolidarno\u015b\u0107\u201d Krzysztof Karyczak poda\u0142 liczb\u0119 os\u00f3b zadeklarowanych na wyjazd do Warszawy na og\u00f3lnokrajow\u0105 manifestacj\u0119, kt\u00f3ra odb\u0119dzie si\u0119 17 listopada br.<\/p>\n<p style=\"text-align: justify;\">Zwi\u0105zkowcy om\u00f3wili tak\u017ce przebieg rozm\u00f3w z ministrem Maciejem W\u0105sikiem, kt\u00f3re odby\u0142y si\u0119 20\u00a0pa\u017adziernika. W\u015br\u00f3d propozycji MSWiA znalaz\u0142o si\u0119 m.in. zwi\u0119kszenie \u015bwiadcze\u0144 mieszkaniowych, okre\u015blenie minimalnego dodatku funkcyjnego czy dodatkowe \u015bwiadczenie z tytu\u0142u sta\u017cu s\u0142u\u017cby.<\/p>\n<p style=\"text-align: justify;\">Na posiedzeniu poruszono r\u00f3wnie\u017c temat kontroli schron\u00f3w, a Zachodniopomorski Komendant Wojew\u00f3dzki PSP nadbryg. Jaros\u0142aw Tomczyk przedstawi\u0142 sytuacj\u0119 finansow\u0105 w podleg\u0142ych jednostkach organizacyjnych PSP.<\/p>\n<p style=\"text-align: justify;\"><a href=\"http:\/\/kspnszz.org\/wp-content\/uploads\/2022\/10\/313035560_794370998456559_2926224629432979114_n-e1666898212616.jpg\" data-rel=\"lightbox-image-1\" data-rl_title=\"\" data-rl_caption=\"\" title=\"\"><img loading=\"lazy\" decoding=\"async\" class=\"aligncenter wp-image-4370 size-large\" src=\"http:\/\/kspnszz.org\/wp-content\/uploads\/2022\/10\/313035560_794370998456559_2926224629432979114_n-e1666898212616-1024x568.jpg\" alt=\"\" width=\"618\" height=\"343\" srcset=\"https:\/\/kspnszz.org\/wp-content\/uploads\/2022\/10\/313035560_794370998456559_2926224629432979114_n-e1666898212616.jpg 1024w, https:\/\/kspnszz.org\/wp-content\/uploads\/2022\/10\/313035560_794370998456559_2926224629432979114_n-e1666898212616-300x166.jpg 300w\" sizes=\"(max-width: 618px) 100vw, 618px\" \/><\/a><\/p>\n<p style=\"text-align: justify;\">\n<p style=\"text-align: justify;\"><a href=\"http:\/\/kspnszz.org\/wp-content\/uploads\/2022\/10\/312926021_526849052169382_1274614699497007655_n.jpg\" data-rel=\"lightbox-image-2\" data-rl_title=\"\" data-rl_caption=\"\" title=\"\"><img loading=\"lazy\" decoding=\"async\" class=\"aligncenter size-large wp-image-4371\" src=\"http:\/\/kspnszz.org\/wp-content\/uploads\/2022\/10\/312926021_526849052169382_1274614699497007655_n-1024x768.jpg\" alt=\"312926021_526849052169382_1274614699497007655_n\" width=\"618\" height=\"464\" srcset=\"https:\/\/kspnszz.org\/wp-content\/uploads\/2022\/10\/312926021_526849052169382_1274614699497007655_n.jpg 1024w, https:\/\/kspnszz.org\/wp-content\/uploads\/2022\/10\/312926021_526849052169382_1274614699497007655_n-300x225.jpg 300w\" sizes=\"(max-width: 618px) 100vw, 618px\" \/><\/a><\/p>\n","protected":false},"excerpt":{"rendered":"<p>Sprawy bie\u017c\u0105ce dotycz\u0105ce wojew\u00f3dztwa zachodniopomorskiego, przysz\u0142oroczna waloryzacja uposa\u017ce\u0144 oraz zwi\u0105zana z\u00a0ni\u0105 akcja protestacyjna by\u0142y przedmiotem obrad Zachodniopomorskiej Mi\u0119dzyregionalnej Sekcji Po\u017carnictwa NSZZ \u201eSolidarno\u015b\u0107\u201d, kt\u00f3re odby\u0142y si\u0119 27 pa\u017adziernika 2022 r. w\u00a0Szczecinie. W\u00a0posiedzeniu uczestniczy\u0142 Zachodniopomorski Komendant Wojew\u00f3dzki PSP nadbryg. Jaros\u0142aw Tomczyk oraz Przewodnicz\u0105cy Krajowej Sekcji Po\u017carnictwa Bart\u0142omiej Mickiewicz. O\u017cywion\u0105 dyskusj\u0119 spowodowa\u0142a wysoko\u015b\u0107 przysz\u0142orocznej waloryzacji uposa\u017ce\u0144. W\u00a0ocenie NSZZ &hellip;<\/p>\n","protected":false},"author":2,"featured_media":4372,"comment_status":"closed","ping_status":"closed","sticky":false,"template":"","format":"standard","meta":{"footnotes":""},"categories":[2,1],"tags":[],"yoast_head":"<!-- This site is optimized with the Yoast SEO plugin v22.7 - https:\/\/yoast.com\/wordpress\/plugins\/seo\/ -->\n<title>Stra\u017cacy z Pomorza Zachodniego 17 listopada jad\u0105 do Warszawy - KSPNSZZ<\/title>\n<meta name=\"robots\" content=\"index, follow, max-snippet:-1, max-image-preview:large, max-video-preview:-1\" \/>\n<link rel=\"canonical\" href=\"https:\/\/kspnszz.org\/index.php\/2022\/10\/27\/strazacy-z-pomorza-zachodniego-17-listopada-jada-do-warszawy\/\" \/>\n<meta property=\"og:locale\" content=\"pl_PL\" \/>\n<meta property=\"og:type\" content=\"article\" \/>\n<meta property=\"og:title\" content=\"Stra\u017cacy z Pomorza Zachodniego 17 listopada jad\u0105 do Warszawy - KSPNSZZ\" \/>\n<meta property=\"og:description\" content=\"Sprawy bie\u017c\u0105ce dotycz\u0105ce wojew\u00f3dztwa zachodniopomorskiego, przysz\u0142oroczna waloryzacja uposa\u017ce\u0144 oraz zwi\u0105zana z\u00a0ni\u0105 akcja protestacyjna by\u0142y przedmiotem obrad Zachodniopomorskiej Mi\u0119dzyregionalnej Sekcji Po\u017carnictwa NSZZ \u201eSolidarno\u015b\u0107\u201d, kt\u00f3re odby\u0142y si\u0119 27 pa\u017adziernika 2022 r. w\u00a0Szczecinie. W\u00a0posiedzeniu uczestniczy\u0142 Zachodniopomorski Komendant Wojew\u00f3dzki PSP nadbryg. Jaros\u0142aw Tomczyk oraz Przewodnicz\u0105cy Krajowej Sekcji Po\u017carnictwa Bart\u0142omiej Mickiewicz. O\u017cywion\u0105 dyskusj\u0119 spowodowa\u0142a wysoko\u015b\u0107 przysz\u0142orocznej waloryzacji uposa\u017ce\u0144. W\u00a0ocenie NSZZ &hellip;\" \/>\n<meta property=\"og:url\" content=\"https:\/\/kspnszz.org\/index.php\/2022\/10\/27\/strazacy-z-pomorza-zachodniego-17-listopada-jada-do-warszawy\/\" \/>\n<meta property=\"og:site_name\" content=\"KSPNSZZ\" \/>\n<meta property=\"article:published_time\" content=\"2022-10-27T19:17:57+00:00\" \/>\n<meta property=\"og:image\" content=\"https:\/\/kspnszz.org\/wp-content\/uploads\/2022\/10\/313083675_657544979239081_6287352968537459266_n-e1666898179642.jpg\" \/>\n\t<meta property=\"og:image:width\" content=\"1024\" \/>\n\t<meta property=\"og:image:height\" content=\"706\" \/>\n\t<meta property=\"og:image:type\" content=\"image\/jpeg\" \/>\n<meta name=\"author\" content=\"bartlomiej\" \/>\n<meta name=\"twitter:card\" content=\"summary_large_image\" \/>\n<meta name=\"twitter:label1\" content=\"Napisane przez\" \/>\n\t<meta name=\"twitter:data1\" content=\"bartlomiej\" \/>\n\t<meta name=\"twitter:label2\" content=\"Szacowany czas czytania\" \/>\n\t<meta name=\"twitter:data2\" content=\"1 minuta\" \/>\n<script type=\"application\/ld+json\" class=\"yoast-schema-graph\">{\"@context\":\"https:\/\/schema.org\",\"@graph\":[{\"@type\":\"WebPage\",\"@id\":\"https:\/\/kspnszz.org\/index.php\/2022\/10\/27\/strazacy-z-pomorza-zachodniego-17-listopada-jada-do-warszawy\/\",\"url\":\"https:\/\/kspnszz.org\/index.php\/2022\/10\/27\/strazacy-z-pomorza-zachodniego-17-listopada-jada-do-warszawy\/\",\"name\":\"Stra\u017cacy z Pomorza Zachodniego 17 listopada jad\u0105 do Warszawy - KSPNSZZ\",\"isPartOf\":{\"@id\":\"http:\/\/kspnszz.org\/#website\"},\"primaryImageOfPage\":{\"@id\":\"https:\/\/kspnszz.org\/index.php\/2022\/10\/27\/strazacy-z-pomorza-zachodniego-17-listopada-jada-do-warszawy\/#primaryimage\"},\"image\":{\"@id\":\"https:\/\/kspnszz.org\/index.php\/2022\/10\/27\/strazacy-z-pomorza-zachodniego-17-listopada-jada-do-warszawy\/#primaryimage\"},\"thumbnailUrl\":\"https:\/\/kspnszz.org\/wp-content\/uploads\/2022\/10\/313083675_657544979239081_6287352968537459266_n-e1666898179642.jpg\",\"datePublished\":\"2022-10-27T19:17:57+00:00\",\"dateModified\":\"2022-10-27T19:17:57+00:00\",\"author\":{\"@id\":\"http:\/\/kspnszz.org\/#\/schema\/person\/31096cf196f706ef50ecbd878903cc13\"},\"breadcrumb\":{\"@id\":\"https:\/\/kspnszz.org\/index.php\/2022\/10\/27\/strazacy-z-pomorza-zachodniego-17-listopada-jada-do-warszawy\/#breadcrumb\"},\"inLanguage\":\"pl-PL\",\"potentialAction\":[{\"@type\":\"ReadAction\",\"target\":[\"https:\/\/kspnszz.org\/index.php\/2022\/10\/27\/strazacy-z-pomorza-zachodniego-17-listopada-jada-do-warszawy\/\"]}]},{\"@type\":\"ImageObject\",\"inLanguage\":\"pl-PL\",\"@id\":\"https:\/\/kspnszz.org\/index.php\/2022\/10\/27\/strazacy-z-pomorza-zachodniego-17-listopada-jada-do-warszawy\/#primaryimage\",\"url\":\"https:\/\/kspnszz.org\/wp-content\/uploads\/2022\/10\/313083675_657544979239081_6287352968537459266_n-e1666898179642.jpg\",\"contentUrl\":\"https:\/\/kspnszz.org\/wp-content\/uploads\/2022\/10\/313083675_657544979239081_6287352968537459266_n-e1666898179642.jpg\",\"width\":1024,\"height\":706},{\"@type\":\"BreadcrumbList\",\"@id\":\"https:\/\/kspnszz.org\/index.php\/2022\/10\/27\/strazacy-z-pomorza-zachodniego-17-listopada-jada-do-warszawy\/#breadcrumb\",\"itemListElement\":[{\"@type\":\"ListItem\",\"position\":1,\"name\":\"Strona g\u0142\u00f3wna\",\"item\":\"http:\/\/kspnszz.org\/\"},{\"@type\":\"ListItem\",\"position\":2,\"name\":\"Stra\u017cacy z Pomorza Zachodniego 17 listopada jad\u0105 do Warszawy\"}]},{\"@type\":\"WebSite\",\"@id\":\"http:\/\/kspnszz.org\/#website\",\"url\":\"http:\/\/kspnszz.org\/\",\"name\":\"KSPNSZZ\",\"description\":\"Krajowa Sekcja Po\u017carnictwa\",\"potentialAction\":[{\"@type\":\"SearchAction\",\"target\":{\"@type\":\"EntryPoint\",\"urlTemplate\":\"http:\/\/kspnszz.org\/?s={search_term_string}\"},\"query-input\":\"required name=search_term_string\"}],\"inLanguage\":\"pl-PL\"},{\"@type\":\"Person\",\"@id\":\"http:\/\/kspnszz.org\/#\/schema\/person\/31096cf196f706ef50ecbd878903cc13\",\"name\":\"bartlomiej\",\"image\":{\"@type\":\"ImageObject\",\"inLanguage\":\"pl-PL\",\"@id\":\"http:\/\/kspnszz.org\/#\/schema\/person\/image\/\",\"url\":\"https:\/\/secure.gravatar.com\/avatar\/cb681656f150968eb94b73c62cf58e52?s=96&d=mm&r=g\",\"contentUrl\":\"https:\/\/secure.gravatar.com\/avatar\/cb681656f150968eb94b73c62cf58e52?s=96&d=mm&r=g\",\"caption\":\"bartlomiej\"},\"url\":\"https:\/\/kspnszz.org\/index.php\/author\/bartlomiej\/\"}]}<\/script>\n<!-- \/ Yoast SEO plugin. -->","yoast_head_json":{"title":"Stra\u017cacy z Pomorza Zachodniego 17 listopada jad\u0105 do Warszawy - KSPNSZZ","robots":{"index":"index","follow":"follow","max-snippet":"max-snippet:-1","max-image-preview":"max-image-preview:large","max-video-preview":"max-video-preview:-1"},"canonical":"https:\/\/kspnszz.org\/index.php\/2022\/10\/27\/strazacy-z-pomorza-zachodniego-17-listopada-jada-do-warszawy\/","og_locale":"pl_PL","og_type":"article","og_title":"Stra\u017cacy z Pomorza Zachodniego 17 listopada jad\u0105 do Warszawy - KSPNSZZ","og_description":"Sprawy bie\u017c\u0105ce dotycz\u0105ce wojew\u00f3dztwa zachodniopomorskiego, przysz\u0142oroczna waloryzacja uposa\u017ce\u0144 oraz zwi\u0105zana z\u00a0ni\u0105 akcja protestacyjna by\u0142y przedmiotem obrad Zachodniopomorskiej Mi\u0119dzyregionalnej Sekcji Po\u017carnictwa NSZZ \u201eSolidarno\u015b\u0107\u201d, kt\u00f3re odby\u0142y si\u0119 27 pa\u017adziernika 2022 r. w\u00a0Szczecinie. W\u00a0posiedzeniu uczestniczy\u0142 Zachodniopomorski Komendant Wojew\u00f3dzki PSP nadbryg. Jaros\u0142aw Tomczyk oraz Przewodnicz\u0105cy Krajowej Sekcji Po\u017carnictwa Bart\u0142omiej Mickiewicz. O\u017cywion\u0105 dyskusj\u0119 spowodowa\u0142a wysoko\u015b\u0107 przysz\u0142orocznej waloryzacji uposa\u017ce\u0144. W\u00a0ocenie NSZZ &hellip;","og_url":"https:\/\/kspnszz.org\/index.php\/2022\/10\/27\/strazacy-z-pomorza-zachodniego-17-listopada-jada-do-warszawy\/","og_site_name":"KSPNSZZ","article_published_time":"2022-10-27T19:17:57+00:00","og_image":[{"width":1024,"height":706,"url":"https:\/\/kspnszz.org\/wp-content\/uploads\/2022\/10\/313083675_657544979239081_6287352968537459266_n-e1666898179642.jpg","type":"image\/jpeg"}],"author":"bartlomiej","twitter_card":"summary_large_image","twitter_misc":{"Napisane przez":"bartlomiej","Szacowany czas czytania":"1 minuta"},"schema":{"@context":"https:\/\/schema.org","@graph":[{"@type":"WebPage","@id":"https:\/\/kspnszz.org\/index.php\/2022\/10\/27\/strazacy-z-pomorza-zachodniego-17-listopada-jada-do-warszawy\/","url":"https:\/\/kspnszz.org\/index.php\/2022\/10\/27\/strazacy-z-pomorza-zachodniego-17-listopada-jada-do-warszawy\/","name":"Stra\u017cacy z Pomorza Zachodniego 17 listopada jad\u0105 do Warszawy - KSPNSZZ","isPartOf":{"@id":"http:\/\/kspnszz.org\/#website"},"primaryImageOfPage":{"@id":"https:\/\/kspnszz.org\/index.php\/2022\/10\/27\/strazacy-z-pomorza-zachodniego-17-listopada-jada-do-warszawy\/#primaryimage"},"image":{"@id":"https:\/\/kspnszz.org\/index.php\/2022\/10\/27\/strazacy-z-pomorza-zachodniego-17-listopada-jada-do-warszawy\/#primaryimage"},"thumbnailUrl":"https:\/\/kspnszz.org\/wp-content\/uploads\/2022\/10\/313083675_657544979239081_6287352968537459266_n-e1666898179642.jpg","datePublished":"2022-10-27T19:17:57+00:00","dateModified":"2022-10-27T19:17:57+00:00","author":{"@id":"http:\/\/kspnszz.org\/#\/schema\/person\/31096cf196f706ef50ecbd878903cc13"},"breadcrumb":{"@id":"https:\/\/kspnszz.org\/index.php\/2022\/10\/27\/strazacy-z-pomorza-zachodniego-17-listopada-jada-do-warszawy\/#breadcrumb"},"inLanguage":"pl-PL","potentialAction":[{"@type":"ReadAction","target":["https:\/\/kspnszz.org\/index.php\/2022\/10\/27\/strazacy-z-pomorza-zachodniego-17-listopada-jada-do-warszawy\/"]}]},{"@type":"ImageObject","inLanguage":"pl-PL","@id":"https:\/\/kspnszz.org\/index.php\/2022\/10\/27\/strazacy-z-pomorza-zachodniego-17-listopada-jada-do-warszawy\/#primaryimage","url":"https:\/\/kspnszz.org\/wp-content\/uploads\/2022\/10\/313083675_657544979239081_6287352968537459266_n-e1666898179642.jpg","contentUrl":"https:\/\/kspnszz.org\/wp-content\/uploads\/2022\/10\/313083675_657544979239081_6287352968537459266_n-e1666898179642.jpg","width":1024,"height":706},{"@type":"BreadcrumbList","@id":"https:\/\/kspnszz.org\/index.php\/2022\/10\/27\/strazacy-z-pomorza-zachodniego-17-listopada-jada-do-warszawy\/#breadcrumb","itemListElement":[{"@type":"ListItem","position":1,"name":"Strona g\u0142\u00f3wna","item":"http:\/\/kspnszz.org\/"},{"@type":"ListItem","position":2,"name":"Stra\u017cacy z Pomorza Zachodniego 17 listopada jad\u0105 do Warszawy"}]},{"@type":"WebSite","@id":"http:\/\/kspnszz.org\/#website","url":"http:\/\/kspnszz.org\/","name":"KSPNSZZ","description":"Krajowa Sekcja Po\u017carnictwa","potentialAction":[{"@type":"SearchAction","target":{"@type":"EntryPoint","urlTemplate":"http:\/\/kspnszz.org\/?s={search_term_string}"},"query-input":"required name=search_term_string"}],"inLanguage":"pl-PL"},{"@type":"Person","@id":"http:\/\/kspnszz.org\/#\/schema\/person\/31096cf196f706ef50ecbd878903cc13","name":"bartlomiej","image":{"@type":"ImageObject","inLanguage":"pl-PL","@id":"http:\/\/kspnszz.org\/#\/schema\/person\/image\/","url":"https:\/\/secure.gravatar.com\/avatar\/cb681656f150968eb94b73c62cf58e52?s=96&d=mm&r=g","contentUrl":"https:\/\/secure.gravatar.com\/avatar\/cb681656f150968eb94b73c62cf58e52?s=96&d=mm&r=g","caption":"bartlomiej"},"url":"https:\/\/kspnszz.org\/index.php\/author\/bartlomiej\/"}]}},"_links":{"self":[{"href":"https:\/\/kspnszz.org\/index.php\/wp-json\/wp\/v2\/posts\/4373"}],"collection":[{"href":"https:\/\/kspnszz.org\/index.php\/wp-json\/wp\/v2\/posts"}],"about":[{"href":"https:\/\/kspnszz.org\/index.php\/wp-json\/wp\/v2\/types\/post"}],"author":[{"embeddable":true,"href":"https:\/\/kspnszz.org\/index.php\/wp-json\/wp\/v2\/users\/2"}],"replies":[{"embeddable":true,"href":"https:\/\/kspnszz.org\/index.php\/wp-json\/wp\/v2\/comments?post=4373"}],"version-history":[{"count":4,"href":"https:\/\/kspnszz.org\/index.php\/wp-json\/wp\/v2\/posts\/4373\/revisions"}],"predecessor-version":[{"id":4377,"href":"https:\/\/kspnszz.org\/index.php\/wp-json\/wp\/v2\/posts\/4373\/revisions\/4377"}],"wp:featuredmedia":[{"embeddable":true,"href":"https:\/\/kspnszz.org\/index.php\/wp-json\/wp\/v2\/media\/4372"}],"wp:attachment":[{"href":"https:\/\/kspnszz.org\/index.php\/wp-json\/wp\/v2\/media?parent=4373"}],"wp:term":[{"taxonomy":"category","embeddable":true,"href":"https:\/\/kspnszz.org\/index.php\/wp-json\/wp\/v2\/categories?post=4373"},{"taxonomy":"post_tag","embeddable":true,"href":"https:\/\/kspnszz.org\/index.php\/wp-json\/wp\/v2\/tags?post=4373"}],"curies":[{"name":"wp","href":"https:\/\/api.w.org\/{rel}","templated":true}]}}