{"id":4261,"date":"2022-10-01T08:12:43","date_gmt":"2022-10-01T06:12:43","guid":{"rendered":"http:\/\/kspnszz.org\/?p=4261"},"modified":"2022-10-01T20:07:08","modified_gmt":"2022-10-01T18:07:08","slug":"strazacka-solidarnosc-obradowala-w-warszawie","status":"publish","type":"post","link":"https:\/\/kspnszz.org\/index.php\/2022\/10\/01\/strazacka-solidarnosc-obradowala-w-warszawie\/","title":{"rendered":"Stra\u017cacka Solidarno\u015b\u0107 obradowa\u0142a w Warszawie"},"content":{"rendered":"<p style=\"text-align: justify;\"><strong>Problemy bud\u017cet\u00f3w komend i dzia\u0142ania Zwi\u0105zku w zakresie przysz\u0142orocznej waloryzacji uposa\u017ce\u0144 by\u0142y g\u0142\u00f3wnymi tematami poruszonymi podczas posiedzenia Rady Krajowej Sekcji Po\u017carnictwa NSZZ \u201eSolidarno\u015b\u0107\u201d, kt\u00f3re odby\u0142o si\u0119 28 wrze\u015bnia 2022 r. w Warszawie. Zwi\u0105zkowcy spotkali si\u0119 r\u00f3wnie\u017c z\u00a0Komendantem G\u0142\u00f3wnym PSP gen. brygadierem Andrzejem Bartkowiakiem.<\/strong><\/p>\n<p style=\"text-align: justify;\"><a href=\"http:\/\/kspnszz.org\/wp-content\/uploads\/2022\/09\/rada-wwa-2-09-22-e1664561316682.jpg\" data-rel=\"lightbox-image-0\" data-rl_title=\"\" data-rl_caption=\"\" title=\"\"><img loading=\"lazy\" decoding=\"async\" class=\"aligncenter wp-image-4260 size-large\" src=\"http:\/\/kspnszz.org\/wp-content\/uploads\/2022\/09\/rada-wwa-2-09-22-e1664561316682-1024x655.jpg\" alt=\"\" width=\"618\" height=\"395\" srcset=\"https:\/\/kspnszz.org\/wp-content\/uploads\/2022\/09\/rada-wwa-2-09-22-e1664561316682-1024x655.jpg 1024w, https:\/\/kspnszz.org\/wp-content\/uploads\/2022\/09\/rada-wwa-2-09-22-e1664561316682-300x192.jpg 300w, https:\/\/kspnszz.org\/wp-content\/uploads\/2022\/09\/rada-wwa-2-09-22-e1664561316682.jpg 2000w\" sizes=\"(max-width: 618px) 100vw, 618px\" \/><\/a><\/p>\n<p style=\"text-align: justify;\">W pierwsze cz\u0119\u015bci posiedzenia przewodnicz\u0105cy KSP Bart\u0142omiej Mickiewicz om\u00f3wi\u0142 dzia\u0142ania Zwi\u0105zku maj\u0105ce doprowadzi\u0107 do wyegzekwowania postulat\u00f3w p\u0142acowych zg\u0142aszanych przez NSZZ \u201eSolidarno\u015b\u0107\u201d. Krajowa Sekcja Po\u017carnictwa wsp\u00f3\u0142dzia\u0142a w tym zakresie z innymi strukturami reprezentuj\u0105cymi funkcjonariuszy i pracownik\u00f3w szeroko rozumianej sfery bud\u017cetowej. Na posiedzeniu Krajowego Sekretariatu S\u0142u\u017cb Publicznych NSZZ \u201eS\u201d, kt\u00f3re odby\u0142o si\u0119 21 wrze\u015bnia br. w Krakowie, przyj\u0119to wsp\u00f3lne stanowisko dotycz\u0105ce oczekiwa\u0144 p\u0142acowych. W ocenie struktur zrzeszonych w Krajowym Sekretariacie S\u0142u\u017cb Publicznych planowany przez rz\u0105d wzrost p\u0142ac w sferze bud\u017cetowej \u015brednio o 7,8 proc. w 2023 roku jest zdecydowanie niewystarczaj\u0105cy do zrekompensowania skutk\u00f3w inflacji. Stanowisko zosta\u0142o nast\u0119pnie zaprezentowane na ostatnim posiedzeniu Komisji Krajowej NSZZ \u201eS\u201d, w obecno\u015bci ministr\u00f3w Rz\u0105du RP. (<a href=\"http:\/\/kspnszz.org\/index.php\/2022\/09\/23\/podwyzki-dla-budzetowki-na-komisji-krajowej-nszz-solidarnosc\/\">Pisali\u015bmy o tym tutaj<\/a>). Dalsze dzia\u0142ania b\u0119d\u0105 uzale\u017cnione od spotkania z premierem Mateuszem Morawieckim. Je\u017celi rozmowy nie przynios\u0105 efektu dojdzie do akcji protestacyjnej.<\/p>\n<p style=\"text-align: justify;\">Przewodnicz\u0105cy om\u00f3wi\u0142 tak\u017ce kalendarz i procedury wyborcze pod k\u0105tem zbli\u017caj\u0105cych si\u0119 wybor\u00f3w zwi\u0105zkowych na kadencj\u0119 2023-2028. Rada KSP przyj\u0119\u0142a r\u00f3wnie\u017c uchwa\u0142\u0119 ws. klucza wyborczego do\u00a0wyboru delegat\u00f3w na Walny Zjazd Delegat\u00f3w Krajowej Sekcji Po\u017carnictwa NSZZ \u201eSolidarno\u015b\u0107\u201d, kt\u00f3ry\u00a0najprawdopodobniej odb\u0119dzie si\u0119 w maju przysz\u0142ego roku.<\/p>\n<p style=\"text-align: justify;\">W kolejnej cz\u0119\u015bci posiedzenia Rady KSP, gen. brygadier Andrzej Bartkowiak dyskutowa\u0142 ze zwi\u0105zkowcami o bie\u017c\u0105cej sytuacji w Pa\u0144stwowej Stra\u017cy Po\u017carnej. Sytuacja geopolityczna powoduj\u0105ca wzrost cen i us\u0142ug w\u00a0du\u017cej mierze odbija si\u0119 na kondycji bud\u017cet\u00f3w jednostek organizacyjnych PSP jednak Komenda G\u0142\u00f3wna stara si\u0119 na bie\u017c\u0105co monitorowa\u0107 skal\u0119 problemu i podejmuje dzia\u0142ania pozwalaj\u0105ce na zachowanie p\u0142ynno\u015bci finansowej. Komendant G\u0142\u00f3wny PSP poinformowa\u0142, \u017ce przesuwanie \u015brodk\u00f3w z paragraf\u00f3w p\u0142acowych na rzeczowe jest ostateczno\u015bci\u0105 i zrobi wszystko, aby do tego nie dosz\u0142o. W tej chwili podejmowane s\u0105 dzia\u0142ania maj\u0105ce na celu wygospodarowanie \u015brodk\u00f3w z bud\u017cetu PSP na pokrycie bie\u017c\u0105cych zobowi\u0105za\u0144 Komend Powiatowych\/Miejskich.\u00a0 Jak powiedzia\u0142 gen. brygadier Andrzej Bartkowiak tak trudnej sytuacji jeszcze nie by\u0142o, ale formacja musi si\u0119 ca\u0142y czas rozwija\u0107. W ocenie Komendanta G\u0142\u00f3wnego z optymizmem mo\u017cna natomiast patrze\u0107 na przysz\u0142y rok, gdy\u017c dla Pa\u0144stwowej Stra\u017cy Po\u017carnej zagwarantowano w bud\u017cecie du\u017co wy\u017csze \u015brodki na bie\u017c\u0105ce funkcjonowanie. Ponadto Komendant G\u0142\u00f3wny przekaza\u0142, \u017ce finalizowane s\u0105 prace dotycz\u0105ce:<\/p>\n<p style=\"text-align: justify;\">&#8211; podniesienia \u017co\u0142du dla kadet\u00f3w i podchor\u0105\u017cych ze szk\u00f3\u0142 po\u017carniczych do wysoko\u015bci jak\u0105 maj\u0105 ich\u00a0odpowiednicy w uczelniach wojskowych,<\/p>\n<p style=\"text-align: justify;\">&#8211; wzrostu \u015bwiadcze\u0144 mieszkaniowych nale\u017cnych stra\u017cakom,<\/p>\n<p style=\"text-align: justify;\">&#8211; przepisu kwalifikacyjnego uwalniaj\u0105cego stanowiska na podziale bojowym dla aspirant\u00f3w,<\/p>\n<p style=\"text-align: justify;\">&#8211; dodatkowego \u015bwiadczenia motywacyjnego dla funkcjonariuszy posiadaj\u0105cych co najmniej 15 letni sta\u017c s\u0142u\u017cby.<\/p>\n<p style=\"text-align: justify;\">&#8211; ustalenia wysoko\u015bci minimalnej dodatku funkcyjnego na poziomie 20%.<\/p>\n<p style=\"text-align: justify;\">Om\u00f3wiono r\u00f3wnie\u017c za\u0142o\u017cenia co do studi\u00f3w podyplomowych w SGSP. Komendant G\u0142\u00f3wny PSP poinformowa\u0142, \u017ce studia podyplomowe wbrew niekt\u00f3rym opiniom b\u0119d\u0105 kontynuowane w nast\u0119pnych latach, lecz ich ilo\u015b\u0107 b\u0119dzie uzale\u017cniona od potrzeb s\u0142u\u017cby.<\/p>\n<p style=\"text-align: justify;\">Komendant G\u0142\u00f3wny PSP gen. brygadier Andrzejem Bartkowiak podkre\u015bli\u0142, \u017ce powy\u017csze rzeczy nie by\u0142yby mo\u017cliwe bez wsp\u00f3\u0142pracy ze strona zwi\u0105zkow\u0105, za co gor\u0105co podzi\u0119kowa\u0142 przewodnicz\u0105cemu Bart\u0142omiejowi Mickiewiczowi. Podzi\u0119kowania skierowa\u0142 r\u00f3wnie\u017c do wszystkich stra\u017cak\u00f3w, kt\u00f3rzy w ostatnich latach musieli mierzy\u0107 si\u0119 z nowymi wyzwaniami. Misje zagraniczne, dzia\u0142ania zwi\u0105zane z pomoc\u0105 uchod\u017acom z\u00a0Ukrainy czy podczas kryzysu na granicy polsko-bia\u0142oruskiej wed\u0142ug Komendanta G\u0142\u00f3wnego PSP pozwoli\u0142y ugruntowa\u0107 wysok\u0105 pozycj\u0119 naszej formacji i da\u0142y argumenty do egzekwowania korzystnych zmian w\u00a0naszej s\u0142u\u017cbie.<\/p>\n<p style=\"text-align: justify;\">Podczas spotkania poruszono spraw\u0119 procedowanej ustawy o ochronie ludno\u015bci. Przewodnicz\u0105cy KSP podkre\u015bli\u0142, i\u017c zasadno\u015b\u0107 wprowadzenia przepis\u00f3w w tym zakresie jest bezsprzeczna, jednak bez dodatkowych \u015brodk\u00f3w i co najwa\u017cniejsze bez zapewnienia dodatkowych etat\u00f3w w naszej s\u0142u\u017cbie realizacja powierzonych zada\u0144 b\u0119dzie bardzo utrudniona. Przewodnicz\u0105cy podkre\u015bli\u0142, \u017ce t\u0105 kwestie b\u0119dzie przedstawia\u0142 na spotkaniu z MSWiA.<\/p>\n<p style=\"text-align: justify;\"><a href=\"http:\/\/kspnszz.org\/wp-content\/uploads\/2022\/09\/rada-wwa-09-22.jpg\" data-rel=\"lightbox-image-1\" data-rl_title=\"\" data-rl_caption=\"\" title=\"\"><img loading=\"lazy\" decoding=\"async\" class=\"aligncenter  wp-image-4259\" src=\"http:\/\/kspnszz.org\/wp-content\/uploads\/2022\/09\/rada-wwa-09-22-1024x768.jpg\" alt=\"rada wwa 09-22\" width=\"438\" height=\"329\" srcset=\"https:\/\/kspnszz.org\/wp-content\/uploads\/2022\/09\/rada-wwa-09-22-1024x768.jpg 1024w, https:\/\/kspnszz.org\/wp-content\/uploads\/2022\/09\/rada-wwa-09-22-300x225.jpg 300w, https:\/\/kspnszz.org\/wp-content\/uploads\/2022\/09\/rada-wwa-09-22.jpg 2016w\" sizes=\"(max-width: 438px) 100vw, 438px\" \/><\/a><\/p>\n","protected":false},"excerpt":{"rendered":"<p>Problemy bud\u017cet\u00f3w komend i dzia\u0142ania Zwi\u0105zku w zakresie przysz\u0142orocznej waloryzacji uposa\u017ce\u0144 by\u0142y g\u0142\u00f3wnymi tematami poruszonymi podczas posiedzenia Rady Krajowej Sekcji Po\u017carnictwa NSZZ \u201eSolidarno\u015b\u0107\u201d, kt\u00f3re odby\u0142o si\u0119 28 wrze\u015bnia 2022 r. w Warszawie. Zwi\u0105zkowcy spotkali si\u0119 r\u00f3wnie\u017c z\u00a0Komendantem G\u0142\u00f3wnym PSP gen. brygadierem Andrzejem Bartkowiakiem. W pierwsze cz\u0119\u015bci posiedzenia przewodnicz\u0105cy KSP Bart\u0142omiej Mickiewicz om\u00f3wi\u0142 dzia\u0142ania Zwi\u0105zku maj\u0105ce &hellip;<\/p>\n","protected":false},"author":2,"featured_media":4260,"comment_status":"closed","ping_status":"closed","sticky":false,"template":"","format":"standard","meta":{"footnotes":""},"categories":[2],"tags":[],"yoast_head":"<!-- This site is optimized with the Yoast SEO plugin v22.7 - https:\/\/yoast.com\/wordpress\/plugins\/seo\/ -->\n<title>Stra\u017cacka Solidarno\u015b\u0107 obradowa\u0142a w Warszawie - KSPNSZZ<\/title>\n<meta name=\"robots\" content=\"index, follow, max-snippet:-1, max-image-preview:large, max-video-preview:-1\" \/>\n<link rel=\"canonical\" href=\"https:\/\/kspnszz.org\/index.php\/2022\/10\/01\/strazacka-solidarnosc-obradowala-w-warszawie\/\" \/>\n<meta property=\"og:locale\" content=\"pl_PL\" \/>\n<meta property=\"og:type\" content=\"article\" \/>\n<meta property=\"og:title\" content=\"Stra\u017cacka Solidarno\u015b\u0107 obradowa\u0142a w Warszawie - KSPNSZZ\" \/>\n<meta property=\"og:description\" content=\"Problemy bud\u017cet\u00f3w komend i dzia\u0142ania Zwi\u0105zku w zakresie przysz\u0142orocznej waloryzacji uposa\u017ce\u0144 by\u0142y g\u0142\u00f3wnymi tematami poruszonymi podczas posiedzenia Rady Krajowej Sekcji Po\u017carnictwa NSZZ \u201eSolidarno\u015b\u0107\u201d, kt\u00f3re odby\u0142o si\u0119 28 wrze\u015bnia 2022 r. w Warszawie. Zwi\u0105zkowcy spotkali si\u0119 r\u00f3wnie\u017c z\u00a0Komendantem G\u0142\u00f3wnym PSP gen. brygadierem Andrzejem Bartkowiakiem. W pierwsze cz\u0119\u015bci posiedzenia przewodnicz\u0105cy KSP Bart\u0142omiej Mickiewicz om\u00f3wi\u0142 dzia\u0142ania Zwi\u0105zku maj\u0105ce &hellip;\" \/>\n<meta property=\"og:url\" content=\"https:\/\/kspnszz.org\/index.php\/2022\/10\/01\/strazacka-solidarnosc-obradowala-w-warszawie\/\" \/>\n<meta property=\"og:site_name\" content=\"KSPNSZZ\" \/>\n<meta property=\"article:published_time\" content=\"2022-10-01T06:12:43+00:00\" \/>\n<meta property=\"article:modified_time\" content=\"2022-10-01T18:07:08+00:00\" \/>\n<meta property=\"og:image\" content=\"https:\/\/kspnszz.org\/wp-content\/uploads\/2022\/09\/rada-wwa-2-09-22-e1664561316682.jpg\" \/>\n\t<meta property=\"og:image:width\" content=\"2000\" \/>\n\t<meta property=\"og:image:height\" content=\"1280\" \/>\n\t<meta property=\"og:image:type\" content=\"image\/jpeg\" \/>\n<meta name=\"author\" content=\"bartlomiej\" \/>\n<meta name=\"twitter:card\" content=\"summary_large_image\" \/>\n<meta name=\"twitter:label1\" content=\"Napisane przez\" \/>\n\t<meta name=\"twitter:data1\" content=\"bartlomiej\" \/>\n\t<meta name=\"twitter:label2\" content=\"Szacowany czas czytania\" \/>\n\t<meta name=\"twitter:data2\" content=\"4 minuty\" \/>\n<script type=\"application\/ld+json\" class=\"yoast-schema-graph\">{\"@context\":\"https:\/\/schema.org\",\"@graph\":[{\"@type\":\"WebPage\",\"@id\":\"https:\/\/kspnszz.org\/index.php\/2022\/10\/01\/strazacka-solidarnosc-obradowala-w-warszawie\/\",\"url\":\"https:\/\/kspnszz.org\/index.php\/2022\/10\/01\/strazacka-solidarnosc-obradowala-w-warszawie\/\",\"name\":\"Stra\u017cacka Solidarno\u015b\u0107 obradowa\u0142a w Warszawie - KSPNSZZ\",\"isPartOf\":{\"@id\":\"http:\/\/kspnszz.org\/#website\"},\"primaryImageOfPage\":{\"@id\":\"https:\/\/kspnszz.org\/index.php\/2022\/10\/01\/strazacka-solidarnosc-obradowala-w-warszawie\/#primaryimage\"},\"image\":{\"@id\":\"https:\/\/kspnszz.org\/index.php\/2022\/10\/01\/strazacka-solidarnosc-obradowala-w-warszawie\/#primaryimage\"},\"thumbnailUrl\":\"https:\/\/kspnszz.org\/wp-content\/uploads\/2022\/09\/rada-wwa-2-09-22-e1664561316682.jpg\",\"datePublished\":\"2022-10-01T06:12:43+00:00\",\"dateModified\":\"2022-10-01T18:07:08+00:00\",\"author\":{\"@id\":\"http:\/\/kspnszz.org\/#\/schema\/person\/31096cf196f706ef50ecbd878903cc13\"},\"breadcrumb\":{\"@id\":\"https:\/\/kspnszz.org\/index.php\/2022\/10\/01\/strazacka-solidarnosc-obradowala-w-warszawie\/#breadcrumb\"},\"inLanguage\":\"pl-PL\",\"potentialAction\":[{\"@type\":\"ReadAction\",\"target\":[\"https:\/\/kspnszz.org\/index.php\/2022\/10\/01\/strazacka-solidarnosc-obradowala-w-warszawie\/\"]}]},{\"@type\":\"ImageObject\",\"inLanguage\":\"pl-PL\",\"@id\":\"https:\/\/kspnszz.org\/index.php\/2022\/10\/01\/strazacka-solidarnosc-obradowala-w-warszawie\/#primaryimage\",\"url\":\"https:\/\/kspnszz.org\/wp-content\/uploads\/2022\/09\/rada-wwa-2-09-22-e1664561316682.jpg\",\"contentUrl\":\"https:\/\/kspnszz.org\/wp-content\/uploads\/2022\/09\/rada-wwa-2-09-22-e1664561316682.jpg\",\"width\":2000,\"height\":1280},{\"@type\":\"BreadcrumbList\",\"@id\":\"https:\/\/kspnszz.org\/index.php\/2022\/10\/01\/strazacka-solidarnosc-obradowala-w-warszawie\/#breadcrumb\",\"itemListElement\":[{\"@type\":\"ListItem\",\"position\":1,\"name\":\"Strona g\u0142\u00f3wna\",\"item\":\"http:\/\/kspnszz.org\/\"},{\"@type\":\"ListItem\",\"position\":2,\"name\":\"Stra\u017cacka Solidarno\u015b\u0107 obradowa\u0142a w Warszawie\"}]},{\"@type\":\"WebSite\",\"@id\":\"http:\/\/kspnszz.org\/#website\",\"url\":\"http:\/\/kspnszz.org\/\",\"name\":\"KSPNSZZ\",\"description\":\"Krajowa Sekcja Po\u017carnictwa\",\"potentialAction\":[{\"@type\":\"SearchAction\",\"target\":{\"@type\":\"EntryPoint\",\"urlTemplate\":\"http:\/\/kspnszz.org\/?s={search_term_string}\"},\"query-input\":\"required name=search_term_string\"}],\"inLanguage\":\"pl-PL\"},{\"@type\":\"Person\",\"@id\":\"http:\/\/kspnszz.org\/#\/schema\/person\/31096cf196f706ef50ecbd878903cc13\",\"name\":\"bartlomiej\",\"image\":{\"@type\":\"ImageObject\",\"inLanguage\":\"pl-PL\",\"@id\":\"http:\/\/kspnszz.org\/#\/schema\/person\/image\/\",\"url\":\"https:\/\/secure.gravatar.com\/avatar\/cb681656f150968eb94b73c62cf58e52?s=96&d=mm&r=g\",\"contentUrl\":\"https:\/\/secure.gravatar.com\/avatar\/cb681656f150968eb94b73c62cf58e52?s=96&d=mm&r=g\",\"caption\":\"bartlomiej\"},\"url\":\"https:\/\/kspnszz.org\/index.php\/author\/bartlomiej\/\"}]}<\/script>\n<!-- \/ Yoast SEO plugin. -->","yoast_head_json":{"title":"Stra\u017cacka Solidarno\u015b\u0107 obradowa\u0142a w Warszawie - KSPNSZZ","robots":{"index":"index","follow":"follow","max-snippet":"max-snippet:-1","max-image-preview":"max-image-preview:large","max-video-preview":"max-video-preview:-1"},"canonical":"https:\/\/kspnszz.org\/index.php\/2022\/10\/01\/strazacka-solidarnosc-obradowala-w-warszawie\/","og_locale":"pl_PL","og_type":"article","og_title":"Stra\u017cacka Solidarno\u015b\u0107 obradowa\u0142a w Warszawie - KSPNSZZ","og_description":"Problemy bud\u017cet\u00f3w komend i dzia\u0142ania Zwi\u0105zku w zakresie przysz\u0142orocznej waloryzacji uposa\u017ce\u0144 by\u0142y g\u0142\u00f3wnymi tematami poruszonymi podczas posiedzenia Rady Krajowej Sekcji Po\u017carnictwa NSZZ \u201eSolidarno\u015b\u0107\u201d, kt\u00f3re odby\u0142o si\u0119 28 wrze\u015bnia 2022 r. w Warszawie. Zwi\u0105zkowcy spotkali si\u0119 r\u00f3wnie\u017c z\u00a0Komendantem G\u0142\u00f3wnym PSP gen. brygadierem Andrzejem Bartkowiakiem. W pierwsze cz\u0119\u015bci posiedzenia przewodnicz\u0105cy KSP Bart\u0142omiej Mickiewicz om\u00f3wi\u0142 dzia\u0142ania Zwi\u0105zku maj\u0105ce &hellip;","og_url":"https:\/\/kspnszz.org\/index.php\/2022\/10\/01\/strazacka-solidarnosc-obradowala-w-warszawie\/","og_site_name":"KSPNSZZ","article_published_time":"2022-10-01T06:12:43+00:00","article_modified_time":"2022-10-01T18:07:08+00:00","og_image":[{"width":2000,"height":1280,"url":"https:\/\/kspnszz.org\/wp-content\/uploads\/2022\/09\/rada-wwa-2-09-22-e1664561316682.jpg","type":"image\/jpeg"}],"author":"bartlomiej","twitter_card":"summary_large_image","twitter_misc":{"Napisane przez":"bartlomiej","Szacowany czas czytania":"4 minuty"},"schema":{"@context":"https:\/\/schema.org","@graph":[{"@type":"WebPage","@id":"https:\/\/kspnszz.org\/index.php\/2022\/10\/01\/strazacka-solidarnosc-obradowala-w-warszawie\/","url":"https:\/\/kspnszz.org\/index.php\/2022\/10\/01\/strazacka-solidarnosc-obradowala-w-warszawie\/","name":"Stra\u017cacka Solidarno\u015b\u0107 obradowa\u0142a w Warszawie - KSPNSZZ","isPartOf":{"@id":"http:\/\/kspnszz.org\/#website"},"primaryImageOfPage":{"@id":"https:\/\/kspnszz.org\/index.php\/2022\/10\/01\/strazacka-solidarnosc-obradowala-w-warszawie\/#primaryimage"},"image":{"@id":"https:\/\/kspnszz.org\/index.php\/2022\/10\/01\/strazacka-solidarnosc-obradowala-w-warszawie\/#primaryimage"},"thumbnailUrl":"https:\/\/kspnszz.org\/wp-content\/uploads\/2022\/09\/rada-wwa-2-09-22-e1664561316682.jpg","datePublished":"2022-10-01T06:12:43+00:00","dateModified":"2022-10-01T18:07:08+00:00","author":{"@id":"http:\/\/kspnszz.org\/#\/schema\/person\/31096cf196f706ef50ecbd878903cc13"},"breadcrumb":{"@id":"https:\/\/kspnszz.org\/index.php\/2022\/10\/01\/strazacka-solidarnosc-obradowala-w-warszawie\/#breadcrumb"},"inLanguage":"pl-PL","potentialAction":[{"@type":"ReadAction","target":["https:\/\/kspnszz.org\/index.php\/2022\/10\/01\/strazacka-solidarnosc-obradowala-w-warszawie\/"]}]},{"@type":"ImageObject","inLanguage":"pl-PL","@id":"https:\/\/kspnszz.org\/index.php\/2022\/10\/01\/strazacka-solidarnosc-obradowala-w-warszawie\/#primaryimage","url":"https:\/\/kspnszz.org\/wp-content\/uploads\/2022\/09\/rada-wwa-2-09-22-e1664561316682.jpg","contentUrl":"https:\/\/kspnszz.org\/wp-content\/uploads\/2022\/09\/rada-wwa-2-09-22-e1664561316682.jpg","width":2000,"height":1280},{"@type":"BreadcrumbList","@id":"https:\/\/kspnszz.org\/index.php\/2022\/10\/01\/strazacka-solidarnosc-obradowala-w-warszawie\/#breadcrumb","itemListElement":[{"@type":"ListItem","position":1,"name":"Strona g\u0142\u00f3wna","item":"http:\/\/kspnszz.org\/"},{"@type":"ListItem","position":2,"name":"Stra\u017cacka Solidarno\u015b\u0107 obradowa\u0142a w Warszawie"}]},{"@type":"WebSite","@id":"http:\/\/kspnszz.org\/#website","url":"http:\/\/kspnszz.org\/","name":"KSPNSZZ","description":"Krajowa Sekcja Po\u017carnictwa","potentialAction":[{"@type":"SearchAction","target":{"@type":"EntryPoint","urlTemplate":"http:\/\/kspnszz.org\/?s={search_term_string}"},"query-input":"required name=search_term_string"}],"inLanguage":"pl-PL"},{"@type":"Person","@id":"http:\/\/kspnszz.org\/#\/schema\/person\/31096cf196f706ef50ecbd878903cc13","name":"bartlomiej","image":{"@type":"ImageObject","inLanguage":"pl-PL","@id":"http:\/\/kspnszz.org\/#\/schema\/person\/image\/","url":"https:\/\/secure.gravatar.com\/avatar\/cb681656f150968eb94b73c62cf58e52?s=96&d=mm&r=g","contentUrl":"https:\/\/secure.gravatar.com\/avatar\/cb681656f150968eb94b73c62cf58e52?s=96&d=mm&r=g","caption":"bartlomiej"},"url":"https:\/\/kspnszz.org\/index.php\/author\/bartlomiej\/"}]}},"_links":{"self":[{"href":"https:\/\/kspnszz.org\/index.php\/wp-json\/wp\/v2\/posts\/4261"}],"collection":[{"href":"https:\/\/kspnszz.org\/index.php\/wp-json\/wp\/v2\/posts"}],"about":[{"href":"https:\/\/kspnszz.org\/index.php\/wp-json\/wp\/v2\/types\/post"}],"author":[{"embeddable":true,"href":"https:\/\/kspnszz.org\/index.php\/wp-json\/wp\/v2\/users\/2"}],"replies":[{"embeddable":true,"href":"https:\/\/kspnszz.org\/index.php\/wp-json\/wp\/v2\/comments?post=4261"}],"version-history":[{"count":6,"href":"https:\/\/kspnszz.org\/index.php\/wp-json\/wp\/v2\/posts\/4261\/revisions"}],"predecessor-version":[{"id":4267,"href":"https:\/\/kspnszz.org\/index.php\/wp-json\/wp\/v2\/posts\/4261\/revisions\/4267"}],"wp:featuredmedia":[{"embeddable":true,"href":"https:\/\/kspnszz.org\/index.php\/wp-json\/wp\/v2\/media\/4260"}],"wp:attachment":[{"href":"https:\/\/kspnszz.org\/index.php\/wp-json\/wp\/v2\/media?parent=4261"}],"wp:term":[{"taxonomy":"category","embeddable":true,"href":"https:\/\/kspnszz.org\/index.php\/wp-json\/wp\/v2\/categories?post=4261"},{"taxonomy":"post_tag","embeddable":true,"href":"https:\/\/kspnszz.org\/index.php\/wp-json\/wp\/v2\/tags?post=4261"}],"curies":[{"name":"wp","href":"https:\/\/api.w.org\/{rel}","templated":true}]}}