{"id":4201,"date":"2022-09-07T08:37:30","date_gmt":"2022-09-07T06:37:30","guid":{"rendered":"http:\/\/kspnszz.org\/?p=4201"},"modified":"2022-09-07T08:37:30","modified_gmt":"2022-09-07T06:37:30","slug":"sgsp-zmieni-nazwe","status":"publish","type":"post","link":"https:\/\/kspnszz.org\/index.php\/2022\/09\/07\/sgsp-zmieni-nazwe\/","title":{"rendered":"SGSP zmieni nazw\u0119"},"content":{"rendered":"<p style=\"text-align: justify;\"><strong>W sierpniu do wykazu prac legislacyjnych i programowych rz\u0105du zosta\u0142 wpisany projekt ustawy o\u00a0zmianie nazw uczelni s\u0142u\u017cb pa\u0144stwowych nadzorowanych przez MSWiA. Zgodnie z projektem nazw\u0119 zmieni obecna Szko\u0142a G\u0142\u00f3wna S\u0142u\u017cby Po\u017carniczej i Wy\u017csza Szko\u0142a Policji w Szczytnie. Po zmianie zapis\u00f3w pierwsza z uczelni zmieni nazw\u0119 na Akademi\u0119 Po\u017carnicz\u0105, za\u015b druga na Akademi\u0119 Policji w\u00a0Szczytnie.<\/strong><\/p>\n<figure id=\"attachment_2631\" aria-describedby=\"caption-attachment-2631\" style=\"width: 361px\" class=\"wp-caption aligncenter\"><a href=\"http:\/\/kspnszz.org\/wp-content\/uploads\/2020\/04\/sgsp.jpg\" data-rel=\"lightbox-image-0\" data-rl_title=\"\" data-rl_caption=\"\" title=\"\"><img loading=\"lazy\" decoding=\"async\" class=\" wp-image-2631\" src=\"http:\/\/kspnszz.org\/wp-content\/uploads\/2020\/04\/sgsp-1024x807.jpg\" alt=\"Fot. Krzysztof Chojnacki \/ East News  Budynek Szkoly Glownej Sluzby Pozarniczej przy ulicy Marymonckiej na Zoliborzu  Warszawa, 2017.\" width=\"361\" height=\"284\" srcset=\"https:\/\/kspnszz.org\/wp-content\/uploads\/2020\/04\/sgsp-1024x807.jpg 1024w, https:\/\/kspnszz.org\/wp-content\/uploads\/2020\/04\/sgsp-300x236.jpg 300w, https:\/\/kspnszz.org\/wp-content\/uploads\/2020\/04\/sgsp.jpg 2000w\" sizes=\"(max-width: 361px) 100vw, 361px\" \/><\/a><figcaption id=\"caption-attachment-2631\" class=\"wp-caption-text\">Fot. Krzysztof Chojnacki \/ East News Budynek Szko\u0142y G\u0142\u00f3wnej S\u0142u\u017cby Po\u017carniczej przy ulicy Marymonckiej na \u017boliborzu Warszawa, 2017.<\/figcaption><\/figure>\n<p style=\"text-align: justify;\">Jak wskazano w uzasadnieniu projektowane nazwy wyr\u00f3\u017cni\u0105 SGSP i WSPol w Szczytnie spo\u015br\u00f3d innych uczelni i zapewni\u0105 wi\u0119ksz\u0105 ich rozpoznawalno\u015b\u0107 oraz renom\u0119, co prze\u0142o\u017cy si\u0119 na pozytywny odbi\u00f3r uczelni w otoczeniu spo\u0142eczno-gospodarczym oraz umocni ich pozycj\u0119 w obszarze szkolnictwa wy\u017cszego. Nazwy \u201eAkademia Po\u017carnicza\u201d oraz \u201eAkademia Policji w Szczytnie\u201d b\u0119d\u0105 bowiem w spos\u00f3b jednoznaczny identyfikowa\u0107 uczelnie, uwypuklaj\u0105c charakter ich dzia\u0142alno\u015bci, jak r\u00f3wnie\u017c kreowa\u0107 zasadniczego i\u00a0kluczowego ich odbiorc\u0119. Podkre\u015blono r\u00f3wnie\u017c, \u017ce wyraz \u201eakademia\u201d mo\u017ce by\u0107 u\u017cywany w nazwie uczelni, kt\u00f3rej jednostki organizacyjne posiadaj\u0105 co najmniej dwa uprawnienia do nadawania stopnia naukowego doktora. Obydwie Uczelnie spe\u0142niaj\u0105 powy\u017cszy warunek.<\/p>\n<p style=\"text-align: justify;\">Projekt zak\u0142ada tak\u017ce wprowadzenie zmian w ustawach pragmatycznych Pa\u0144stwowej Stra\u017cy Po\u017carnej i\u00a0Policji oraz innych ustawach, w kt\u00f3rych znajduj\u0105 si\u0119 odniesienia do szk\u00f3\u0142 pod poprzednimi nazwami.<\/p>\n<p style=\"text-align: justify;\">Stra\u017cacka uczelnia nazwy Szko\u0142a G\u0142\u00f3wna S\u0142u\u017cby Po\u017carniczej u\u017cywa\u0142a ponad 40 lat tj. od 17 stycznia 1982\u00a0r., gdy szko\u0142\u0119 w nowej formie przywr\u00f3cono po jej rozwi\u0105zaniu w wyniku strajku z prze\u0142omu listopada i\u00a0grudnia 1981 r. Wcze\u015bniej uczelnia nosi\u0142a nazw\u0119 Wy\u017csza Oficerska Szko\u0142a Po\u017carnicza. WOSP zast\u0105pi\u0142a Szko\u0142\u0119 Oficer\u00f3w Po\u017carnictwa, kt\u00f3ra by\u0142a szko\u0142\u0105 pomaturaln\u0105. Jeszcze przed II wojn\u0105 \u015bwiatow\u0105 nosi\u0142a ona nazw\u0119 &#8222;Centralny O\u015brodek Wyszkolenia Po\u017carniczego&#8221;<\/p>\n<p style=\"text-align: justify;\">Rz\u0105d ma przyj\u0105\u0107 projekt w trzecim kwartale, p\u00f3\u017aniej ma on trafi\u0107 do Sejmu. Tre\u015b\u0107 projektu wraz z\u00a0uzasadnieniem i ocen\u0105 skutk\u00f3w regulacji przedstawiamy poni\u017cej:<\/p>\n<p style=\"text-align: justify;\"><a href=\"http:\/\/kspnszz.org\/wp-content\/uploads\/2022\/09\/projekt-2.pdf\">projekt<\/a><\/p>\n<p style=\"text-align: justify;\"><a href=\"http:\/\/kspnszz.org\/wp-content\/uploads\/2022\/09\/uzasadnienie.pdf\">uzasadnienie<\/a><\/p>\n<p style=\"text-align: justify;\"><a href=\"http:\/\/kspnszz.org\/wp-content\/uploads\/2022\/09\/ocena-skutk\u00f3w-regulacji.pdf\">ocena skutk\u00f3w regulacji<\/a><\/p>\n","protected":false},"excerpt":{"rendered":"<p>W sierpniu do wykazu prac legislacyjnych i programowych rz\u0105du zosta\u0142 wpisany projekt ustawy o\u00a0zmianie nazw uczelni s\u0142u\u017cb pa\u0144stwowych nadzorowanych przez MSWiA. Zgodnie z projektem nazw\u0119 zmieni obecna Szko\u0142a G\u0142\u00f3wna S\u0142u\u017cby Po\u017carniczej i Wy\u017csza Szko\u0142a Policji w Szczytnie. Po zmianie zapis\u00f3w pierwsza z uczelni zmieni nazw\u0119 na Akademi\u0119 Po\u017carnicz\u0105, za\u015b druga na Akademi\u0119 Policji w\u00a0Szczytnie. Jak &hellip;<\/p>\n","protected":false},"author":2,"featured_media":2631,"comment_status":"closed","ping_status":"closed","sticky":false,"template":"","format":"standard","meta":{"footnotes":""},"categories":[2],"tags":[],"yoast_head":"<!-- This site is optimized with the Yoast SEO plugin v22.7 - https:\/\/yoast.com\/wordpress\/plugins\/seo\/ -->\n<title>SGSP zmieni nazw\u0119 - KSPNSZZ<\/title>\n<meta name=\"robots\" content=\"index, follow, max-snippet:-1, max-image-preview:large, max-video-preview:-1\" \/>\n<link rel=\"canonical\" href=\"https:\/\/kspnszz.org\/index.php\/2022\/09\/07\/sgsp-zmieni-nazwe\/\" \/>\n<meta property=\"og:locale\" content=\"pl_PL\" \/>\n<meta property=\"og:type\" content=\"article\" \/>\n<meta property=\"og:title\" content=\"SGSP zmieni nazw\u0119 - KSPNSZZ\" \/>\n<meta property=\"og:description\" content=\"W sierpniu do wykazu prac legislacyjnych i programowych rz\u0105du zosta\u0142 wpisany projekt ustawy o\u00a0zmianie nazw uczelni s\u0142u\u017cb pa\u0144stwowych nadzorowanych przez MSWiA. Zgodnie z projektem nazw\u0119 zmieni obecna Szko\u0142a G\u0142\u00f3wna S\u0142u\u017cby Po\u017carniczej i Wy\u017csza Szko\u0142a Policji w Szczytnie. Po zmianie zapis\u00f3w pierwsza z uczelni zmieni nazw\u0119 na Akademi\u0119 Po\u017carnicz\u0105, za\u015b druga na Akademi\u0119 Policji w\u00a0Szczytnie. Jak &hellip;\" \/>\n<meta property=\"og:url\" content=\"https:\/\/kspnszz.org\/index.php\/2022\/09\/07\/sgsp-zmieni-nazwe\/\" \/>\n<meta property=\"og:site_name\" content=\"KSPNSZZ\" \/>\n<meta property=\"article:published_time\" content=\"2022-09-07T06:37:30+00:00\" \/>\n<meta property=\"og:image\" content=\"https:\/\/kspnszz.org\/wp-content\/uploads\/2020\/04\/sgsp.jpg\" \/>\n\t<meta property=\"og:image:width\" content=\"2000\" \/>\n\t<meta property=\"og:image:height\" content=\"1576\" \/>\n\t<meta property=\"og:image:type\" content=\"image\/jpeg\" \/>\n<meta name=\"author\" content=\"bartlomiej\" \/>\n<meta name=\"twitter:card\" content=\"summary_large_image\" \/>\n<meta name=\"twitter:label1\" content=\"Napisane przez\" \/>\n\t<meta name=\"twitter:data1\" content=\"bartlomiej\" \/>\n\t<meta name=\"twitter:label2\" content=\"Szacowany czas czytania\" \/>\n\t<meta name=\"twitter:data2\" content=\"2 minuty\" \/>\n<script type=\"application\/ld+json\" class=\"yoast-schema-graph\">{\"@context\":\"https:\/\/schema.org\",\"@graph\":[{\"@type\":\"WebPage\",\"@id\":\"https:\/\/kspnszz.org\/index.php\/2022\/09\/07\/sgsp-zmieni-nazwe\/\",\"url\":\"https:\/\/kspnszz.org\/index.php\/2022\/09\/07\/sgsp-zmieni-nazwe\/\",\"name\":\"SGSP zmieni nazw\u0119 - KSPNSZZ\",\"isPartOf\":{\"@id\":\"http:\/\/kspnszz.org\/#website\"},\"primaryImageOfPage\":{\"@id\":\"https:\/\/kspnszz.org\/index.php\/2022\/09\/07\/sgsp-zmieni-nazwe\/#primaryimage\"},\"image\":{\"@id\":\"https:\/\/kspnszz.org\/index.php\/2022\/09\/07\/sgsp-zmieni-nazwe\/#primaryimage\"},\"thumbnailUrl\":\"https:\/\/kspnszz.org\/wp-content\/uploads\/2020\/04\/sgsp.jpg\",\"datePublished\":\"2022-09-07T06:37:30+00:00\",\"dateModified\":\"2022-09-07T06:37:30+00:00\",\"author\":{\"@id\":\"http:\/\/kspnszz.org\/#\/schema\/person\/31096cf196f706ef50ecbd878903cc13\"},\"breadcrumb\":{\"@id\":\"https:\/\/kspnszz.org\/index.php\/2022\/09\/07\/sgsp-zmieni-nazwe\/#breadcrumb\"},\"inLanguage\":\"pl-PL\",\"potentialAction\":[{\"@type\":\"ReadAction\",\"target\":[\"https:\/\/kspnszz.org\/index.php\/2022\/09\/07\/sgsp-zmieni-nazwe\/\"]}]},{\"@type\":\"ImageObject\",\"inLanguage\":\"pl-PL\",\"@id\":\"https:\/\/kspnszz.org\/index.php\/2022\/09\/07\/sgsp-zmieni-nazwe\/#primaryimage\",\"url\":\"https:\/\/kspnszz.org\/wp-content\/uploads\/2020\/04\/sgsp.jpg\",\"contentUrl\":\"https:\/\/kspnszz.org\/wp-content\/uploads\/2020\/04\/sgsp.jpg\",\"width\":2000,\"height\":1576,\"caption\":\"Fot. Krzysztof Chojnacki \/ East News Budynek Szkoly Glownej Sluzby Pozarniczej przy ulicy Marymonckiej na Zoliborzu Warszawa, 2017.\"},{\"@type\":\"BreadcrumbList\",\"@id\":\"https:\/\/kspnszz.org\/index.php\/2022\/09\/07\/sgsp-zmieni-nazwe\/#breadcrumb\",\"itemListElement\":[{\"@type\":\"ListItem\",\"position\":1,\"name\":\"Strona g\u0142\u00f3wna\",\"item\":\"http:\/\/kspnszz.org\/\"},{\"@type\":\"ListItem\",\"position\":2,\"name\":\"SGSP zmieni nazw\u0119\"}]},{\"@type\":\"WebSite\",\"@id\":\"http:\/\/kspnszz.org\/#website\",\"url\":\"http:\/\/kspnszz.org\/\",\"name\":\"KSPNSZZ\",\"description\":\"Krajowa Sekcja Po\u017carnictwa\",\"potentialAction\":[{\"@type\":\"SearchAction\",\"target\":{\"@type\":\"EntryPoint\",\"urlTemplate\":\"http:\/\/kspnszz.org\/?s={search_term_string}\"},\"query-input\":\"required name=search_term_string\"}],\"inLanguage\":\"pl-PL\"},{\"@type\":\"Person\",\"@id\":\"http:\/\/kspnszz.org\/#\/schema\/person\/31096cf196f706ef50ecbd878903cc13\",\"name\":\"bartlomiej\",\"image\":{\"@type\":\"ImageObject\",\"inLanguage\":\"pl-PL\",\"@id\":\"http:\/\/kspnszz.org\/#\/schema\/person\/image\/\",\"url\":\"https:\/\/secure.gravatar.com\/avatar\/cb681656f150968eb94b73c62cf58e52?s=96&d=mm&r=g\",\"contentUrl\":\"https:\/\/secure.gravatar.com\/avatar\/cb681656f150968eb94b73c62cf58e52?s=96&d=mm&r=g\",\"caption\":\"bartlomiej\"},\"url\":\"https:\/\/kspnszz.org\/index.php\/author\/bartlomiej\/\"}]}<\/script>\n<!-- \/ Yoast SEO plugin. -->","yoast_head_json":{"title":"SGSP zmieni nazw\u0119 - KSPNSZZ","robots":{"index":"index","follow":"follow","max-snippet":"max-snippet:-1","max-image-preview":"max-image-preview:large","max-video-preview":"max-video-preview:-1"},"canonical":"https:\/\/kspnszz.org\/index.php\/2022\/09\/07\/sgsp-zmieni-nazwe\/","og_locale":"pl_PL","og_type":"article","og_title":"SGSP zmieni nazw\u0119 - KSPNSZZ","og_description":"W sierpniu do wykazu prac legislacyjnych i programowych rz\u0105du zosta\u0142 wpisany projekt ustawy o\u00a0zmianie nazw uczelni s\u0142u\u017cb pa\u0144stwowych nadzorowanych przez MSWiA. Zgodnie z projektem nazw\u0119 zmieni obecna Szko\u0142a G\u0142\u00f3wna S\u0142u\u017cby Po\u017carniczej i Wy\u017csza Szko\u0142a Policji w Szczytnie. Po zmianie zapis\u00f3w pierwsza z uczelni zmieni nazw\u0119 na Akademi\u0119 Po\u017carnicz\u0105, za\u015b druga na Akademi\u0119 Policji w\u00a0Szczytnie. Jak &hellip;","og_url":"https:\/\/kspnszz.org\/index.php\/2022\/09\/07\/sgsp-zmieni-nazwe\/","og_site_name":"KSPNSZZ","article_published_time":"2022-09-07T06:37:30+00:00","og_image":[{"width":2000,"height":1576,"url":"https:\/\/kspnszz.org\/wp-content\/uploads\/2020\/04\/sgsp.jpg","type":"image\/jpeg"}],"author":"bartlomiej","twitter_card":"summary_large_image","twitter_misc":{"Napisane przez":"bartlomiej","Szacowany czas czytania":"2 minuty"},"schema":{"@context":"https:\/\/schema.org","@graph":[{"@type":"WebPage","@id":"https:\/\/kspnszz.org\/index.php\/2022\/09\/07\/sgsp-zmieni-nazwe\/","url":"https:\/\/kspnszz.org\/index.php\/2022\/09\/07\/sgsp-zmieni-nazwe\/","name":"SGSP zmieni nazw\u0119 - KSPNSZZ","isPartOf":{"@id":"http:\/\/kspnszz.org\/#website"},"primaryImageOfPage":{"@id":"https:\/\/kspnszz.org\/index.php\/2022\/09\/07\/sgsp-zmieni-nazwe\/#primaryimage"},"image":{"@id":"https:\/\/kspnszz.org\/index.php\/2022\/09\/07\/sgsp-zmieni-nazwe\/#primaryimage"},"thumbnailUrl":"https:\/\/kspnszz.org\/wp-content\/uploads\/2020\/04\/sgsp.jpg","datePublished":"2022-09-07T06:37:30+00:00","dateModified":"2022-09-07T06:37:30+00:00","author":{"@id":"http:\/\/kspnszz.org\/#\/schema\/person\/31096cf196f706ef50ecbd878903cc13"},"breadcrumb":{"@id":"https:\/\/kspnszz.org\/index.php\/2022\/09\/07\/sgsp-zmieni-nazwe\/#breadcrumb"},"inLanguage":"pl-PL","potentialAction":[{"@type":"ReadAction","target":["https:\/\/kspnszz.org\/index.php\/2022\/09\/07\/sgsp-zmieni-nazwe\/"]}]},{"@type":"ImageObject","inLanguage":"pl-PL","@id":"https:\/\/kspnszz.org\/index.php\/2022\/09\/07\/sgsp-zmieni-nazwe\/#primaryimage","url":"https:\/\/kspnszz.org\/wp-content\/uploads\/2020\/04\/sgsp.jpg","contentUrl":"https:\/\/kspnszz.org\/wp-content\/uploads\/2020\/04\/sgsp.jpg","width":2000,"height":1576,"caption":"Fot. Krzysztof Chojnacki \/ East News Budynek Szkoly Glownej Sluzby Pozarniczej przy ulicy Marymonckiej na Zoliborzu Warszawa, 2017."},{"@type":"BreadcrumbList","@id":"https:\/\/kspnszz.org\/index.php\/2022\/09\/07\/sgsp-zmieni-nazwe\/#breadcrumb","itemListElement":[{"@type":"ListItem","position":1,"name":"Strona g\u0142\u00f3wna","item":"http:\/\/kspnszz.org\/"},{"@type":"ListItem","position":2,"name":"SGSP zmieni nazw\u0119"}]},{"@type":"WebSite","@id":"http:\/\/kspnszz.org\/#website","url":"http:\/\/kspnszz.org\/","name":"KSPNSZZ","description":"Krajowa Sekcja Po\u017carnictwa","potentialAction":[{"@type":"SearchAction","target":{"@type":"EntryPoint","urlTemplate":"http:\/\/kspnszz.org\/?s={search_term_string}"},"query-input":"required name=search_term_string"}],"inLanguage":"pl-PL"},{"@type":"Person","@id":"http:\/\/kspnszz.org\/#\/schema\/person\/31096cf196f706ef50ecbd878903cc13","name":"bartlomiej","image":{"@type":"ImageObject","inLanguage":"pl-PL","@id":"http:\/\/kspnszz.org\/#\/schema\/person\/image\/","url":"https:\/\/secure.gravatar.com\/avatar\/cb681656f150968eb94b73c62cf58e52?s=96&d=mm&r=g","contentUrl":"https:\/\/secure.gravatar.com\/avatar\/cb681656f150968eb94b73c62cf58e52?s=96&d=mm&r=g","caption":"bartlomiej"},"url":"https:\/\/kspnszz.org\/index.php\/author\/bartlomiej\/"}]}},"_links":{"self":[{"href":"https:\/\/kspnszz.org\/index.php\/wp-json\/wp\/v2\/posts\/4201"}],"collection":[{"href":"https:\/\/kspnszz.org\/index.php\/wp-json\/wp\/v2\/posts"}],"about":[{"href":"https:\/\/kspnszz.org\/index.php\/wp-json\/wp\/v2\/types\/post"}],"author":[{"embeddable":true,"href":"https:\/\/kspnszz.org\/index.php\/wp-json\/wp\/v2\/users\/2"}],"replies":[{"embeddable":true,"href":"https:\/\/kspnszz.org\/index.php\/wp-json\/wp\/v2\/comments?post=4201"}],"version-history":[{"count":6,"href":"https:\/\/kspnszz.org\/index.php\/wp-json\/wp\/v2\/posts\/4201\/revisions"}],"predecessor-version":[{"id":4207,"href":"https:\/\/kspnszz.org\/index.php\/wp-json\/wp\/v2\/posts\/4201\/revisions\/4207"}],"wp:featuredmedia":[{"embeddable":true,"href":"https:\/\/kspnszz.org\/index.php\/wp-json\/wp\/v2\/media\/2631"}],"wp:attachment":[{"href":"https:\/\/kspnszz.org\/index.php\/wp-json\/wp\/v2\/media?parent=4201"}],"wp:term":[{"taxonomy":"category","embeddable":true,"href":"https:\/\/kspnszz.org\/index.php\/wp-json\/wp\/v2\/categories?post=4201"},{"taxonomy":"post_tag","embeddable":true,"href":"https:\/\/kspnszz.org\/index.php\/wp-json\/wp\/v2\/tags?post=4201"}],"curies":[{"name":"wp","href":"https:\/\/api.w.org\/{rel}","templated":true}]}}