{"id":4141,"date":"2022-08-03T13:40:34","date_gmt":"2022-08-03T11:40:34","guid":{"rendered":"http:\/\/kspnszz.org\/?p=4141"},"modified":"2022-08-03T13:41:27","modified_gmt":"2022-08-03T11:41:27","slug":"wysokosc-podwyzek-i-spotkanie-z-mswia-omowiono-na-radzie-ksp","status":"publish","type":"post","link":"https:\/\/kspnszz.org\/index.php\/2022\/08\/03\/wysokosc-podwyzek-i-spotkanie-z-mswia-omowiono-na-radzie-ksp\/","title":{"rendered":"Wysoko\u015b\u0107 podwy\u017cek i spotkanie z MSWiA om\u00f3wiono na Radzie KSP"},"content":{"rendered":"<p style=\"text-align: justify;\"><strong>Przysz\u0142oroczna waloryzacja uposa\u017ce\u0144 by\u0142a g\u0142\u00f3wnym przedmiotem obrad Rady Krajowej Sekcji Po\u017carnictwa NSZZ \u201eSolidarno\u015b\u0107\u201d, kt\u00f3ra odby\u0142a si\u0119 w dniu 2 sierpnia 2022 r. Z\u00a0uwagi na okres urlopowy posiedzenie Rady przeprowadzono w formie wideokonferencji.<\/strong><\/p>\n<p style=\"text-align: justify;\"><a href=\"http:\/\/kspnszz.org\/wp-content\/uploads\/2022\/08\/fotostanowisk.jpg\" data-rel=\"lightbox-image-0\" data-rl_title=\"\" data-rl_caption=\"\" title=\"\"><img loading=\"lazy\" decoding=\"async\" class=\"aligncenter size-large wp-image-4148\" src=\"http:\/\/kspnszz.org\/wp-content\/uploads\/2022\/08\/fotostanowisk-1024x557.jpg\" alt=\"fotostanowisk\" width=\"618\" height=\"336\" srcset=\"https:\/\/kspnszz.org\/wp-content\/uploads\/2022\/08\/fotostanowisk.jpg 1024w, https:\/\/kspnszz.org\/wp-content\/uploads\/2022\/08\/fotostanowisk-300x163.jpg 300w\" sizes=\"(max-width: 618px) 100vw, 618px\" \/><\/a><\/p>\n<p style=\"text-align: justify;\">Rada Krajowej Sekcji Po\u017carnictwa NSZZ \u201eSolidarno\u015b\u0107\u201d odnios\u0142a si\u0119 do\u00a0za\u0142o\u017ce\u0144 bud\u017cetu pa\u0144stwa na rok 2023. W ocenie Rady propozycja podwy\u017cek w\u00a0pa\u0144stwowej sferze bud\u017cetowej w wysoko\u015bci 7,8\u00a0% jest nieakceptowalna. W tym zakresie poparto oczekiwania Komisji Krajowej NSZZ \u201eSolidarno\u015b\u0107\u201d oraz pozosta\u0142ych central, kt\u00f3re postulowa\u0142y o\u00a0co\u00a0najmniej 20-\u00a0procentowy wzrost wynagrodze\u0144. Rada przyj\u0119\u0142a w\u00a0tej sprawie stosowne stanowisko.<\/p>\n<p style=\"text-align: justify;\">Rada przyj\u0119\u0142a r\u00f3wnie\u017c stanowisko ws. sposobu realizacji przysz\u0142orocznych podwy\u017cek. Niezale\u017cnie od ich ostatecznej wysoko\u015bci \u015brodki powinny trafi\u0107 do uposa\u017cenia zasadniczego stra\u017caka wed\u0142ug ustalonej stawki odpowiadaj\u0105cej grupie uposa\u017cenia nale\u017cnej na danym stanowisku s\u0142u\u017cbowym.<\/p>\n<p style=\"text-align: justify;\">Oba stanowiska dost\u0119pne s\u0105 poni\u017cej.<\/p>\n<p style=\"text-align: justify;\">W dalszej cz\u0119\u015bci obrad Przewodnicz\u0105cy KSP Bart\u0142omiej Mickiewicz om\u00f3wi\u0142 przebieg spotkania z\u00a0Sekretarzem Stanu w\u00a0Ministerstwie Spraw Wewn\u0119trznych i Administracji Maciejem W\u0105sikiem, kt\u00f3re odby\u0142o si\u0119 tego samego dnia. Najwa\u017cniejszymi z poruszanych zagadnie\u0144 podczas spotkania by\u0142y:<\/p>\n<ul style=\"text-align: justify;\">\n<li>strona spo\u0142eczna poinformowa\u0142a Ministra o coraz dotkliwiej odczuwalnych skutkach inflacji, a w zwi\u0105zku z tym przekazano informacj\u0119 o oficjalnym wyst\u0105pieniu z \u017c\u0105daniem wzrostu p\u0142ac w s\u0142u\u017cbie do poziomu co\u00a0najmniej przekraczaj\u0105cego poziom inflacji w\u00a0naszym kraju. Dodatkowo Przewodnicz\u0105cy KSP Bart\u0142omiej Mickiewicz zwr\u00f3ci\u0142 uwag\u0119 na sytuacj\u0119 pracownik\u00f3w cywilnych w naszej s\u0142u\u017cbie, kt\u00f3rych wynagrodzenia s\u0105 na bardzo niskim poziomie. Przy aktualnym wzro\u015bcie poziomu inflacji mo\u017ce to doprowadzi\u0107 do braku mo\u017cliwo\u015bci utrzymania si\u0119 przez te osoby;<\/li>\n<li>poruszono spraw\u0119 przekazywania \u015brodk\u00f3w finansowych na przeszeregowania grup 2-\u00a05. Poinformowano, \u017ce \u015brodki nie zosta\u0142y zabezpieczone we wszystkich jednostkach organizacyjnych, a\u00a0w\u00a0zwi\u0105zku z tym poszczeg\u00f3lni Komendanci nie maj\u0105 mo\u017cliwo\u015bci realizacji uzgodnie\u0144 rozdzia\u0142u \u015brodk\u00f3w wynikaj\u0105cych z porozumienia pomi\u0119dzy KG\u00a0PSP a stron\u0105 spo\u0142eczn\u0105 w tym zakresie. Minister przekaza\u0142 informacj\u0119, i\u017c \u015brodki te zosta\u0142y ju\u017c zaakceptowane przez Ministerstwo Finans\u00f3w i przekazane do\u00a0bud\u017cet\u00f3w jednostek organizacyjnych, co da mo\u017cliwo\u015b\u0107 ostatecznej realizacji za\u0142o\u017ce\u0144 rozdzia\u0142u \u015brodk\u00f3w w poszczeg\u00f3lnych Komendach;<\/li>\n<li>KSP NSZZ \u201eSolidarno\u015b\u0107\u201d przedstawi\u0142a za\u0142o\u017cenia do projektu zmiany rozporz\u0105dzenia p\u0142acowego zmieniaj\u0105cego spos\u00f3b naliczania tzw. dodatku szkodliwego. Zasady zmian zosta\u0142y om\u00f3wione jeszcze w\u00a02020 roku podczas posiedze\u0144 Rady KSP. Strona ministerialna pozytywnie odnios\u0142a si\u0119 do propozycji;<\/li>\n<li>strona zwi\u0105zkowa wyrazi\u0142a zaniepokojenie z powodu coraz cz\u0119\u015bciej rozpowszechnianych informacji w\u00a0zakresie rzekomych zmian w zasadach naliczania emerytur dla funkcjonariuszy. Minister stanowczo zdementowa\u0142 te informacje, stwierdzaj\u0105c jednoznacznie, i\u017c\u00a0w\u00a0resorcie nie s\u0105 i nie by\u0142y prowadzone jakiekolwiek prace w powy\u017cszym zakresie. Strona spo\u0142eczna dla ostatecznego wyja\u015bnienia powy\u017cszej kwestii zwr\u00f3ci si\u0119 do MSWiA z pro\u015bb\u0105 o pisemne zaj\u0119cie stanowiska w tej sprawie;<\/li>\n<li>poruszono kwesti\u0119 brak\u00f3w \u015brodk\u00f3w na tzw. wydatki rzeczowe w poszczeg\u00f3lnych jednostkach organizacyjnych. Z informacji otrzymywanych przez stron\u0119 spo\u0142eczn\u0105 \u015brodki finansowe niezb\u0119dne do bie\u017c\u0105cego funkcjonowania jednostek s\u0105 niewystarczaj\u0105ce w\u00a0zwi\u0105zku z drastycznymi podwy\u017ckami. MSWiA na bie\u017c\u0105co monitoruje ten problem, a Minister zapewni\u0142 o odpowiednim dofinansowaniu Komend, tak, aby bud\u017cety w tym zakresie by\u0142y wystarczaj\u0105ce;<\/li>\n<li>w zwi\u0105zku z ustaleniami dotycz\u0105cymi zr\u00f3wnania zasad naliczania tzw. pomocy mieszkaniowej dla stra\u017cak\u00f3w z pozosta\u0142ymi s\u0142u\u017cbami Minister zapewni\u0142, \u017ce mi\u0119dzy innymi ta sprawa b\u0119dzie przedmiotem negocjacji z Ministerstwem Finans\u00f3w i powinna zosta\u0107 zrealizowana od stycznia 2023 roku;<\/li>\n<li>om\u00f3wiono za\u0142o\u017cenia do zmian przepis\u00f3w w sprawie dodatk\u00f3w funkcyjnych. Tak jak poprzednio chodzi o\u00a0dostosowanie maksymalnych warto\u015bci tego dodatku do pozosta\u0142ych s\u0142u\u017cb resortu, jak r\u00f3wnie\u017c o\u00a0koncepcj\u0119 ustalenia minimalnej wysoko\u015bci dodatku funkcyjnego. MSWiA prowadzi prace w powy\u017cszym zakresie, a wyniki prac zostan\u0105 skonsultowane ze stron\u0105 spo\u0142eczn\u0105.<\/li>\n<\/ul>\n<p style=\"text-align: justify;\">W ostatniej cz\u0119\u015bci posiedzenia wst\u0119pnie om\u00f3wiono projekt rozporz\u0105dzenia MSWiA w\u00a0sprawie stanowisk s\u0142u\u017cbowych w jednostkach organizacyjnych Pa\u0144stwowej Stra\u017cy Po\u017carnej. W ocenie Rady przychylono si\u0119 do postulatu NSZZ \u201eSolidarno\u015b\u0107\u201d o rozszerzeniu katalogu stanowisk, kt\u00f3re mog\u0105 zajmowa\u0107 aspiranci jednak niezasadne jest obwarowywanie tego wyg\u00f3rowanymi wymaganiami co do wykszta\u0142cenia og\u00f3lnego. Po szczeg\u00f3\u0142owej analizie projektu Krajowa Sekcja Po\u017carnictwa NSZZ \u201eSolidarno\u015b\u0107\u201d sporz\u0105dzi ostateczn\u0105 opini\u0119 i\u00a0przeka\u017ce w przewidzianym ustawowo terminie.<\/p>\n<p style=\"text-align: justify;\">Stanowiska przyj\u0119te przez Rad\u0119 KSP:<\/p>\n<p style=\"text-align: justify;\"><a href=\"http:\/\/kspnszz.org\/wp-content\/uploads\/2022\/08\/Stanowisko-KSP-w-sprawie-waloryzacji-uposa\u017ce\u0144-w-sferze-bud\u017cetowej.pdf\">Stanowisko KSP w sprawie waloryzacji uposa\u017ce\u0144 w 2023<\/a><\/p>\n<p style=\"text-align: justify;\"><a href=\"http:\/\/kspnszz.org\/wp-content\/uploads\/2022\/08\/Stanowisko-KSP-w-sprawie-realizacji-wzrostu-uposa\u017ce\u0144.pdf\">Stanowisko KSP w sprawie realizacji wzrostu uposa\u017ce\u0144<\/a><\/p>\n","protected":false},"excerpt":{"rendered":"<p>Przysz\u0142oroczna waloryzacja uposa\u017ce\u0144 by\u0142a g\u0142\u00f3wnym przedmiotem obrad Rady Krajowej Sekcji Po\u017carnictwa NSZZ \u201eSolidarno\u015b\u0107\u201d, kt\u00f3ra odby\u0142a si\u0119 w dniu 2 sierpnia 2022 r. Z\u00a0uwagi na okres urlopowy posiedzenie Rady przeprowadzono w formie wideokonferencji. Rada Krajowej Sekcji Po\u017carnictwa NSZZ \u201eSolidarno\u015b\u0107\u201d odnios\u0142a si\u0119 do\u00a0za\u0142o\u017ce\u0144 bud\u017cetu pa\u0144stwa na rok 2023. W ocenie Rady propozycja podwy\u017cek w\u00a0pa\u0144stwowej sferze bud\u017cetowej w &hellip;<\/p>\n","protected":false},"author":2,"featured_media":4148,"comment_status":"closed","ping_status":"closed","sticky":false,"template":"","format":"standard","meta":{"footnotes":""},"categories":[2,1,6],"tags":[],"yoast_head":"<!-- This site is optimized with the Yoast SEO plugin v22.7 - https:\/\/yoast.com\/wordpress\/plugins\/seo\/ -->\n<title>Wysoko\u015b\u0107 podwy\u017cek i spotkanie z MSWiA om\u00f3wiono na Radzie KSP - KSPNSZZ<\/title>\n<meta name=\"robots\" content=\"index, follow, max-snippet:-1, max-image-preview:large, max-video-preview:-1\" \/>\n<link rel=\"canonical\" href=\"http:\/\/kspnszz.org\/index.php\/2022\/08\/03\/wysokosc-podwyzek-i-spotkanie-z-mswia-omowiono-na-radzie-ksp\/\" \/>\n<meta property=\"og:locale\" content=\"pl_PL\" \/>\n<meta property=\"og:type\" content=\"article\" \/>\n<meta property=\"og:title\" content=\"Wysoko\u015b\u0107 podwy\u017cek i spotkanie z MSWiA om\u00f3wiono na Radzie KSP - KSPNSZZ\" \/>\n<meta property=\"og:description\" content=\"Przysz\u0142oroczna waloryzacja uposa\u017ce\u0144 by\u0142a g\u0142\u00f3wnym przedmiotem obrad Rady Krajowej Sekcji Po\u017carnictwa NSZZ \u201eSolidarno\u015b\u0107\u201d, kt\u00f3ra odby\u0142a si\u0119 w dniu 2 sierpnia 2022 r. Z\u00a0uwagi na okres urlopowy posiedzenie Rady przeprowadzono w formie wideokonferencji. Rada Krajowej Sekcji Po\u017carnictwa NSZZ \u201eSolidarno\u015b\u0107\u201d odnios\u0142a si\u0119 do\u00a0za\u0142o\u017ce\u0144 bud\u017cetu pa\u0144stwa na rok 2023. W ocenie Rady propozycja podwy\u017cek w\u00a0pa\u0144stwowej sferze bud\u017cetowej w &hellip;\" \/>\n<meta property=\"og:url\" content=\"http:\/\/kspnszz.org\/index.php\/2022\/08\/03\/wysokosc-podwyzek-i-spotkanie-z-mswia-omowiono-na-radzie-ksp\/\" \/>\n<meta property=\"og:site_name\" content=\"KSPNSZZ\" \/>\n<meta property=\"article:published_time\" content=\"2022-08-03T11:40:34+00:00\" \/>\n<meta property=\"article:modified_time\" content=\"2022-08-03T11:41:27+00:00\" \/>\n<meta property=\"og:image\" content=\"http:\/\/kspnszz.org\/wp-content\/uploads\/2022\/08\/fotostanowisk.jpg\" \/>\n\t<meta property=\"og:image:width\" content=\"1024\" \/>\n\t<meta property=\"og:image:height\" content=\"557\" \/>\n\t<meta property=\"og:image:type\" content=\"image\/jpeg\" \/>\n<meta name=\"author\" content=\"bartlomiej\" \/>\n<meta name=\"twitter:card\" content=\"summary_large_image\" \/>\n<meta name=\"twitter:label1\" content=\"Napisane przez\" \/>\n\t<meta name=\"twitter:data1\" content=\"bartlomiej\" \/>\n\t<meta name=\"twitter:label2\" content=\"Szacowany czas czytania\" \/>\n\t<meta name=\"twitter:data2\" content=\"4 minuty\" \/>\n<script type=\"application\/ld+json\" class=\"yoast-schema-graph\">{\"@context\":\"https:\/\/schema.org\",\"@graph\":[{\"@type\":\"WebPage\",\"@id\":\"http:\/\/kspnszz.org\/index.php\/2022\/08\/03\/wysokosc-podwyzek-i-spotkanie-z-mswia-omowiono-na-radzie-ksp\/\",\"url\":\"http:\/\/kspnszz.org\/index.php\/2022\/08\/03\/wysokosc-podwyzek-i-spotkanie-z-mswia-omowiono-na-radzie-ksp\/\",\"name\":\"Wysoko\u015b\u0107 podwy\u017cek i spotkanie z MSWiA om\u00f3wiono na Radzie KSP - KSPNSZZ\",\"isPartOf\":{\"@id\":\"http:\/\/kspnszz.org\/#website\"},\"primaryImageOfPage\":{\"@id\":\"http:\/\/kspnszz.org\/index.php\/2022\/08\/03\/wysokosc-podwyzek-i-spotkanie-z-mswia-omowiono-na-radzie-ksp\/#primaryimage\"},\"image\":{\"@id\":\"http:\/\/kspnszz.org\/index.php\/2022\/08\/03\/wysokosc-podwyzek-i-spotkanie-z-mswia-omowiono-na-radzie-ksp\/#primaryimage\"},\"thumbnailUrl\":\"https:\/\/kspnszz.org\/wp-content\/uploads\/2022\/08\/fotostanowisk.jpg\",\"datePublished\":\"2022-08-03T11:40:34+00:00\",\"dateModified\":\"2022-08-03T11:41:27+00:00\",\"author\":{\"@id\":\"http:\/\/kspnszz.org\/#\/schema\/person\/31096cf196f706ef50ecbd878903cc13\"},\"breadcrumb\":{\"@id\":\"http:\/\/kspnszz.org\/index.php\/2022\/08\/03\/wysokosc-podwyzek-i-spotkanie-z-mswia-omowiono-na-radzie-ksp\/#breadcrumb\"},\"inLanguage\":\"pl-PL\",\"potentialAction\":[{\"@type\":\"ReadAction\",\"target\":[\"http:\/\/kspnszz.org\/index.php\/2022\/08\/03\/wysokosc-podwyzek-i-spotkanie-z-mswia-omowiono-na-radzie-ksp\/\"]}]},{\"@type\":\"ImageObject\",\"inLanguage\":\"pl-PL\",\"@id\":\"http:\/\/kspnszz.org\/index.php\/2022\/08\/03\/wysokosc-podwyzek-i-spotkanie-z-mswia-omowiono-na-radzie-ksp\/#primaryimage\",\"url\":\"https:\/\/kspnszz.org\/wp-content\/uploads\/2022\/08\/fotostanowisk.jpg\",\"contentUrl\":\"https:\/\/kspnszz.org\/wp-content\/uploads\/2022\/08\/fotostanowisk.jpg\",\"width\":1024,\"height\":557},{\"@type\":\"BreadcrumbList\",\"@id\":\"http:\/\/kspnszz.org\/index.php\/2022\/08\/03\/wysokosc-podwyzek-i-spotkanie-z-mswia-omowiono-na-radzie-ksp\/#breadcrumb\",\"itemListElement\":[{\"@type\":\"ListItem\",\"position\":1,\"name\":\"Strona g\u0142\u00f3wna\",\"item\":\"http:\/\/kspnszz.org\/\"},{\"@type\":\"ListItem\",\"position\":2,\"name\":\"Wysoko\u015b\u0107 podwy\u017cek i spotkanie z MSWiA om\u00f3wiono na Radzie KSP\"}]},{\"@type\":\"WebSite\",\"@id\":\"http:\/\/kspnszz.org\/#website\",\"url\":\"http:\/\/kspnszz.org\/\",\"name\":\"KSPNSZZ\",\"description\":\"Krajowa Sekcja Po\u017carnictwa\",\"potentialAction\":[{\"@type\":\"SearchAction\",\"target\":{\"@type\":\"EntryPoint\",\"urlTemplate\":\"http:\/\/kspnszz.org\/?s={search_term_string}\"},\"query-input\":\"required name=search_term_string\"}],\"inLanguage\":\"pl-PL\"},{\"@type\":\"Person\",\"@id\":\"http:\/\/kspnszz.org\/#\/schema\/person\/31096cf196f706ef50ecbd878903cc13\",\"name\":\"bartlomiej\",\"image\":{\"@type\":\"ImageObject\",\"inLanguage\":\"pl-PL\",\"@id\":\"http:\/\/kspnszz.org\/#\/schema\/person\/image\/\",\"url\":\"https:\/\/secure.gravatar.com\/avatar\/cb681656f150968eb94b73c62cf58e52?s=96&d=mm&r=g\",\"contentUrl\":\"https:\/\/secure.gravatar.com\/avatar\/cb681656f150968eb94b73c62cf58e52?s=96&d=mm&r=g\",\"caption\":\"bartlomiej\"},\"url\":\"https:\/\/kspnszz.org\/index.php\/author\/bartlomiej\/\"}]}<\/script>\n<!-- \/ Yoast SEO plugin. -->","yoast_head_json":{"title":"Wysoko\u015b\u0107 podwy\u017cek i spotkanie z MSWiA om\u00f3wiono na Radzie KSP - KSPNSZZ","robots":{"index":"index","follow":"follow","max-snippet":"max-snippet:-1","max-image-preview":"max-image-preview:large","max-video-preview":"max-video-preview:-1"},"canonical":"http:\/\/kspnszz.org\/index.php\/2022\/08\/03\/wysokosc-podwyzek-i-spotkanie-z-mswia-omowiono-na-radzie-ksp\/","og_locale":"pl_PL","og_type":"article","og_title":"Wysoko\u015b\u0107 podwy\u017cek i spotkanie z MSWiA om\u00f3wiono na Radzie KSP - KSPNSZZ","og_description":"Przysz\u0142oroczna waloryzacja uposa\u017ce\u0144 by\u0142a g\u0142\u00f3wnym przedmiotem obrad Rady Krajowej Sekcji Po\u017carnictwa NSZZ \u201eSolidarno\u015b\u0107\u201d, kt\u00f3ra odby\u0142a si\u0119 w dniu 2 sierpnia 2022 r. Z\u00a0uwagi na okres urlopowy posiedzenie Rady przeprowadzono w formie wideokonferencji. Rada Krajowej Sekcji Po\u017carnictwa NSZZ \u201eSolidarno\u015b\u0107\u201d odnios\u0142a si\u0119 do\u00a0za\u0142o\u017ce\u0144 bud\u017cetu pa\u0144stwa na rok 2023. W ocenie Rady propozycja podwy\u017cek w\u00a0pa\u0144stwowej sferze bud\u017cetowej w &hellip;","og_url":"http:\/\/kspnszz.org\/index.php\/2022\/08\/03\/wysokosc-podwyzek-i-spotkanie-z-mswia-omowiono-na-radzie-ksp\/","og_site_name":"KSPNSZZ","article_published_time":"2022-08-03T11:40:34+00:00","article_modified_time":"2022-08-03T11:41:27+00:00","og_image":[{"width":1024,"height":557,"url":"http:\/\/kspnszz.org\/wp-content\/uploads\/2022\/08\/fotostanowisk.jpg","type":"image\/jpeg"}],"author":"bartlomiej","twitter_card":"summary_large_image","twitter_misc":{"Napisane przez":"bartlomiej","Szacowany czas czytania":"4 minuty"},"schema":{"@context":"https:\/\/schema.org","@graph":[{"@type":"WebPage","@id":"http:\/\/kspnszz.org\/index.php\/2022\/08\/03\/wysokosc-podwyzek-i-spotkanie-z-mswia-omowiono-na-radzie-ksp\/","url":"http:\/\/kspnszz.org\/index.php\/2022\/08\/03\/wysokosc-podwyzek-i-spotkanie-z-mswia-omowiono-na-radzie-ksp\/","name":"Wysoko\u015b\u0107 podwy\u017cek i spotkanie z MSWiA om\u00f3wiono na Radzie KSP - KSPNSZZ","isPartOf":{"@id":"http:\/\/kspnszz.org\/#website"},"primaryImageOfPage":{"@id":"http:\/\/kspnszz.org\/index.php\/2022\/08\/03\/wysokosc-podwyzek-i-spotkanie-z-mswia-omowiono-na-radzie-ksp\/#primaryimage"},"image":{"@id":"http:\/\/kspnszz.org\/index.php\/2022\/08\/03\/wysokosc-podwyzek-i-spotkanie-z-mswia-omowiono-na-radzie-ksp\/#primaryimage"},"thumbnailUrl":"https:\/\/kspnszz.org\/wp-content\/uploads\/2022\/08\/fotostanowisk.jpg","datePublished":"2022-08-03T11:40:34+00:00","dateModified":"2022-08-03T11:41:27+00:00","author":{"@id":"http:\/\/kspnszz.org\/#\/schema\/person\/31096cf196f706ef50ecbd878903cc13"},"breadcrumb":{"@id":"http:\/\/kspnszz.org\/index.php\/2022\/08\/03\/wysokosc-podwyzek-i-spotkanie-z-mswia-omowiono-na-radzie-ksp\/#breadcrumb"},"inLanguage":"pl-PL","potentialAction":[{"@type":"ReadAction","target":["http:\/\/kspnszz.org\/index.php\/2022\/08\/03\/wysokosc-podwyzek-i-spotkanie-z-mswia-omowiono-na-radzie-ksp\/"]}]},{"@type":"ImageObject","inLanguage":"pl-PL","@id":"http:\/\/kspnszz.org\/index.php\/2022\/08\/03\/wysokosc-podwyzek-i-spotkanie-z-mswia-omowiono-na-radzie-ksp\/#primaryimage","url":"https:\/\/kspnszz.org\/wp-content\/uploads\/2022\/08\/fotostanowisk.jpg","contentUrl":"https:\/\/kspnszz.org\/wp-content\/uploads\/2022\/08\/fotostanowisk.jpg","width":1024,"height":557},{"@type":"BreadcrumbList","@id":"http:\/\/kspnszz.org\/index.php\/2022\/08\/03\/wysokosc-podwyzek-i-spotkanie-z-mswia-omowiono-na-radzie-ksp\/#breadcrumb","itemListElement":[{"@type":"ListItem","position":1,"name":"Strona g\u0142\u00f3wna","item":"http:\/\/kspnszz.org\/"},{"@type":"ListItem","position":2,"name":"Wysoko\u015b\u0107 podwy\u017cek i spotkanie z MSWiA om\u00f3wiono na Radzie KSP"}]},{"@type":"WebSite","@id":"http:\/\/kspnszz.org\/#website","url":"http:\/\/kspnszz.org\/","name":"KSPNSZZ","description":"Krajowa Sekcja Po\u017carnictwa","potentialAction":[{"@type":"SearchAction","target":{"@type":"EntryPoint","urlTemplate":"http:\/\/kspnszz.org\/?s={search_term_string}"},"query-input":"required name=search_term_string"}],"inLanguage":"pl-PL"},{"@type":"Person","@id":"http:\/\/kspnszz.org\/#\/schema\/person\/31096cf196f706ef50ecbd878903cc13","name":"bartlomiej","image":{"@type":"ImageObject","inLanguage":"pl-PL","@id":"http:\/\/kspnszz.org\/#\/schema\/person\/image\/","url":"https:\/\/secure.gravatar.com\/avatar\/cb681656f150968eb94b73c62cf58e52?s=96&d=mm&r=g","contentUrl":"https:\/\/secure.gravatar.com\/avatar\/cb681656f150968eb94b73c62cf58e52?s=96&d=mm&r=g","caption":"bartlomiej"},"url":"https:\/\/kspnszz.org\/index.php\/author\/bartlomiej\/"}]}},"_links":{"self":[{"href":"https:\/\/kspnszz.org\/index.php\/wp-json\/wp\/v2\/posts\/4141"}],"collection":[{"href":"https:\/\/kspnszz.org\/index.php\/wp-json\/wp\/v2\/posts"}],"about":[{"href":"https:\/\/kspnszz.org\/index.php\/wp-json\/wp\/v2\/types\/post"}],"author":[{"embeddable":true,"href":"https:\/\/kspnszz.org\/index.php\/wp-json\/wp\/v2\/users\/2"}],"replies":[{"embeddable":true,"href":"https:\/\/kspnszz.org\/index.php\/wp-json\/wp\/v2\/comments?post=4141"}],"version-history":[{"count":6,"href":"https:\/\/kspnszz.org\/index.php\/wp-json\/wp\/v2\/posts\/4141\/revisions"}],"predecessor-version":[{"id":4150,"href":"https:\/\/kspnszz.org\/index.php\/wp-json\/wp\/v2\/posts\/4141\/revisions\/4150"}],"wp:featuredmedia":[{"embeddable":true,"href":"https:\/\/kspnszz.org\/index.php\/wp-json\/wp\/v2\/media\/4148"}],"wp:attachment":[{"href":"https:\/\/kspnszz.org\/index.php\/wp-json\/wp\/v2\/media?parent=4141"}],"wp:term":[{"taxonomy":"category","embeddable":true,"href":"https:\/\/kspnszz.org\/index.php\/wp-json\/wp\/v2\/categories?post=4141"},{"taxonomy":"post_tag","embeddable":true,"href":"https:\/\/kspnszz.org\/index.php\/wp-json\/wp\/v2\/tags?post=4141"}],"curies":[{"name":"wp","href":"https:\/\/api.w.org\/{rel}","templated":true}]}}