{"id":3953,"date":"2022-05-17T18:36:10","date_gmt":"2022-05-17T16:36:10","guid":{"rendered":"http:\/\/kspnszz.org\/?p=3953"},"modified":"2022-05-17T18:47:33","modified_gmt":"2022-05-17T16:47:33","slug":"wyzsza-dieta-w-delegacji-krajowej-dzieki-s","status":"publish","type":"post","link":"https:\/\/kspnszz.org\/index.php\/2022\/05\/17\/wyzsza-dieta-w-delegacji-krajowej-dzieki-s\/","title":{"rendered":"Wy\u017csza dieta w delegacji krajowej dzi\u0119ki \u201eS\u201d"},"content":{"rendered":"<p style=\"text-align: justify;\"><strong>Za spraw\u0105 wniosku NSZZ \u201eSolidarno\u015b\u0107\u201d, do 38 z\u0142otych wzro\u015bnie dieta za dob\u0119 w krajowej podr\u00f3\u017cy s\u0142u\u017cbowej. Jak wynika z opublikowanego w \u015brod\u0119 projektu rozporz\u0105dzenia Ministerstwa Rodziny i Polityki Spo\u0142ecznej, stawka, kt\u00f3ra dot\u0105d wynosi\u0142a 30 z\u0142 zostanie podniesiona o 26% do 38 z\u0142otych.<\/strong><\/p>\n<p style=\"text-align: justify;\"><a href=\"http:\/\/kspnszz.org\/wp-content\/uploads\/2022\/05\/delegacje-e1652805209443.jpg\" data-rel=\"lightbox-image-0\" data-rl_title=\"\" data-rl_caption=\"\" title=\"\"><img loading=\"lazy\" decoding=\"async\" class=\"aligncenter wp-image-3952 \" src=\"http:\/\/kspnszz.org\/wp-content\/uploads\/2022\/05\/delegacje-e1652805209443-1024x986.jpg\" alt=\"\" width=\"269\" height=\"259\" srcset=\"https:\/\/kspnszz.org\/wp-content\/uploads\/2022\/05\/delegacje-e1652805209443-1024x986.jpg 1024w, https:\/\/kspnszz.org\/wp-content\/uploads\/2022\/05\/delegacje-e1652805209443-300x289.jpg 300w, https:\/\/kspnszz.org\/wp-content\/uploads\/2022\/05\/delegacje-e1652805209443.jpg 1025w\" sizes=\"(max-width: 269px) 100vw, 269px\" \/><\/a><\/p>\n<p style=\"text-align: justify;\">&#8211;<em>\u00a0NSZZ \u201eSolidarno\u015b\u0107\u201d wnios\u0142a temat podniesienia\u00a0 wysoko\u015bci stawki\u00a0 diety podr\u00f3\u017cnej oraz tzw. kilometr\u00f3wki na posiedzenie zespo\u0142u ds. bud\u017cetu i wynagrodze\u0144 w grudniu 2021 r., Stawki te nie by\u0142y zmieniane odpowiednio od 2013 r i 2007 r. W wyniku dyskusji strona spo\u0142eczna Zespo\u0142u dostrzeg\u0142a\u00a0 konieczno\u015b\u0107 zmian. Na ostatnim posiedzeniu Zespo\u0142u temat by\u0142 kontynuowany. Ministerstwo zapowiedzia\u0142o rozpocz\u0119cie prac nad zmianami wysoko\u015bci diet.<\/em>\u00a0\u2013 m\u00f3wi Katarzyna Zimmer-Drabczyk, szefowa biura ekspercko-prawnego Komisji Krajowej NSZZ \u201eSolidarno\u015b\u0107\u201d.<\/p>\n<p style=\"text-align: justify;\">Zgodnie z przepisami minister w\u0142a\u015bciwy do spraw pracy okre\u015bla, w drodze rozporz\u0105dzenia, wysoko\u015b\u0107 oraz warunki ustalania nale\u017cno\u015bci przys\u0142uguj\u0105cych pracownikowi zatrudnionemu w pa\u0144stwowej lub samorz\u0105dowej jednostce sfery bud\u017cetowej z tytu\u0142u podr\u00f3\u017cy s\u0142u\u017cbowej na obszarze kraju oraz poza granicami kraju. Rozporz\u0105dzenie powinno w szczeg\u00f3lno\u015bci okre\u015bla\u0107 wysoko\u015b\u0107 diet, z uwzgl\u0119dnieniem czasu trwania podr\u00f3\u017cy, a w przypadku podr\u00f3\u017cy poza granicami kraju \u2013 walut\u0119, w jakiej b\u0119dzie ustalana dieta i limit na nocleg w poszczeg\u00f3lnych pa\u0144stwach, a tak\u017ce warunki zwrotu koszt\u00f3w przejazd\u00f3w, nocleg\u00f3w i innych wydatk\u00f3w. Obecnie dieta przys\u0142uguj\u0105ca pracownikowi z tytu\u0142u podr\u00f3\u017cy s\u0142u\u017cbowej w kraju wynosi 30 z\u0142 i obowi\u0105zuje od 1 marca 2013 r. W projekcie podwy\u017cszono t\u0119 stawk\u0119 o 8 z\u0142, czyli do 38 z\u0142.<\/p>\n<p style=\"text-align: justify;\">W uzasadnieniu do projektu wskazano, \u017ce przy obliczeniu wysoko\u015bci diety uwzgl\u0119dniono \u015brednioroczny wska\u017anik cen towar\u00f3w i us\u0142ug konsumpcyjnych og\u00f3\u0142em w latach 2013\u20132021, a tak\u017ce prognozowan\u0105 inflacj\u0119 na 2022 r. Z projektu wynika, \u017ce przy nowej wysoko\u015bci diety z tytu\u0142u podr\u00f3\u017cy s\u0142u\u017cbowej na obszarze kraju (38 z\u0142), 20-procentowy rycza\u0142t na pokrycie koszt\u00f3w dojazdu \u015brodkami komunikacji miejscowej wyniesie 7,60 z\u0142 (obecnie 6 z\u0142), a rycza\u0142t za nocleg, stanowi\u0105cy 150 proc. diety \u2013 57 z\u0142 (obecnie 45 z\u0142). Zwrot udokumentowanych koszt\u00f3w noclegu b\u0119dzie nast\u0119powa\u0142 w wysoko\u015bci stwierdzonej rachunkiem, jednak nie wi\u0119kszej za jedn\u0105 dob\u0119 hotelow\u0105 ni\u017c dwudziestokrotno\u015b\u0107 stawki diety, czyli do 760 z\u0142 (obecnie 600 z\u0142). Pracodawcy spoza sfery bud\u017cetowej mog\u0105 ustala\u0107 we w\u0142asnym zakresie warunki wyp\u0142acania pracownikom nale\u017cno\u015bci z tytu\u0142u podr\u00f3\u017cy s\u0142u\u017cbowej na obszarze kraju i poza jego granicami w drodze postanowie\u0144 uk\u0142adu zbiorowego pracy, regulaminu wynagradzania lub umowy o prac\u0119.<\/p>\n<p style=\"text-align: justify;\">Sam projekt rozporz\u0105dzenia mo\u017cna znale\u017a\u0107 w poni\u017cszym linku:<\/p>\n<p><a href=\"http:\/\/kspnszz.org\/wp-content\/uploads\/2022\/05\/z_tytu\u0142u_podr\u00f3\u017cy_s\u0142u\u017cbowej.pdf\">Projekt rozporz\u0105dzenia Ministra Rodziny i Polityki Spo\u0142ecznej zmieniaj\u0105cego rozporz\u0105dzenie w sprawie nale\u017cno\u015bci przys\u0142uguj\u0105cych pracownikowi zatrudnionemu w pa\u0144stwowej lub samorz\u0105dowej jednostce sfery bud\u017cetowej z tytu\u0142u podr\u00f3\u017cy s\u0142u\u017cbowej<\/a><\/p>\n<p style=\"text-align: justify;\">\n<p>(PAP\/Karolina Kropiwiec)<\/p>\n","protected":false},"excerpt":{"rendered":"<p>Za spraw\u0105 wniosku NSZZ \u201eSolidarno\u015b\u0107\u201d, do 38 z\u0142otych wzro\u015bnie dieta za dob\u0119 w krajowej podr\u00f3\u017cy s\u0142u\u017cbowej. Jak wynika z opublikowanego w \u015brod\u0119 projektu rozporz\u0105dzenia Ministerstwa Rodziny i Polityki Spo\u0142ecznej, stawka, kt\u00f3ra dot\u0105d wynosi\u0142a 30 z\u0142 zostanie podniesiona o 26% do 38 z\u0142otych. &#8211;\u00a0NSZZ \u201eSolidarno\u015b\u0107\u201d wnios\u0142a temat podniesienia\u00a0 wysoko\u015bci stawki\u00a0 diety podr\u00f3\u017cnej oraz tzw. kilometr\u00f3wki na &hellip;<\/p>\n","protected":false},"author":2,"featured_media":1165,"comment_status":"closed","ping_status":"closed","sticky":false,"template":"","format":"standard","meta":{"footnotes":""},"categories":[2,1],"tags":[],"yoast_head":"<!-- This site is optimized with the Yoast SEO plugin v22.7 - https:\/\/yoast.com\/wordpress\/plugins\/seo\/ -->\n<title>Wy\u017csza dieta w delegacji krajowej dzi\u0119ki \u201eS\u201d - KSPNSZZ<\/title>\n<meta name=\"robots\" content=\"index, follow, max-snippet:-1, max-image-preview:large, max-video-preview:-1\" \/>\n<link rel=\"canonical\" href=\"https:\/\/kspnszz.org\/index.php\/2022\/05\/17\/wyzsza-dieta-w-delegacji-krajowej-dzieki-s\/\" \/>\n<meta property=\"og:locale\" content=\"pl_PL\" \/>\n<meta property=\"og:type\" content=\"article\" \/>\n<meta property=\"og:title\" content=\"Wy\u017csza dieta w delegacji krajowej dzi\u0119ki \u201eS\u201d - KSPNSZZ\" \/>\n<meta property=\"og:description\" content=\"Za spraw\u0105 wniosku NSZZ \u201eSolidarno\u015b\u0107\u201d, do 38 z\u0142otych wzro\u015bnie dieta za dob\u0119 w krajowej podr\u00f3\u017cy s\u0142u\u017cbowej. Jak wynika z opublikowanego w \u015brod\u0119 projektu rozporz\u0105dzenia Ministerstwa Rodziny i Polityki Spo\u0142ecznej, stawka, kt\u00f3ra dot\u0105d wynosi\u0142a 30 z\u0142 zostanie podniesiona o 26% do 38 z\u0142otych. &#8211;\u00a0NSZZ \u201eSolidarno\u015b\u0107\u201d wnios\u0142a temat podniesienia\u00a0 wysoko\u015bci stawki\u00a0 diety podr\u00f3\u017cnej oraz tzw. kilometr\u00f3wki na &hellip;\" \/>\n<meta property=\"og:url\" content=\"https:\/\/kspnszz.org\/index.php\/2022\/05\/17\/wyzsza-dieta-w-delegacji-krajowej-dzieki-s\/\" \/>\n<meta property=\"og:site_name\" content=\"KSPNSZZ\" \/>\n<meta property=\"article:published_time\" content=\"2022-05-17T16:36:10+00:00\" \/>\n<meta property=\"article:modified_time\" content=\"2022-05-17T16:47:33+00:00\" \/>\n<meta property=\"og:image\" content=\"https:\/\/kspnszz.org\/wp-content\/uploads\/2015\/08\/Fotolia_92528686_Subscription_Monthly_M.jpg\" \/>\n\t<meta property=\"og:image:width\" content=\"1457\" \/>\n\t<meta property=\"og:image:height\" content=\"1304\" \/>\n\t<meta property=\"og:image:type\" content=\"image\/jpeg\" \/>\n<meta name=\"author\" content=\"bartlomiej\" \/>\n<meta name=\"twitter:card\" content=\"summary_large_image\" \/>\n<meta name=\"twitter:label1\" content=\"Napisane przez\" \/>\n\t<meta name=\"twitter:data1\" content=\"bartlomiej\" \/>\n\t<meta name=\"twitter:label2\" content=\"Szacowany czas czytania\" \/>\n\t<meta name=\"twitter:data2\" content=\"2 minuty\" \/>\n<script type=\"application\/ld+json\" class=\"yoast-schema-graph\">{\"@context\":\"https:\/\/schema.org\",\"@graph\":[{\"@type\":\"WebPage\",\"@id\":\"https:\/\/kspnszz.org\/index.php\/2022\/05\/17\/wyzsza-dieta-w-delegacji-krajowej-dzieki-s\/\",\"url\":\"https:\/\/kspnszz.org\/index.php\/2022\/05\/17\/wyzsza-dieta-w-delegacji-krajowej-dzieki-s\/\",\"name\":\"Wy\u017csza dieta w delegacji krajowej dzi\u0119ki \u201eS\u201d - KSPNSZZ\",\"isPartOf\":{\"@id\":\"http:\/\/kspnszz.org\/#website\"},\"primaryImageOfPage\":{\"@id\":\"https:\/\/kspnszz.org\/index.php\/2022\/05\/17\/wyzsza-dieta-w-delegacji-krajowej-dzieki-s\/#primaryimage\"},\"image\":{\"@id\":\"https:\/\/kspnszz.org\/index.php\/2022\/05\/17\/wyzsza-dieta-w-delegacji-krajowej-dzieki-s\/#primaryimage\"},\"thumbnailUrl\":\"https:\/\/kspnszz.org\/wp-content\/uploads\/2015\/08\/Fotolia_92528686_Subscription_Monthly_M.jpg\",\"datePublished\":\"2022-05-17T16:36:10+00:00\",\"dateModified\":\"2022-05-17T16:47:33+00:00\",\"author\":{\"@id\":\"http:\/\/kspnszz.org\/#\/schema\/person\/31096cf196f706ef50ecbd878903cc13\"},\"breadcrumb\":{\"@id\":\"https:\/\/kspnszz.org\/index.php\/2022\/05\/17\/wyzsza-dieta-w-delegacji-krajowej-dzieki-s\/#breadcrumb\"},\"inLanguage\":\"pl-PL\",\"potentialAction\":[{\"@type\":\"ReadAction\",\"target\":[\"https:\/\/kspnszz.org\/index.php\/2022\/05\/17\/wyzsza-dieta-w-delegacji-krajowej-dzieki-s\/\"]}]},{\"@type\":\"ImageObject\",\"inLanguage\":\"pl-PL\",\"@id\":\"https:\/\/kspnszz.org\/index.php\/2022\/05\/17\/wyzsza-dieta-w-delegacji-krajowej-dzieki-s\/#primaryimage\",\"url\":\"https:\/\/kspnszz.org\/wp-content\/uploads\/2015\/08\/Fotolia_92528686_Subscription_Monthly_M.jpg\",\"contentUrl\":\"https:\/\/kspnszz.org\/wp-content\/uploads\/2015\/08\/Fotolia_92528686_Subscription_Monthly_M.jpg\",\"width\":1457,\"height\":1304},{\"@type\":\"BreadcrumbList\",\"@id\":\"https:\/\/kspnszz.org\/index.php\/2022\/05\/17\/wyzsza-dieta-w-delegacji-krajowej-dzieki-s\/#breadcrumb\",\"itemListElement\":[{\"@type\":\"ListItem\",\"position\":1,\"name\":\"Strona g\u0142\u00f3wna\",\"item\":\"http:\/\/kspnszz.org\/\"},{\"@type\":\"ListItem\",\"position\":2,\"name\":\"Wy\u017csza dieta w delegacji krajowej dzi\u0119ki \u201eS\u201d\"}]},{\"@type\":\"WebSite\",\"@id\":\"http:\/\/kspnszz.org\/#website\",\"url\":\"http:\/\/kspnszz.org\/\",\"name\":\"KSPNSZZ\",\"description\":\"Krajowa Sekcja Po\u017carnictwa\",\"potentialAction\":[{\"@type\":\"SearchAction\",\"target\":{\"@type\":\"EntryPoint\",\"urlTemplate\":\"http:\/\/kspnszz.org\/?s={search_term_string}\"},\"query-input\":\"required name=search_term_string\"}],\"inLanguage\":\"pl-PL\"},{\"@type\":\"Person\",\"@id\":\"http:\/\/kspnszz.org\/#\/schema\/person\/31096cf196f706ef50ecbd878903cc13\",\"name\":\"bartlomiej\",\"image\":{\"@type\":\"ImageObject\",\"inLanguage\":\"pl-PL\",\"@id\":\"http:\/\/kspnszz.org\/#\/schema\/person\/image\/\",\"url\":\"https:\/\/secure.gravatar.com\/avatar\/cb681656f150968eb94b73c62cf58e52?s=96&d=mm&r=g\",\"contentUrl\":\"https:\/\/secure.gravatar.com\/avatar\/cb681656f150968eb94b73c62cf58e52?s=96&d=mm&r=g\",\"caption\":\"bartlomiej\"},\"url\":\"https:\/\/kspnszz.org\/index.php\/author\/bartlomiej\/\"}]}<\/script>\n<!-- \/ Yoast SEO plugin. -->","yoast_head_json":{"title":"Wy\u017csza dieta w delegacji krajowej dzi\u0119ki \u201eS\u201d - KSPNSZZ","robots":{"index":"index","follow":"follow","max-snippet":"max-snippet:-1","max-image-preview":"max-image-preview:large","max-video-preview":"max-video-preview:-1"},"canonical":"https:\/\/kspnszz.org\/index.php\/2022\/05\/17\/wyzsza-dieta-w-delegacji-krajowej-dzieki-s\/","og_locale":"pl_PL","og_type":"article","og_title":"Wy\u017csza dieta w delegacji krajowej dzi\u0119ki \u201eS\u201d - KSPNSZZ","og_description":"Za spraw\u0105 wniosku NSZZ \u201eSolidarno\u015b\u0107\u201d, do 38 z\u0142otych wzro\u015bnie dieta za dob\u0119 w krajowej podr\u00f3\u017cy s\u0142u\u017cbowej. Jak wynika z opublikowanego w \u015brod\u0119 projektu rozporz\u0105dzenia Ministerstwa Rodziny i Polityki Spo\u0142ecznej, stawka, kt\u00f3ra dot\u0105d wynosi\u0142a 30 z\u0142 zostanie podniesiona o 26% do 38 z\u0142otych. &#8211;\u00a0NSZZ \u201eSolidarno\u015b\u0107\u201d wnios\u0142a temat podniesienia\u00a0 wysoko\u015bci stawki\u00a0 diety podr\u00f3\u017cnej oraz tzw. kilometr\u00f3wki na &hellip;","og_url":"https:\/\/kspnszz.org\/index.php\/2022\/05\/17\/wyzsza-dieta-w-delegacji-krajowej-dzieki-s\/","og_site_name":"KSPNSZZ","article_published_time":"2022-05-17T16:36:10+00:00","article_modified_time":"2022-05-17T16:47:33+00:00","og_image":[{"width":1457,"height":1304,"url":"https:\/\/kspnszz.org\/wp-content\/uploads\/2015\/08\/Fotolia_92528686_Subscription_Monthly_M.jpg","type":"image\/jpeg"}],"author":"bartlomiej","twitter_card":"summary_large_image","twitter_misc":{"Napisane przez":"bartlomiej","Szacowany czas czytania":"2 minuty"},"schema":{"@context":"https:\/\/schema.org","@graph":[{"@type":"WebPage","@id":"https:\/\/kspnszz.org\/index.php\/2022\/05\/17\/wyzsza-dieta-w-delegacji-krajowej-dzieki-s\/","url":"https:\/\/kspnszz.org\/index.php\/2022\/05\/17\/wyzsza-dieta-w-delegacji-krajowej-dzieki-s\/","name":"Wy\u017csza dieta w delegacji krajowej dzi\u0119ki \u201eS\u201d - KSPNSZZ","isPartOf":{"@id":"http:\/\/kspnszz.org\/#website"},"primaryImageOfPage":{"@id":"https:\/\/kspnszz.org\/index.php\/2022\/05\/17\/wyzsza-dieta-w-delegacji-krajowej-dzieki-s\/#primaryimage"},"image":{"@id":"https:\/\/kspnszz.org\/index.php\/2022\/05\/17\/wyzsza-dieta-w-delegacji-krajowej-dzieki-s\/#primaryimage"},"thumbnailUrl":"https:\/\/kspnszz.org\/wp-content\/uploads\/2015\/08\/Fotolia_92528686_Subscription_Monthly_M.jpg","datePublished":"2022-05-17T16:36:10+00:00","dateModified":"2022-05-17T16:47:33+00:00","author":{"@id":"http:\/\/kspnszz.org\/#\/schema\/person\/31096cf196f706ef50ecbd878903cc13"},"breadcrumb":{"@id":"https:\/\/kspnszz.org\/index.php\/2022\/05\/17\/wyzsza-dieta-w-delegacji-krajowej-dzieki-s\/#breadcrumb"},"inLanguage":"pl-PL","potentialAction":[{"@type":"ReadAction","target":["https:\/\/kspnszz.org\/index.php\/2022\/05\/17\/wyzsza-dieta-w-delegacji-krajowej-dzieki-s\/"]}]},{"@type":"ImageObject","inLanguage":"pl-PL","@id":"https:\/\/kspnszz.org\/index.php\/2022\/05\/17\/wyzsza-dieta-w-delegacji-krajowej-dzieki-s\/#primaryimage","url":"https:\/\/kspnszz.org\/wp-content\/uploads\/2015\/08\/Fotolia_92528686_Subscription_Monthly_M.jpg","contentUrl":"https:\/\/kspnszz.org\/wp-content\/uploads\/2015\/08\/Fotolia_92528686_Subscription_Monthly_M.jpg","width":1457,"height":1304},{"@type":"BreadcrumbList","@id":"https:\/\/kspnszz.org\/index.php\/2022\/05\/17\/wyzsza-dieta-w-delegacji-krajowej-dzieki-s\/#breadcrumb","itemListElement":[{"@type":"ListItem","position":1,"name":"Strona g\u0142\u00f3wna","item":"http:\/\/kspnszz.org\/"},{"@type":"ListItem","position":2,"name":"Wy\u017csza dieta w delegacji krajowej dzi\u0119ki \u201eS\u201d"}]},{"@type":"WebSite","@id":"http:\/\/kspnszz.org\/#website","url":"http:\/\/kspnszz.org\/","name":"KSPNSZZ","description":"Krajowa Sekcja Po\u017carnictwa","potentialAction":[{"@type":"SearchAction","target":{"@type":"EntryPoint","urlTemplate":"http:\/\/kspnszz.org\/?s={search_term_string}"},"query-input":"required name=search_term_string"}],"inLanguage":"pl-PL"},{"@type":"Person","@id":"http:\/\/kspnszz.org\/#\/schema\/person\/31096cf196f706ef50ecbd878903cc13","name":"bartlomiej","image":{"@type":"ImageObject","inLanguage":"pl-PL","@id":"http:\/\/kspnszz.org\/#\/schema\/person\/image\/","url":"https:\/\/secure.gravatar.com\/avatar\/cb681656f150968eb94b73c62cf58e52?s=96&d=mm&r=g","contentUrl":"https:\/\/secure.gravatar.com\/avatar\/cb681656f150968eb94b73c62cf58e52?s=96&d=mm&r=g","caption":"bartlomiej"},"url":"https:\/\/kspnszz.org\/index.php\/author\/bartlomiej\/"}]}},"_links":{"self":[{"href":"https:\/\/kspnszz.org\/index.php\/wp-json\/wp\/v2\/posts\/3953"}],"collection":[{"href":"https:\/\/kspnszz.org\/index.php\/wp-json\/wp\/v2\/posts"}],"about":[{"href":"https:\/\/kspnszz.org\/index.php\/wp-json\/wp\/v2\/types\/post"}],"author":[{"embeddable":true,"href":"https:\/\/kspnszz.org\/index.php\/wp-json\/wp\/v2\/users\/2"}],"replies":[{"embeddable":true,"href":"https:\/\/kspnszz.org\/index.php\/wp-json\/wp\/v2\/comments?post=3953"}],"version-history":[{"count":4,"href":"https:\/\/kspnszz.org\/index.php\/wp-json\/wp\/v2\/posts\/3953\/revisions"}],"predecessor-version":[{"id":3958,"href":"https:\/\/kspnszz.org\/index.php\/wp-json\/wp\/v2\/posts\/3953\/revisions\/3958"}],"wp:featuredmedia":[{"embeddable":true,"href":"https:\/\/kspnszz.org\/index.php\/wp-json\/wp\/v2\/media\/1165"}],"wp:attachment":[{"href":"https:\/\/kspnszz.org\/index.php\/wp-json\/wp\/v2\/media?parent=3953"}],"wp:term":[{"taxonomy":"category","embeddable":true,"href":"https:\/\/kspnszz.org\/index.php\/wp-json\/wp\/v2\/categories?post=3953"},{"taxonomy":"post_tag","embeddable":true,"href":"https:\/\/kspnszz.org\/index.php\/wp-json\/wp\/v2\/tags?post=3953"}],"curies":[{"name":"wp","href":"https:\/\/api.w.org\/{rel}","templated":true}]}}