{"id":3942,"date":"2022-05-08T20:48:07","date_gmt":"2022-05-08T18:48:07","guid":{"rendered":"http:\/\/kspnszz.org\/?p=3942"},"modified":"2022-05-08T20:48:07","modified_gmt":"2022-05-08T18:48:07","slug":"mniejszy-podatek-dla-czlonkow-zwiazku","status":"publish","type":"post","link":"https:\/\/kspnszz.org\/index.php\/2022\/05\/08\/mniejszy-podatek-dla-czlonkow-zwiazku\/","title":{"rendered":"Mniejszy podatek dla cz\u0142onk\u00f3w zwi\u0105zku"},"content":{"rendered":"<p style=\"text-align: justify;\"><strong>Pracownicy, kt\u00f3rzy s\u0105 cz\u0142onkami organizacji zwi\u0105zkowych odlicz\u0105 od dochodu nawet 500 z\u0142 w\u00a0rozliczeniu PIT. \u201ePolski \u0141ad\u201d pocz\u0105tkowo zak\u0142ada\u0142 mo\u017cliwo\u015b\u0107 odliczenia maksymalnie 300 z\u0142, ale\u00a0po przyj\u0119ciu przez sejm poprawki zg\u0142oszonej przez NSZZ \u201eSolidarno\u015b\u0107\u201d kwota ta zwi\u0119kszy\u0142a si\u0119 o\u00a0200 z\u0142. Jak czytamy w stanowisku Ministerstwa Finans\u00f3w: podniesienie kwoty odliczenia ma uzasadnienie wobec zmniejszenia stawki podatku z 17 proc. do 12 proc.<\/strong><strong>\u00a0<a href=\"http:\/\/kspnszz.org\/wp-content\/uploads\/2022\/05\/podatki.jpg\" data-rel=\"lightbox-image-0\" data-rl_title=\"\" data-rl_caption=\"\" title=\"\"><img loading=\"lazy\" decoding=\"async\" class=\"aligncenter  wp-image-3949\" src=\"http:\/\/kspnszz.org\/wp-content\/uploads\/2022\/05\/podatki.jpg\" alt=\"podatki\" width=\"380\" height=\"188\" srcset=\"https:\/\/kspnszz.org\/wp-content\/uploads\/2022\/05\/podatki.jpg 756w, https:\/\/kspnszz.org\/wp-content\/uploads\/2022\/05\/podatki-300x148.jpg 300w\" sizes=\"(max-width: 380px) 100vw, 380px\" \/><\/a><\/strong><\/p>\n<p style=\"text-align: justify;\">To NSZZ \u201eSolidarno\u015b\u0107\u201d w trakcie konsultacji publicznych projektu o\u00a0zmianach w\u00a0zapisach \u201ePolskiego \u0141adu\u201d zaproponowa\u0142 poprawk\u0119, kt\u00f3r\u0105 zaakceptowa\u0142 w\u00a0pi\u0105tek Sejm. <em>W\u00a0trakcie konsultacji publicznych zaproponowane zosta\u0142o zwi\u0119kszenie tego limitu do 500 z\u0142. Ponadto w przepisie normuj\u0105cym dokumentowanie tych wydatk\u00f3w (art. 26 ust. 7 ust. 5 ustawy PIT) zaproponowano, aby dokument ten mog\u0142a stanowi\u0107 informacja PIT-11, w kt\u00f3rej ju\u017c obecnie (w\u00a0cz\u0119\u015bci G) pracodawca wykazuje wysoko\u015b\u0107 pobranych z\u00a0wynagrodzenia (na skutek otrzymanego od pracownika upowa\u017cnienia) podlegaj\u0105cych odliczeniu sk\u0142adek na rzecz zwi\u0105zk\u00f3w zawodowych <\/em>\u2013 czytamy w uzasadnieniu resortu finans\u00f3w.<\/p>\n<p style=\"text-align: justify;\">Dzi\u0119ki poprawce ulga podatkowa dla cz\u0142onk\u00f3w zwi\u0105zk\u00f3w wyniesie wi\u0119cej: nie jak zak\u0142adano na pocz\u0105tku 300 z\u0142, a 500 z\u0142. Zrzeszeni pracownicy b\u0119d\u0105 mogli pomniejszy\u0107 podatek dochodowy do sp\u0142aty o\u00a0wi\u0119ksz\u0105 kwot\u0119 ni\u017c dot\u0105d. W uzasadnieniu Ministerstwa Finans\u00f3w mo\u017cna przeczyta\u0107, \u017ce\u00a0postulat podwy\u017cszenia limitu odliczenia sk\u0142adek cz\u0142onkowskich na rzecz zwi\u0105zk\u00f3w zawodowych z 300 z\u0142 do 500 z\u0142 rocznie. Podniesienie kwoty odliczenia ma uzasadnienie wobec zmniejszenia stawki podatku z\u00a017 proc. do 12 proc.<\/p>\n<p style=\"text-align: justify;\">Zmiany dotycz\u0105 p\u00f3\u0142tora miliona pracownik\u00f3w zrzeszonych w ponad dwunastu tysi\u0105cach organizacji zwi\u0105zkowych, co stanowi ponad 16 % og\u00f3\u0142u pracownik\u00f3w zatrudnionych na podstawie um\u00f3w o prac\u0119.<\/p>\n<p style=\"text-align: justify;\">\u0179r\u00f3d\u0142o: tysol.pl<\/p>\n","protected":false},"excerpt":{"rendered":"<p>Pracownicy, kt\u00f3rzy s\u0105 cz\u0142onkami organizacji zwi\u0105zkowych odlicz\u0105 od dochodu nawet 500 z\u0142 w\u00a0rozliczeniu PIT. \u201ePolski \u0141ad\u201d pocz\u0105tkowo zak\u0142ada\u0142 mo\u017cliwo\u015b\u0107 odliczenia maksymalnie 300 z\u0142, ale\u00a0po przyj\u0119ciu przez sejm poprawki zg\u0142oszonej przez NSZZ \u201eSolidarno\u015b\u0107\u201d kwota ta zwi\u0119kszy\u0142a si\u0119 o\u00a0200 z\u0142. Jak czytamy w stanowisku Ministerstwa Finans\u00f3w: podniesienie kwoty odliczenia ma uzasadnienie wobec zmniejszenia stawki podatku z 17 &hellip;<\/p>\n","protected":false},"author":2,"featured_media":1163,"comment_status":"closed","ping_status":"closed","sticky":false,"template":"","format":"standard","meta":{"footnotes":""},"categories":[2,1],"tags":[],"yoast_head":"<!-- This site is optimized with the Yoast SEO plugin v22.7 - https:\/\/yoast.com\/wordpress\/plugins\/seo\/ -->\n<title>Mniejszy podatek dla cz\u0142onk\u00f3w zwi\u0105zku - KSPNSZZ<\/title>\n<meta name=\"robots\" content=\"index, follow, max-snippet:-1, max-image-preview:large, max-video-preview:-1\" \/>\n<link rel=\"canonical\" href=\"https:\/\/kspnszz.org\/index.php\/2022\/05\/08\/mniejszy-podatek-dla-czlonkow-zwiazku\/\" \/>\n<meta property=\"og:locale\" content=\"pl_PL\" \/>\n<meta property=\"og:type\" content=\"article\" \/>\n<meta property=\"og:title\" content=\"Mniejszy podatek dla cz\u0142onk\u00f3w zwi\u0105zku - KSPNSZZ\" \/>\n<meta property=\"og:description\" content=\"Pracownicy, kt\u00f3rzy s\u0105 cz\u0142onkami organizacji zwi\u0105zkowych odlicz\u0105 od dochodu nawet 500 z\u0142 w\u00a0rozliczeniu PIT. \u201ePolski \u0141ad\u201d pocz\u0105tkowo zak\u0142ada\u0142 mo\u017cliwo\u015b\u0107 odliczenia maksymalnie 300 z\u0142, ale\u00a0po przyj\u0119ciu przez sejm poprawki zg\u0142oszonej przez NSZZ \u201eSolidarno\u015b\u0107\u201d kwota ta zwi\u0119kszy\u0142a si\u0119 o\u00a0200 z\u0142. Jak czytamy w stanowisku Ministerstwa Finans\u00f3w: podniesienie kwoty odliczenia ma uzasadnienie wobec zmniejszenia stawki podatku z 17 &hellip;\" \/>\n<meta property=\"og:url\" content=\"https:\/\/kspnszz.org\/index.php\/2022\/05\/08\/mniejszy-podatek-dla-czlonkow-zwiazku\/\" \/>\n<meta property=\"og:site_name\" content=\"KSPNSZZ\" \/>\n<meta property=\"article:published_time\" content=\"2022-05-08T18:48:07+00:00\" \/>\n<meta property=\"og:image\" content=\"https:\/\/kspnszz.org\/wp-content\/uploads\/2015\/10\/Fotolia_80866280_Subscription_Monthly_M.jpg\" \/>\n\t<meta property=\"og:image:width\" content=\"1688\" \/>\n\t<meta property=\"og:image:height\" content=\"1125\" \/>\n\t<meta property=\"og:image:type\" content=\"image\/jpeg\" \/>\n<meta name=\"author\" content=\"bartlomiej\" \/>\n<meta name=\"twitter:card\" content=\"summary_large_image\" \/>\n<meta name=\"twitter:label1\" content=\"Napisane przez\" \/>\n\t<meta name=\"twitter:data1\" content=\"bartlomiej\" \/>\n\t<meta name=\"twitter:label2\" content=\"Szacowany czas czytania\" \/>\n\t<meta name=\"twitter:data2\" content=\"1 minuta\" \/>\n<script type=\"application\/ld+json\" class=\"yoast-schema-graph\">{\"@context\":\"https:\/\/schema.org\",\"@graph\":[{\"@type\":\"WebPage\",\"@id\":\"https:\/\/kspnszz.org\/index.php\/2022\/05\/08\/mniejszy-podatek-dla-czlonkow-zwiazku\/\",\"url\":\"https:\/\/kspnszz.org\/index.php\/2022\/05\/08\/mniejszy-podatek-dla-czlonkow-zwiazku\/\",\"name\":\"Mniejszy podatek dla cz\u0142onk\u00f3w zwi\u0105zku - KSPNSZZ\",\"isPartOf\":{\"@id\":\"http:\/\/kspnszz.org\/#website\"},\"primaryImageOfPage\":{\"@id\":\"https:\/\/kspnszz.org\/index.php\/2022\/05\/08\/mniejszy-podatek-dla-czlonkow-zwiazku\/#primaryimage\"},\"image\":{\"@id\":\"https:\/\/kspnszz.org\/index.php\/2022\/05\/08\/mniejszy-podatek-dla-czlonkow-zwiazku\/#primaryimage\"},\"thumbnailUrl\":\"https:\/\/kspnszz.org\/wp-content\/uploads\/2015\/10\/Fotolia_80866280_Subscription_Monthly_M.jpg\",\"datePublished\":\"2022-05-08T18:48:07+00:00\",\"dateModified\":\"2022-05-08T18:48:07+00:00\",\"author\":{\"@id\":\"http:\/\/kspnszz.org\/#\/schema\/person\/31096cf196f706ef50ecbd878903cc13\"},\"breadcrumb\":{\"@id\":\"https:\/\/kspnszz.org\/index.php\/2022\/05\/08\/mniejszy-podatek-dla-czlonkow-zwiazku\/#breadcrumb\"},\"inLanguage\":\"pl-PL\",\"potentialAction\":[{\"@type\":\"ReadAction\",\"target\":[\"https:\/\/kspnszz.org\/index.php\/2022\/05\/08\/mniejszy-podatek-dla-czlonkow-zwiazku\/\"]}]},{\"@type\":\"ImageObject\",\"inLanguage\":\"pl-PL\",\"@id\":\"https:\/\/kspnszz.org\/index.php\/2022\/05\/08\/mniejszy-podatek-dla-czlonkow-zwiazku\/#primaryimage\",\"url\":\"https:\/\/kspnszz.org\/wp-content\/uploads\/2015\/10\/Fotolia_80866280_Subscription_Monthly_M.jpg\",\"contentUrl\":\"https:\/\/kspnszz.org\/wp-content\/uploads\/2015\/10\/Fotolia_80866280_Subscription_Monthly_M.jpg\",\"width\":1688,\"height\":1125},{\"@type\":\"BreadcrumbList\",\"@id\":\"https:\/\/kspnszz.org\/index.php\/2022\/05\/08\/mniejszy-podatek-dla-czlonkow-zwiazku\/#breadcrumb\",\"itemListElement\":[{\"@type\":\"ListItem\",\"position\":1,\"name\":\"Strona g\u0142\u00f3wna\",\"item\":\"http:\/\/kspnszz.org\/\"},{\"@type\":\"ListItem\",\"position\":2,\"name\":\"Mniejszy podatek dla cz\u0142onk\u00f3w zwi\u0105zku\"}]},{\"@type\":\"WebSite\",\"@id\":\"http:\/\/kspnszz.org\/#website\",\"url\":\"http:\/\/kspnszz.org\/\",\"name\":\"KSPNSZZ\",\"description\":\"Krajowa Sekcja Po\u017carnictwa\",\"potentialAction\":[{\"@type\":\"SearchAction\",\"target\":{\"@type\":\"EntryPoint\",\"urlTemplate\":\"http:\/\/kspnszz.org\/?s={search_term_string}\"},\"query-input\":\"required name=search_term_string\"}],\"inLanguage\":\"pl-PL\"},{\"@type\":\"Person\",\"@id\":\"http:\/\/kspnszz.org\/#\/schema\/person\/31096cf196f706ef50ecbd878903cc13\",\"name\":\"bartlomiej\",\"image\":{\"@type\":\"ImageObject\",\"inLanguage\":\"pl-PL\",\"@id\":\"http:\/\/kspnszz.org\/#\/schema\/person\/image\/\",\"url\":\"https:\/\/secure.gravatar.com\/avatar\/cb681656f150968eb94b73c62cf58e52?s=96&d=mm&r=g\",\"contentUrl\":\"https:\/\/secure.gravatar.com\/avatar\/cb681656f150968eb94b73c62cf58e52?s=96&d=mm&r=g\",\"caption\":\"bartlomiej\"},\"url\":\"https:\/\/kspnszz.org\/index.php\/author\/bartlomiej\/\"}]}<\/script>\n<!-- \/ Yoast SEO plugin. -->","yoast_head_json":{"title":"Mniejszy podatek dla cz\u0142onk\u00f3w zwi\u0105zku - KSPNSZZ","robots":{"index":"index","follow":"follow","max-snippet":"max-snippet:-1","max-image-preview":"max-image-preview:large","max-video-preview":"max-video-preview:-1"},"canonical":"https:\/\/kspnszz.org\/index.php\/2022\/05\/08\/mniejszy-podatek-dla-czlonkow-zwiazku\/","og_locale":"pl_PL","og_type":"article","og_title":"Mniejszy podatek dla cz\u0142onk\u00f3w zwi\u0105zku - KSPNSZZ","og_description":"Pracownicy, kt\u00f3rzy s\u0105 cz\u0142onkami organizacji zwi\u0105zkowych odlicz\u0105 od dochodu nawet 500 z\u0142 w\u00a0rozliczeniu PIT. \u201ePolski \u0141ad\u201d pocz\u0105tkowo zak\u0142ada\u0142 mo\u017cliwo\u015b\u0107 odliczenia maksymalnie 300 z\u0142, ale\u00a0po przyj\u0119ciu przez sejm poprawki zg\u0142oszonej przez NSZZ \u201eSolidarno\u015b\u0107\u201d kwota ta zwi\u0119kszy\u0142a si\u0119 o\u00a0200 z\u0142. Jak czytamy w stanowisku Ministerstwa Finans\u00f3w: podniesienie kwoty odliczenia ma uzasadnienie wobec zmniejszenia stawki podatku z 17 &hellip;","og_url":"https:\/\/kspnszz.org\/index.php\/2022\/05\/08\/mniejszy-podatek-dla-czlonkow-zwiazku\/","og_site_name":"KSPNSZZ","article_published_time":"2022-05-08T18:48:07+00:00","og_image":[{"width":1688,"height":1125,"url":"https:\/\/kspnszz.org\/wp-content\/uploads\/2015\/10\/Fotolia_80866280_Subscription_Monthly_M.jpg","type":"image\/jpeg"}],"author":"bartlomiej","twitter_card":"summary_large_image","twitter_misc":{"Napisane przez":"bartlomiej","Szacowany czas czytania":"1 minuta"},"schema":{"@context":"https:\/\/schema.org","@graph":[{"@type":"WebPage","@id":"https:\/\/kspnszz.org\/index.php\/2022\/05\/08\/mniejszy-podatek-dla-czlonkow-zwiazku\/","url":"https:\/\/kspnszz.org\/index.php\/2022\/05\/08\/mniejszy-podatek-dla-czlonkow-zwiazku\/","name":"Mniejszy podatek dla cz\u0142onk\u00f3w zwi\u0105zku - KSPNSZZ","isPartOf":{"@id":"http:\/\/kspnszz.org\/#website"},"primaryImageOfPage":{"@id":"https:\/\/kspnszz.org\/index.php\/2022\/05\/08\/mniejszy-podatek-dla-czlonkow-zwiazku\/#primaryimage"},"image":{"@id":"https:\/\/kspnszz.org\/index.php\/2022\/05\/08\/mniejszy-podatek-dla-czlonkow-zwiazku\/#primaryimage"},"thumbnailUrl":"https:\/\/kspnszz.org\/wp-content\/uploads\/2015\/10\/Fotolia_80866280_Subscription_Monthly_M.jpg","datePublished":"2022-05-08T18:48:07+00:00","dateModified":"2022-05-08T18:48:07+00:00","author":{"@id":"http:\/\/kspnszz.org\/#\/schema\/person\/31096cf196f706ef50ecbd878903cc13"},"breadcrumb":{"@id":"https:\/\/kspnszz.org\/index.php\/2022\/05\/08\/mniejszy-podatek-dla-czlonkow-zwiazku\/#breadcrumb"},"inLanguage":"pl-PL","potentialAction":[{"@type":"ReadAction","target":["https:\/\/kspnszz.org\/index.php\/2022\/05\/08\/mniejszy-podatek-dla-czlonkow-zwiazku\/"]}]},{"@type":"ImageObject","inLanguage":"pl-PL","@id":"https:\/\/kspnszz.org\/index.php\/2022\/05\/08\/mniejszy-podatek-dla-czlonkow-zwiazku\/#primaryimage","url":"https:\/\/kspnszz.org\/wp-content\/uploads\/2015\/10\/Fotolia_80866280_Subscription_Monthly_M.jpg","contentUrl":"https:\/\/kspnszz.org\/wp-content\/uploads\/2015\/10\/Fotolia_80866280_Subscription_Monthly_M.jpg","width":1688,"height":1125},{"@type":"BreadcrumbList","@id":"https:\/\/kspnszz.org\/index.php\/2022\/05\/08\/mniejszy-podatek-dla-czlonkow-zwiazku\/#breadcrumb","itemListElement":[{"@type":"ListItem","position":1,"name":"Strona g\u0142\u00f3wna","item":"http:\/\/kspnszz.org\/"},{"@type":"ListItem","position":2,"name":"Mniejszy podatek dla cz\u0142onk\u00f3w zwi\u0105zku"}]},{"@type":"WebSite","@id":"http:\/\/kspnszz.org\/#website","url":"http:\/\/kspnszz.org\/","name":"KSPNSZZ","description":"Krajowa Sekcja Po\u017carnictwa","potentialAction":[{"@type":"SearchAction","target":{"@type":"EntryPoint","urlTemplate":"http:\/\/kspnszz.org\/?s={search_term_string}"},"query-input":"required name=search_term_string"}],"inLanguage":"pl-PL"},{"@type":"Person","@id":"http:\/\/kspnszz.org\/#\/schema\/person\/31096cf196f706ef50ecbd878903cc13","name":"bartlomiej","image":{"@type":"ImageObject","inLanguage":"pl-PL","@id":"http:\/\/kspnszz.org\/#\/schema\/person\/image\/","url":"https:\/\/secure.gravatar.com\/avatar\/cb681656f150968eb94b73c62cf58e52?s=96&d=mm&r=g","contentUrl":"https:\/\/secure.gravatar.com\/avatar\/cb681656f150968eb94b73c62cf58e52?s=96&d=mm&r=g","caption":"bartlomiej"},"url":"https:\/\/kspnszz.org\/index.php\/author\/bartlomiej\/"}]}},"_links":{"self":[{"href":"https:\/\/kspnszz.org\/index.php\/wp-json\/wp\/v2\/posts\/3942"}],"collection":[{"href":"https:\/\/kspnszz.org\/index.php\/wp-json\/wp\/v2\/posts"}],"about":[{"href":"https:\/\/kspnszz.org\/index.php\/wp-json\/wp\/v2\/types\/post"}],"author":[{"embeddable":true,"href":"https:\/\/kspnszz.org\/index.php\/wp-json\/wp\/v2\/users\/2"}],"replies":[{"embeddable":true,"href":"https:\/\/kspnszz.org\/index.php\/wp-json\/wp\/v2\/comments?post=3942"}],"version-history":[{"count":7,"href":"https:\/\/kspnszz.org\/index.php\/wp-json\/wp\/v2\/posts\/3942\/revisions"}],"predecessor-version":[{"id":3950,"href":"https:\/\/kspnszz.org\/index.php\/wp-json\/wp\/v2\/posts\/3942\/revisions\/3950"}],"wp:featuredmedia":[{"embeddable":true,"href":"https:\/\/kspnszz.org\/index.php\/wp-json\/wp\/v2\/media\/1163"}],"wp:attachment":[{"href":"https:\/\/kspnszz.org\/index.php\/wp-json\/wp\/v2\/media?parent=3942"}],"wp:term":[{"taxonomy":"category","embeddable":true,"href":"https:\/\/kspnszz.org\/index.php\/wp-json\/wp\/v2\/categories?post=3942"},{"taxonomy":"post_tag","embeddable":true,"href":"https:\/\/kspnszz.org\/index.php\/wp-json\/wp\/v2\/tags?post=3942"}],"curies":[{"name":"wp","href":"https:\/\/api.w.org\/{rel}","templated":true}]}}