{"id":3860,"date":"2022-04-08T20:43:59","date_gmt":"2022-04-08T18:43:59","guid":{"rendered":"http:\/\/kspnszz.org\/?p=3860"},"modified":"2022-04-08T20:43:59","modified_gmt":"2022-04-08T18:43:59","slug":"rada-ksp-omowila-proces-wdrazania-podwyzek","status":"publish","type":"post","link":"https:\/\/kspnszz.org\/index.php\/2022\/04\/08\/rada-ksp-omowila-proces-wdrazania-podwyzek\/","title":{"rendered":"Rada KSP om\u00f3wi\u0142a proces wdra\u017cania podwy\u017cek"},"content":{"rendered":"<p style=\"text-align: justify;\"><strong>W dniach 30-31 marca 2022 r. w Golubiu-Dobrzyniu (woj. wojew\u00f3dztwo kujawsko-pomorskie) odby\u0142o si\u0119 posiedzenie Rady Krajowej Sekcji Po\u017carnictwa NSZZ \u201eSolidarno\u015b\u0107\u201d. W trakcie spotkania zwi\u0105zkowcy om\u00f3wili m.in. wdra\u017canie tegorocznych podwy\u017cek, plany Zwi\u0105zku na bie\u017c\u0105cy rok, a tak\u017ce sprawy zwi\u0105zane z zaanga\u017cowaniem Pa\u0144stwowej Stra\u017cy Po\u017carnej w pomoc uchod\u017acom z Ukrainy. Jeden z paneli po\u015bwi\u0119cono r\u00f3wnie\u017c profilaktyce nowotworowej stra\u017cak\u00f3w.<\/strong><\/p>\n<p style=\"text-align: justify;\"><a href=\"http:\/\/kspnszz.org\/wp-content\/uploads\/2022\/04\/1.jpg\" data-rel=\"lightbox-image-0\" data-rl_title=\"\" data-rl_caption=\"\" title=\"\"><img loading=\"lazy\" decoding=\"async\" class=\"aligncenter  wp-image-3856\" src=\"http:\/\/kspnszz.org\/wp-content\/uploads\/2022\/04\/1-1024x683.jpg\" alt=\"1\" width=\"426\" height=\"283\" srcset=\"https:\/\/kspnszz.org\/wp-content\/uploads\/2022\/04\/1-1024x683.jpg 1024w, https:\/\/kspnszz.org\/wp-content\/uploads\/2022\/04\/1-300x200.jpg 300w, https:\/\/kspnszz.org\/wp-content\/uploads\/2022\/04\/1-310x205.jpg 310w\" sizes=\"(max-width: 426px) 100vw, 426px\" \/><\/a><\/p>\n<p style=\"text-align: justify;\">W pierwszej cz\u0119\u015bci posiedzenia Wiceprzewodnicz\u0105cy Maciej \u0141ozowski przedstawi\u0142 sprawozdanie z\u00a0wykonania ubieg\u0142orocznego planu bud\u017cetu. Rada jednog\u0142o\u015bnie przyj\u0119\u0142a te\u017c uchwa\u0142\u0119 ws. preliminarza bud\u017cetu na rok 2022.<\/p>\n<p style=\"text-align: justify;\">Przewodnicz\u0105cy Bart\u0142omiej Mickiewicz om\u00f3wi\u0142 zakres zada\u0144 i spraw\u0119 zaprzysi\u0119\u017cenia na cz\u0142onka Komisji Krajowej w zwi\u0105zku z wyborem na funkcj\u0119 Przewodnicz\u0105cego Sekretariatu S\u0142u\u017cb Publicznych. W tym aspekcie Rada zaaprobowa\u0142a propozycj\u0119 Prezydium co do zmian personalnych w zespo\u0142ach problemowych powo\u0142anych przez Komendanta G\u0142\u00f3wnego PSP:<\/p>\n<ul style=\"text-align: justify;\">\n<li>Zesp\u00f3\u0142 Komendanta G\u0142\u00f3wnego do spraw analizy przepisu kwalifikacyjnego i p\u0142acowego, stron\u0119 spo\u0142eczn\u0105 z ramienia KSP NSZZ Solidarno\u015b\u0107 reprezentowa\u0107 b\u0119d\u0105 kol. Tomasz Richert oraz kol. Andrzej Skomra.<\/li>\n<li>Zesp\u00f3\u0142 Komendanta G\u0142\u00f3wnego do spraw opracowania zalece\u0144 z zakresu czyszczenia umundurowania stra\u017cak\u00f3w PSP i OSP z toksycznych produkt\u00f3w spalania, kt\u00f3re powstaj\u0105 podczas po\u017caru, stron\u0119 spo\u0142eczn\u0105 z ramienia KSP NSZZ Solidarno\u015b\u0107 reprezentowa\u0107 b\u0119d\u0105 kol. Szymon Kokot i kol. \u0141ukasz Kapica.<\/li>\n<li>Zesp\u00f3\u0142 Komendanta G\u0142\u00f3wnego do spraw czasu s\u0142u\u017cby, stron\u0119 spo\u0142eczn\u0105 z ramienia KSP NSZZ Solidarno\u015b\u0107 reprezentowa\u0107 b\u0119dzie kol. \u0141ukasz Kapica.<\/li>\n<\/ul>\n<p style=\"text-align: justify;\">Ponadto ustalono, \u017ce wsp\u00f3\u0142prac\u0105 mi\u0119dzynarodow\u0105 w ramach tzw. grupy V-4 zajmowa\u0142 si\u0119 kol. \u0141ukasz Kapica, oraz Pawe\u0142 Zieli\u0144ski, natomiast wsp\u00f3\u0142prac\u0105 w ramach EPSU (European Public Service Unions) zajmowa\u0142 b\u0119dzie si\u0119 kol. Szymon Kokot.<\/p>\n<p style=\"text-align: justify;\">Przewodnicz\u0105cy KSP om\u00f3wi\u0142 r\u00f3wnie\u017c uchwa\u0142\u0119 Komisji Krajowej ws kalendarza wyborczego na kolejn\u0105 kadencj\u0119 oraz poinformowa\u0142, \u017ce kol. Piotr Ryk i Tomasz Richert zostali cz\u0142onkami Krajowej Komisji Wyborczej.<\/p>\n<p style=\"text-align: justify;\">W kolejnej cz\u0119\u015bci posiedzenia Rada zapozna\u0142a si\u0119 z ofert\u0105 firmy Decontex Polska, kt\u00f3ra jako jedyna w\u00a0naszym Kraju oferuje us\u0142ug\u0119 usuwania substancji toksycznych i niebezpiecznych za pomoc\u0105 ciek\u0142ego dwutlenku w\u0119gla. Prezentacj\u0119 na ten temat zaprezentowali Pan Tomasz Krasowski Manager ds. rozwoju oraz Pan Maciej Zieli\u0144ski Dyrektor Handlowy.<\/p>\n<p style=\"text-align: justify;\">Nast\u0119pnie kol. Szymon Kokot om\u00f3wi\u0142 dzia\u0142ania Sekcji i wsp\u00f3\u0142prac\u0119 z Fundacj\u0105 cfbt.pl w zakresie profilaktyki nowotworowej. Szymon Kokot przedstawi\u0142 m.in. za\u0142o\u017cenia projektu finansowanego z funduszu sponsoringowego PZU, realizowanego przez fundacj\u0119 we wsp\u00f3\u0142pracy z KSP NSZZ &#8222;Solidarno\u015b\u0107&#8221;. Projekt po\u015bwi\u0119cony jest edukacji oraz opracowaniu i dostarczeniu wiedzy eksperckiej w zakresie profilaktyki nowotworowej (<a href=\"https:\/\/www.facebook.com\/hashtag\/zdrowy_raktownik?__eep__=6&amp;__cft__%5b0%5d=AZVqfCUqRcpqReH-11py1z0XPcS4uvg-lbZpiemx4QstUXj-ZY81DjK4RWQo-XaulChgBSkp5hAIccwN_qQXmYMwuw5cNPg_-MNdzLDsS6MwWm1TRxVYxX5rq4uOwlL4nY_1Nwx1nqTrXxdhvLQasrJS&amp;__tn__=*NK-R\">#zdrowy_raKtownik<\/a>) oraz zasad taktycznych zarz\u0105dzania bezpiecze\u0144stwem podczas zdarze\u0144 (<a href=\"https:\/\/www.facebook.com\/hashtag\/pzm?__eep__=6&amp;__cft__%5b0%5d=AZVqfCUqRcpqReH-11py1z0XPcS4uvg-lbZpiemx4QstUXj-ZY81DjK4RWQo-XaulChgBSkp5hAIccwN_qQXmYMwuw5cNPg_-MNdzLDsS6MwWm1TRxVYxX5rq4uOwlL4nY_1Nwx1nqTrXxdhvLQasrJS&amp;__tn__=*NK-R\">#PZM<\/a> &#8211; Planuj \/ Zarz\u0105dzaj \/ Monitoruj).<\/p>\n<p style=\"text-align: justify;\">Kol. Pawe\u0142 Zieli\u0144ski om\u00f3wi\u0142 post\u0119py prac mi\u0119dzyzwi\u0105zkowego zespo\u0142u do spraw ubezpiecze\u0144 pod k\u0105tem nowych kierunk\u00f3w rozwoju, spotka\u0144 z firmami oraz plan\u00f3w wdro\u017ceniowych.<\/p>\n<p style=\"text-align: justify;\">Przewodnicz\u0105cy KSP om\u00f3wi\u0142 tak\u017ce wdra\u017canie podwy\u017cek zagwarantowanych porozumieniem z MSWiA z\u00a024\u00a0wrze\u015bnia 2021. Poinformowano, \u017ce zgodnie z o\u015bwiadczeniem KG PSP, \u015brodki na przeszeregowania stra\u017cak\u00f3w w my\u015bl nowelizacji rozporz\u0105dzenia ws uposa\u017cenia stra\u017cak\u00f3w PSP (grupy 2-6) zostan\u0105 przekazane do wszystkich jednostek organizacyjnych w najbli\u017cszych tygodniach. W ramach zabezpieczonych \u015brodk\u00f3w w kwocie 10 mln dokonane zostan\u0105 tak\u017ce odpowiednie korekty, kt\u00f3re pozwol\u0105 wykona\u0107 uzgodnienia w zakresie rozdysponowania 74,94 z\u0142 na etat na inne elementy uposa\u017cenia ni\u017c wzrost dodatku za stopie\u0144 (ustalenia w tej sprawie by\u0142y przedmiotem rozm\u00f3w pomi\u0119dzy KG PSP, a\u00a0zwi\u0105zkami zawodowymi w dniu 07.04.2022). Przewodnicz\u0105cy KSP zobowi\u0105za\u0142 r\u00f3wnie\u017c przewodnicz\u0105cych struktur wojew\u00f3dzkich do przekazania informacji w jakich komendach nie dokonano stosownych uzgodnie\u0144 ze zwi\u0105zkami zawodowymi dotycz\u0105cych rozdzia\u0142u wolnych \u015brodk\u00f3w na uposa\u017cenia.<\/p>\n<p style=\"text-align: justify;\">Przedstawiciele poszczeg\u00f3lnych wojew\u00f3dztw poinformowali o r\u00f3\u017cnych sposobach rozliczania czasu s\u0142u\u017cby kierowc\u00f3w, kt\u00f3rzy prowadzili dzia\u0142ania zwi\u0105zane z pomoc\u0105 uchod\u017acom z Ukrainy. Zgodnie z informacjami Komendy G\u0142\u00f3wnej czas s\u0142u\u017cby kierowc\u00f3w autobus\u00f3w oraz bus\u00f3w b\u0119dzie liczony wg o\u015bwiadczenia kierowcy, lecz nie mniej ni\u017c 8 godzin, zgodnie z obowi\u0105zuj\u0105cymi w tym zakresie przepisami. W zwi\u0105zku z r\u00f3\u017cnymi interpretacjami powy\u017cszego przez poszczeg\u00f3lnych kierownik\u00f3w jednostek organizacyjnych Przewodnicz\u0105cy KSP poinformowa\u0142, \u017ce ka\u017cdy stra\u017cak powinien mie\u0107 wliczone do czasu s\u0142u\u017cby wszystkie godziny, w kt\u00f3rych faktycznie wykonywa\u0142 zadania s\u0142u\u017cbowe. W\u00a0przypadku, kiedy dow\u00f3dcy nie b\u0119d\u0105 potwierdza\u0107 ewidencji wszystkich faktycznie przepracowanych godzin Krajowa Sekcja Po\u017carnictwa NSZZ SOIDARNO\u015a\u0106 b\u0119dzie reagowa\u0107 jednostkowo na wszystkie takie przypadki.<\/p>\n<p style=\"text-align: justify;\">Na zako\u0144czenia posiedzenia Przewodnicz\u0105cy Komisji Rewizyjnej Bogdan Kasprzyk zapozna\u0142 zebranych z\u00a0wynikami kontroli jak\u0105 przeprowadzi\u0142a Komisja Rewizyjna KSP w zakresie w zakresie dzia\u0142alno\u015bci finansowej i zgodno\u015bci dzia\u0142ania Prezydium KSP z postanowieniami statutu i innych przepis\u00f3w prawa wewn\u0105trzzwi\u0105zkowego \u2013 kontrola przebieg\u0142a pozytywnie z drobnymi uchybieniami.<\/p>\n<p style=\"text-align: justify;\"><a href=\"http:\/\/kspnszz.org\/wp-content\/uploads\/2022\/04\/7.jpg\" data-rel=\"lightbox-image-1\" data-rl_title=\"\" data-rl_caption=\"\" title=\"\"><img loading=\"lazy\" decoding=\"async\" class=\"aligncenter  wp-image-3853\" src=\"http:\/\/kspnszz.org\/wp-content\/uploads\/2022\/04\/7-1024x670.jpg\" alt=\"7\" width=\"512\" height=\"335\" srcset=\"https:\/\/kspnszz.org\/wp-content\/uploads\/2022\/04\/7-1024x670.jpg 1024w, https:\/\/kspnszz.org\/wp-content\/uploads\/2022\/04\/7-300x196.jpg 300w\" sizes=\"(max-width: 512px) 100vw, 512px\" \/><\/a><\/p>\n<p style=\"text-align: justify;\"><a href=\"http:\/\/kspnszz.org\/wp-content\/uploads\/2022\/04\/6.jpg\" data-rel=\"lightbox-image-2\" data-rl_title=\"\" data-rl_caption=\"\" title=\"\"><img loading=\"lazy\" decoding=\"async\" class=\"aligncenter  wp-image-3852\" src=\"http:\/\/kspnszz.org\/wp-content\/uploads\/2022\/04\/6-1024x689.jpg\" alt=\"6\" width=\"514\" height=\"346\" srcset=\"https:\/\/kspnszz.org\/wp-content\/uploads\/2022\/04\/6-1024x689.jpg 1024w, https:\/\/kspnszz.org\/wp-content\/uploads\/2022\/04\/6-300x202.jpg 300w, https:\/\/kspnszz.org\/wp-content\/uploads\/2022\/04\/6-110x75.jpg 110w\" sizes=\"(max-width: 514px) 100vw, 514px\" \/><\/a><\/p>\n<p style=\"text-align: justify;\"><a href=\"http:\/\/kspnszz.org\/wp-content\/uploads\/2022\/04\/4.jpg\" data-rel=\"lightbox-image-3\" data-rl_title=\"\" data-rl_caption=\"\" title=\"\"><img loading=\"lazy\" decoding=\"async\" class=\"aligncenter  wp-image-3859\" src=\"http:\/\/kspnszz.org\/wp-content\/uploads\/2022\/04\/4-1024x683.jpg\" alt=\"4\" width=\"518\" height=\"345\" srcset=\"https:\/\/kspnszz.org\/wp-content\/uploads\/2022\/04\/4-1024x683.jpg 1024w, https:\/\/kspnszz.org\/wp-content\/uploads\/2022\/04\/4-300x200.jpg 300w, https:\/\/kspnszz.org\/wp-content\/uploads\/2022\/04\/4-310x205.jpg 310w\" sizes=\"(max-width: 518px) 100vw, 518px\" \/><\/a><\/p>\n<p style=\"text-align: justify;\">\n<p style=\"text-align: justify;\"><a href=\"http:\/\/kspnszz.org\/wp-content\/uploads\/2022\/04\/5.jpg\" data-rel=\"lightbox-image-4\" data-rl_title=\"\" data-rl_caption=\"\" title=\"\"><img loading=\"lazy\" decoding=\"async\" class=\"aligncenter  wp-image-3851\" src=\"http:\/\/kspnszz.org\/wp-content\/uploads\/2022\/04\/5-1024x664.jpg\" alt=\"5\" width=\"513\" height=\"333\" srcset=\"https:\/\/kspnszz.org\/wp-content\/uploads\/2022\/04\/5-1024x664.jpg 1024w, https:\/\/kspnszz.org\/wp-content\/uploads\/2022\/04\/5-300x195.jpg 300w\" sizes=\"(max-width: 513px) 100vw, 513px\" \/><\/a><\/p>\n<p style=\"text-align: justify;\">\n<p style=\"text-align: justify;\"><a href=\"http:\/\/kspnszz.org\/wp-content\/uploads\/2022\/04\/3.jpg\" data-rel=\"lightbox-image-5\" data-rl_title=\"\" data-rl_caption=\"\" title=\"\"><img loading=\"lazy\" decoding=\"async\" class=\"aligncenter  wp-image-3858\" src=\"http:\/\/kspnszz.org\/wp-content\/uploads\/2022\/04\/3-1024x683.jpg\" alt=\"3\" width=\"515\" height=\"343\" srcset=\"https:\/\/kspnszz.org\/wp-content\/uploads\/2022\/04\/3-1024x683.jpg 1024w, https:\/\/kspnszz.org\/wp-content\/uploads\/2022\/04\/3-300x200.jpg 300w, https:\/\/kspnszz.org\/wp-content\/uploads\/2022\/04\/3-310x205.jpg 310w\" sizes=\"(max-width: 515px) 100vw, 515px\" \/><\/a><\/p>\n<p style=\"text-align: justify;\"><a href=\"http:\/\/kspnszz.org\/wp-content\/uploads\/2022\/04\/9.jpg\" data-rel=\"lightbox-image-6\" data-rl_title=\"\" data-rl_caption=\"\" title=\"\"><img loading=\"lazy\" decoding=\"async\" class=\"aligncenter  wp-image-3855\" src=\"http:\/\/kspnszz.org\/wp-content\/uploads\/2022\/04\/9-1024x683.jpg\" alt=\"9\" width=\"518\" height=\"345\" srcset=\"https:\/\/kspnszz.org\/wp-content\/uploads\/2022\/04\/9-1024x683.jpg 1024w, https:\/\/kspnszz.org\/wp-content\/uploads\/2022\/04\/9-300x200.jpg 300w, https:\/\/kspnszz.org\/wp-content\/uploads\/2022\/04\/9-310x205.jpg 310w\" sizes=\"(max-width: 518px) 100vw, 518px\" \/><\/a><\/p>\n<p style=\"text-align: justify;\">\n<p style=\"text-align: justify;\"><a href=\"http:\/\/kspnszz.org\/wp-content\/uploads\/2022\/04\/2.jpg\" data-rel=\"lightbox-image-7\" data-rl_title=\"\" data-rl_caption=\"\" title=\"\"><img loading=\"lazy\" decoding=\"async\" class=\"aligncenter  wp-image-3857\" src=\"http:\/\/kspnszz.org\/wp-content\/uploads\/2022\/04\/2-1024x672.jpg\" alt=\"2\" width=\"518\" height=\"341\" srcset=\"https:\/\/kspnszz.org\/wp-content\/uploads\/2022\/04\/2-1024x672.jpg 1024w, https:\/\/kspnszz.org\/wp-content\/uploads\/2022\/04\/2-300x197.jpg 300w, https:\/\/kspnszz.org\/wp-content\/uploads\/2022\/04\/2-310x205.jpg 310w\" sizes=\"(max-width: 518px) 100vw, 518px\" \/><\/a><\/p>\n<p style=\"text-align: justify;\"><a href=\"http:\/\/kspnszz.org\/wp-content\/uploads\/2022\/04\/8.jpg\" data-rel=\"lightbox-image-8\" data-rl_title=\"\" data-rl_caption=\"\" title=\"\"><img loading=\"lazy\" decoding=\"async\" class=\"aligncenter  wp-image-3854\" src=\"http:\/\/kspnszz.org\/wp-content\/uploads\/2022\/04\/8-1024x683.jpg\" alt=\"8\" width=\"521\" height=\"347\" srcset=\"https:\/\/kspnszz.org\/wp-content\/uploads\/2022\/04\/8-1024x683.jpg 1024w, https:\/\/kspnszz.org\/wp-content\/uploads\/2022\/04\/8-300x200.jpg 300w, https:\/\/kspnszz.org\/wp-content\/uploads\/2022\/04\/8-310x205.jpg 310w\" sizes=\"(max-width: 521px) 100vw, 521px\" \/><\/a><\/p>\n<p style=\"text-align: justify;\">\n<p style=\"text-align: justify;\">\n","protected":false},"excerpt":{"rendered":"<p>W dniach 30-31 marca 2022 r. w Golubiu-Dobrzyniu (woj. wojew\u00f3dztwo kujawsko-pomorskie) odby\u0142o si\u0119 posiedzenie Rady Krajowej Sekcji Po\u017carnictwa NSZZ \u201eSolidarno\u015b\u0107\u201d. W trakcie spotkania zwi\u0105zkowcy om\u00f3wili m.in. wdra\u017canie tegorocznych podwy\u017cek, plany Zwi\u0105zku na bie\u017c\u0105cy rok, a tak\u017ce sprawy zwi\u0105zane z zaanga\u017cowaniem Pa\u0144stwowej Stra\u017cy Po\u017carnej w pomoc uchod\u017acom z Ukrainy. Jeden z paneli po\u015bwi\u0119cono r\u00f3wnie\u017c profilaktyce nowotworowej &hellip;<\/p>\n","protected":false},"author":2,"featured_media":3856,"comment_status":"closed","ping_status":"closed","sticky":false,"template":"","format":"standard","meta":{"footnotes":""},"categories":[2,6],"tags":[],"yoast_head":"<!-- This site is optimized with the Yoast SEO plugin v22.7 - https:\/\/yoast.com\/wordpress\/plugins\/seo\/ -->\n<title>Rada KSP om\u00f3wi\u0142a proces wdra\u017cania podwy\u017cek - KSPNSZZ<\/title>\n<meta name=\"robots\" content=\"index, follow, max-snippet:-1, max-image-preview:large, max-video-preview:-1\" \/>\n<link rel=\"canonical\" href=\"https:\/\/kspnszz.org\/index.php\/2022\/04\/08\/rada-ksp-omowila-proces-wdrazania-podwyzek\/\" \/>\n<meta property=\"og:locale\" content=\"pl_PL\" \/>\n<meta property=\"og:type\" content=\"article\" \/>\n<meta property=\"og:title\" content=\"Rada KSP om\u00f3wi\u0142a proces wdra\u017cania podwy\u017cek - KSPNSZZ\" \/>\n<meta property=\"og:description\" content=\"W dniach 30-31 marca 2022 r. w Golubiu-Dobrzyniu (woj. wojew\u00f3dztwo kujawsko-pomorskie) odby\u0142o si\u0119 posiedzenie Rady Krajowej Sekcji Po\u017carnictwa NSZZ \u201eSolidarno\u015b\u0107\u201d. W trakcie spotkania zwi\u0105zkowcy om\u00f3wili m.in. wdra\u017canie tegorocznych podwy\u017cek, plany Zwi\u0105zku na bie\u017c\u0105cy rok, a tak\u017ce sprawy zwi\u0105zane z zaanga\u017cowaniem Pa\u0144stwowej Stra\u017cy Po\u017carnej w pomoc uchod\u017acom z Ukrainy. Jeden z paneli po\u015bwi\u0119cono r\u00f3wnie\u017c profilaktyce nowotworowej &hellip;\" \/>\n<meta property=\"og:url\" content=\"https:\/\/kspnszz.org\/index.php\/2022\/04\/08\/rada-ksp-omowila-proces-wdrazania-podwyzek\/\" \/>\n<meta property=\"og:site_name\" content=\"KSPNSZZ\" \/>\n<meta property=\"article:published_time\" content=\"2022-04-08T18:43:59+00:00\" \/>\n<meta property=\"og:image\" content=\"https:\/\/kspnszz.org\/wp-content\/uploads\/2022\/04\/1.jpg\" \/>\n\t<meta property=\"og:image:width\" content=\"2400\" \/>\n\t<meta property=\"og:image:height\" content=\"1600\" \/>\n\t<meta property=\"og:image:type\" content=\"image\/jpeg\" \/>\n<meta name=\"author\" content=\"bartlomiej\" \/>\n<meta name=\"twitter:card\" content=\"summary_large_image\" \/>\n<meta name=\"twitter:label1\" content=\"Napisane przez\" \/>\n\t<meta name=\"twitter:data1\" content=\"bartlomiej\" \/>\n\t<meta name=\"twitter:label2\" content=\"Szacowany czas czytania\" \/>\n\t<meta name=\"twitter:data2\" content=\"4 minuty\" \/>\n<script type=\"application\/ld+json\" class=\"yoast-schema-graph\">{\"@context\":\"https:\/\/schema.org\",\"@graph\":[{\"@type\":\"WebPage\",\"@id\":\"https:\/\/kspnszz.org\/index.php\/2022\/04\/08\/rada-ksp-omowila-proces-wdrazania-podwyzek\/\",\"url\":\"https:\/\/kspnszz.org\/index.php\/2022\/04\/08\/rada-ksp-omowila-proces-wdrazania-podwyzek\/\",\"name\":\"Rada KSP om\u00f3wi\u0142a proces wdra\u017cania podwy\u017cek - KSPNSZZ\",\"isPartOf\":{\"@id\":\"http:\/\/kspnszz.org\/#website\"},\"primaryImageOfPage\":{\"@id\":\"https:\/\/kspnszz.org\/index.php\/2022\/04\/08\/rada-ksp-omowila-proces-wdrazania-podwyzek\/#primaryimage\"},\"image\":{\"@id\":\"https:\/\/kspnszz.org\/index.php\/2022\/04\/08\/rada-ksp-omowila-proces-wdrazania-podwyzek\/#primaryimage\"},\"thumbnailUrl\":\"https:\/\/kspnszz.org\/wp-content\/uploads\/2022\/04\/1.jpg\",\"datePublished\":\"2022-04-08T18:43:59+00:00\",\"dateModified\":\"2022-04-08T18:43:59+00:00\",\"author\":{\"@id\":\"http:\/\/kspnszz.org\/#\/schema\/person\/31096cf196f706ef50ecbd878903cc13\"},\"breadcrumb\":{\"@id\":\"https:\/\/kspnszz.org\/index.php\/2022\/04\/08\/rada-ksp-omowila-proces-wdrazania-podwyzek\/#breadcrumb\"},\"inLanguage\":\"pl-PL\",\"potentialAction\":[{\"@type\":\"ReadAction\",\"target\":[\"https:\/\/kspnszz.org\/index.php\/2022\/04\/08\/rada-ksp-omowila-proces-wdrazania-podwyzek\/\"]}]},{\"@type\":\"ImageObject\",\"inLanguage\":\"pl-PL\",\"@id\":\"https:\/\/kspnszz.org\/index.php\/2022\/04\/08\/rada-ksp-omowila-proces-wdrazania-podwyzek\/#primaryimage\",\"url\":\"https:\/\/kspnszz.org\/wp-content\/uploads\/2022\/04\/1.jpg\",\"contentUrl\":\"https:\/\/kspnszz.org\/wp-content\/uploads\/2022\/04\/1.jpg\",\"width\":2400,\"height\":1600},{\"@type\":\"BreadcrumbList\",\"@id\":\"https:\/\/kspnszz.org\/index.php\/2022\/04\/08\/rada-ksp-omowila-proces-wdrazania-podwyzek\/#breadcrumb\",\"itemListElement\":[{\"@type\":\"ListItem\",\"position\":1,\"name\":\"Strona g\u0142\u00f3wna\",\"item\":\"http:\/\/kspnszz.org\/\"},{\"@type\":\"ListItem\",\"position\":2,\"name\":\"Rada KSP om\u00f3wi\u0142a proces wdra\u017cania podwy\u017cek\"}]},{\"@type\":\"WebSite\",\"@id\":\"http:\/\/kspnszz.org\/#website\",\"url\":\"http:\/\/kspnszz.org\/\",\"name\":\"KSPNSZZ\",\"description\":\"Krajowa Sekcja Po\u017carnictwa\",\"potentialAction\":[{\"@type\":\"SearchAction\",\"target\":{\"@type\":\"EntryPoint\",\"urlTemplate\":\"http:\/\/kspnszz.org\/?s={search_term_string}\"},\"query-input\":\"required name=search_term_string\"}],\"inLanguage\":\"pl-PL\"},{\"@type\":\"Person\",\"@id\":\"http:\/\/kspnszz.org\/#\/schema\/person\/31096cf196f706ef50ecbd878903cc13\",\"name\":\"bartlomiej\",\"image\":{\"@type\":\"ImageObject\",\"inLanguage\":\"pl-PL\",\"@id\":\"http:\/\/kspnszz.org\/#\/schema\/person\/image\/\",\"url\":\"https:\/\/secure.gravatar.com\/avatar\/cb681656f150968eb94b73c62cf58e52?s=96&d=mm&r=g\",\"contentUrl\":\"https:\/\/secure.gravatar.com\/avatar\/cb681656f150968eb94b73c62cf58e52?s=96&d=mm&r=g\",\"caption\":\"bartlomiej\"},\"url\":\"https:\/\/kspnszz.org\/index.php\/author\/bartlomiej\/\"}]}<\/script>\n<!-- \/ Yoast SEO plugin. -->","yoast_head_json":{"title":"Rada KSP om\u00f3wi\u0142a proces wdra\u017cania podwy\u017cek - KSPNSZZ","robots":{"index":"index","follow":"follow","max-snippet":"max-snippet:-1","max-image-preview":"max-image-preview:large","max-video-preview":"max-video-preview:-1"},"canonical":"https:\/\/kspnszz.org\/index.php\/2022\/04\/08\/rada-ksp-omowila-proces-wdrazania-podwyzek\/","og_locale":"pl_PL","og_type":"article","og_title":"Rada KSP om\u00f3wi\u0142a proces wdra\u017cania podwy\u017cek - KSPNSZZ","og_description":"W dniach 30-31 marca 2022 r. w Golubiu-Dobrzyniu (woj. wojew\u00f3dztwo kujawsko-pomorskie) odby\u0142o si\u0119 posiedzenie Rady Krajowej Sekcji Po\u017carnictwa NSZZ \u201eSolidarno\u015b\u0107\u201d. W trakcie spotkania zwi\u0105zkowcy om\u00f3wili m.in. wdra\u017canie tegorocznych podwy\u017cek, plany Zwi\u0105zku na bie\u017c\u0105cy rok, a tak\u017ce sprawy zwi\u0105zane z zaanga\u017cowaniem Pa\u0144stwowej Stra\u017cy Po\u017carnej w pomoc uchod\u017acom z Ukrainy. Jeden z paneli po\u015bwi\u0119cono r\u00f3wnie\u017c profilaktyce nowotworowej &hellip;","og_url":"https:\/\/kspnszz.org\/index.php\/2022\/04\/08\/rada-ksp-omowila-proces-wdrazania-podwyzek\/","og_site_name":"KSPNSZZ","article_published_time":"2022-04-08T18:43:59+00:00","og_image":[{"width":2400,"height":1600,"url":"https:\/\/kspnszz.org\/wp-content\/uploads\/2022\/04\/1.jpg","type":"image\/jpeg"}],"author":"bartlomiej","twitter_card":"summary_large_image","twitter_misc":{"Napisane przez":"bartlomiej","Szacowany czas czytania":"4 minuty"},"schema":{"@context":"https:\/\/schema.org","@graph":[{"@type":"WebPage","@id":"https:\/\/kspnszz.org\/index.php\/2022\/04\/08\/rada-ksp-omowila-proces-wdrazania-podwyzek\/","url":"https:\/\/kspnszz.org\/index.php\/2022\/04\/08\/rada-ksp-omowila-proces-wdrazania-podwyzek\/","name":"Rada KSP om\u00f3wi\u0142a proces wdra\u017cania podwy\u017cek - KSPNSZZ","isPartOf":{"@id":"http:\/\/kspnszz.org\/#website"},"primaryImageOfPage":{"@id":"https:\/\/kspnszz.org\/index.php\/2022\/04\/08\/rada-ksp-omowila-proces-wdrazania-podwyzek\/#primaryimage"},"image":{"@id":"https:\/\/kspnszz.org\/index.php\/2022\/04\/08\/rada-ksp-omowila-proces-wdrazania-podwyzek\/#primaryimage"},"thumbnailUrl":"https:\/\/kspnszz.org\/wp-content\/uploads\/2022\/04\/1.jpg","datePublished":"2022-04-08T18:43:59+00:00","dateModified":"2022-04-08T18:43:59+00:00","author":{"@id":"http:\/\/kspnszz.org\/#\/schema\/person\/31096cf196f706ef50ecbd878903cc13"},"breadcrumb":{"@id":"https:\/\/kspnszz.org\/index.php\/2022\/04\/08\/rada-ksp-omowila-proces-wdrazania-podwyzek\/#breadcrumb"},"inLanguage":"pl-PL","potentialAction":[{"@type":"ReadAction","target":["https:\/\/kspnszz.org\/index.php\/2022\/04\/08\/rada-ksp-omowila-proces-wdrazania-podwyzek\/"]}]},{"@type":"ImageObject","inLanguage":"pl-PL","@id":"https:\/\/kspnszz.org\/index.php\/2022\/04\/08\/rada-ksp-omowila-proces-wdrazania-podwyzek\/#primaryimage","url":"https:\/\/kspnszz.org\/wp-content\/uploads\/2022\/04\/1.jpg","contentUrl":"https:\/\/kspnszz.org\/wp-content\/uploads\/2022\/04\/1.jpg","width":2400,"height":1600},{"@type":"BreadcrumbList","@id":"https:\/\/kspnszz.org\/index.php\/2022\/04\/08\/rada-ksp-omowila-proces-wdrazania-podwyzek\/#breadcrumb","itemListElement":[{"@type":"ListItem","position":1,"name":"Strona g\u0142\u00f3wna","item":"http:\/\/kspnszz.org\/"},{"@type":"ListItem","position":2,"name":"Rada KSP om\u00f3wi\u0142a proces wdra\u017cania podwy\u017cek"}]},{"@type":"WebSite","@id":"http:\/\/kspnszz.org\/#website","url":"http:\/\/kspnszz.org\/","name":"KSPNSZZ","description":"Krajowa Sekcja Po\u017carnictwa","potentialAction":[{"@type":"SearchAction","target":{"@type":"EntryPoint","urlTemplate":"http:\/\/kspnszz.org\/?s={search_term_string}"},"query-input":"required name=search_term_string"}],"inLanguage":"pl-PL"},{"@type":"Person","@id":"http:\/\/kspnszz.org\/#\/schema\/person\/31096cf196f706ef50ecbd878903cc13","name":"bartlomiej","image":{"@type":"ImageObject","inLanguage":"pl-PL","@id":"http:\/\/kspnszz.org\/#\/schema\/person\/image\/","url":"https:\/\/secure.gravatar.com\/avatar\/cb681656f150968eb94b73c62cf58e52?s=96&d=mm&r=g","contentUrl":"https:\/\/secure.gravatar.com\/avatar\/cb681656f150968eb94b73c62cf58e52?s=96&d=mm&r=g","caption":"bartlomiej"},"url":"https:\/\/kspnszz.org\/index.php\/author\/bartlomiej\/"}]}},"_links":{"self":[{"href":"https:\/\/kspnszz.org\/index.php\/wp-json\/wp\/v2\/posts\/3860"}],"collection":[{"href":"https:\/\/kspnszz.org\/index.php\/wp-json\/wp\/v2\/posts"}],"about":[{"href":"https:\/\/kspnszz.org\/index.php\/wp-json\/wp\/v2\/types\/post"}],"author":[{"embeddable":true,"href":"https:\/\/kspnszz.org\/index.php\/wp-json\/wp\/v2\/users\/2"}],"replies":[{"embeddable":true,"href":"https:\/\/kspnszz.org\/index.php\/wp-json\/wp\/v2\/comments?post=3860"}],"version-history":[{"count":4,"href":"https:\/\/kspnszz.org\/index.php\/wp-json\/wp\/v2\/posts\/3860\/revisions"}],"predecessor-version":[{"id":3864,"href":"https:\/\/kspnszz.org\/index.php\/wp-json\/wp\/v2\/posts\/3860\/revisions\/3864"}],"wp:featuredmedia":[{"embeddable":true,"href":"https:\/\/kspnszz.org\/index.php\/wp-json\/wp\/v2\/media\/3856"}],"wp:attachment":[{"href":"https:\/\/kspnszz.org\/index.php\/wp-json\/wp\/v2\/media?parent=3860"}],"wp:term":[{"taxonomy":"category","embeddable":true,"href":"https:\/\/kspnszz.org\/index.php\/wp-json\/wp\/v2\/categories?post=3860"},{"taxonomy":"post_tag","embeddable":true,"href":"https:\/\/kspnszz.org\/index.php\/wp-json\/wp\/v2\/tags?post=3860"}],"curies":[{"name":"wp","href":"https:\/\/api.w.org\/{rel}","templated":true}]}}