{"id":3654,"date":"2022-02-10T17:58:21","date_gmt":"2022-02-10T16:58:21","guid":{"rendered":"http:\/\/kspnszz.org\/?p=3654"},"modified":"2022-02-11T06:45:05","modified_gmt":"2022-02-11T05:45:05","slug":"opublikowano-rozporzadzenie-mswia-w-sprawie-uposazenia-strazakow-psp","status":"publish","type":"post","link":"https:\/\/kspnszz.org\/index.php\/2022\/02\/10\/opublikowano-rozporzadzenie-mswia-w-sprawie-uposazenia-strazakow-psp\/","title":{"rendered":"Opublikowano rozporz\u0105dzenie MSWiA w sprawie uposa\u017cenia stra\u017cak\u00f3w PSP"},"content":{"rendered":"<p style=\"text-align: justify;\">10 lutego 2022 wesz\u0142o w \u017cycie rozporz\u0105dzenie ministra spraw wewn\u0119trznych i administracji z dnia 6 lutego 2022 r. zmieniaj\u0105ce rozporz\u0105dzenie w sprawie uposa\u017cenia stra\u017cak\u00f3w Pa\u0144stwowej Stra\u017cy Po\u017carnej (Dziennik Ustaw 2022 r. poz. 334).<\/p>\n<p style=\"text-align: justify;\">Rozporz\u0105dzenie jest realizacj\u0105 podwy\u017cki\u00a0dodatku\u00a0za stopie\u0144 zgodnie z\u00a0porozumieniem zawartym mi\u0119dzy\u00a0Komendantem G\u0142\u00f3wnym PSP\u00a0i\u00a0centralami zwi\u0105zk\u00f3w zawodowych dzia\u0142aj\u0105cych w\u00a0strukturach Pa\u0144stwowej Stra\u017cy Po\u017carnej. Pisali\u015bmy o tym <a href=\"http:\/\/kspnszz.org\/index.php\/2021\/10\/05\/uzgodniono-zasady-rozdzialu-podwyzek-uposazen-funkcjonariuszy-psp\/\">tutaj<\/a>. Zmiany maj\u0105 zastosowanie od dnia 1 stycznia 2022 r.<\/p>\n<p style=\"text-align: justify;\">Tre\u015b\u0107 rozporz\u0105dzenia do zapoznana w poni\u017cszym linku:<\/p>\n<p><a href=\"http:\/\/kspnszz.org\/wp-content\/uploads\/2022\/02\/Rozporzadzenie_MSWiA_w_sprawie_uposa\u017cenia_stra\u017cak\u00f3w_PSP.pdf\">Rozporz\u0105dzenie zmieniaj\u0105ce rozporz\u0105dzenie w sprawie uposa\u017cenia stra\u017cak\u00f3w Pa\u0144stwowej Stra\u017cy Po\u017carnej<\/a><\/p>\n","protected":false},"excerpt":{"rendered":"<p>10 lutego 2022 wesz\u0142o w \u017cycie rozporz\u0105dzenie ministra spraw wewn\u0119trznych i administracji z dnia 6 lutego 2022 r. zmieniaj\u0105ce rozporz\u0105dzenie w sprawie uposa\u017cenia stra\u017cak\u00f3w Pa\u0144stwowej Stra\u017cy Po\u017carnej (Dziennik Ustaw 2022 r. poz. 334). Rozporz\u0105dzenie jest realizacj\u0105 podwy\u017cki\u00a0dodatku\u00a0za stopie\u0144 zgodnie z\u00a0porozumieniem zawartym mi\u0119dzy\u00a0Komendantem G\u0142\u00f3wnym PSP\u00a0i\u00a0centralami zwi\u0105zk\u00f3w zawodowych dzia\u0142aj\u0105cych w\u00a0strukturach Pa\u0144stwowej Stra\u017cy Po\u017carnej. Pisali\u015bmy o tym tutaj. &hellip;<\/p>\n","protected":false},"author":2,"featured_media":2400,"comment_status":"closed","ping_status":"closed","sticky":false,"template":"","format":"standard","meta":{"footnotes":""},"categories":[2,1],"tags":[],"yoast_head":"<!-- This site is optimized with the Yoast SEO plugin v22.7 - https:\/\/yoast.com\/wordpress\/plugins\/seo\/ -->\n<title>Opublikowano rozporz\u0105dzenie MSWiA w sprawie uposa\u017cenia stra\u017cak\u00f3w PSP - KSPNSZZ<\/title>\n<meta name=\"robots\" content=\"index, follow, max-snippet:-1, max-image-preview:large, max-video-preview:-1\" \/>\n<link rel=\"canonical\" href=\"https:\/\/kspnszz.org\/index.php\/2022\/02\/10\/opublikowano-rozporzadzenie-mswia-w-sprawie-uposazenia-strazakow-psp\/\" \/>\n<meta property=\"og:locale\" content=\"pl_PL\" \/>\n<meta property=\"og:type\" content=\"article\" \/>\n<meta property=\"og:title\" content=\"Opublikowano rozporz\u0105dzenie MSWiA w sprawie uposa\u017cenia stra\u017cak\u00f3w PSP - KSPNSZZ\" \/>\n<meta property=\"og:description\" content=\"10 lutego 2022 wesz\u0142o w \u017cycie rozporz\u0105dzenie ministra spraw wewn\u0119trznych i administracji z dnia 6 lutego 2022 r. zmieniaj\u0105ce rozporz\u0105dzenie w sprawie uposa\u017cenia stra\u017cak\u00f3w Pa\u0144stwowej Stra\u017cy Po\u017carnej (Dziennik Ustaw 2022 r. poz. 334). Rozporz\u0105dzenie jest realizacj\u0105 podwy\u017cki\u00a0dodatku\u00a0za stopie\u0144 zgodnie z\u00a0porozumieniem zawartym mi\u0119dzy\u00a0Komendantem G\u0142\u00f3wnym PSP\u00a0i\u00a0centralami zwi\u0105zk\u00f3w zawodowych dzia\u0142aj\u0105cych w\u00a0strukturach Pa\u0144stwowej Stra\u017cy Po\u017carnej. Pisali\u015bmy o tym tutaj. &hellip;\" \/>\n<meta property=\"og:url\" content=\"https:\/\/kspnszz.org\/index.php\/2022\/02\/10\/opublikowano-rozporzadzenie-mswia-w-sprawie-uposazenia-strazakow-psp\/\" \/>\n<meta property=\"og:site_name\" content=\"KSPNSZZ\" \/>\n<meta property=\"article:published_time\" content=\"2022-02-10T16:58:21+00:00\" \/>\n<meta property=\"article:modified_time\" content=\"2022-02-11T05:45:05+00:00\" \/>\n<meta property=\"og:image\" content=\"https:\/\/kspnszz.org\/wp-content\/uploads\/2019\/12\/teczka-mswia.jpg\" \/>\n\t<meta property=\"og:image:width\" content=\"729\" \/>\n\t<meta property=\"og:image:height\" content=\"308\" \/>\n\t<meta property=\"og:image:type\" content=\"image\/jpeg\" \/>\n<meta name=\"author\" content=\"bartlomiej\" \/>\n<meta name=\"twitter:card\" content=\"summary_large_image\" \/>\n<meta name=\"twitter:label1\" content=\"Napisane przez\" \/>\n\t<meta name=\"twitter:data1\" content=\"bartlomiej\" \/>\n\t<meta name=\"twitter:label2\" content=\"Szacowany czas czytania\" \/>\n\t<meta name=\"twitter:data2\" content=\"1 minuta\" \/>\n<script type=\"application\/ld+json\" class=\"yoast-schema-graph\">{\"@context\":\"https:\/\/schema.org\",\"@graph\":[{\"@type\":\"WebPage\",\"@id\":\"https:\/\/kspnszz.org\/index.php\/2022\/02\/10\/opublikowano-rozporzadzenie-mswia-w-sprawie-uposazenia-strazakow-psp\/\",\"url\":\"https:\/\/kspnszz.org\/index.php\/2022\/02\/10\/opublikowano-rozporzadzenie-mswia-w-sprawie-uposazenia-strazakow-psp\/\",\"name\":\"Opublikowano rozporz\u0105dzenie MSWiA w sprawie uposa\u017cenia stra\u017cak\u00f3w PSP - KSPNSZZ\",\"isPartOf\":{\"@id\":\"http:\/\/kspnszz.org\/#website\"},\"primaryImageOfPage\":{\"@id\":\"https:\/\/kspnszz.org\/index.php\/2022\/02\/10\/opublikowano-rozporzadzenie-mswia-w-sprawie-uposazenia-strazakow-psp\/#primaryimage\"},\"image\":{\"@id\":\"https:\/\/kspnszz.org\/index.php\/2022\/02\/10\/opublikowano-rozporzadzenie-mswia-w-sprawie-uposazenia-strazakow-psp\/#primaryimage\"},\"thumbnailUrl\":\"https:\/\/kspnszz.org\/wp-content\/uploads\/2019\/12\/teczka-mswia.jpg\",\"datePublished\":\"2022-02-10T16:58:21+00:00\",\"dateModified\":\"2022-02-11T05:45:05+00:00\",\"author\":{\"@id\":\"http:\/\/kspnszz.org\/#\/schema\/person\/31096cf196f706ef50ecbd878903cc13\"},\"breadcrumb\":{\"@id\":\"https:\/\/kspnszz.org\/index.php\/2022\/02\/10\/opublikowano-rozporzadzenie-mswia-w-sprawie-uposazenia-strazakow-psp\/#breadcrumb\"},\"inLanguage\":\"pl-PL\",\"potentialAction\":[{\"@type\":\"ReadAction\",\"target\":[\"https:\/\/kspnszz.org\/index.php\/2022\/02\/10\/opublikowano-rozporzadzenie-mswia-w-sprawie-uposazenia-strazakow-psp\/\"]}]},{\"@type\":\"ImageObject\",\"inLanguage\":\"pl-PL\",\"@id\":\"https:\/\/kspnszz.org\/index.php\/2022\/02\/10\/opublikowano-rozporzadzenie-mswia-w-sprawie-uposazenia-strazakow-psp\/#primaryimage\",\"url\":\"https:\/\/kspnszz.org\/wp-content\/uploads\/2019\/12\/teczka-mswia.jpg\",\"contentUrl\":\"https:\/\/kspnszz.org\/wp-content\/uploads\/2019\/12\/teczka-mswia.jpg\",\"width\":729,\"height\":308},{\"@type\":\"BreadcrumbList\",\"@id\":\"https:\/\/kspnszz.org\/index.php\/2022\/02\/10\/opublikowano-rozporzadzenie-mswia-w-sprawie-uposazenia-strazakow-psp\/#breadcrumb\",\"itemListElement\":[{\"@type\":\"ListItem\",\"position\":1,\"name\":\"Strona g\u0142\u00f3wna\",\"item\":\"http:\/\/kspnszz.org\/\"},{\"@type\":\"ListItem\",\"position\":2,\"name\":\"Opublikowano rozporz\u0105dzenie MSWiA w sprawie uposa\u017cenia stra\u017cak\u00f3w PSP\"}]},{\"@type\":\"WebSite\",\"@id\":\"http:\/\/kspnszz.org\/#website\",\"url\":\"http:\/\/kspnszz.org\/\",\"name\":\"KSPNSZZ\",\"description\":\"Krajowa Sekcja Po\u017carnictwa\",\"potentialAction\":[{\"@type\":\"SearchAction\",\"target\":{\"@type\":\"EntryPoint\",\"urlTemplate\":\"http:\/\/kspnszz.org\/?s={search_term_string}\"},\"query-input\":\"required name=search_term_string\"}],\"inLanguage\":\"pl-PL\"},{\"@type\":\"Person\",\"@id\":\"http:\/\/kspnszz.org\/#\/schema\/person\/31096cf196f706ef50ecbd878903cc13\",\"name\":\"bartlomiej\",\"image\":{\"@type\":\"ImageObject\",\"inLanguage\":\"pl-PL\",\"@id\":\"http:\/\/kspnszz.org\/#\/schema\/person\/image\/\",\"url\":\"https:\/\/secure.gravatar.com\/avatar\/cb681656f150968eb94b73c62cf58e52?s=96&d=mm&r=g\",\"contentUrl\":\"https:\/\/secure.gravatar.com\/avatar\/cb681656f150968eb94b73c62cf58e52?s=96&d=mm&r=g\",\"caption\":\"bartlomiej\"},\"url\":\"https:\/\/kspnszz.org\/index.php\/author\/bartlomiej\/\"}]}<\/script>\n<!-- \/ Yoast SEO plugin. -->","yoast_head_json":{"title":"Opublikowano rozporz\u0105dzenie MSWiA w sprawie uposa\u017cenia stra\u017cak\u00f3w PSP - KSPNSZZ","robots":{"index":"index","follow":"follow","max-snippet":"max-snippet:-1","max-image-preview":"max-image-preview:large","max-video-preview":"max-video-preview:-1"},"canonical":"https:\/\/kspnszz.org\/index.php\/2022\/02\/10\/opublikowano-rozporzadzenie-mswia-w-sprawie-uposazenia-strazakow-psp\/","og_locale":"pl_PL","og_type":"article","og_title":"Opublikowano rozporz\u0105dzenie MSWiA w sprawie uposa\u017cenia stra\u017cak\u00f3w PSP - KSPNSZZ","og_description":"10 lutego 2022 wesz\u0142o w \u017cycie rozporz\u0105dzenie ministra spraw wewn\u0119trznych i administracji z dnia 6 lutego 2022 r. zmieniaj\u0105ce rozporz\u0105dzenie w sprawie uposa\u017cenia stra\u017cak\u00f3w Pa\u0144stwowej Stra\u017cy Po\u017carnej (Dziennik Ustaw 2022 r. poz. 334). Rozporz\u0105dzenie jest realizacj\u0105 podwy\u017cki\u00a0dodatku\u00a0za stopie\u0144 zgodnie z\u00a0porozumieniem zawartym mi\u0119dzy\u00a0Komendantem G\u0142\u00f3wnym PSP\u00a0i\u00a0centralami zwi\u0105zk\u00f3w zawodowych dzia\u0142aj\u0105cych w\u00a0strukturach Pa\u0144stwowej Stra\u017cy Po\u017carnej. Pisali\u015bmy o tym tutaj. &hellip;","og_url":"https:\/\/kspnszz.org\/index.php\/2022\/02\/10\/opublikowano-rozporzadzenie-mswia-w-sprawie-uposazenia-strazakow-psp\/","og_site_name":"KSPNSZZ","article_published_time":"2022-02-10T16:58:21+00:00","article_modified_time":"2022-02-11T05:45:05+00:00","og_image":[{"width":729,"height":308,"url":"https:\/\/kspnszz.org\/wp-content\/uploads\/2019\/12\/teczka-mswia.jpg","type":"image\/jpeg"}],"author":"bartlomiej","twitter_card":"summary_large_image","twitter_misc":{"Napisane przez":"bartlomiej","Szacowany czas czytania":"1 minuta"},"schema":{"@context":"https:\/\/schema.org","@graph":[{"@type":"WebPage","@id":"https:\/\/kspnszz.org\/index.php\/2022\/02\/10\/opublikowano-rozporzadzenie-mswia-w-sprawie-uposazenia-strazakow-psp\/","url":"https:\/\/kspnszz.org\/index.php\/2022\/02\/10\/opublikowano-rozporzadzenie-mswia-w-sprawie-uposazenia-strazakow-psp\/","name":"Opublikowano rozporz\u0105dzenie MSWiA w sprawie uposa\u017cenia stra\u017cak\u00f3w PSP - KSPNSZZ","isPartOf":{"@id":"http:\/\/kspnszz.org\/#website"},"primaryImageOfPage":{"@id":"https:\/\/kspnszz.org\/index.php\/2022\/02\/10\/opublikowano-rozporzadzenie-mswia-w-sprawie-uposazenia-strazakow-psp\/#primaryimage"},"image":{"@id":"https:\/\/kspnszz.org\/index.php\/2022\/02\/10\/opublikowano-rozporzadzenie-mswia-w-sprawie-uposazenia-strazakow-psp\/#primaryimage"},"thumbnailUrl":"https:\/\/kspnszz.org\/wp-content\/uploads\/2019\/12\/teczka-mswia.jpg","datePublished":"2022-02-10T16:58:21+00:00","dateModified":"2022-02-11T05:45:05+00:00","author":{"@id":"http:\/\/kspnszz.org\/#\/schema\/person\/31096cf196f706ef50ecbd878903cc13"},"breadcrumb":{"@id":"https:\/\/kspnszz.org\/index.php\/2022\/02\/10\/opublikowano-rozporzadzenie-mswia-w-sprawie-uposazenia-strazakow-psp\/#breadcrumb"},"inLanguage":"pl-PL","potentialAction":[{"@type":"ReadAction","target":["https:\/\/kspnszz.org\/index.php\/2022\/02\/10\/opublikowano-rozporzadzenie-mswia-w-sprawie-uposazenia-strazakow-psp\/"]}]},{"@type":"ImageObject","inLanguage":"pl-PL","@id":"https:\/\/kspnszz.org\/index.php\/2022\/02\/10\/opublikowano-rozporzadzenie-mswia-w-sprawie-uposazenia-strazakow-psp\/#primaryimage","url":"https:\/\/kspnszz.org\/wp-content\/uploads\/2019\/12\/teczka-mswia.jpg","contentUrl":"https:\/\/kspnszz.org\/wp-content\/uploads\/2019\/12\/teczka-mswia.jpg","width":729,"height":308},{"@type":"BreadcrumbList","@id":"https:\/\/kspnszz.org\/index.php\/2022\/02\/10\/opublikowano-rozporzadzenie-mswia-w-sprawie-uposazenia-strazakow-psp\/#breadcrumb","itemListElement":[{"@type":"ListItem","position":1,"name":"Strona g\u0142\u00f3wna","item":"http:\/\/kspnszz.org\/"},{"@type":"ListItem","position":2,"name":"Opublikowano rozporz\u0105dzenie MSWiA w sprawie uposa\u017cenia stra\u017cak\u00f3w PSP"}]},{"@type":"WebSite","@id":"http:\/\/kspnszz.org\/#website","url":"http:\/\/kspnszz.org\/","name":"KSPNSZZ","description":"Krajowa Sekcja Po\u017carnictwa","potentialAction":[{"@type":"SearchAction","target":{"@type":"EntryPoint","urlTemplate":"http:\/\/kspnszz.org\/?s={search_term_string}"},"query-input":"required name=search_term_string"}],"inLanguage":"pl-PL"},{"@type":"Person","@id":"http:\/\/kspnszz.org\/#\/schema\/person\/31096cf196f706ef50ecbd878903cc13","name":"bartlomiej","image":{"@type":"ImageObject","inLanguage":"pl-PL","@id":"http:\/\/kspnszz.org\/#\/schema\/person\/image\/","url":"https:\/\/secure.gravatar.com\/avatar\/cb681656f150968eb94b73c62cf58e52?s=96&d=mm&r=g","contentUrl":"https:\/\/secure.gravatar.com\/avatar\/cb681656f150968eb94b73c62cf58e52?s=96&d=mm&r=g","caption":"bartlomiej"},"url":"https:\/\/kspnszz.org\/index.php\/author\/bartlomiej\/"}]}},"_links":{"self":[{"href":"https:\/\/kspnszz.org\/index.php\/wp-json\/wp\/v2\/posts\/3654"}],"collection":[{"href":"https:\/\/kspnszz.org\/index.php\/wp-json\/wp\/v2\/posts"}],"about":[{"href":"https:\/\/kspnszz.org\/index.php\/wp-json\/wp\/v2\/types\/post"}],"author":[{"embeddable":true,"href":"https:\/\/kspnszz.org\/index.php\/wp-json\/wp\/v2\/users\/2"}],"replies":[{"embeddable":true,"href":"https:\/\/kspnszz.org\/index.php\/wp-json\/wp\/v2\/comments?post=3654"}],"version-history":[{"count":3,"href":"https:\/\/kspnszz.org\/index.php\/wp-json\/wp\/v2\/posts\/3654\/revisions"}],"predecessor-version":[{"id":3660,"href":"https:\/\/kspnszz.org\/index.php\/wp-json\/wp\/v2\/posts\/3654\/revisions\/3660"}],"wp:featuredmedia":[{"embeddable":true,"href":"https:\/\/kspnszz.org\/index.php\/wp-json\/wp\/v2\/media\/2400"}],"wp:attachment":[{"href":"https:\/\/kspnszz.org\/index.php\/wp-json\/wp\/v2\/media?parent=3654"}],"wp:term":[{"taxonomy":"category","embeddable":true,"href":"https:\/\/kspnszz.org\/index.php\/wp-json\/wp\/v2\/categories?post=3654"},{"taxonomy":"post_tag","embeddable":true,"href":"https:\/\/kspnszz.org\/index.php\/wp-json\/wp\/v2\/tags?post=3654"}],"curies":[{"name":"wp","href":"https:\/\/api.w.org\/{rel}","templated":true}]}}