{"id":3436,"date":"2021-11-02T09:42:31","date_gmt":"2021-11-02T08:42:31","guid":{"rendered":"http:\/\/kspnszz.org\/?p=3436"},"modified":"2021-11-02T09:43:01","modified_gmt":"2021-11-02T08:43:01","slug":"ogloszono-nowy-program-modernizacji-dla-sluzb-podleglych-mswia","status":"publish","type":"post","link":"https:\/\/kspnszz.org\/index.php\/2021\/11\/02\/ogloszono-nowy-program-modernizacji-dla-sluzb-podleglych-mswia\/","title":{"rendered":"Og\u0142oszono nowy program modernizacji dla s\u0142u\u017cb podleg\u0142ych MSWiA"},"content":{"rendered":"<p style=\"text-align: justify;\"><strong>\u2013 <em>To niezwykle wa\u017cny projekt, wielka inwestycja w bezpiecze\u0144stwo Polak\u00f3w, realne wzmocnienie naszych s\u0142u\u017cb odpowiedzialnych za losy obywateli<\/em> \u2013 powiedzia\u0142 minister Mariusz Kami\u0144ski podczas konferencji prasowej zwo\u0142anej 27 pa\u017adziernika br. Nowy program modernizacji s\u0142u\u017cb mundurowych zak\u0142ada przeznaczenie ponad 10 miliard\u00f3w z\u0142otych na rozw\u00f3j Policji, Stra\u017cy Granicznej, Pa\u0144stwowej Stra\u017cy Po\u017carnej oraz S\u0142u\u017cby Ochrony Pa\u0144stwa. Program obowi\u0105zywa\u0107 b\u0119dzie w latach 2022-2025.<\/strong><\/p>\n<p style=\"text-align: justify;\"><a href=\"http:\/\/kspnszz.org\/wp-content\/uploads\/2021\/11\/konferencja.jpg\" data-rel=\"lightbox-image-0\" data-rl_title=\"\" data-rl_caption=\"\" title=\"\"><img loading=\"lazy\" decoding=\"async\" class=\"aligncenter  wp-image-3440\" src=\"http:\/\/kspnszz.org\/wp-content\/uploads\/2021\/11\/konferencja-1024x576.jpg\" alt=\"konferencja\" width=\"435\" height=\"245\" srcset=\"https:\/\/kspnszz.org\/wp-content\/uploads\/2021\/11\/konferencja.jpg 1024w, https:\/\/kspnszz.org\/wp-content\/uploads\/2021\/11\/konferencja-300x169.jpg 300w\" sizes=\"(max-width: 435px) 100vw, 435px\" \/><\/a><\/p>\n<p style=\"text-align: justify;\">Pierwszy segment programu to cz\u0119\u015b\u0107 rzeczowa, czyli m.in. nowy sprz\u0119t, wyposa\u017cenie osobiste funkcjonariuszy czy inwestycje budowlane. W\u00a0sumie na\u00a0inwestycje i\u00a0zakupy zostanie przeznaczone prawie 4,4 miliarda z\u0142otych. Drugim g\u0142\u00f3wnym segmentem modernizacji jest kapita\u0142 ludzki. Celem programu jest wzmocnienie etatowe s\u0142u\u017cb mundurowych, wzmocnienie motywacyjnego systemu uposa\u017ce\u0144 funkcjonariuszy oraz podwy\u017cszenie wynagrodze\u0144 pracownik\u00f3w cywilnych. \u0141\u0105cznie na t\u0119 cz\u0119\u015b\u0107 zostanie przeznaczone blisko 5,7 miliarda z\u0142otych.<\/p>\n<p style=\"text-align: justify;\">Z \u0142\u0105cznej kwoty 10 mld 30 mln z\u0142otych Pa\u0144stwowa Stra\u017c Po\u017carna przez cztery lata otrzyma ponad 1,9\u00a0miliarda z\u0142otych. Do naszej formacji trafi te\u017c 750 dodatkowych etat\u00f3w. Oko\u0142o 800 milion\u00f3w z\u0142otych na inwestycje budowlane, 53 nowe komendy i nowe jednostki ratowniczo \u2013 ga\u015bnicze w Polsce, 67 g\u0142\u0119bokich remont\u00f3w i modernizacji. 138 mln zostanie przeznaczone na zakup nowych pojazd\u00f3w specjalnych. Oko\u0142o 100 mln zostanie przeznaczone na nowe umundurowania s\u0142u\u017cbowe i ubrania specjalne. W ramach programu modernizacji zostan\u0105 zrealizowane te\u017c podwy\u017cki uposa\u017ce\u0144, o\u00a0czym informowali\u015bmy we\u00a0wcze\u015bniejszych komunikatach.<\/p>\n<p style=\"text-align: justify;\">W konferencji wzi\u0119li udzia\u0142 szefowie s\u0142u\u017cb podleg\u0142ych Ministrowi Spraw Wewn\u0119trznych i\u00a0Administracji.<\/p>\n<p style=\"text-align: justify;\"><a href=\"http:\/\/kspnszz.org\/wp-content\/uploads\/2021\/11\/konferencja2.jpg\" data-rel=\"lightbox-image-1\" data-rl_title=\"\" data-rl_caption=\"\" title=\"\"><img loading=\"lazy\" decoding=\"async\" class=\"aligncenter  wp-image-3439\" src=\"http:\/\/kspnszz.org\/wp-content\/uploads\/2021\/11\/konferencja2-1024x576.jpg\" alt=\"konferencja2\" width=\"454\" height=\"256\" srcset=\"https:\/\/kspnszz.org\/wp-content\/uploads\/2021\/11\/konferencja2.jpg 1024w, https:\/\/kspnszz.org\/wp-content\/uploads\/2021\/11\/konferencja2-300x169.jpg 300w\" sizes=\"(max-width: 454px) 100vw, 454px\" \/><\/a><\/p>\n<p style=\"text-align: justify;\">Zdj\u0119cia: bryg. Karol Kierzkowski Wydzia\u0142 Prasowy KG PSP<\/p>\n","protected":false},"excerpt":{"rendered":"<p>\u2013 To niezwykle wa\u017cny projekt, wielka inwestycja w bezpiecze\u0144stwo Polak\u00f3w, realne wzmocnienie naszych s\u0142u\u017cb odpowiedzialnych za losy obywateli \u2013 powiedzia\u0142 minister Mariusz Kami\u0144ski podczas konferencji prasowej zwo\u0142anej 27 pa\u017adziernika br. Nowy program modernizacji s\u0142u\u017cb mundurowych zak\u0142ada przeznaczenie ponad 10 miliard\u00f3w z\u0142otych na rozw\u00f3j Policji, Stra\u017cy Granicznej, Pa\u0144stwowej Stra\u017cy Po\u017carnej oraz S\u0142u\u017cby Ochrony Pa\u0144stwa. Program obowi\u0105zywa\u0107 &hellip;<\/p>\n","protected":false},"author":2,"featured_media":3440,"comment_status":"closed","ping_status":"closed","sticky":false,"template":"","format":"standard","meta":{"footnotes":""},"categories":[2,1],"tags":[],"yoast_head":"<!-- This site is optimized with the Yoast SEO plugin v22.7 - https:\/\/yoast.com\/wordpress\/plugins\/seo\/ -->\n<title>Og\u0142oszono nowy program modernizacji dla s\u0142u\u017cb podleg\u0142ych MSWiA - KSPNSZZ<\/title>\n<meta name=\"robots\" content=\"index, follow, max-snippet:-1, max-image-preview:large, max-video-preview:-1\" \/>\n<link rel=\"canonical\" href=\"https:\/\/kspnszz.org\/index.php\/2021\/11\/02\/ogloszono-nowy-program-modernizacji-dla-sluzb-podleglych-mswia\/\" \/>\n<meta property=\"og:locale\" content=\"pl_PL\" \/>\n<meta property=\"og:type\" content=\"article\" \/>\n<meta property=\"og:title\" content=\"Og\u0142oszono nowy program modernizacji dla s\u0142u\u017cb podleg\u0142ych MSWiA - KSPNSZZ\" \/>\n<meta property=\"og:description\" content=\"\u2013 To niezwykle wa\u017cny projekt, wielka inwestycja w bezpiecze\u0144stwo Polak\u00f3w, realne wzmocnienie naszych s\u0142u\u017cb odpowiedzialnych za losy obywateli \u2013 powiedzia\u0142 minister Mariusz Kami\u0144ski podczas konferencji prasowej zwo\u0142anej 27 pa\u017adziernika br. Nowy program modernizacji s\u0142u\u017cb mundurowych zak\u0142ada przeznaczenie ponad 10 miliard\u00f3w z\u0142otych na rozw\u00f3j Policji, Stra\u017cy Granicznej, Pa\u0144stwowej Stra\u017cy Po\u017carnej oraz S\u0142u\u017cby Ochrony Pa\u0144stwa. Program obowi\u0105zywa\u0107 &hellip;\" \/>\n<meta property=\"og:url\" content=\"https:\/\/kspnszz.org\/index.php\/2021\/11\/02\/ogloszono-nowy-program-modernizacji-dla-sluzb-podleglych-mswia\/\" \/>\n<meta property=\"og:site_name\" content=\"KSPNSZZ\" \/>\n<meta property=\"article:published_time\" content=\"2021-11-02T08:42:31+00:00\" \/>\n<meta property=\"article:modified_time\" content=\"2021-11-02T08:43:01+00:00\" \/>\n<meta property=\"og:image\" content=\"https:\/\/kspnszz.org\/wp-content\/uploads\/2021\/11\/konferencja.jpg\" \/>\n\t<meta property=\"og:image:width\" content=\"1024\" \/>\n\t<meta property=\"og:image:height\" content=\"576\" \/>\n\t<meta property=\"og:image:type\" content=\"image\/jpeg\" \/>\n<meta name=\"author\" content=\"bartlomiej\" \/>\n<meta name=\"twitter:card\" content=\"summary_large_image\" \/>\n<meta name=\"twitter:label1\" content=\"Napisane przez\" \/>\n\t<meta name=\"twitter:data1\" content=\"bartlomiej\" \/>\n\t<meta name=\"twitter:label2\" content=\"Szacowany czas czytania\" \/>\n\t<meta name=\"twitter:data2\" content=\"1 minuta\" \/>\n<script type=\"application\/ld+json\" class=\"yoast-schema-graph\">{\"@context\":\"https:\/\/schema.org\",\"@graph\":[{\"@type\":\"WebPage\",\"@id\":\"https:\/\/kspnszz.org\/index.php\/2021\/11\/02\/ogloszono-nowy-program-modernizacji-dla-sluzb-podleglych-mswia\/\",\"url\":\"https:\/\/kspnszz.org\/index.php\/2021\/11\/02\/ogloszono-nowy-program-modernizacji-dla-sluzb-podleglych-mswia\/\",\"name\":\"Og\u0142oszono nowy program modernizacji dla s\u0142u\u017cb podleg\u0142ych MSWiA - KSPNSZZ\",\"isPartOf\":{\"@id\":\"http:\/\/kspnszz.org\/#website\"},\"primaryImageOfPage\":{\"@id\":\"https:\/\/kspnszz.org\/index.php\/2021\/11\/02\/ogloszono-nowy-program-modernizacji-dla-sluzb-podleglych-mswia\/#primaryimage\"},\"image\":{\"@id\":\"https:\/\/kspnszz.org\/index.php\/2021\/11\/02\/ogloszono-nowy-program-modernizacji-dla-sluzb-podleglych-mswia\/#primaryimage\"},\"thumbnailUrl\":\"https:\/\/kspnszz.org\/wp-content\/uploads\/2021\/11\/konferencja.jpg\",\"datePublished\":\"2021-11-02T08:42:31+00:00\",\"dateModified\":\"2021-11-02T08:43:01+00:00\",\"author\":{\"@id\":\"http:\/\/kspnszz.org\/#\/schema\/person\/31096cf196f706ef50ecbd878903cc13\"},\"breadcrumb\":{\"@id\":\"https:\/\/kspnszz.org\/index.php\/2021\/11\/02\/ogloszono-nowy-program-modernizacji-dla-sluzb-podleglych-mswia\/#breadcrumb\"},\"inLanguage\":\"pl-PL\",\"potentialAction\":[{\"@type\":\"ReadAction\",\"target\":[\"https:\/\/kspnszz.org\/index.php\/2021\/11\/02\/ogloszono-nowy-program-modernizacji-dla-sluzb-podleglych-mswia\/\"]}]},{\"@type\":\"ImageObject\",\"inLanguage\":\"pl-PL\",\"@id\":\"https:\/\/kspnszz.org\/index.php\/2021\/11\/02\/ogloszono-nowy-program-modernizacji-dla-sluzb-podleglych-mswia\/#primaryimage\",\"url\":\"https:\/\/kspnszz.org\/wp-content\/uploads\/2021\/11\/konferencja.jpg\",\"contentUrl\":\"https:\/\/kspnszz.org\/wp-content\/uploads\/2021\/11\/konferencja.jpg\",\"width\":1024,\"height\":576},{\"@type\":\"BreadcrumbList\",\"@id\":\"https:\/\/kspnszz.org\/index.php\/2021\/11\/02\/ogloszono-nowy-program-modernizacji-dla-sluzb-podleglych-mswia\/#breadcrumb\",\"itemListElement\":[{\"@type\":\"ListItem\",\"position\":1,\"name\":\"Strona g\u0142\u00f3wna\",\"item\":\"http:\/\/kspnszz.org\/\"},{\"@type\":\"ListItem\",\"position\":2,\"name\":\"Og\u0142oszono nowy program modernizacji dla s\u0142u\u017cb podleg\u0142ych MSWiA\"}]},{\"@type\":\"WebSite\",\"@id\":\"http:\/\/kspnszz.org\/#website\",\"url\":\"http:\/\/kspnszz.org\/\",\"name\":\"KSPNSZZ\",\"description\":\"Krajowa Sekcja Po\u017carnictwa\",\"potentialAction\":[{\"@type\":\"SearchAction\",\"target\":{\"@type\":\"EntryPoint\",\"urlTemplate\":\"http:\/\/kspnszz.org\/?s={search_term_string}\"},\"query-input\":\"required name=search_term_string\"}],\"inLanguage\":\"pl-PL\"},{\"@type\":\"Person\",\"@id\":\"http:\/\/kspnszz.org\/#\/schema\/person\/31096cf196f706ef50ecbd878903cc13\",\"name\":\"bartlomiej\",\"image\":{\"@type\":\"ImageObject\",\"inLanguage\":\"pl-PL\",\"@id\":\"http:\/\/kspnszz.org\/#\/schema\/person\/image\/\",\"url\":\"https:\/\/secure.gravatar.com\/avatar\/cb681656f150968eb94b73c62cf58e52?s=96&d=mm&r=g\",\"contentUrl\":\"https:\/\/secure.gravatar.com\/avatar\/cb681656f150968eb94b73c62cf58e52?s=96&d=mm&r=g\",\"caption\":\"bartlomiej\"},\"url\":\"https:\/\/kspnszz.org\/index.php\/author\/bartlomiej\/\"}]}<\/script>\n<!-- \/ Yoast SEO plugin. -->","yoast_head_json":{"title":"Og\u0142oszono nowy program modernizacji dla s\u0142u\u017cb podleg\u0142ych MSWiA - KSPNSZZ","robots":{"index":"index","follow":"follow","max-snippet":"max-snippet:-1","max-image-preview":"max-image-preview:large","max-video-preview":"max-video-preview:-1"},"canonical":"https:\/\/kspnszz.org\/index.php\/2021\/11\/02\/ogloszono-nowy-program-modernizacji-dla-sluzb-podleglych-mswia\/","og_locale":"pl_PL","og_type":"article","og_title":"Og\u0142oszono nowy program modernizacji dla s\u0142u\u017cb podleg\u0142ych MSWiA - KSPNSZZ","og_description":"\u2013 To niezwykle wa\u017cny projekt, wielka inwestycja w bezpiecze\u0144stwo Polak\u00f3w, realne wzmocnienie naszych s\u0142u\u017cb odpowiedzialnych za losy obywateli \u2013 powiedzia\u0142 minister Mariusz Kami\u0144ski podczas konferencji prasowej zwo\u0142anej 27 pa\u017adziernika br. Nowy program modernizacji s\u0142u\u017cb mundurowych zak\u0142ada przeznaczenie ponad 10 miliard\u00f3w z\u0142otych na rozw\u00f3j Policji, Stra\u017cy Granicznej, Pa\u0144stwowej Stra\u017cy Po\u017carnej oraz S\u0142u\u017cby Ochrony Pa\u0144stwa. Program obowi\u0105zywa\u0107 &hellip;","og_url":"https:\/\/kspnszz.org\/index.php\/2021\/11\/02\/ogloszono-nowy-program-modernizacji-dla-sluzb-podleglych-mswia\/","og_site_name":"KSPNSZZ","article_published_time":"2021-11-02T08:42:31+00:00","article_modified_time":"2021-11-02T08:43:01+00:00","og_image":[{"width":1024,"height":576,"url":"https:\/\/kspnszz.org\/wp-content\/uploads\/2021\/11\/konferencja.jpg","type":"image\/jpeg"}],"author":"bartlomiej","twitter_card":"summary_large_image","twitter_misc":{"Napisane przez":"bartlomiej","Szacowany czas czytania":"1 minuta"},"schema":{"@context":"https:\/\/schema.org","@graph":[{"@type":"WebPage","@id":"https:\/\/kspnszz.org\/index.php\/2021\/11\/02\/ogloszono-nowy-program-modernizacji-dla-sluzb-podleglych-mswia\/","url":"https:\/\/kspnszz.org\/index.php\/2021\/11\/02\/ogloszono-nowy-program-modernizacji-dla-sluzb-podleglych-mswia\/","name":"Og\u0142oszono nowy program modernizacji dla s\u0142u\u017cb podleg\u0142ych MSWiA - KSPNSZZ","isPartOf":{"@id":"http:\/\/kspnszz.org\/#website"},"primaryImageOfPage":{"@id":"https:\/\/kspnszz.org\/index.php\/2021\/11\/02\/ogloszono-nowy-program-modernizacji-dla-sluzb-podleglych-mswia\/#primaryimage"},"image":{"@id":"https:\/\/kspnszz.org\/index.php\/2021\/11\/02\/ogloszono-nowy-program-modernizacji-dla-sluzb-podleglych-mswia\/#primaryimage"},"thumbnailUrl":"https:\/\/kspnszz.org\/wp-content\/uploads\/2021\/11\/konferencja.jpg","datePublished":"2021-11-02T08:42:31+00:00","dateModified":"2021-11-02T08:43:01+00:00","author":{"@id":"http:\/\/kspnszz.org\/#\/schema\/person\/31096cf196f706ef50ecbd878903cc13"},"breadcrumb":{"@id":"https:\/\/kspnszz.org\/index.php\/2021\/11\/02\/ogloszono-nowy-program-modernizacji-dla-sluzb-podleglych-mswia\/#breadcrumb"},"inLanguage":"pl-PL","potentialAction":[{"@type":"ReadAction","target":["https:\/\/kspnszz.org\/index.php\/2021\/11\/02\/ogloszono-nowy-program-modernizacji-dla-sluzb-podleglych-mswia\/"]}]},{"@type":"ImageObject","inLanguage":"pl-PL","@id":"https:\/\/kspnszz.org\/index.php\/2021\/11\/02\/ogloszono-nowy-program-modernizacji-dla-sluzb-podleglych-mswia\/#primaryimage","url":"https:\/\/kspnszz.org\/wp-content\/uploads\/2021\/11\/konferencja.jpg","contentUrl":"https:\/\/kspnszz.org\/wp-content\/uploads\/2021\/11\/konferencja.jpg","width":1024,"height":576},{"@type":"BreadcrumbList","@id":"https:\/\/kspnszz.org\/index.php\/2021\/11\/02\/ogloszono-nowy-program-modernizacji-dla-sluzb-podleglych-mswia\/#breadcrumb","itemListElement":[{"@type":"ListItem","position":1,"name":"Strona g\u0142\u00f3wna","item":"http:\/\/kspnszz.org\/"},{"@type":"ListItem","position":2,"name":"Og\u0142oszono nowy program modernizacji dla s\u0142u\u017cb podleg\u0142ych MSWiA"}]},{"@type":"WebSite","@id":"http:\/\/kspnszz.org\/#website","url":"http:\/\/kspnszz.org\/","name":"KSPNSZZ","description":"Krajowa Sekcja Po\u017carnictwa","potentialAction":[{"@type":"SearchAction","target":{"@type":"EntryPoint","urlTemplate":"http:\/\/kspnszz.org\/?s={search_term_string}"},"query-input":"required name=search_term_string"}],"inLanguage":"pl-PL"},{"@type":"Person","@id":"http:\/\/kspnszz.org\/#\/schema\/person\/31096cf196f706ef50ecbd878903cc13","name":"bartlomiej","image":{"@type":"ImageObject","inLanguage":"pl-PL","@id":"http:\/\/kspnszz.org\/#\/schema\/person\/image\/","url":"https:\/\/secure.gravatar.com\/avatar\/cb681656f150968eb94b73c62cf58e52?s=96&d=mm&r=g","contentUrl":"https:\/\/secure.gravatar.com\/avatar\/cb681656f150968eb94b73c62cf58e52?s=96&d=mm&r=g","caption":"bartlomiej"},"url":"https:\/\/kspnszz.org\/index.php\/author\/bartlomiej\/"}]}},"_links":{"self":[{"href":"https:\/\/kspnszz.org\/index.php\/wp-json\/wp\/v2\/posts\/3436"}],"collection":[{"href":"https:\/\/kspnszz.org\/index.php\/wp-json\/wp\/v2\/posts"}],"about":[{"href":"https:\/\/kspnszz.org\/index.php\/wp-json\/wp\/v2\/types\/post"}],"author":[{"embeddable":true,"href":"https:\/\/kspnszz.org\/index.php\/wp-json\/wp\/v2\/users\/2"}],"replies":[{"embeddable":true,"href":"https:\/\/kspnszz.org\/index.php\/wp-json\/wp\/v2\/comments?post=3436"}],"version-history":[{"count":4,"href":"https:\/\/kspnszz.org\/index.php\/wp-json\/wp\/v2\/posts\/3436\/revisions"}],"predecessor-version":[{"id":3442,"href":"https:\/\/kspnszz.org\/index.php\/wp-json\/wp\/v2\/posts\/3436\/revisions\/3442"}],"wp:featuredmedia":[{"embeddable":true,"href":"https:\/\/kspnszz.org\/index.php\/wp-json\/wp\/v2\/media\/3440"}],"wp:attachment":[{"href":"https:\/\/kspnszz.org\/index.php\/wp-json\/wp\/v2\/media?parent=3436"}],"wp:term":[{"taxonomy":"category","embeddable":true,"href":"https:\/\/kspnszz.org\/index.php\/wp-json\/wp\/v2\/categories?post=3436"},{"taxonomy":"post_tag","embeddable":true,"href":"https:\/\/kspnszz.org\/index.php\/wp-json\/wp\/v2\/tags?post=3436"}],"curies":[{"name":"wp","href":"https:\/\/api.w.org\/{rel}","templated":true}]}}