{"id":3335,"date":"2021-09-23T18:53:49","date_gmt":"2021-09-23T16:53:49","guid":{"rendered":"http:\/\/kspnszz.org\/?p=3335"},"modified":"2021-09-23T18:56:14","modified_gmt":"2021-09-23T16:56:14","slug":"rada-krajowej-sekcji-pozarnictwa-nszz-solidarnosc-zgadza-sie-na-podpisanie-porozumienia-z-mswia","status":"publish","type":"post","link":"https:\/\/kspnszz.org\/index.php\/2021\/09\/23\/rada-krajowej-sekcji-pozarnictwa-nszz-solidarnosc-zgadza-sie-na-podpisanie-porozumienia-z-mswia\/","title":{"rendered":"Rada Krajowej Sekcji Po\u017carnictwa NSZZ SOLIDARNO\u015a\u0106 zgadza si\u0119 na podpisanie porozumienia z MSWiA"},"content":{"rendered":"<p style=\"text-align: justify;\">W dniu 23 wrze\u015bnia 2021 roku w Warszawie odby\u0142o si\u0119 nadzwyczajne posiedzenie Rady Krajowej Sekcji Po\u017carnictwa NSZZ SOLIDARNO\u015a\u0106. W posiedzeniu wzi\u0105\u0142 udzia\u0142 Sekretarz Stanu w MSWiA Maciej W\u0105sik, oraz Komendant G\u0142\u00f3wny PSP nadbryg. Andrzej Bartkowiak. Spotkanie mia\u0142o na celu om\u00f3wienie propozycji MSWiA przedstawionych przez wiceministra Macieja W\u0105sika na spotkaniu ze zwi\u0105zkami zawodowymi reprezentuj\u0105cymi funkcjonariuszy s\u0142u\u017cb mundurowych w dniu 20 wrze\u015bnia 2021 r.<\/p>\n<p style=\"text-align: justify;\">Minister szczeg\u00f3\u0142owo om\u00f3wi\u0142 propozycje przedstawione na powy\u017cszym spotkaniu odpowiadaj\u0105c na pytania cz\u0142onk\u00f3w Rady. Zako\u0144czenie negocjacji pozwoli zrealizowa\u0107 za\u0142o\u017cenia Porozumienia z listopada 2018 roku oraz otwiera pole dyskusji nad rozwi\u0105zaniami gwarantuj\u0105cymi zmiany \u015bwiadcze\u0144 o\u00a0charakterze socjalnym, o co Krajowa Sekcja Po\u017carnictwa wnioskowa\u0142a od wielu lat, czy te\u017c wypracowanie zasad systematycznego wzrostu wynagrodze\u0144 funkcjonariuszy.<\/p>\n<p style=\"text-align: justify;\">Rada Krajowej Sekcji Po\u017carnictwa zaakceptowa\u0142a propozycj\u0119 MSWiA wyra\u017caj\u0105c zgod\u0119 Przewodnicz\u0105cemu KSP do podpisania w dniu 24-09-2021 roku porozumienia w powy\u017cszym zakresie.<\/p>\n<p style=\"text-align: justify;\"><a href=\"http:\/\/kspnszz.org\/wp-content\/uploads\/2021\/09\/AY1I2790.jpg\" data-rel=\"lightbox-image-0\" data-rl_title=\"\" data-rl_caption=\"\" title=\"\"><img loading=\"lazy\" decoding=\"async\" class=\"aligncenter  wp-image-3334\" src=\"http:\/\/kspnszz.org\/wp-content\/uploads\/2021\/09\/AY1I2790-1024x683.jpg\" alt=\"AY1I2790\" width=\"329\" height=\"219\" srcset=\"https:\/\/kspnszz.org\/wp-content\/uploads\/2021\/09\/AY1I2790-1024x683.jpg 1024w, https:\/\/kspnszz.org\/wp-content\/uploads\/2021\/09\/AY1I2790-300x200.jpg 300w, https:\/\/kspnszz.org\/wp-content\/uploads\/2021\/09\/AY1I2790-310x205.jpg 310w\" sizes=\"(max-width: 329px) 100vw, 329px\" \/><\/a><\/p>\n<p style=\"text-align: justify;\">Za\u0142o\u017cenia stanowi\u0105ce tre\u015b\u0107 porozumienia to wzrost uposa\u017ce\u0144 \u015brednio o 677 PLN na etat. Nast\u0119pnym elementem wzrostu uposa\u017ce\u0144 jest obligatoryjny awans z 2 grupy zaszeregowania do grupy 3, z grupy 3 do 4, z grupy 4 na grup\u0119 5, a tych z 5 na 6 (ostatni etap roz\u0142o\u017cony zosta\u0142 na 4 lata. W ka\u017cdym roku, pocz\u0105wszy od roku 2022 przeszeregowanie obejmie 25% stanu grupy 5). Wa\u017cn\u0105 deklaracj\u0105, jest zapewnienie, \u017ce w razie wypracowania rozwi\u0105za\u0144 bardziej korzystnych dla PSP MSWiA wyrazi zgod\u0119 na zastosowanie takich rozwi\u0105za\u0144 przy za\u0142o\u017ceniu tych samych \u015brodk\u00f3w bud\u017cetowych. To samo za\u0142o\u017cenie obowi\u0105zuje przy rozdziale \u015brodk\u00f3w na podwy\u017cki (677 PLN) \u2013 w tym przypadku ka\u017cda ze s\u0142u\u017cb uzgodni w\u0142a\u015bciwy dla siebie spos\u00f3b przeznaczenia \u015brodk\u00f3w na zwi\u0119kszenie uposa\u017ce\u0144.<\/p>\n<p style=\"text-align: justify;\">Uwolnienie limit\u00f3w etatowych w s\u0142u\u017cbach to kolejny element, kt\u00f3ry obejmie s\u0142u\u017cby mundurowe.<\/p>\n<p style=\"text-align: justify;\">Fundusz nagr\u00f3d zgodnie z porozumieniem zostanie odmro\u017cony w 2022 roku, a dodatkowo w roku 2021 stra\u017cacy mog\u0105 liczy\u0107 na 6% fundusz nagr\u00f3d, co da \u015brednio na etat oko\u0142o 4000 PLN do wykorzystania na nagrody jeszcze w tym roku.<\/p>\n<p style=\"text-align: justify;\">W porozumieniu zawarty ma zosta\u0107 r\u00f3wnie\u017c punkt dotycz\u0105cy zwi\u0119kszenia ilo\u015bci etat\u00f3w w PSP.<\/p>\n<p style=\"text-align: justify;\">Do marca 2022 roku zostanie ostatecznie rozwi\u0105zana sprawa Art. 15a Ustawy emerytalnej.<\/p>\n<p style=\"text-align: justify;\">Akceptacja porozumienia umo\u017cliwia dalsze prace NSZZ SOLIDARNO\u015a\u0106 w powo\u0142anych przez MSWiA zespo\u0142ach, kt\u00f3re skupia\u0107 si\u0119 b\u0119d\u0105 na analizie wszystkich \u015bwiadcze\u0144 socjalnych (mieszkani\u00f3wka, gratyfikacje urlopowe, pomoce mieszkaniowe) i wypracowaniu jasnych rozwi\u0105za\u0144 gwarantuj\u0105cych waloryzacj\u0119 \u015bwiadcze\u0144. Dodatkowo zesp\u00f3\u0142 powo\u0142any przez MSWiA zajmie si\u0119 rozwi\u0105zaniem systemowym dotycz\u0105cym progresywnego wzrostu dodatk\u00f3w s\u0142u\u017cbowych w zale\u017cno\u015bci od sta\u017cu s\u0142u\u017cby.<\/p>\n<p style=\"text-align: justify;\">Porozumienie nie zamyka drogi do dalszych negocjacji innych postulat\u00f3w dotycz\u0105cych poprawy warunk\u00f3w s\u0142u\u017cby i uposa\u017cenia. Ponadto w roku 2023 oczekujemy waloryzacji p\u0142ac. Rozmowy w tej sprawie s\u0105 ju\u017c prowadzone z Komisj\u0105 Krajow\u0105 NSZZ \u201eSolidarno\u015b\u0107\u201d.<\/p>\n<p><a href=\"http:\/\/kspnszz.org\/wp-content\/uploads\/2021\/09\/AY1I2800_Fotor.jpg\" data-rel=\"lightbox-image-1\" data-rl_title=\"\" data-rl_caption=\"\" title=\"\"><img loading=\"lazy\" decoding=\"async\" class=\"aligncenter size-large wp-image-3333\" src=\"http:\/\/kspnszz.org\/wp-content\/uploads\/2021\/09\/AY1I2800_Fotor-1024x683.jpg\" alt=\"AY1I2800_Fotor\" width=\"618\" height=\"412\" srcset=\"https:\/\/kspnszz.org\/wp-content\/uploads\/2021\/09\/AY1I2800_Fotor-1024x683.jpg 1024w, https:\/\/kspnszz.org\/wp-content\/uploads\/2021\/09\/AY1I2800_Fotor-300x200.jpg 300w\" sizes=\"(max-width: 618px) 100vw, 618px\" \/><\/a><\/p>\n","protected":false},"excerpt":{"rendered":"<p>W dniu 23 wrze\u015bnia 2021 roku w Warszawie odby\u0142o si\u0119 nadzwyczajne posiedzenie Rady Krajowej Sekcji Po\u017carnictwa NSZZ SOLIDARNO\u015a\u0106. W posiedzeniu wzi\u0105\u0142 udzia\u0142 Sekretarz Stanu w MSWiA Maciej W\u0105sik, oraz Komendant G\u0142\u00f3wny PSP nadbryg. Andrzej Bartkowiak. Spotkanie mia\u0142o na celu om\u00f3wienie propozycji MSWiA przedstawionych przez wiceministra Macieja W\u0105sika na spotkaniu ze zwi\u0105zkami zawodowymi reprezentuj\u0105cymi funkcjonariuszy s\u0142u\u017cb &hellip;<\/p>\n","protected":false},"author":2,"featured_media":3333,"comment_status":"closed","ping_status":"closed","sticky":false,"template":"","format":"standard","meta":{"footnotes":""},"categories":[2],"tags":[],"yoast_head":"<!-- This site is optimized with the Yoast SEO plugin v22.7 - https:\/\/yoast.com\/wordpress\/plugins\/seo\/ -->\n<title>Rada Krajowej Sekcji Po\u017carnictwa NSZZ SOLIDARNO\u015a\u0106 zgadza si\u0119 na podpisanie porozumienia z MSWiA - KSPNSZZ<\/title>\n<meta name=\"robots\" content=\"index, follow, max-snippet:-1, max-image-preview:large, max-video-preview:-1\" \/>\n<link rel=\"canonical\" href=\"http:\/\/kspnszz.org\/index.php\/2021\/09\/23\/rada-krajowej-sekcji-pozarnictwa-nszz-solidarnosc-zgadza-sie-na-podpisanie-porozumienia-z-mswia\/\" \/>\n<meta property=\"og:locale\" content=\"pl_PL\" \/>\n<meta property=\"og:type\" content=\"article\" \/>\n<meta property=\"og:title\" content=\"Rada Krajowej Sekcji Po\u017carnictwa NSZZ SOLIDARNO\u015a\u0106 zgadza si\u0119 na podpisanie porozumienia z MSWiA - KSPNSZZ\" \/>\n<meta property=\"og:description\" content=\"W dniu 23 wrze\u015bnia 2021 roku w Warszawie odby\u0142o si\u0119 nadzwyczajne posiedzenie Rady Krajowej Sekcji Po\u017carnictwa NSZZ SOLIDARNO\u015a\u0106. W posiedzeniu wzi\u0105\u0142 udzia\u0142 Sekretarz Stanu w MSWiA Maciej W\u0105sik, oraz Komendant G\u0142\u00f3wny PSP nadbryg. Andrzej Bartkowiak. Spotkanie mia\u0142o na celu om\u00f3wienie propozycji MSWiA przedstawionych przez wiceministra Macieja W\u0105sika na spotkaniu ze zwi\u0105zkami zawodowymi reprezentuj\u0105cymi funkcjonariuszy s\u0142u\u017cb &hellip;\" \/>\n<meta property=\"og:url\" content=\"http:\/\/kspnszz.org\/index.php\/2021\/09\/23\/rada-krajowej-sekcji-pozarnictwa-nszz-solidarnosc-zgadza-sie-na-podpisanie-porozumienia-z-mswia\/\" \/>\n<meta property=\"og:site_name\" content=\"KSPNSZZ\" \/>\n<meta property=\"article:published_time\" content=\"2021-09-23T16:53:49+00:00\" \/>\n<meta property=\"article:modified_time\" content=\"2021-09-23T16:56:14+00:00\" \/>\n<meta property=\"og:image\" content=\"http:\/\/kspnszz.org\/wp-content\/uploads\/2021\/09\/AY1I2800_Fotor-1024x683.jpg\" \/>\n\t<meta property=\"og:image:width\" content=\"1024\" \/>\n\t<meta property=\"og:image:height\" content=\"683\" \/>\n\t<meta property=\"og:image:type\" content=\"image\/jpeg\" \/>\n<meta name=\"author\" content=\"bartlomiej\" \/>\n<meta name=\"twitter:card\" content=\"summary_large_image\" \/>\n<meta name=\"twitter:label1\" content=\"Napisane przez\" \/>\n\t<meta name=\"twitter:data1\" content=\"bartlomiej\" \/>\n\t<meta name=\"twitter:label2\" content=\"Szacowany czas czytania\" \/>\n\t<meta name=\"twitter:data2\" content=\"2 minuty\" \/>\n<script type=\"application\/ld+json\" class=\"yoast-schema-graph\">{\"@context\":\"https:\/\/schema.org\",\"@graph\":[{\"@type\":\"WebPage\",\"@id\":\"http:\/\/kspnszz.org\/index.php\/2021\/09\/23\/rada-krajowej-sekcji-pozarnictwa-nszz-solidarnosc-zgadza-sie-na-podpisanie-porozumienia-z-mswia\/\",\"url\":\"http:\/\/kspnszz.org\/index.php\/2021\/09\/23\/rada-krajowej-sekcji-pozarnictwa-nszz-solidarnosc-zgadza-sie-na-podpisanie-porozumienia-z-mswia\/\",\"name\":\"Rada Krajowej Sekcji Po\u017carnictwa NSZZ SOLIDARNO\u015a\u0106 zgadza si\u0119 na podpisanie porozumienia z MSWiA - KSPNSZZ\",\"isPartOf\":{\"@id\":\"http:\/\/kspnszz.org\/#website\"},\"primaryImageOfPage\":{\"@id\":\"http:\/\/kspnszz.org\/index.php\/2021\/09\/23\/rada-krajowej-sekcji-pozarnictwa-nszz-solidarnosc-zgadza-sie-na-podpisanie-porozumienia-z-mswia\/#primaryimage\"},\"image\":{\"@id\":\"http:\/\/kspnszz.org\/index.php\/2021\/09\/23\/rada-krajowej-sekcji-pozarnictwa-nszz-solidarnosc-zgadza-sie-na-podpisanie-porozumienia-z-mswia\/#primaryimage\"},\"thumbnailUrl\":\"https:\/\/kspnszz.org\/wp-content\/uploads\/2021\/09\/AY1I2800_Fotor.jpg\",\"datePublished\":\"2021-09-23T16:53:49+00:00\",\"dateModified\":\"2021-09-23T16:56:14+00:00\",\"author\":{\"@id\":\"http:\/\/kspnszz.org\/#\/schema\/person\/31096cf196f706ef50ecbd878903cc13\"},\"breadcrumb\":{\"@id\":\"http:\/\/kspnszz.org\/index.php\/2021\/09\/23\/rada-krajowej-sekcji-pozarnictwa-nszz-solidarnosc-zgadza-sie-na-podpisanie-porozumienia-z-mswia\/#breadcrumb\"},\"inLanguage\":\"pl-PL\",\"potentialAction\":[{\"@type\":\"ReadAction\",\"target\":[\"http:\/\/kspnszz.org\/index.php\/2021\/09\/23\/rada-krajowej-sekcji-pozarnictwa-nszz-solidarnosc-zgadza-sie-na-podpisanie-porozumienia-z-mswia\/\"]}]},{\"@type\":\"ImageObject\",\"inLanguage\":\"pl-PL\",\"@id\":\"http:\/\/kspnszz.org\/index.php\/2021\/09\/23\/rada-krajowej-sekcji-pozarnictwa-nszz-solidarnosc-zgadza-sie-na-podpisanie-porozumienia-z-mswia\/#primaryimage\",\"url\":\"https:\/\/kspnszz.org\/wp-content\/uploads\/2021\/09\/AY1I2800_Fotor.jpg\",\"contentUrl\":\"https:\/\/kspnszz.org\/wp-content\/uploads\/2021\/09\/AY1I2800_Fotor.jpg\",\"width\":2949,\"height\":1966},{\"@type\":\"BreadcrumbList\",\"@id\":\"http:\/\/kspnszz.org\/index.php\/2021\/09\/23\/rada-krajowej-sekcji-pozarnictwa-nszz-solidarnosc-zgadza-sie-na-podpisanie-porozumienia-z-mswia\/#breadcrumb\",\"itemListElement\":[{\"@type\":\"ListItem\",\"position\":1,\"name\":\"Strona g\u0142\u00f3wna\",\"item\":\"http:\/\/kspnszz.org\/\"},{\"@type\":\"ListItem\",\"position\":2,\"name\":\"Rada Krajowej Sekcji Po\u017carnictwa NSZZ SOLIDARNO\u015a\u0106 zgadza si\u0119 na podpisanie porozumienia z MSWiA\"}]},{\"@type\":\"WebSite\",\"@id\":\"http:\/\/kspnszz.org\/#website\",\"url\":\"http:\/\/kspnszz.org\/\",\"name\":\"KSPNSZZ\",\"description\":\"Krajowa Sekcja Po\u017carnictwa\",\"potentialAction\":[{\"@type\":\"SearchAction\",\"target\":{\"@type\":\"EntryPoint\",\"urlTemplate\":\"http:\/\/kspnszz.org\/?s={search_term_string}\"},\"query-input\":\"required name=search_term_string\"}],\"inLanguage\":\"pl-PL\"},{\"@type\":\"Person\",\"@id\":\"http:\/\/kspnszz.org\/#\/schema\/person\/31096cf196f706ef50ecbd878903cc13\",\"name\":\"bartlomiej\",\"image\":{\"@type\":\"ImageObject\",\"inLanguage\":\"pl-PL\",\"@id\":\"http:\/\/kspnszz.org\/#\/schema\/person\/image\/\",\"url\":\"https:\/\/secure.gravatar.com\/avatar\/cb681656f150968eb94b73c62cf58e52?s=96&d=mm&r=g\",\"contentUrl\":\"https:\/\/secure.gravatar.com\/avatar\/cb681656f150968eb94b73c62cf58e52?s=96&d=mm&r=g\",\"caption\":\"bartlomiej\"},\"url\":\"https:\/\/kspnszz.org\/index.php\/author\/bartlomiej\/\"}]}<\/script>\n<!-- \/ Yoast SEO plugin. -->","yoast_head_json":{"title":"Rada Krajowej Sekcji Po\u017carnictwa NSZZ SOLIDARNO\u015a\u0106 zgadza si\u0119 na podpisanie porozumienia z MSWiA - KSPNSZZ","robots":{"index":"index","follow":"follow","max-snippet":"max-snippet:-1","max-image-preview":"max-image-preview:large","max-video-preview":"max-video-preview:-1"},"canonical":"http:\/\/kspnszz.org\/index.php\/2021\/09\/23\/rada-krajowej-sekcji-pozarnictwa-nszz-solidarnosc-zgadza-sie-na-podpisanie-porozumienia-z-mswia\/","og_locale":"pl_PL","og_type":"article","og_title":"Rada Krajowej Sekcji Po\u017carnictwa NSZZ SOLIDARNO\u015a\u0106 zgadza si\u0119 na podpisanie porozumienia z MSWiA - KSPNSZZ","og_description":"W dniu 23 wrze\u015bnia 2021 roku w Warszawie odby\u0142o si\u0119 nadzwyczajne posiedzenie Rady Krajowej Sekcji Po\u017carnictwa NSZZ SOLIDARNO\u015a\u0106. W posiedzeniu wzi\u0105\u0142 udzia\u0142 Sekretarz Stanu w MSWiA Maciej W\u0105sik, oraz Komendant G\u0142\u00f3wny PSP nadbryg. Andrzej Bartkowiak. Spotkanie mia\u0142o na celu om\u00f3wienie propozycji MSWiA przedstawionych przez wiceministra Macieja W\u0105sika na spotkaniu ze zwi\u0105zkami zawodowymi reprezentuj\u0105cymi funkcjonariuszy s\u0142u\u017cb &hellip;","og_url":"http:\/\/kspnszz.org\/index.php\/2021\/09\/23\/rada-krajowej-sekcji-pozarnictwa-nszz-solidarnosc-zgadza-sie-na-podpisanie-porozumienia-z-mswia\/","og_site_name":"KSPNSZZ","article_published_time":"2021-09-23T16:53:49+00:00","article_modified_time":"2021-09-23T16:56:14+00:00","og_image":[{"width":1024,"height":683,"url":"http:\/\/kspnszz.org\/wp-content\/uploads\/2021\/09\/AY1I2800_Fotor-1024x683.jpg","type":"image\/jpeg"}],"author":"bartlomiej","twitter_card":"summary_large_image","twitter_misc":{"Napisane przez":"bartlomiej","Szacowany czas czytania":"2 minuty"},"schema":{"@context":"https:\/\/schema.org","@graph":[{"@type":"WebPage","@id":"http:\/\/kspnszz.org\/index.php\/2021\/09\/23\/rada-krajowej-sekcji-pozarnictwa-nszz-solidarnosc-zgadza-sie-na-podpisanie-porozumienia-z-mswia\/","url":"http:\/\/kspnszz.org\/index.php\/2021\/09\/23\/rada-krajowej-sekcji-pozarnictwa-nszz-solidarnosc-zgadza-sie-na-podpisanie-porozumienia-z-mswia\/","name":"Rada Krajowej Sekcji Po\u017carnictwa NSZZ SOLIDARNO\u015a\u0106 zgadza si\u0119 na podpisanie porozumienia z MSWiA - KSPNSZZ","isPartOf":{"@id":"http:\/\/kspnszz.org\/#website"},"primaryImageOfPage":{"@id":"http:\/\/kspnszz.org\/index.php\/2021\/09\/23\/rada-krajowej-sekcji-pozarnictwa-nszz-solidarnosc-zgadza-sie-na-podpisanie-porozumienia-z-mswia\/#primaryimage"},"image":{"@id":"http:\/\/kspnszz.org\/index.php\/2021\/09\/23\/rada-krajowej-sekcji-pozarnictwa-nszz-solidarnosc-zgadza-sie-na-podpisanie-porozumienia-z-mswia\/#primaryimage"},"thumbnailUrl":"https:\/\/kspnszz.org\/wp-content\/uploads\/2021\/09\/AY1I2800_Fotor.jpg","datePublished":"2021-09-23T16:53:49+00:00","dateModified":"2021-09-23T16:56:14+00:00","author":{"@id":"http:\/\/kspnszz.org\/#\/schema\/person\/31096cf196f706ef50ecbd878903cc13"},"breadcrumb":{"@id":"http:\/\/kspnszz.org\/index.php\/2021\/09\/23\/rada-krajowej-sekcji-pozarnictwa-nszz-solidarnosc-zgadza-sie-na-podpisanie-porozumienia-z-mswia\/#breadcrumb"},"inLanguage":"pl-PL","potentialAction":[{"@type":"ReadAction","target":["http:\/\/kspnszz.org\/index.php\/2021\/09\/23\/rada-krajowej-sekcji-pozarnictwa-nszz-solidarnosc-zgadza-sie-na-podpisanie-porozumienia-z-mswia\/"]}]},{"@type":"ImageObject","inLanguage":"pl-PL","@id":"http:\/\/kspnszz.org\/index.php\/2021\/09\/23\/rada-krajowej-sekcji-pozarnictwa-nszz-solidarnosc-zgadza-sie-na-podpisanie-porozumienia-z-mswia\/#primaryimage","url":"https:\/\/kspnszz.org\/wp-content\/uploads\/2021\/09\/AY1I2800_Fotor.jpg","contentUrl":"https:\/\/kspnszz.org\/wp-content\/uploads\/2021\/09\/AY1I2800_Fotor.jpg","width":2949,"height":1966},{"@type":"BreadcrumbList","@id":"http:\/\/kspnszz.org\/index.php\/2021\/09\/23\/rada-krajowej-sekcji-pozarnictwa-nszz-solidarnosc-zgadza-sie-na-podpisanie-porozumienia-z-mswia\/#breadcrumb","itemListElement":[{"@type":"ListItem","position":1,"name":"Strona g\u0142\u00f3wna","item":"http:\/\/kspnszz.org\/"},{"@type":"ListItem","position":2,"name":"Rada Krajowej Sekcji Po\u017carnictwa NSZZ SOLIDARNO\u015a\u0106 zgadza si\u0119 na podpisanie porozumienia z MSWiA"}]},{"@type":"WebSite","@id":"http:\/\/kspnszz.org\/#website","url":"http:\/\/kspnszz.org\/","name":"KSPNSZZ","description":"Krajowa Sekcja Po\u017carnictwa","potentialAction":[{"@type":"SearchAction","target":{"@type":"EntryPoint","urlTemplate":"http:\/\/kspnszz.org\/?s={search_term_string}"},"query-input":"required name=search_term_string"}],"inLanguage":"pl-PL"},{"@type":"Person","@id":"http:\/\/kspnszz.org\/#\/schema\/person\/31096cf196f706ef50ecbd878903cc13","name":"bartlomiej","image":{"@type":"ImageObject","inLanguage":"pl-PL","@id":"http:\/\/kspnszz.org\/#\/schema\/person\/image\/","url":"https:\/\/secure.gravatar.com\/avatar\/cb681656f150968eb94b73c62cf58e52?s=96&d=mm&r=g","contentUrl":"https:\/\/secure.gravatar.com\/avatar\/cb681656f150968eb94b73c62cf58e52?s=96&d=mm&r=g","caption":"bartlomiej"},"url":"https:\/\/kspnszz.org\/index.php\/author\/bartlomiej\/"}]}},"_links":{"self":[{"href":"https:\/\/kspnszz.org\/index.php\/wp-json\/wp\/v2\/posts\/3335"}],"collection":[{"href":"https:\/\/kspnszz.org\/index.php\/wp-json\/wp\/v2\/posts"}],"about":[{"href":"https:\/\/kspnszz.org\/index.php\/wp-json\/wp\/v2\/types\/post"}],"author":[{"embeddable":true,"href":"https:\/\/kspnszz.org\/index.php\/wp-json\/wp\/v2\/users\/2"}],"replies":[{"embeddable":true,"href":"https:\/\/kspnszz.org\/index.php\/wp-json\/wp\/v2\/comments?post=3335"}],"version-history":[{"count":2,"href":"https:\/\/kspnszz.org\/index.php\/wp-json\/wp\/v2\/posts\/3335\/revisions"}],"predecessor-version":[{"id":3337,"href":"https:\/\/kspnszz.org\/index.php\/wp-json\/wp\/v2\/posts\/3335\/revisions\/3337"}],"wp:featuredmedia":[{"embeddable":true,"href":"https:\/\/kspnszz.org\/index.php\/wp-json\/wp\/v2\/media\/3333"}],"wp:attachment":[{"href":"https:\/\/kspnszz.org\/index.php\/wp-json\/wp\/v2\/media?parent=3335"}],"wp:term":[{"taxonomy":"category","embeddable":true,"href":"https:\/\/kspnszz.org\/index.php\/wp-json\/wp\/v2\/categories?post=3335"},{"taxonomy":"post_tag","embeddable":true,"href":"https:\/\/kspnszz.org\/index.php\/wp-json\/wp\/v2\/tags?post=3335"}],"curies":[{"name":"wp","href":"https:\/\/api.w.org\/{rel}","templated":true}]}}