{"id":3278,"date":"2021-09-03T15:17:16","date_gmt":"2021-09-03T13:17:16","guid":{"rendered":"http:\/\/kspnszz.org\/?p=3278"},"modified":"2021-09-03T15:21:43","modified_gmt":"2021-09-03T13:21:43","slug":"spotkanie-ze-zwiazkami-zawodowymi-zrzeszajacymi-funkcjonariuszy-sluzb-mundurowych-mswia-2","status":"publish","type":"post","link":"https:\/\/kspnszz.org\/index.php\/2021\/09\/03\/spotkanie-ze-zwiazkami-zawodowymi-zrzeszajacymi-funkcjonariuszy-sluzb-mundurowych-mswia-2\/","title":{"rendered":"Spotkanie ze zwi\u0105zkami zawodowymi zrzeszaj\u0105cymi funkcjonariuszy s\u0142u\u017cb mundurowych MSWiA"},"content":{"rendered":"<p class=\"gwpf86f029emsonormal\" style=\"text-align: justify;\"><b>Nowa ustawa modernizacyjna dla s\u0142u\u017cb podleg\u0142ych MSWiA oraz podwy\u017cki uposa\u017ce\u0144 w\u00a0roku 2022 by\u0142y g\u0142\u00f3wnymi tematami spotkania wiceministra Macieja W\u0105sika z\u00a0przedstawicielami zwi\u0105zk\u00f3w zawodowych zrzeszaj\u0105cych funkcjonariuszy s\u0142u\u017cb mundurowych MSWiA.<\/b><\/p>\n<p class=\"gwpf86f029emsonormal\" style=\"text-align: justify;\">Podczas spotkania przeprowadzono rozmowy na temat podwy\u017cki uposa\u017ce\u0144 w roku 2022. Strona rz\u0105dowa, po wnioskach strony zwi\u0105zkowej, uzgodni\u0142a wzrost wynagrodze\u0144 w sferze bud\u017cetowej m.in. dla funkcjonariuszy s\u0142u\u017cb mundurowych. Oznacza to, \u017ce od 1 stycznia 2022 r. p\u0142ace funkcjonariuszy wzrosn\u0105 o 4,4 proc., co \u2013 wraz z nagrod\u0105 roczn\u0105 &#8211; daje wzrost przeci\u0119tnego miesi\u0119cznego uposa\u017cenia o 270 z\u0142 na etat.<\/p>\n<p class=\"gwpf86f029emsonormal\" style=\"text-align: justify;\">Dodatkowo strona rz\u0105dowa zgodzi\u0142a si\u0119 na przywr\u00f3cenie w s\u0142u\u017cbach podleg\u0142ych MSWiA funduszu nagr\u00f3d.<\/p>\n<p class=\"gwpf86f029emsonormal\" style=\"text-align: justify;\">Wiceminister Maciej W\u0105sik poinformowa\u0142, \u017ce MSWiA ko\u0144czy prace nad now\u0105 ustaw\u0105 modernizacyjn\u0105 na lata 2022-2025. Potwierdzono, \u017ce zgodnie z porozumieniem podpisanym 8\u00a0listopada 2018 r., w nowej ustawie znajdzie si\u0119 cz\u0119\u015b\u0107 dotycz\u0105ca zwi\u0119kszenia funduszu uposa\u017ce\u0144 i wynagrodze\u0144.<\/p>\n<p class=\"gwpf86f029emsonormal\" style=\"text-align: justify;\">Podczas spotkania ustalono harmonogram prac strony rz\u0105dowej i spo\u0142ecznej. Kolejne spotkanie odb\u0119dzie si\u0119 13 wrze\u015bnia br.<\/p>\n<p class=\"gwpf86f029emsonormal\" style=\"text-align: justify;\"><a href=\"http:\/\/kspnszz.org\/wp-content\/uploads\/2021\/09\/2021_09_03_spotkanie_zz-7.jpg\" data-rel=\"lightbox-image-0\" data-rl_title=\"\" data-rl_caption=\"\" title=\"\"><img loading=\"lazy\" decoding=\"async\" class=\"aligncenter  wp-image-3277\" src=\"http:\/\/kspnszz.org\/wp-content\/uploads\/2021\/09\/2021_09_03_spotkanie_zz-7-1024x683.jpg\" alt=\"2021_09_03_spotkanie_zz-7\" width=\"381\" height=\"254\" srcset=\"https:\/\/kspnszz.org\/wp-content\/uploads\/2021\/09\/2021_09_03_spotkanie_zz-7-1024x683.jpg 1024w, https:\/\/kspnszz.org\/wp-content\/uploads\/2021\/09\/2021_09_03_spotkanie_zz-7-300x200.jpg 300w, https:\/\/kspnszz.org\/wp-content\/uploads\/2021\/09\/2021_09_03_spotkanie_zz-7.jpg 1098w\" sizes=\"(max-width: 381px) 100vw, 381px\" \/><\/a><\/p>\n<p class=\"gwpf86f029emsonormal\" style=\"text-align: justify;\"><b>Kwestie zwi\u0105zane z artyku\u0142em 15a ustawy o zaopatrzeniu emerytalnym funkcjonariuszy<\/b><\/p>\n<p class=\"gwpf86f029emsonormal\" style=\"text-align: justify;\">Jednocze\u015bnie strona rz\u0105dowa potwierdzi\u0142a, \u017ce finalizuje prace zwi\u0105zane ze zmian\u0105 zasad doliczania pracy cywilnej do emerytury dla funkcjonariuszy przyj\u0119tych po raz pierwszy do\u00a0s\u0142u\u017cby po 1 stycznia 1999 r. i przed 1 pa\u017adziernika 2003 r. Chodzi o artyku\u0142 15a ustawy o\u00a0zaopatrzeniu emerytalnym funkcjonariuszy.\u00a0Nowe przepisy s\u0105 realizacj\u0105 wcze\u015bniejszych uzgodnie\u0144 ze stron\u0105 spo\u0142eczn\u0105.<\/p>\n<p class=\"gwpf86f029emsonormal\" style=\"text-align: justify;\">Grupa funkcjonariuszy, kt\u00f3rych dotyczy to rozwi\u0105zanie, w momencie podejmowania decyzji o\u00a0przej\u015bciu na emerytur\u0119 z co najmniej 25-letnim sta\u017cem s\u0142u\u017cby b\u0119dzie mia\u0142a do wyboru dwie mo\u017cliwo\u015bci. Pierwsza to doliczenie przez tym funkcjonariuszom do emerytury mundurowej pracy cywilnej i tym samym pobieranie tylko emerytury mundurowej. Druga mo\u017cliwo\u015b\u0107 to niedoliczanie do emerytury mundurowej pracy cywilnej i zachowanie prawa do dw\u00f3ch emerytur, tj. emerytury mundurowej i emerytury z ZUS (za prac\u0119 cywiln\u0105, po spe\u0142nieniu warunk\u00f3w wieku 60\/65 lat).<\/p>\n<p class=\"gwpf86f029emsonormal\" style=\"text-align: justify;\">Nowelizacja ustawy o zaopatrzeniu emerytalnym funkcjonariuszy w tym zakresie zostanie wkr\u00f3tce skierowana na Sta\u0142y Komitet Rady Ministr\u00f3w.<\/p>\n<p class=\"gwpf86f029emsonormal\" style=\"text-align: justify;\"><a href=\"http:\/\/kspnszz.org\/wp-content\/uploads\/2021\/09\/2021_09_03_spotkanie_zz-9.jpg\" data-rel=\"lightbox-image-1\" data-rl_title=\"\" data-rl_caption=\"\" title=\"\"><img loading=\"lazy\" decoding=\"async\" class=\"aligncenter  wp-image-3276\" src=\"http:\/\/kspnszz.org\/wp-content\/uploads\/2021\/09\/2021_09_03_spotkanie_zz-9-1024x683.jpg\" alt=\"2021_09_03_spotkanie_zz-9\" width=\"375\" height=\"250\" srcset=\"https:\/\/kspnszz.org\/wp-content\/uploads\/2021\/09\/2021_09_03_spotkanie_zz-9-1024x683.jpg 1024w, https:\/\/kspnszz.org\/wp-content\/uploads\/2021\/09\/2021_09_03_spotkanie_zz-9-300x200.jpg 300w, https:\/\/kspnszz.org\/wp-content\/uploads\/2021\/09\/2021_09_03_spotkanie_zz-9.jpg 1098w\" sizes=\"(max-width: 375px) 100vw, 375px\" \/><\/a><\/p>\n<p class=\"gwpf86f029emsonormal\" style=\"text-align: justify;\">Spotkanie strony rz\u0105dowej ze zwi\u0105zkami zawodowymi zrzeszaj\u0105cymi funkcjonariuszy s\u0142u\u017cb mundurowych MSWiA odby\u0142o si\u0119 w pi\u0105tek (3 wrze\u015bnia br.) w Ministerstwie Spraw Wewn\u0119trznych i Administracji. Wzi\u0119li w nim udzia\u0142: Maciej W\u0105sik, sekretarz stanu w MSWiA, Bart\u0142omiej Mickiewicz, przewodnicz\u0105cy Krajowej Sekcji Po\u017carnictwa NSZZ \u201eSolidarno\u015b\u0107\u201d, Rafa\u0142 Jankowski, przewodnicz\u0105cy Zarz\u0105du G\u0142\u00f3wnego Niezale\u017cnego Samorz\u0105dnego Zwi\u0105zku Zawodowego Policjant\u00f3w; Marcin Kolasa, przewodnicz\u0105cy Niezale\u017cnego Samorz\u0105dnego Zwi\u0105zku Zawodowego Funkcjonariuszy Stra\u017cy Granicznej; Krzysztof Oleksak, przewodnicz\u0105cy Zwi\u0105zku Zawodowego Stra\u017cak\u00f3w \u201eFlorian\u201d; Pawe\u0142 Borek, zast\u0119pca przewodnicz\u0105cego Niezale\u017cnego Samorz\u0105dnego Zwi\u0105zku Zawodowego Pracownik\u00f3w Po\u017carnictwa.<\/p>\n","protected":false},"excerpt":{"rendered":"<p>Nowa ustawa modernizacyjna dla s\u0142u\u017cb podleg\u0142ych MSWiA oraz podwy\u017cki uposa\u017ce\u0144 w\u00a0roku 2022 by\u0142y g\u0142\u00f3wnymi tematami spotkania wiceministra Macieja W\u0105sika z\u00a0przedstawicielami zwi\u0105zk\u00f3w zawodowych zrzeszaj\u0105cych funkcjonariuszy s\u0142u\u017cb mundurowych MSWiA. Podczas spotkania przeprowadzono rozmowy na temat podwy\u017cki uposa\u017ce\u0144 w roku 2022. Strona rz\u0105dowa, po wnioskach strony zwi\u0105zkowej, uzgodni\u0142a wzrost wynagrodze\u0144 w sferze bud\u017cetowej m.in. dla funkcjonariuszy s\u0142u\u017cb mundurowych. &hellip;<\/p>\n","protected":false},"author":2,"featured_media":3280,"comment_status":"closed","ping_status":"closed","sticky":false,"template":"","format":"standard","meta":{"footnotes":""},"categories":[2,1],"tags":[],"yoast_head":"<!-- This site is optimized with the Yoast SEO plugin v22.7 - https:\/\/yoast.com\/wordpress\/plugins\/seo\/ -->\n<title>Spotkanie ze zwi\u0105zkami zawodowymi zrzeszaj\u0105cymi funkcjonariuszy s\u0142u\u017cb mundurowych MSWiA - KSPNSZZ<\/title>\n<meta name=\"robots\" content=\"index, follow, max-snippet:-1, max-image-preview:large, max-video-preview:-1\" \/>\n<link rel=\"canonical\" href=\"http:\/\/kspnszz.org\/index.php\/2021\/09\/03\/spotkanie-ze-zwiazkami-zawodowymi-zrzeszajacymi-funkcjonariuszy-sluzb-mundurowych-mswia-2\/\" \/>\n<meta property=\"og:locale\" content=\"pl_PL\" \/>\n<meta property=\"og:type\" content=\"article\" \/>\n<meta property=\"og:title\" content=\"Spotkanie ze zwi\u0105zkami zawodowymi zrzeszaj\u0105cymi funkcjonariuszy s\u0142u\u017cb mundurowych MSWiA - KSPNSZZ\" \/>\n<meta property=\"og:description\" content=\"Nowa ustawa modernizacyjna dla s\u0142u\u017cb podleg\u0142ych MSWiA oraz podwy\u017cki uposa\u017ce\u0144 w\u00a0roku 2022 by\u0142y g\u0142\u00f3wnymi tematami spotkania wiceministra Macieja W\u0105sika z\u00a0przedstawicielami zwi\u0105zk\u00f3w zawodowych zrzeszaj\u0105cych funkcjonariuszy s\u0142u\u017cb mundurowych MSWiA. Podczas spotkania przeprowadzono rozmowy na temat podwy\u017cki uposa\u017ce\u0144 w roku 2022. Strona rz\u0105dowa, po wnioskach strony zwi\u0105zkowej, uzgodni\u0142a wzrost wynagrodze\u0144 w sferze bud\u017cetowej m.in. dla funkcjonariuszy s\u0142u\u017cb mundurowych. &hellip;\" \/>\n<meta property=\"og:url\" content=\"http:\/\/kspnszz.org\/index.php\/2021\/09\/03\/spotkanie-ze-zwiazkami-zawodowymi-zrzeszajacymi-funkcjonariuszy-sluzb-mundurowych-mswia-2\/\" \/>\n<meta property=\"og:site_name\" content=\"KSPNSZZ\" \/>\n<meta property=\"article:published_time\" content=\"2021-09-03T13:17:16+00:00\" \/>\n<meta property=\"article:modified_time\" content=\"2021-09-03T13:21:43+00:00\" \/>\n<meta property=\"og:image\" content=\"http:\/\/kspnszz.org\/wp-content\/uploads\/2021\/09\/logomswia.jpg\" \/>\n\t<meta property=\"og:image:width\" content=\"730\" \/>\n\t<meta property=\"og:image:height\" content=\"581\" \/>\n\t<meta property=\"og:image:type\" content=\"image\/jpeg\" \/>\n<meta name=\"author\" content=\"bartlomiej\" \/>\n<meta name=\"twitter:card\" content=\"summary_large_image\" \/>\n<meta name=\"twitter:label1\" content=\"Napisane przez\" \/>\n\t<meta name=\"twitter:data1\" content=\"bartlomiej\" \/>\n\t<meta name=\"twitter:label2\" content=\"Szacowany czas czytania\" \/>\n\t<meta name=\"twitter:data2\" content=\"2 minuty\" \/>\n<script type=\"application\/ld+json\" class=\"yoast-schema-graph\">{\"@context\":\"https:\/\/schema.org\",\"@graph\":[{\"@type\":\"WebPage\",\"@id\":\"http:\/\/kspnszz.org\/index.php\/2021\/09\/03\/spotkanie-ze-zwiazkami-zawodowymi-zrzeszajacymi-funkcjonariuszy-sluzb-mundurowych-mswia-2\/\",\"url\":\"http:\/\/kspnszz.org\/index.php\/2021\/09\/03\/spotkanie-ze-zwiazkami-zawodowymi-zrzeszajacymi-funkcjonariuszy-sluzb-mundurowych-mswia-2\/\",\"name\":\"Spotkanie ze zwi\u0105zkami zawodowymi zrzeszaj\u0105cymi funkcjonariuszy s\u0142u\u017cb mundurowych MSWiA - KSPNSZZ\",\"isPartOf\":{\"@id\":\"http:\/\/kspnszz.org\/#website\"},\"primaryImageOfPage\":{\"@id\":\"http:\/\/kspnszz.org\/index.php\/2021\/09\/03\/spotkanie-ze-zwiazkami-zawodowymi-zrzeszajacymi-funkcjonariuszy-sluzb-mundurowych-mswia-2\/#primaryimage\"},\"image\":{\"@id\":\"http:\/\/kspnszz.org\/index.php\/2021\/09\/03\/spotkanie-ze-zwiazkami-zawodowymi-zrzeszajacymi-funkcjonariuszy-sluzb-mundurowych-mswia-2\/#primaryimage\"},\"thumbnailUrl\":\"https:\/\/kspnszz.org\/wp-content\/uploads\/2021\/09\/logomswia.jpg\",\"datePublished\":\"2021-09-03T13:17:16+00:00\",\"dateModified\":\"2021-09-03T13:21:43+00:00\",\"author\":{\"@id\":\"http:\/\/kspnszz.org\/#\/schema\/person\/31096cf196f706ef50ecbd878903cc13\"},\"breadcrumb\":{\"@id\":\"http:\/\/kspnszz.org\/index.php\/2021\/09\/03\/spotkanie-ze-zwiazkami-zawodowymi-zrzeszajacymi-funkcjonariuszy-sluzb-mundurowych-mswia-2\/#breadcrumb\"},\"inLanguage\":\"pl-PL\",\"potentialAction\":[{\"@type\":\"ReadAction\",\"target\":[\"http:\/\/kspnszz.org\/index.php\/2021\/09\/03\/spotkanie-ze-zwiazkami-zawodowymi-zrzeszajacymi-funkcjonariuszy-sluzb-mundurowych-mswia-2\/\"]}]},{\"@type\":\"ImageObject\",\"inLanguage\":\"pl-PL\",\"@id\":\"http:\/\/kspnszz.org\/index.php\/2021\/09\/03\/spotkanie-ze-zwiazkami-zawodowymi-zrzeszajacymi-funkcjonariuszy-sluzb-mundurowych-mswia-2\/#primaryimage\",\"url\":\"https:\/\/kspnszz.org\/wp-content\/uploads\/2021\/09\/logomswia.jpg\",\"contentUrl\":\"https:\/\/kspnszz.org\/wp-content\/uploads\/2021\/09\/logomswia.jpg\",\"width\":730,\"height\":581},{\"@type\":\"BreadcrumbList\",\"@id\":\"http:\/\/kspnszz.org\/index.php\/2021\/09\/03\/spotkanie-ze-zwiazkami-zawodowymi-zrzeszajacymi-funkcjonariuszy-sluzb-mundurowych-mswia-2\/#breadcrumb\",\"itemListElement\":[{\"@type\":\"ListItem\",\"position\":1,\"name\":\"Strona g\u0142\u00f3wna\",\"item\":\"http:\/\/kspnszz.org\/\"},{\"@type\":\"ListItem\",\"position\":2,\"name\":\"Spotkanie ze zwi\u0105zkami zawodowymi zrzeszaj\u0105cymi funkcjonariuszy s\u0142u\u017cb mundurowych MSWiA\"}]},{\"@type\":\"WebSite\",\"@id\":\"http:\/\/kspnszz.org\/#website\",\"url\":\"http:\/\/kspnszz.org\/\",\"name\":\"KSPNSZZ\",\"description\":\"Krajowa Sekcja Po\u017carnictwa\",\"potentialAction\":[{\"@type\":\"SearchAction\",\"target\":{\"@type\":\"EntryPoint\",\"urlTemplate\":\"http:\/\/kspnszz.org\/?s={search_term_string}\"},\"query-input\":\"required name=search_term_string\"}],\"inLanguage\":\"pl-PL\"},{\"@type\":\"Person\",\"@id\":\"http:\/\/kspnszz.org\/#\/schema\/person\/31096cf196f706ef50ecbd878903cc13\",\"name\":\"bartlomiej\",\"image\":{\"@type\":\"ImageObject\",\"inLanguage\":\"pl-PL\",\"@id\":\"http:\/\/kspnszz.org\/#\/schema\/person\/image\/\",\"url\":\"https:\/\/secure.gravatar.com\/avatar\/cb681656f150968eb94b73c62cf58e52?s=96&d=mm&r=g\",\"contentUrl\":\"https:\/\/secure.gravatar.com\/avatar\/cb681656f150968eb94b73c62cf58e52?s=96&d=mm&r=g\",\"caption\":\"bartlomiej\"},\"url\":\"https:\/\/kspnszz.org\/index.php\/author\/bartlomiej\/\"}]}<\/script>\n<!-- \/ Yoast SEO plugin. -->","yoast_head_json":{"title":"Spotkanie ze zwi\u0105zkami zawodowymi zrzeszaj\u0105cymi funkcjonariuszy s\u0142u\u017cb mundurowych MSWiA - KSPNSZZ","robots":{"index":"index","follow":"follow","max-snippet":"max-snippet:-1","max-image-preview":"max-image-preview:large","max-video-preview":"max-video-preview:-1"},"canonical":"http:\/\/kspnszz.org\/index.php\/2021\/09\/03\/spotkanie-ze-zwiazkami-zawodowymi-zrzeszajacymi-funkcjonariuszy-sluzb-mundurowych-mswia-2\/","og_locale":"pl_PL","og_type":"article","og_title":"Spotkanie ze zwi\u0105zkami zawodowymi zrzeszaj\u0105cymi funkcjonariuszy s\u0142u\u017cb mundurowych MSWiA - KSPNSZZ","og_description":"Nowa ustawa modernizacyjna dla s\u0142u\u017cb podleg\u0142ych MSWiA oraz podwy\u017cki uposa\u017ce\u0144 w\u00a0roku 2022 by\u0142y g\u0142\u00f3wnymi tematami spotkania wiceministra Macieja W\u0105sika z\u00a0przedstawicielami zwi\u0105zk\u00f3w zawodowych zrzeszaj\u0105cych funkcjonariuszy s\u0142u\u017cb mundurowych MSWiA. Podczas spotkania przeprowadzono rozmowy na temat podwy\u017cki uposa\u017ce\u0144 w roku 2022. Strona rz\u0105dowa, po wnioskach strony zwi\u0105zkowej, uzgodni\u0142a wzrost wynagrodze\u0144 w sferze bud\u017cetowej m.in. dla funkcjonariuszy s\u0142u\u017cb mundurowych. &hellip;","og_url":"http:\/\/kspnszz.org\/index.php\/2021\/09\/03\/spotkanie-ze-zwiazkami-zawodowymi-zrzeszajacymi-funkcjonariuszy-sluzb-mundurowych-mswia-2\/","og_site_name":"KSPNSZZ","article_published_time":"2021-09-03T13:17:16+00:00","article_modified_time":"2021-09-03T13:21:43+00:00","og_image":[{"width":730,"height":581,"url":"http:\/\/kspnszz.org\/wp-content\/uploads\/2021\/09\/logomswia.jpg","type":"image\/jpeg"}],"author":"bartlomiej","twitter_card":"summary_large_image","twitter_misc":{"Napisane przez":"bartlomiej","Szacowany czas czytania":"2 minuty"},"schema":{"@context":"https:\/\/schema.org","@graph":[{"@type":"WebPage","@id":"http:\/\/kspnszz.org\/index.php\/2021\/09\/03\/spotkanie-ze-zwiazkami-zawodowymi-zrzeszajacymi-funkcjonariuszy-sluzb-mundurowych-mswia-2\/","url":"http:\/\/kspnszz.org\/index.php\/2021\/09\/03\/spotkanie-ze-zwiazkami-zawodowymi-zrzeszajacymi-funkcjonariuszy-sluzb-mundurowych-mswia-2\/","name":"Spotkanie ze zwi\u0105zkami zawodowymi zrzeszaj\u0105cymi funkcjonariuszy s\u0142u\u017cb mundurowych MSWiA - KSPNSZZ","isPartOf":{"@id":"http:\/\/kspnszz.org\/#website"},"primaryImageOfPage":{"@id":"http:\/\/kspnszz.org\/index.php\/2021\/09\/03\/spotkanie-ze-zwiazkami-zawodowymi-zrzeszajacymi-funkcjonariuszy-sluzb-mundurowych-mswia-2\/#primaryimage"},"image":{"@id":"http:\/\/kspnszz.org\/index.php\/2021\/09\/03\/spotkanie-ze-zwiazkami-zawodowymi-zrzeszajacymi-funkcjonariuszy-sluzb-mundurowych-mswia-2\/#primaryimage"},"thumbnailUrl":"https:\/\/kspnszz.org\/wp-content\/uploads\/2021\/09\/logomswia.jpg","datePublished":"2021-09-03T13:17:16+00:00","dateModified":"2021-09-03T13:21:43+00:00","author":{"@id":"http:\/\/kspnszz.org\/#\/schema\/person\/31096cf196f706ef50ecbd878903cc13"},"breadcrumb":{"@id":"http:\/\/kspnszz.org\/index.php\/2021\/09\/03\/spotkanie-ze-zwiazkami-zawodowymi-zrzeszajacymi-funkcjonariuszy-sluzb-mundurowych-mswia-2\/#breadcrumb"},"inLanguage":"pl-PL","potentialAction":[{"@type":"ReadAction","target":["http:\/\/kspnszz.org\/index.php\/2021\/09\/03\/spotkanie-ze-zwiazkami-zawodowymi-zrzeszajacymi-funkcjonariuszy-sluzb-mundurowych-mswia-2\/"]}]},{"@type":"ImageObject","inLanguage":"pl-PL","@id":"http:\/\/kspnszz.org\/index.php\/2021\/09\/03\/spotkanie-ze-zwiazkami-zawodowymi-zrzeszajacymi-funkcjonariuszy-sluzb-mundurowych-mswia-2\/#primaryimage","url":"https:\/\/kspnszz.org\/wp-content\/uploads\/2021\/09\/logomswia.jpg","contentUrl":"https:\/\/kspnszz.org\/wp-content\/uploads\/2021\/09\/logomswia.jpg","width":730,"height":581},{"@type":"BreadcrumbList","@id":"http:\/\/kspnszz.org\/index.php\/2021\/09\/03\/spotkanie-ze-zwiazkami-zawodowymi-zrzeszajacymi-funkcjonariuszy-sluzb-mundurowych-mswia-2\/#breadcrumb","itemListElement":[{"@type":"ListItem","position":1,"name":"Strona g\u0142\u00f3wna","item":"http:\/\/kspnszz.org\/"},{"@type":"ListItem","position":2,"name":"Spotkanie ze zwi\u0105zkami zawodowymi zrzeszaj\u0105cymi funkcjonariuszy s\u0142u\u017cb mundurowych MSWiA"}]},{"@type":"WebSite","@id":"http:\/\/kspnszz.org\/#website","url":"http:\/\/kspnszz.org\/","name":"KSPNSZZ","description":"Krajowa Sekcja Po\u017carnictwa","potentialAction":[{"@type":"SearchAction","target":{"@type":"EntryPoint","urlTemplate":"http:\/\/kspnszz.org\/?s={search_term_string}"},"query-input":"required name=search_term_string"}],"inLanguage":"pl-PL"},{"@type":"Person","@id":"http:\/\/kspnszz.org\/#\/schema\/person\/31096cf196f706ef50ecbd878903cc13","name":"bartlomiej","image":{"@type":"ImageObject","inLanguage":"pl-PL","@id":"http:\/\/kspnszz.org\/#\/schema\/person\/image\/","url":"https:\/\/secure.gravatar.com\/avatar\/cb681656f150968eb94b73c62cf58e52?s=96&d=mm&r=g","contentUrl":"https:\/\/secure.gravatar.com\/avatar\/cb681656f150968eb94b73c62cf58e52?s=96&d=mm&r=g","caption":"bartlomiej"},"url":"https:\/\/kspnszz.org\/index.php\/author\/bartlomiej\/"}]}},"_links":{"self":[{"href":"https:\/\/kspnszz.org\/index.php\/wp-json\/wp\/v2\/posts\/3278"}],"collection":[{"href":"https:\/\/kspnszz.org\/index.php\/wp-json\/wp\/v2\/posts"}],"about":[{"href":"https:\/\/kspnszz.org\/index.php\/wp-json\/wp\/v2\/types\/post"}],"author":[{"embeddable":true,"href":"https:\/\/kspnszz.org\/index.php\/wp-json\/wp\/v2\/users\/2"}],"replies":[{"embeddable":true,"href":"https:\/\/kspnszz.org\/index.php\/wp-json\/wp\/v2\/comments?post=3278"}],"version-history":[{"count":1,"href":"https:\/\/kspnszz.org\/index.php\/wp-json\/wp\/v2\/posts\/3278\/revisions"}],"predecessor-version":[{"id":3279,"href":"https:\/\/kspnszz.org\/index.php\/wp-json\/wp\/v2\/posts\/3278\/revisions\/3279"}],"wp:featuredmedia":[{"embeddable":true,"href":"https:\/\/kspnszz.org\/index.php\/wp-json\/wp\/v2\/media\/3280"}],"wp:attachment":[{"href":"https:\/\/kspnszz.org\/index.php\/wp-json\/wp\/v2\/media?parent=3278"}],"wp:term":[{"taxonomy":"category","embeddable":true,"href":"https:\/\/kspnszz.org\/index.php\/wp-json\/wp\/v2\/categories?post=3278"},{"taxonomy":"post_tag","embeddable":true,"href":"https:\/\/kspnszz.org\/index.php\/wp-json\/wp\/v2\/tags?post=3278"}],"curies":[{"name":"wp","href":"https:\/\/api.w.org\/{rel}","templated":true}]}}