{"id":3226,"date":"2021-07-27T19:46:32","date_gmt":"2021-07-27T17:46:32","guid":{"rendered":"http:\/\/kspnszz.org\/?p=3226"},"modified":"2021-07-27T19:59:07","modified_gmt":"2021-07-27T17:59:07","slug":"komunikat-z-posiedzenia-prezydium-ksp-nszz-solidarnosc","status":"publish","type":"post","link":"https:\/\/kspnszz.org\/index.php\/2021\/07\/27\/komunikat-z-posiedzenia-prezydium-ksp-nszz-solidarnosc\/","title":{"rendered":"Komunikat z posiedzenia Prezydium KSP NSZZ \u201eSolidarno\u015b\u0107\u201d"},"content":{"rendered":"<p style=\"text-align: justify;\">W dniu 26 lipca 2021 roku w Komendzie G\u0142\u00f3wnej Pa\u0144stwowej Stra\u017cy Po\u017carnej odby\u0142o si\u0119 posiedzenie Prezydium Rady Krajowej Sekcji Po\u017carnictwa NSZZ \u201eSolidarno\u015b\u0107\u201d. W posiedzeniu uczestniczy\u0142 Komendant G\u0142\u00f3wny PSP nadbryg. Andrzej Bartkowiak oraz Zast\u0119pca Komendanta G\u0142\u00f3wnego PSP nadbryg. Arkadiusz Przyby\u0142a.<\/p>\n<p style=\"text-align: justify;\">Podczas spotkania z kierownictwem KG PSP om\u00f3wiono m.in. nast\u0119puj\u0105ce kwestie:<\/p>\n<p style=\"text-align: justify;\">&#8211; program modernizacji s\u0142u\u017cb mundurowych w kontek\u015bcie wzmocnienia bud\u017cet\u00f3w p\u0142acowych,<\/p>\n<p style=\"text-align: justify;\">W \u015brodowisku stra\u017cak\u00f3w zaniepokojenie budzi fakt braku konkretnych informacji na temat ostatecznego kszta\u0142tu ustawy modernizacyjnej. Podczas spotkania przekazano informacj\u0119 o zaistnia\u0142ej sytuacji. Komendant G\u0142\u00f3wny odnosz\u0105c si\u0119 do tego zagadnienia stwierdzi\u0142, \u017ce wzmocnienie motywacyjnego systemu uposa\u017ce\u0144 jest wa\u017cnym elementem modernizacji s\u0142u\u017cb i powinno si\u0119 znale\u017a\u0107 w tworzonych przepisach. Om\u00f3wiono r\u00f3wnie\u017c pozosta\u0142e za\u0142o\u017cenia nowej ustawy dotycz\u0105ce inwestycji czy zakup\u00f3w sprz\u0119tu ratowniczego.<\/p>\n<p style=\"text-align: justify;\">&#8211; zagadnienia zwi\u0105zane ze szkolnictwem,<\/p>\n<p style=\"text-align: justify;\">Komendant G\u0142\u00f3wny przedstawi\u0142 kierunki rozwoju szkolnictwa w PSP oraz powt\u00f3rzy\u0142 deklaracj\u0119 o wyegzekwowaniu od kierownik\u00f3w jednostek organizacyjnych pokrywania koszt\u00f3w zwi\u0105zanych z delegowaniem stra\u017cak\u00f3w do szk\u00f3\u0142 po\u017carniczych. Przedstawiciele KSP podkre\u015blili, \u017ce jasne zasady kierowania na nauk\u0119 do szk\u00f3\u0142 oraz konkretne wyznaczenie \u015bcie\u017cki kariery dla stra\u017cak\u00f3w jest niezb\u0119dne do w\u0142a\u015bciwego funkcjonowania ca\u0142ego systemu<\/p>\n<p style=\"text-align: justify;\">&#8211; wymaga\u0144 dotycz\u0105cych silnik\u00f3w w pojazdach po\u017carniczych,<\/p>\n<p style=\"text-align: justify;\">Komendant G\u0142\u00f3wny poinformowa\u0142, \u017ce prace w zakresie obni\u017cenia w pojazdach po\u017carniczych dopuszczalnych norm emisji\u00a0spalin\u00a0s\u0105 w trakcie realizacji. Obni\u017cenie norm wp\u0142ynie nie tylko na zmniejszenie cen i koszt\u00f3w eksploatacji pojazd\u00f3w, ale tak\u017ce na ich sprawno\u015b\u0107 i bezpiecze\u0144stwo poprzez obni\u017cenie \u015brodka ci\u0119\u017cko\u015bci. Temat ten by\u0142 zg\u0142aszany przez KSP ju\u017c kilka lat temu.<\/p>\n<p style=\"text-align: justify;\">Szymon Kokot \u2013 za\u0142o\u017cyciel i prezes Fundacji cfbt.pl oraz cz\u0142onek NSZZ \u201eSolidarno\u015b\u0107\u201d, przedstawi\u0142 raport dotycz\u0105cy minimalizacji nara\u017cenia stra\u017cak\u00f3w na toksyczne produkty po\u017carowe. Raport zosta\u0142 oficjalnie przedstawiony Komendantowi G\u0142\u00f3wnemu PSP i opublikowany. Krajowa Sekcja Po\u017carnictwa, we wsp\u00f3\u0142pracy z KG PSP, b\u0119dzie dystrybuowa\u0107 t\u0119 publikacj\u0119.<\/p>\n<p style=\"text-align: justify;\">W zwi\u0105zku dokonanymi na ostatnim posiedzeniu Rady Krajowej Sekcji Po\u017carnictwa wyborami uzupe\u0142niaj\u0105cymi cz\u0142onk\u00f3w Prezydium ukonstytuowa\u0142o si\u0119 ono w nowym sk\u0142adzie:<\/p>\n<p style=\"text-align: justify;\">Przewodnicz\u0105cy \u2013 Bart\u0142omiej Mickiewicz (mazowieckie),<\/p>\n<p style=\"text-align: justify;\">Wiceprzewodnicz\u0105cy &#8211; Tomasz Richert (pomorskie) i Damian Kocho\u0144 (\u015bl\u0105skie),<\/p>\n<p style=\"text-align: justify;\">Wiceprzewodnicz\u0105cy\/skarbnik &#8211; Maciej \u0141ozowski (podlaskie),<\/p>\n<p style=\"text-align: justify;\">Sekretarz &#8211; Mieczys\u0142aw Gutma\u0144ski (kujawsko-pomorskie) oraz \u0141ukasz Kapica (\u0142\u00f3dzkie),<\/p>\n<p style=\"text-align: justify;\">Cz\u0142onek prezydium \u2013 \u0141ukasz Latawski (opolskie), Jaros\u0142aw Rejner (warmi\u0144sko-mazurskie) Leszek Pelc (podkarpackie) oraz Henryk Odrzywo\u0142ek (ma\u0142opolskie).<\/p>\n<p style=\"text-align: justify;\">W zwi\u0105zku z oficjalnym pytaniem do Krajowej Sekcji Po\u017carnictwa skierowanym przez Sekretariat S\u0142u\u017cb Publicznych NSZZ \u201eSolidarno\u015b\u0107\u201d odno\u015bnie udzia\u0142u w akcji protestacyjnej dotycz\u0105cej wzrostu wynagrodze\u0144 w sferze bud\u017cetowej Przewodnicz\u0105cy om\u00f3wi\u0142 szczeg\u00f3\u0142owo tre\u015b\u0107 oficjalnej odpowiedzi. Przekazano r\u00f3wnie\u017c informacj\u0119 o gotowo\u015bci do podj\u0119cia w razie potrzeby dzia\u0142a\u0144 protestacyjnych ka\u017cdej struktury regionalnej\/mi\u0119dzyregionalnej naszego zwi\u0105zku.<\/p>\n<p style=\"text-align: justify;\">Ostatnim punktem zebrania by\u0142o om\u00f3wienie bie\u017c\u0105cych problem\u00f3w w poszczeg\u00f3lnych regionach kraju.<\/p>\n<p style=\"text-align: justify;\"><a href=\"http:\/\/kspnszz.org\/wp-content\/uploads\/2021\/07\/IMG_5834.jpg\" data-rel=\"lightbox-image-0\" data-rl_title=\"\" data-rl_caption=\"\" title=\"\"><img loading=\"lazy\" decoding=\"async\" class=\"aligncenter size-large wp-image-3225\" src=\"http:\/\/kspnszz.org\/wp-content\/uploads\/2021\/07\/IMG_5834-1024x768.jpg\" alt=\"IMG_5834\" width=\"618\" height=\"464\" srcset=\"https:\/\/kspnszz.org\/wp-content\/uploads\/2021\/07\/IMG_5834-1024x768.jpg 1024w, https:\/\/kspnszz.org\/wp-content\/uploads\/2021\/07\/IMG_5834-300x225.jpg 300w\" sizes=\"(max-width: 618px) 100vw, 618px\" \/><\/a><\/p>\n","protected":false},"excerpt":{"rendered":"<p>W dniu 26 lipca 2021 roku w Komendzie G\u0142\u00f3wnej Pa\u0144stwowej Stra\u017cy Po\u017carnej odby\u0142o si\u0119 posiedzenie Prezydium Rady Krajowej Sekcji Po\u017carnictwa NSZZ \u201eSolidarno\u015b\u0107\u201d. W posiedzeniu uczestniczy\u0142 Komendant G\u0142\u00f3wny PSP nadbryg. Andrzej Bartkowiak oraz Zast\u0119pca Komendanta G\u0142\u00f3wnego PSP nadbryg. Arkadiusz Przyby\u0142a. Podczas spotkania z kierownictwem KG PSP om\u00f3wiono m.in. nast\u0119puj\u0105ce kwestie: &#8211; program modernizacji s\u0142u\u017cb mundurowych w &hellip;<\/p>\n","protected":false},"author":2,"featured_media":3225,"comment_status":"closed","ping_status":"closed","sticky":false,"template":"","format":"standard","meta":{"footnotes":""},"categories":[2,6],"tags":[],"yoast_head":"<!-- This site is optimized with the Yoast SEO plugin v22.7 - https:\/\/yoast.com\/wordpress\/plugins\/seo\/ -->\n<title>Komunikat z posiedzenia Prezydium KSP NSZZ \u201eSolidarno\u015b\u0107\u201d - KSPNSZZ<\/title>\n<meta name=\"robots\" content=\"index, follow, max-snippet:-1, max-image-preview:large, max-video-preview:-1\" \/>\n<link rel=\"canonical\" href=\"http:\/\/kspnszz.org\/index.php\/2021\/07\/27\/komunikat-z-posiedzenia-prezydium-ksp-nszz-solidarnosc\/\" \/>\n<meta property=\"og:locale\" content=\"pl_PL\" \/>\n<meta property=\"og:type\" content=\"article\" \/>\n<meta property=\"og:title\" content=\"Komunikat z posiedzenia Prezydium KSP NSZZ \u201eSolidarno\u015b\u0107\u201d - KSPNSZZ\" \/>\n<meta property=\"og:description\" content=\"W dniu 26 lipca 2021 roku w Komendzie G\u0142\u00f3wnej Pa\u0144stwowej Stra\u017cy Po\u017carnej odby\u0142o si\u0119 posiedzenie Prezydium Rady Krajowej Sekcji Po\u017carnictwa NSZZ \u201eSolidarno\u015b\u0107\u201d. W posiedzeniu uczestniczy\u0142 Komendant G\u0142\u00f3wny PSP nadbryg. Andrzej Bartkowiak oraz Zast\u0119pca Komendanta G\u0142\u00f3wnego PSP nadbryg. Arkadiusz Przyby\u0142a. Podczas spotkania z kierownictwem KG PSP om\u00f3wiono m.in. nast\u0119puj\u0105ce kwestie: &#8211; program modernizacji s\u0142u\u017cb mundurowych w &hellip;\" \/>\n<meta property=\"og:url\" content=\"http:\/\/kspnszz.org\/index.php\/2021\/07\/27\/komunikat-z-posiedzenia-prezydium-ksp-nszz-solidarnosc\/\" \/>\n<meta property=\"og:site_name\" content=\"KSPNSZZ\" \/>\n<meta property=\"article:published_time\" content=\"2021-07-27T17:46:32+00:00\" \/>\n<meta property=\"article:modified_time\" content=\"2021-07-27T17:59:07+00:00\" \/>\n<meta property=\"og:image\" content=\"http:\/\/kspnszz.org\/wp-content\/uploads\/2021\/07\/IMG_5834-1024x768.jpg\" \/>\n\t<meta property=\"og:image:width\" content=\"1024\" \/>\n\t<meta property=\"og:image:height\" content=\"768\" \/>\n\t<meta property=\"og:image:type\" content=\"image\/jpeg\" \/>\n<meta name=\"author\" content=\"bartlomiej\" \/>\n<meta name=\"twitter:card\" content=\"summary_large_image\" \/>\n<meta name=\"twitter:label1\" content=\"Napisane przez\" \/>\n\t<meta name=\"twitter:data1\" content=\"bartlomiej\" \/>\n\t<meta name=\"twitter:label2\" content=\"Szacowany czas czytania\" \/>\n\t<meta name=\"twitter:data2\" content=\"3 minuty\" \/>\n<script type=\"application\/ld+json\" class=\"yoast-schema-graph\">{\"@context\":\"https:\/\/schema.org\",\"@graph\":[{\"@type\":\"WebPage\",\"@id\":\"http:\/\/kspnszz.org\/index.php\/2021\/07\/27\/komunikat-z-posiedzenia-prezydium-ksp-nszz-solidarnosc\/\",\"url\":\"http:\/\/kspnszz.org\/index.php\/2021\/07\/27\/komunikat-z-posiedzenia-prezydium-ksp-nszz-solidarnosc\/\",\"name\":\"Komunikat z posiedzenia Prezydium KSP NSZZ \u201eSolidarno\u015b\u0107\u201d - KSPNSZZ\",\"isPartOf\":{\"@id\":\"http:\/\/kspnszz.org\/#website\"},\"primaryImageOfPage\":{\"@id\":\"http:\/\/kspnszz.org\/index.php\/2021\/07\/27\/komunikat-z-posiedzenia-prezydium-ksp-nszz-solidarnosc\/#primaryimage\"},\"image\":{\"@id\":\"http:\/\/kspnszz.org\/index.php\/2021\/07\/27\/komunikat-z-posiedzenia-prezydium-ksp-nszz-solidarnosc\/#primaryimage\"},\"thumbnailUrl\":\"https:\/\/kspnszz.org\/wp-content\/uploads\/2021\/07\/IMG_5834.jpg\",\"datePublished\":\"2021-07-27T17:46:32+00:00\",\"dateModified\":\"2021-07-27T17:59:07+00:00\",\"author\":{\"@id\":\"http:\/\/kspnszz.org\/#\/schema\/person\/31096cf196f706ef50ecbd878903cc13\"},\"breadcrumb\":{\"@id\":\"http:\/\/kspnszz.org\/index.php\/2021\/07\/27\/komunikat-z-posiedzenia-prezydium-ksp-nszz-solidarnosc\/#breadcrumb\"},\"inLanguage\":\"pl-PL\",\"potentialAction\":[{\"@type\":\"ReadAction\",\"target\":[\"http:\/\/kspnszz.org\/index.php\/2021\/07\/27\/komunikat-z-posiedzenia-prezydium-ksp-nszz-solidarnosc\/\"]}]},{\"@type\":\"ImageObject\",\"inLanguage\":\"pl-PL\",\"@id\":\"http:\/\/kspnszz.org\/index.php\/2021\/07\/27\/komunikat-z-posiedzenia-prezydium-ksp-nszz-solidarnosc\/#primaryimage\",\"url\":\"https:\/\/kspnszz.org\/wp-content\/uploads\/2021\/07\/IMG_5834.jpg\",\"contentUrl\":\"https:\/\/kspnszz.org\/wp-content\/uploads\/2021\/07\/IMG_5834.jpg\",\"width\":4032,\"height\":3024},{\"@type\":\"BreadcrumbList\",\"@id\":\"http:\/\/kspnszz.org\/index.php\/2021\/07\/27\/komunikat-z-posiedzenia-prezydium-ksp-nszz-solidarnosc\/#breadcrumb\",\"itemListElement\":[{\"@type\":\"ListItem\",\"position\":1,\"name\":\"Strona g\u0142\u00f3wna\",\"item\":\"http:\/\/kspnszz.org\/\"},{\"@type\":\"ListItem\",\"position\":2,\"name\":\"Komunikat z posiedzenia Prezydium KSP NSZZ \u201eSolidarno\u015b\u0107\u201d\"}]},{\"@type\":\"WebSite\",\"@id\":\"http:\/\/kspnszz.org\/#website\",\"url\":\"http:\/\/kspnszz.org\/\",\"name\":\"KSPNSZZ\",\"description\":\"Krajowa Sekcja Po\u017carnictwa\",\"potentialAction\":[{\"@type\":\"SearchAction\",\"target\":{\"@type\":\"EntryPoint\",\"urlTemplate\":\"http:\/\/kspnszz.org\/?s={search_term_string}\"},\"query-input\":\"required name=search_term_string\"}],\"inLanguage\":\"pl-PL\"},{\"@type\":\"Person\",\"@id\":\"http:\/\/kspnszz.org\/#\/schema\/person\/31096cf196f706ef50ecbd878903cc13\",\"name\":\"bartlomiej\",\"image\":{\"@type\":\"ImageObject\",\"inLanguage\":\"pl-PL\",\"@id\":\"http:\/\/kspnszz.org\/#\/schema\/person\/image\/\",\"url\":\"https:\/\/secure.gravatar.com\/avatar\/cb681656f150968eb94b73c62cf58e52?s=96&d=mm&r=g\",\"contentUrl\":\"https:\/\/secure.gravatar.com\/avatar\/cb681656f150968eb94b73c62cf58e52?s=96&d=mm&r=g\",\"caption\":\"bartlomiej\"},\"url\":\"https:\/\/kspnszz.org\/index.php\/author\/bartlomiej\/\"}]}<\/script>\n<!-- \/ Yoast SEO plugin. -->","yoast_head_json":{"title":"Komunikat z posiedzenia Prezydium KSP NSZZ \u201eSolidarno\u015b\u0107\u201d - KSPNSZZ","robots":{"index":"index","follow":"follow","max-snippet":"max-snippet:-1","max-image-preview":"max-image-preview:large","max-video-preview":"max-video-preview:-1"},"canonical":"http:\/\/kspnszz.org\/index.php\/2021\/07\/27\/komunikat-z-posiedzenia-prezydium-ksp-nszz-solidarnosc\/","og_locale":"pl_PL","og_type":"article","og_title":"Komunikat z posiedzenia Prezydium KSP NSZZ \u201eSolidarno\u015b\u0107\u201d - KSPNSZZ","og_description":"W dniu 26 lipca 2021 roku w Komendzie G\u0142\u00f3wnej Pa\u0144stwowej Stra\u017cy Po\u017carnej odby\u0142o si\u0119 posiedzenie Prezydium Rady Krajowej Sekcji Po\u017carnictwa NSZZ \u201eSolidarno\u015b\u0107\u201d. W posiedzeniu uczestniczy\u0142 Komendant G\u0142\u00f3wny PSP nadbryg. Andrzej Bartkowiak oraz Zast\u0119pca Komendanta G\u0142\u00f3wnego PSP nadbryg. Arkadiusz Przyby\u0142a. Podczas spotkania z kierownictwem KG PSP om\u00f3wiono m.in. nast\u0119puj\u0105ce kwestie: &#8211; program modernizacji s\u0142u\u017cb mundurowych w &hellip;","og_url":"http:\/\/kspnszz.org\/index.php\/2021\/07\/27\/komunikat-z-posiedzenia-prezydium-ksp-nszz-solidarnosc\/","og_site_name":"KSPNSZZ","article_published_time":"2021-07-27T17:46:32+00:00","article_modified_time":"2021-07-27T17:59:07+00:00","og_image":[{"width":1024,"height":768,"url":"http:\/\/kspnszz.org\/wp-content\/uploads\/2021\/07\/IMG_5834-1024x768.jpg","type":"image\/jpeg"}],"author":"bartlomiej","twitter_card":"summary_large_image","twitter_misc":{"Napisane przez":"bartlomiej","Szacowany czas czytania":"3 minuty"},"schema":{"@context":"https:\/\/schema.org","@graph":[{"@type":"WebPage","@id":"http:\/\/kspnszz.org\/index.php\/2021\/07\/27\/komunikat-z-posiedzenia-prezydium-ksp-nszz-solidarnosc\/","url":"http:\/\/kspnszz.org\/index.php\/2021\/07\/27\/komunikat-z-posiedzenia-prezydium-ksp-nszz-solidarnosc\/","name":"Komunikat z posiedzenia Prezydium KSP NSZZ \u201eSolidarno\u015b\u0107\u201d - KSPNSZZ","isPartOf":{"@id":"http:\/\/kspnszz.org\/#website"},"primaryImageOfPage":{"@id":"http:\/\/kspnszz.org\/index.php\/2021\/07\/27\/komunikat-z-posiedzenia-prezydium-ksp-nszz-solidarnosc\/#primaryimage"},"image":{"@id":"http:\/\/kspnszz.org\/index.php\/2021\/07\/27\/komunikat-z-posiedzenia-prezydium-ksp-nszz-solidarnosc\/#primaryimage"},"thumbnailUrl":"https:\/\/kspnszz.org\/wp-content\/uploads\/2021\/07\/IMG_5834.jpg","datePublished":"2021-07-27T17:46:32+00:00","dateModified":"2021-07-27T17:59:07+00:00","author":{"@id":"http:\/\/kspnszz.org\/#\/schema\/person\/31096cf196f706ef50ecbd878903cc13"},"breadcrumb":{"@id":"http:\/\/kspnszz.org\/index.php\/2021\/07\/27\/komunikat-z-posiedzenia-prezydium-ksp-nszz-solidarnosc\/#breadcrumb"},"inLanguage":"pl-PL","potentialAction":[{"@type":"ReadAction","target":["http:\/\/kspnszz.org\/index.php\/2021\/07\/27\/komunikat-z-posiedzenia-prezydium-ksp-nszz-solidarnosc\/"]}]},{"@type":"ImageObject","inLanguage":"pl-PL","@id":"http:\/\/kspnszz.org\/index.php\/2021\/07\/27\/komunikat-z-posiedzenia-prezydium-ksp-nszz-solidarnosc\/#primaryimage","url":"https:\/\/kspnszz.org\/wp-content\/uploads\/2021\/07\/IMG_5834.jpg","contentUrl":"https:\/\/kspnszz.org\/wp-content\/uploads\/2021\/07\/IMG_5834.jpg","width":4032,"height":3024},{"@type":"BreadcrumbList","@id":"http:\/\/kspnszz.org\/index.php\/2021\/07\/27\/komunikat-z-posiedzenia-prezydium-ksp-nszz-solidarnosc\/#breadcrumb","itemListElement":[{"@type":"ListItem","position":1,"name":"Strona g\u0142\u00f3wna","item":"http:\/\/kspnszz.org\/"},{"@type":"ListItem","position":2,"name":"Komunikat z posiedzenia Prezydium KSP NSZZ \u201eSolidarno\u015b\u0107\u201d"}]},{"@type":"WebSite","@id":"http:\/\/kspnszz.org\/#website","url":"http:\/\/kspnszz.org\/","name":"KSPNSZZ","description":"Krajowa Sekcja Po\u017carnictwa","potentialAction":[{"@type":"SearchAction","target":{"@type":"EntryPoint","urlTemplate":"http:\/\/kspnszz.org\/?s={search_term_string}"},"query-input":"required name=search_term_string"}],"inLanguage":"pl-PL"},{"@type":"Person","@id":"http:\/\/kspnszz.org\/#\/schema\/person\/31096cf196f706ef50ecbd878903cc13","name":"bartlomiej","image":{"@type":"ImageObject","inLanguage":"pl-PL","@id":"http:\/\/kspnszz.org\/#\/schema\/person\/image\/","url":"https:\/\/secure.gravatar.com\/avatar\/cb681656f150968eb94b73c62cf58e52?s=96&d=mm&r=g","contentUrl":"https:\/\/secure.gravatar.com\/avatar\/cb681656f150968eb94b73c62cf58e52?s=96&d=mm&r=g","caption":"bartlomiej"},"url":"https:\/\/kspnszz.org\/index.php\/author\/bartlomiej\/"}]}},"_links":{"self":[{"href":"https:\/\/kspnszz.org\/index.php\/wp-json\/wp\/v2\/posts\/3226"}],"collection":[{"href":"https:\/\/kspnszz.org\/index.php\/wp-json\/wp\/v2\/posts"}],"about":[{"href":"https:\/\/kspnszz.org\/index.php\/wp-json\/wp\/v2\/types\/post"}],"author":[{"embeddable":true,"href":"https:\/\/kspnszz.org\/index.php\/wp-json\/wp\/v2\/users\/2"}],"replies":[{"embeddable":true,"href":"https:\/\/kspnszz.org\/index.php\/wp-json\/wp\/v2\/comments?post=3226"}],"version-history":[{"count":2,"href":"https:\/\/kspnszz.org\/index.php\/wp-json\/wp\/v2\/posts\/3226\/revisions"}],"predecessor-version":[{"id":3228,"href":"https:\/\/kspnszz.org\/index.php\/wp-json\/wp\/v2\/posts\/3226\/revisions\/3228"}],"wp:featuredmedia":[{"embeddable":true,"href":"https:\/\/kspnszz.org\/index.php\/wp-json\/wp\/v2\/media\/3225"}],"wp:attachment":[{"href":"https:\/\/kspnszz.org\/index.php\/wp-json\/wp\/v2\/media?parent=3226"}],"wp:term":[{"taxonomy":"category","embeddable":true,"href":"https:\/\/kspnszz.org\/index.php\/wp-json\/wp\/v2\/categories?post=3226"},{"taxonomy":"post_tag","embeddable":true,"href":"https:\/\/kspnszz.org\/index.php\/wp-json\/wp\/v2\/tags?post=3226"}],"curies":[{"name":"wp","href":"https:\/\/api.w.org\/{rel}","templated":true}]}}