{"id":3214,"date":"2021-07-21T10:18:34","date_gmt":"2021-07-21T08:18:34","guid":{"rendered":"http:\/\/kspnszz.org\/?p=3214"},"modified":"2021-07-21T11:33:53","modified_gmt":"2021-07-21T09:33:53","slug":"czy-dojdzie-do-akcji-protestacyjnej-w-budzetowce","status":"publish","type":"post","link":"https:\/\/kspnszz.org\/index.php\/2021\/07\/21\/czy-dojdzie-do-akcji-protestacyjnej-w-budzetowce\/","title":{"rendered":"Czy dojdzie do akcji protestacyjnej w bud\u017cet\u00f3wce?"},"content":{"rendered":"<p style=\"text-align: justify;\">Przewodnicz\u0105cy Krajowej Sekcji Po\u017carnictwa NSZZ &#8222;Solidarno\u015b\u0107&#8221; odpowiedzia\u0142 na pismo ws. ewentualnej akcji protestacyjnej w bud\u017cet\u00f3wce.<\/p>\n<p style=\"text-align: justify;\">Przewodnicz\u0105cy Krajowego Sekretariatu S\u0142u\u017cb Publicznych NSZZ &#8222;Solidarno\u015b\u0107&#8221;,\u00a0nawi\u0105zuj\u0105c do medialnej informacji przedstawicieli Rz\u0105du jak i tocz\u0105cej si\u0119 dyskusji o braku podwy\u017cek dla sfery bud\u017cetowej,\u00a0 skierowa\u0142 do wszystkich podleg\u0142ych sekcji pytanie o gotowo\u015b\u0107 do podj\u0119cia dzia\u0142a\u0144 protestacyjnych.<\/p>\n<p style=\"text-align: justify;\">Odpowied\u017a Przewodnicz\u0105cego KSP zamieszczamy poni\u017cej:<\/p>\n<p style=\"text-align: justify;\"><a href=\"http:\/\/kspnszz.org\/wp-content\/uploads\/2021\/07\/ksp-28-07-2021_SSP_odpowied\u017a_na_pismo-11-e1626860005551.jpg\" data-rel=\"lightbox-image-0\" data-rl_title=\"\" data-rl_caption=\"\" title=\"\"><img loading=\"lazy\" decoding=\"async\" class=\"aligncenter size-large wp-image-3218\" src=\"http:\/\/kspnszz.org\/wp-content\/uploads\/2021\/07\/ksp-28-07-2021_SSP_odpowied\u017a_na_pismo-11-e1626860005551-815x1024.jpg\" alt=\"ksp-28-07-2021_SSP_odpowied\u017a_na_pismo-1\" width=\"618\" height=\"776\" srcset=\"https:\/\/kspnszz.org\/wp-content\/uploads\/2021\/07\/ksp-28-07-2021_SSP_odpowied\u017a_na_pismo-11-e1626860005551-815x1024.jpg 815w, https:\/\/kspnszz.org\/wp-content\/uploads\/2021\/07\/ksp-28-07-2021_SSP_odpowied\u017a_na_pismo-11-e1626860005551-239x300.jpg 239w, https:\/\/kspnszz.org\/wp-content\/uploads\/2021\/07\/ksp-28-07-2021_SSP_odpowied\u017a_na_pismo-11-e1626860005551.jpg 1652w\" sizes=\"(max-width: 618px) 100vw, 618px\" \/><\/a><\/p>\n<p>&nbsp;<\/p>\n<p><img loading=\"lazy\" decoding=\"async\" class=\"aligncenter size-large wp-image-3213\" src=\"http:\/\/kspnszz.org\/wp-content\/uploads\/2021\/07\/ksp-28-07-2021_SSP_odpowied\u017a_na_pismo-2-e1626853203290-1024x464.jpg\" alt=\"ksp-28-07-2021_SSP_odpowied\u017a_na_pismo-2\" width=\"618\" height=\"280\" srcset=\"https:\/\/kspnszz.org\/wp-content\/uploads\/2021\/07\/ksp-28-07-2021_SSP_odpowied\u017a_na_pismo-2-e1626853203290-1024x464.jpg 1024w, https:\/\/kspnszz.org\/wp-content\/uploads\/2021\/07\/ksp-28-07-2021_SSP_odpowied\u017a_na_pismo-2-e1626853203290-300x136.jpg 300w, https:\/\/kspnszz.org\/wp-content\/uploads\/2021\/07\/ksp-28-07-2021_SSP_odpowied\u017a_na_pismo-2-e1626853203290.jpg 1652w\" sizes=\"(max-width: 618px) 100vw, 618px\" \/>Stanowisko Rady KSP NSZZ &#8222;Solidarno\u015b\u0107&#8221; dost\u0119pne jest <strong><a href=\"http:\/\/kspnszz.org\/wp-content\/uploads\/2021\/06\/Stanowisko-KSP-NSZZ-SOLIDARNO\u015a\u0106-Program-modernizacji.pdf\">tutaj<\/a><\/strong><\/p>\n<p>&nbsp;<\/p>\n","protected":false},"excerpt":{"rendered":"<p>Przewodnicz\u0105cy Krajowej Sekcji Po\u017carnictwa NSZZ &#8222;Solidarno\u015b\u0107&#8221; odpowiedzia\u0142 na pismo ws. ewentualnej akcji protestacyjnej w bud\u017cet\u00f3wce. Przewodnicz\u0105cy Krajowego Sekretariatu S\u0142u\u017cb Publicznych NSZZ &#8222;Solidarno\u015b\u0107&#8221;,\u00a0nawi\u0105zuj\u0105c do medialnej informacji przedstawicieli Rz\u0105du jak i tocz\u0105cej si\u0119 dyskusji o braku podwy\u017cek dla sfery bud\u017cetowej,\u00a0 skierowa\u0142 do wszystkich podleg\u0142ych sekcji pytanie o gotowo\u015b\u0107 do podj\u0119cia dzia\u0142a\u0144 protestacyjnych. Odpowied\u017a Przewodnicz\u0105cego KSP zamieszczamy poni\u017cej: &hellip;<\/p>\n","protected":false},"author":2,"featured_media":863,"comment_status":"closed","ping_status":"closed","sticky":false,"template":"","format":"standard","meta":{"footnotes":""},"categories":[2],"tags":[],"yoast_head":"<!-- This site is optimized with the Yoast SEO plugin v22.7 - https:\/\/yoast.com\/wordpress\/plugins\/seo\/ -->\n<title>Czy dojdzie do akcji protestacyjnej w bud\u017cet\u00f3wce? - KSPNSZZ<\/title>\n<meta name=\"robots\" content=\"index, follow, max-snippet:-1, max-image-preview:large, max-video-preview:-1\" \/>\n<link rel=\"canonical\" href=\"http:\/\/kspnszz.org\/index.php\/2021\/07\/21\/czy-dojdzie-do-akcji-protestacyjnej-w-budzetowce\/\" \/>\n<meta property=\"og:locale\" content=\"pl_PL\" \/>\n<meta property=\"og:type\" content=\"article\" \/>\n<meta property=\"og:title\" content=\"Czy dojdzie do akcji protestacyjnej w bud\u017cet\u00f3wce? - KSPNSZZ\" \/>\n<meta property=\"og:description\" content=\"Przewodnicz\u0105cy Krajowej Sekcji Po\u017carnictwa NSZZ &#8222;Solidarno\u015b\u0107&#8221; odpowiedzia\u0142 na pismo ws. ewentualnej akcji protestacyjnej w bud\u017cet\u00f3wce. Przewodnicz\u0105cy Krajowego Sekretariatu S\u0142u\u017cb Publicznych NSZZ &#8222;Solidarno\u015b\u0107&#8221;,\u00a0nawi\u0105zuj\u0105c do medialnej informacji przedstawicieli Rz\u0105du jak i tocz\u0105cej si\u0119 dyskusji o braku podwy\u017cek dla sfery bud\u017cetowej,\u00a0 skierowa\u0142 do wszystkich podleg\u0142ych sekcji pytanie o gotowo\u015b\u0107 do podj\u0119cia dzia\u0142a\u0144 protestacyjnych. Odpowied\u017a Przewodnicz\u0105cego KSP zamieszczamy poni\u017cej: &hellip;\" \/>\n<meta property=\"og:url\" content=\"http:\/\/kspnszz.org\/index.php\/2021\/07\/21\/czy-dojdzie-do-akcji-protestacyjnej-w-budzetowce\/\" \/>\n<meta property=\"og:site_name\" content=\"KSPNSZZ\" \/>\n<meta property=\"article:published_time\" content=\"2021-07-21T08:18:34+00:00\" \/>\n<meta property=\"article:modified_time\" content=\"2021-07-21T09:33:53+00:00\" \/>\n<meta property=\"og:image\" content=\"http:\/\/kspnszz.org\/wp-content\/uploads\/2015\/06\/Logo_KSP11.png\" \/>\n\t<meta property=\"og:image:width\" content=\"130\" \/>\n\t<meta property=\"og:image:height\" content=\"130\" \/>\n\t<meta property=\"og:image:type\" content=\"image\/png\" \/>\n<meta name=\"author\" content=\"bartlomiej\" \/>\n<meta name=\"twitter:card\" content=\"summary_large_image\" \/>\n<meta name=\"twitter:label1\" content=\"Napisane przez\" \/>\n\t<meta name=\"twitter:data1\" content=\"bartlomiej\" \/>\n<script type=\"application\/ld+json\" class=\"yoast-schema-graph\">{\"@context\":\"https:\/\/schema.org\",\"@graph\":[{\"@type\":\"WebPage\",\"@id\":\"http:\/\/kspnszz.org\/index.php\/2021\/07\/21\/czy-dojdzie-do-akcji-protestacyjnej-w-budzetowce\/\",\"url\":\"http:\/\/kspnszz.org\/index.php\/2021\/07\/21\/czy-dojdzie-do-akcji-protestacyjnej-w-budzetowce\/\",\"name\":\"Czy dojdzie do akcji protestacyjnej w bud\u017cet\u00f3wce? - KSPNSZZ\",\"isPartOf\":{\"@id\":\"http:\/\/kspnszz.org\/#website\"},\"primaryImageOfPage\":{\"@id\":\"http:\/\/kspnszz.org\/index.php\/2021\/07\/21\/czy-dojdzie-do-akcji-protestacyjnej-w-budzetowce\/#primaryimage\"},\"image\":{\"@id\":\"http:\/\/kspnszz.org\/index.php\/2021\/07\/21\/czy-dojdzie-do-akcji-protestacyjnej-w-budzetowce\/#primaryimage\"},\"thumbnailUrl\":\"https:\/\/kspnszz.org\/wp-content\/uploads\/2015\/06\/Logo_KSP11.png\",\"datePublished\":\"2021-07-21T08:18:34+00:00\",\"dateModified\":\"2021-07-21T09:33:53+00:00\",\"author\":{\"@id\":\"http:\/\/kspnszz.org\/#\/schema\/person\/31096cf196f706ef50ecbd878903cc13\"},\"breadcrumb\":{\"@id\":\"http:\/\/kspnszz.org\/index.php\/2021\/07\/21\/czy-dojdzie-do-akcji-protestacyjnej-w-budzetowce\/#breadcrumb\"},\"inLanguage\":\"pl-PL\",\"potentialAction\":[{\"@type\":\"ReadAction\",\"target\":[\"http:\/\/kspnszz.org\/index.php\/2021\/07\/21\/czy-dojdzie-do-akcji-protestacyjnej-w-budzetowce\/\"]}]},{\"@type\":\"ImageObject\",\"inLanguage\":\"pl-PL\",\"@id\":\"http:\/\/kspnszz.org\/index.php\/2021\/07\/21\/czy-dojdzie-do-akcji-protestacyjnej-w-budzetowce\/#primaryimage\",\"url\":\"https:\/\/kspnszz.org\/wp-content\/uploads\/2015\/06\/Logo_KSP11.png\",\"contentUrl\":\"https:\/\/kspnszz.org\/wp-content\/uploads\/2015\/06\/Logo_KSP11.png\",\"width\":130,\"height\":130},{\"@type\":\"BreadcrumbList\",\"@id\":\"http:\/\/kspnszz.org\/index.php\/2021\/07\/21\/czy-dojdzie-do-akcji-protestacyjnej-w-budzetowce\/#breadcrumb\",\"itemListElement\":[{\"@type\":\"ListItem\",\"position\":1,\"name\":\"Strona g\u0142\u00f3wna\",\"item\":\"http:\/\/kspnszz.org\/\"},{\"@type\":\"ListItem\",\"position\":2,\"name\":\"Czy dojdzie do akcji protestacyjnej w bud\u017cet\u00f3wce?\"}]},{\"@type\":\"WebSite\",\"@id\":\"http:\/\/kspnszz.org\/#website\",\"url\":\"http:\/\/kspnszz.org\/\",\"name\":\"KSPNSZZ\",\"description\":\"Krajowa Sekcja Po\u017carnictwa\",\"potentialAction\":[{\"@type\":\"SearchAction\",\"target\":{\"@type\":\"EntryPoint\",\"urlTemplate\":\"http:\/\/kspnszz.org\/?s={search_term_string}\"},\"query-input\":\"required name=search_term_string\"}],\"inLanguage\":\"pl-PL\"},{\"@type\":\"Person\",\"@id\":\"http:\/\/kspnszz.org\/#\/schema\/person\/31096cf196f706ef50ecbd878903cc13\",\"name\":\"bartlomiej\",\"image\":{\"@type\":\"ImageObject\",\"inLanguage\":\"pl-PL\",\"@id\":\"http:\/\/kspnszz.org\/#\/schema\/person\/image\/\",\"url\":\"https:\/\/secure.gravatar.com\/avatar\/cb681656f150968eb94b73c62cf58e52?s=96&d=mm&r=g\",\"contentUrl\":\"https:\/\/secure.gravatar.com\/avatar\/cb681656f150968eb94b73c62cf58e52?s=96&d=mm&r=g\",\"caption\":\"bartlomiej\"},\"url\":\"https:\/\/kspnszz.org\/index.php\/author\/bartlomiej\/\"}]}<\/script>\n<!-- \/ Yoast SEO plugin. -->","yoast_head_json":{"title":"Czy dojdzie do akcji protestacyjnej w bud\u017cet\u00f3wce? - KSPNSZZ","robots":{"index":"index","follow":"follow","max-snippet":"max-snippet:-1","max-image-preview":"max-image-preview:large","max-video-preview":"max-video-preview:-1"},"canonical":"http:\/\/kspnszz.org\/index.php\/2021\/07\/21\/czy-dojdzie-do-akcji-protestacyjnej-w-budzetowce\/","og_locale":"pl_PL","og_type":"article","og_title":"Czy dojdzie do akcji protestacyjnej w bud\u017cet\u00f3wce? - KSPNSZZ","og_description":"Przewodnicz\u0105cy Krajowej Sekcji Po\u017carnictwa NSZZ &#8222;Solidarno\u015b\u0107&#8221; odpowiedzia\u0142 na pismo ws. ewentualnej akcji protestacyjnej w bud\u017cet\u00f3wce. Przewodnicz\u0105cy Krajowego Sekretariatu S\u0142u\u017cb Publicznych NSZZ &#8222;Solidarno\u015b\u0107&#8221;,\u00a0nawi\u0105zuj\u0105c do medialnej informacji przedstawicieli Rz\u0105du jak i tocz\u0105cej si\u0119 dyskusji o braku podwy\u017cek dla sfery bud\u017cetowej,\u00a0 skierowa\u0142 do wszystkich podleg\u0142ych sekcji pytanie o gotowo\u015b\u0107 do podj\u0119cia dzia\u0142a\u0144 protestacyjnych. Odpowied\u017a Przewodnicz\u0105cego KSP zamieszczamy poni\u017cej: &hellip;","og_url":"http:\/\/kspnszz.org\/index.php\/2021\/07\/21\/czy-dojdzie-do-akcji-protestacyjnej-w-budzetowce\/","og_site_name":"KSPNSZZ","article_published_time":"2021-07-21T08:18:34+00:00","article_modified_time":"2021-07-21T09:33:53+00:00","og_image":[{"width":130,"height":130,"url":"http:\/\/kspnszz.org\/wp-content\/uploads\/2015\/06\/Logo_KSP11.png","type":"image\/png"}],"author":"bartlomiej","twitter_card":"summary_large_image","twitter_misc":{"Napisane przez":"bartlomiej"},"schema":{"@context":"https:\/\/schema.org","@graph":[{"@type":"WebPage","@id":"http:\/\/kspnszz.org\/index.php\/2021\/07\/21\/czy-dojdzie-do-akcji-protestacyjnej-w-budzetowce\/","url":"http:\/\/kspnszz.org\/index.php\/2021\/07\/21\/czy-dojdzie-do-akcji-protestacyjnej-w-budzetowce\/","name":"Czy dojdzie do akcji protestacyjnej w bud\u017cet\u00f3wce? - KSPNSZZ","isPartOf":{"@id":"http:\/\/kspnszz.org\/#website"},"primaryImageOfPage":{"@id":"http:\/\/kspnszz.org\/index.php\/2021\/07\/21\/czy-dojdzie-do-akcji-protestacyjnej-w-budzetowce\/#primaryimage"},"image":{"@id":"http:\/\/kspnszz.org\/index.php\/2021\/07\/21\/czy-dojdzie-do-akcji-protestacyjnej-w-budzetowce\/#primaryimage"},"thumbnailUrl":"https:\/\/kspnszz.org\/wp-content\/uploads\/2015\/06\/Logo_KSP11.png","datePublished":"2021-07-21T08:18:34+00:00","dateModified":"2021-07-21T09:33:53+00:00","author":{"@id":"http:\/\/kspnszz.org\/#\/schema\/person\/31096cf196f706ef50ecbd878903cc13"},"breadcrumb":{"@id":"http:\/\/kspnszz.org\/index.php\/2021\/07\/21\/czy-dojdzie-do-akcji-protestacyjnej-w-budzetowce\/#breadcrumb"},"inLanguage":"pl-PL","potentialAction":[{"@type":"ReadAction","target":["http:\/\/kspnszz.org\/index.php\/2021\/07\/21\/czy-dojdzie-do-akcji-protestacyjnej-w-budzetowce\/"]}]},{"@type":"ImageObject","inLanguage":"pl-PL","@id":"http:\/\/kspnszz.org\/index.php\/2021\/07\/21\/czy-dojdzie-do-akcji-protestacyjnej-w-budzetowce\/#primaryimage","url":"https:\/\/kspnszz.org\/wp-content\/uploads\/2015\/06\/Logo_KSP11.png","contentUrl":"https:\/\/kspnszz.org\/wp-content\/uploads\/2015\/06\/Logo_KSP11.png","width":130,"height":130},{"@type":"BreadcrumbList","@id":"http:\/\/kspnszz.org\/index.php\/2021\/07\/21\/czy-dojdzie-do-akcji-protestacyjnej-w-budzetowce\/#breadcrumb","itemListElement":[{"@type":"ListItem","position":1,"name":"Strona g\u0142\u00f3wna","item":"http:\/\/kspnszz.org\/"},{"@type":"ListItem","position":2,"name":"Czy dojdzie do akcji protestacyjnej w bud\u017cet\u00f3wce?"}]},{"@type":"WebSite","@id":"http:\/\/kspnszz.org\/#website","url":"http:\/\/kspnszz.org\/","name":"KSPNSZZ","description":"Krajowa Sekcja Po\u017carnictwa","potentialAction":[{"@type":"SearchAction","target":{"@type":"EntryPoint","urlTemplate":"http:\/\/kspnszz.org\/?s={search_term_string}"},"query-input":"required name=search_term_string"}],"inLanguage":"pl-PL"},{"@type":"Person","@id":"http:\/\/kspnszz.org\/#\/schema\/person\/31096cf196f706ef50ecbd878903cc13","name":"bartlomiej","image":{"@type":"ImageObject","inLanguage":"pl-PL","@id":"http:\/\/kspnszz.org\/#\/schema\/person\/image\/","url":"https:\/\/secure.gravatar.com\/avatar\/cb681656f150968eb94b73c62cf58e52?s=96&d=mm&r=g","contentUrl":"https:\/\/secure.gravatar.com\/avatar\/cb681656f150968eb94b73c62cf58e52?s=96&d=mm&r=g","caption":"bartlomiej"},"url":"https:\/\/kspnszz.org\/index.php\/author\/bartlomiej\/"}]}},"_links":{"self":[{"href":"https:\/\/kspnszz.org\/index.php\/wp-json\/wp\/v2\/posts\/3214"}],"collection":[{"href":"https:\/\/kspnszz.org\/index.php\/wp-json\/wp\/v2\/posts"}],"about":[{"href":"https:\/\/kspnszz.org\/index.php\/wp-json\/wp\/v2\/types\/post"}],"author":[{"embeddable":true,"href":"https:\/\/kspnszz.org\/index.php\/wp-json\/wp\/v2\/users\/2"}],"replies":[{"embeddable":true,"href":"https:\/\/kspnszz.org\/index.php\/wp-json\/wp\/v2\/comments?post=3214"}],"version-history":[{"count":4,"href":"https:\/\/kspnszz.org\/index.php\/wp-json\/wp\/v2\/posts\/3214\/revisions"}],"predecessor-version":[{"id":3219,"href":"https:\/\/kspnszz.org\/index.php\/wp-json\/wp\/v2\/posts\/3214\/revisions\/3219"}],"wp:featuredmedia":[{"embeddable":true,"href":"https:\/\/kspnszz.org\/index.php\/wp-json\/wp\/v2\/media\/863"}],"wp:attachment":[{"href":"https:\/\/kspnszz.org\/index.php\/wp-json\/wp\/v2\/media?parent=3214"}],"wp:term":[{"taxonomy":"category","embeddable":true,"href":"https:\/\/kspnszz.org\/index.php\/wp-json\/wp\/v2\/categories?post=3214"},{"taxonomy":"post_tag","embeddable":true,"href":"https:\/\/kspnszz.org\/index.php\/wp-json\/wp\/v2\/tags?post=3214"}],"curies":[{"name":"wp","href":"https:\/\/api.w.org\/{rel}","templated":true}]}}