{"id":3202,"date":"2021-07-16T17:43:34","date_gmt":"2021-07-16T15:43:34","guid":{"rendered":"http:\/\/kspnszz.org\/?p=3202"},"modified":"2021-07-16T17:43:34","modified_gmt":"2021-07-16T15:43:34","slug":"posiedzenie-mazowieckiej-miedzyregionalnej-sekcji-pozarnictwa","status":"publish","type":"post","link":"https:\/\/kspnszz.org\/index.php\/2021\/07\/16\/posiedzenie-mazowieckiej-miedzyregionalnej-sekcji-pozarnictwa\/","title":{"rendered":"Posiedzenie Mazowieckiej Mi\u0119dzyregionalnej Sekcji Po\u017carnictwa"},"content":{"rendered":"<p style=\"text-align: justify;\">W dniach 1-2 lipca 2021 roku odby\u0142o si\u0119 posiedzenie Mazowieckiej Mi\u0119dzyregionalnej Sekcji Po\u017carnictwa NSZZ \u201eSolidarno\u015b\u0107\u201d. Podczas spotkania Przewodnicz\u0105cy Bart\u0142omiej Mickiewicz om\u00f3wi\u0142 bie\u017c\u0105c\u0105 sytuacj\u0119 w\u00a0Pa\u0144stwowej Stra\u017cy Po\u017carnej oraz dzia\u0142ania jakie podejmuje Krajowa Sekcja Po\u017carnictwa. Poruszono m.in. spraw\u0119 dodatku funkcyjnego, zaprezentowano nowy wz\u00f3r umundurowania s\u0142u\u017cbowego, om\u00f3wiono za\u0142o\u017cenia do nowego programu modernizacji s\u0142u\u017cb mundurowych. Przewodnicz\u0105cy om\u00f3wi\u0142 tak\u017ce przyj\u0119te na posiedzeniu Rady Krajowej Sekcji Po\u017carnictwa NSZZ \u201eSolidarno\u015b\u0107\u201d stanowisko w sprawie nowego programu modernizacji s\u0142u\u017cb mundurowych. Podkre\u015blono, \u017ce poza cz\u0119\u015bci\u0105 inwestycyjn\u0105 nale\u017cy zadba\u0107 o\u00a0aspekt uposa\u017ceniowy tak dla pracownik\u00f3w cywilnych jak r\u00f3wnie\u017c dla funkcjonariuszy. Cz\u0142onkowie Rady podkre\u015blali, i\u017c przy tak wysokim progu inflacji podwy\u017cki uposa\u017ce\u0144 zostan\u0105 zdewaluowane w najbli\u017cszych latach. Wyra\u017cono pogl\u0105d, i\u017c konieczne jest odmro\u017cenie waloryzacji uposa\u017ce\u0144 funkcjonariuszy i sukcesywne zwi\u0119kszanie p\u0142ac cho\u0107by w kontek\u015bcie coraz wi\u0119kszej ilo\u015bci zada\u0144 nak\u0142adanych na funkcjonariuszy. Dodatkowo przedstawiciele poszczeg\u00f3lnych Komisji Zak\u0142adowych omawiali problemy dotycz\u0105ce poszczeg\u00f3lnych Komend.<\/p>\n<p style=\"text-align: justify;\"><a href=\"http:\/\/kspnszz.org\/wp-content\/uploads\/2021\/07\/IMG-20210701-WA0011-e1626450027526.jpg\" data-rel=\"lightbox-image-0\" data-rl_title=\"\" data-rl_caption=\"\" title=\"\"><img loading=\"lazy\" decoding=\"async\" class=\"aligncenter wp-image-3198 \" src=\"http:\/\/kspnszz.org\/wp-content\/uploads\/2021\/07\/IMG-20210701-WA0011-e1626450027526-1024x640.jpg\" alt=\"\" width=\"405\" height=\"253\" srcset=\"https:\/\/kspnszz.org\/wp-content\/uploads\/2021\/07\/IMG-20210701-WA0011-e1626450027526-1024x640.jpg 1024w, https:\/\/kspnszz.org\/wp-content\/uploads\/2021\/07\/IMG-20210701-WA0011-e1626450027526-300x188.jpg 300w, https:\/\/kspnszz.org\/wp-content\/uploads\/2021\/07\/IMG-20210701-WA0011-e1626450027526.jpg 1440w\" sizes=\"(max-width: 405px) 100vw, 405px\" \/><\/a><\/p>\n<p style=\"text-align: justify;\">Kolejn\u0105 cz\u0119\u015bci\u0105 spotkania po\u015bwi\u0119cono na wyk\u0142ad operatora GROM pod tytu\u0142em: \u201eCzego mo\u017ce nauczy\u0107 si\u0119 stra\u017cak od operatora GROM\u201d. Wyk\u0142ad prowadzi\u0142 znany ze swojej dzia\u0142alno\u015bci publicystycznej NAVAL. Podczas wyk\u0142adu om\u00f3wi\u0142 g\u0142\u00f3wne za\u0142o\u017cenia jakimi kieruje si\u0119 kadra jednostek specjalnych pod k\u0105tem dyscypliny pracy, kontakt\u00f3w prze\u0142o\u017cony \u2013 podw\u0142adny, czy zakresu i trybu szkolenia. Wyk\u0142ad spotka\u0142 si\u0119 z\u00a0pozytywnym odbiorem w\u015br\u00f3d stra\u017cak\u00f3w.<\/p>\n<p style=\"text-align: justify;\"><a href=\"http:\/\/kspnszz.org\/wp-content\/uploads\/2021\/07\/IMG-20210702-WA0003.jpg\" data-rel=\"lightbox-image-1\" data-rl_title=\"\" data-rl_caption=\"\" title=\"\"><img loading=\"lazy\" decoding=\"async\" class=\"aligncenter  wp-image-3201\" src=\"http:\/\/kspnszz.org\/wp-content\/uploads\/2021\/07\/IMG-20210702-WA0003-1024x768.jpg\" alt=\"IMG-20210702-WA0003\" width=\"405\" height=\"304\" srcset=\"https:\/\/kspnszz.org\/wp-content\/uploads\/2021\/07\/IMG-20210702-WA0003-1024x768.jpg 1024w, https:\/\/kspnszz.org\/wp-content\/uploads\/2021\/07\/IMG-20210702-WA0003-300x225.jpg 300w, https:\/\/kspnszz.org\/wp-content\/uploads\/2021\/07\/IMG-20210702-WA0003.jpg 1600w\" sizes=\"(max-width: 405px) 100vw, 405px\" \/><\/a><\/p>\n<p style=\"text-align: justify;\">\n<p style=\"text-align: justify;\">Posiedzenie by\u0142o te\u017c okazj\u0105 do podzi\u0119kowa\u0144 za dotychczasow\u0105 prac\u0119 na rzecz Zwi\u0105zku Przewodnicz\u0105cej Ko\u0142a CPR Radom Katarzynie Walasik-Zi\u00f3\u0142ek. \u017byczymy sukces\u00f3w w nowej pracy oraz liczymy, \u017ce Katarzyna w dalszym ci\u0105gu b\u0119dzie dzia\u0142a\u0107 w NSZZ \u201eSolidarno\u015b\u0107\u201d.<\/p>\n<p style=\"text-align: justify;\"><img loading=\"lazy\" decoding=\"async\" class=\"aligncenter  wp-image-3199\" src=\"http:\/\/kspnszz.org\/wp-content\/uploads\/2021\/07\/IMG-20210702-WA0009-1024x768.jpg\" alt=\"IMG-20210702-WA0009\" width=\"399\" height=\"300\" srcset=\"https:\/\/kspnszz.org\/wp-content\/uploads\/2021\/07\/IMG-20210702-WA0009-1024x768.jpg 1024w, https:\/\/kspnszz.org\/wp-content\/uploads\/2021\/07\/IMG-20210702-WA0009-300x225.jpg 300w, https:\/\/kspnszz.org\/wp-content\/uploads\/2021\/07\/IMG-20210702-WA0009.jpg 1600w\" sizes=\"(max-width: 399px) 100vw, 399px\" \/><\/p>\n<p style=\"text-align: justify;\">\n<p style=\"text-align: justify;\"><a href=\"http:\/\/kspnszz.org\/wp-content\/uploads\/2021\/07\/IMG-20210701-WA0019-e1626449973841.jpg\" data-rel=\"lightbox-image-2\" data-rl_title=\"\" data-rl_caption=\"\" title=\"\"><img loading=\"lazy\" decoding=\"async\" class=\"aligncenter size-large wp-image-3200\" src=\"http:\/\/kspnszz.org\/wp-content\/uploads\/2021\/07\/IMG-20210701-WA0019-e1626449973841-1024x606.jpg\" alt=\"IMG-20210701-WA0019\" width=\"618\" height=\"366\" srcset=\"https:\/\/kspnszz.org\/wp-content\/uploads\/2021\/07\/IMG-20210701-WA0019-e1626449973841-1024x606.jpg 1024w, https:\/\/kspnszz.org\/wp-content\/uploads\/2021\/07\/IMG-20210701-WA0019-e1626449973841-300x178.jpg 300w, https:\/\/kspnszz.org\/wp-content\/uploads\/2021\/07\/IMG-20210701-WA0019-e1626449973841.jpg 1588w\" sizes=\"(max-width: 618px) 100vw, 618px\" \/><\/a><\/p>\n<p style=\"text-align: justify;\">\n","protected":false},"excerpt":{"rendered":"<p>W dniach 1-2 lipca 2021 roku odby\u0142o si\u0119 posiedzenie Mazowieckiej Mi\u0119dzyregionalnej Sekcji Po\u017carnictwa NSZZ \u201eSolidarno\u015b\u0107\u201d. Podczas spotkania Przewodnicz\u0105cy Bart\u0142omiej Mickiewicz om\u00f3wi\u0142 bie\u017c\u0105c\u0105 sytuacj\u0119 w\u00a0Pa\u0144stwowej Stra\u017cy Po\u017carnej oraz dzia\u0142ania jakie podejmuje Krajowa Sekcja Po\u017carnictwa. Poruszono m.in. spraw\u0119 dodatku funkcyjnego, zaprezentowano nowy wz\u00f3r umundurowania s\u0142u\u017cbowego, om\u00f3wiono za\u0142o\u017cenia do nowego programu modernizacji s\u0142u\u017cb mundurowych. Przewodnicz\u0105cy om\u00f3wi\u0142 tak\u017ce przyj\u0119te &hellip;<\/p>\n","protected":false},"author":2,"featured_media":3197,"comment_status":"closed","ping_status":"closed","sticky":false,"template":"","format":"standard","meta":{"footnotes":""},"categories":[2],"tags":[],"yoast_head":"<!-- This site is optimized with the Yoast SEO plugin v22.7 - https:\/\/yoast.com\/wordpress\/plugins\/seo\/ -->\n<title>Posiedzenie Mazowieckiej Mi\u0119dzyregionalnej Sekcji Po\u017carnictwa - KSPNSZZ<\/title>\n<meta name=\"robots\" content=\"index, follow, max-snippet:-1, max-image-preview:large, max-video-preview:-1\" \/>\n<link rel=\"canonical\" href=\"http:\/\/kspnszz.org\/index.php\/2021\/07\/16\/posiedzenie-mazowieckiej-miedzyregionalnej-sekcji-pozarnictwa\/\" \/>\n<meta property=\"og:locale\" content=\"pl_PL\" \/>\n<meta property=\"og:type\" content=\"article\" \/>\n<meta property=\"og:title\" content=\"Posiedzenie Mazowieckiej Mi\u0119dzyregionalnej Sekcji Po\u017carnictwa - KSPNSZZ\" \/>\n<meta property=\"og:description\" content=\"W dniach 1-2 lipca 2021 roku odby\u0142o si\u0119 posiedzenie Mazowieckiej Mi\u0119dzyregionalnej Sekcji Po\u017carnictwa NSZZ \u201eSolidarno\u015b\u0107\u201d. Podczas spotkania Przewodnicz\u0105cy Bart\u0142omiej Mickiewicz om\u00f3wi\u0142 bie\u017c\u0105c\u0105 sytuacj\u0119 w\u00a0Pa\u0144stwowej Stra\u017cy Po\u017carnej oraz dzia\u0142ania jakie podejmuje Krajowa Sekcja Po\u017carnictwa. Poruszono m.in. spraw\u0119 dodatku funkcyjnego, zaprezentowano nowy wz\u00f3r umundurowania s\u0142u\u017cbowego, om\u00f3wiono za\u0142o\u017cenia do nowego programu modernizacji s\u0142u\u017cb mundurowych. Przewodnicz\u0105cy om\u00f3wi\u0142 tak\u017ce przyj\u0119te &hellip;\" \/>\n<meta property=\"og:url\" content=\"http:\/\/kspnszz.org\/index.php\/2021\/07\/16\/posiedzenie-mazowieckiej-miedzyregionalnej-sekcji-pozarnictwa\/\" \/>\n<meta property=\"og:site_name\" content=\"KSPNSZZ\" \/>\n<meta property=\"article:published_time\" content=\"2021-07-16T15:43:34+00:00\" \/>\n<meta property=\"og:image\" content=\"http:\/\/kspnszz.org\/wp-content\/uploads\/2021\/07\/IMG-20210702-WA0004.jpg\" \/>\n\t<meta property=\"og:image:width\" content=\"1600\" \/>\n\t<meta property=\"og:image:height\" content=\"1200\" \/>\n\t<meta property=\"og:image:type\" content=\"image\/jpeg\" \/>\n<meta name=\"author\" content=\"bartlomiej\" \/>\n<meta name=\"twitter:card\" content=\"summary_large_image\" \/>\n<meta name=\"twitter:label1\" content=\"Napisane przez\" \/>\n\t<meta name=\"twitter:data1\" content=\"bartlomiej\" \/>\n\t<meta name=\"twitter:label2\" content=\"Szacowany czas czytania\" \/>\n\t<meta name=\"twitter:data2\" content=\"2 minuty\" \/>\n<script type=\"application\/ld+json\" class=\"yoast-schema-graph\">{\"@context\":\"https:\/\/schema.org\",\"@graph\":[{\"@type\":\"WebPage\",\"@id\":\"http:\/\/kspnszz.org\/index.php\/2021\/07\/16\/posiedzenie-mazowieckiej-miedzyregionalnej-sekcji-pozarnictwa\/\",\"url\":\"http:\/\/kspnszz.org\/index.php\/2021\/07\/16\/posiedzenie-mazowieckiej-miedzyregionalnej-sekcji-pozarnictwa\/\",\"name\":\"Posiedzenie Mazowieckiej Mi\u0119dzyregionalnej Sekcji Po\u017carnictwa - KSPNSZZ\",\"isPartOf\":{\"@id\":\"http:\/\/kspnszz.org\/#website\"},\"primaryImageOfPage\":{\"@id\":\"http:\/\/kspnszz.org\/index.php\/2021\/07\/16\/posiedzenie-mazowieckiej-miedzyregionalnej-sekcji-pozarnictwa\/#primaryimage\"},\"image\":{\"@id\":\"http:\/\/kspnszz.org\/index.php\/2021\/07\/16\/posiedzenie-mazowieckiej-miedzyregionalnej-sekcji-pozarnictwa\/#primaryimage\"},\"thumbnailUrl\":\"https:\/\/kspnszz.org\/wp-content\/uploads\/2021\/07\/IMG-20210702-WA0004.jpg\",\"datePublished\":\"2021-07-16T15:43:34+00:00\",\"dateModified\":\"2021-07-16T15:43:34+00:00\",\"author\":{\"@id\":\"http:\/\/kspnszz.org\/#\/schema\/person\/31096cf196f706ef50ecbd878903cc13\"},\"breadcrumb\":{\"@id\":\"http:\/\/kspnszz.org\/index.php\/2021\/07\/16\/posiedzenie-mazowieckiej-miedzyregionalnej-sekcji-pozarnictwa\/#breadcrumb\"},\"inLanguage\":\"pl-PL\",\"potentialAction\":[{\"@type\":\"ReadAction\",\"target\":[\"http:\/\/kspnszz.org\/index.php\/2021\/07\/16\/posiedzenie-mazowieckiej-miedzyregionalnej-sekcji-pozarnictwa\/\"]}]},{\"@type\":\"ImageObject\",\"inLanguage\":\"pl-PL\",\"@id\":\"http:\/\/kspnszz.org\/index.php\/2021\/07\/16\/posiedzenie-mazowieckiej-miedzyregionalnej-sekcji-pozarnictwa\/#primaryimage\",\"url\":\"https:\/\/kspnszz.org\/wp-content\/uploads\/2021\/07\/IMG-20210702-WA0004.jpg\",\"contentUrl\":\"https:\/\/kspnszz.org\/wp-content\/uploads\/2021\/07\/IMG-20210702-WA0004.jpg\",\"width\":1600,\"height\":1200},{\"@type\":\"BreadcrumbList\",\"@id\":\"http:\/\/kspnszz.org\/index.php\/2021\/07\/16\/posiedzenie-mazowieckiej-miedzyregionalnej-sekcji-pozarnictwa\/#breadcrumb\",\"itemListElement\":[{\"@type\":\"ListItem\",\"position\":1,\"name\":\"Strona g\u0142\u00f3wna\",\"item\":\"http:\/\/kspnszz.org\/\"},{\"@type\":\"ListItem\",\"position\":2,\"name\":\"Posiedzenie Mazowieckiej Mi\u0119dzyregionalnej Sekcji Po\u017carnictwa\"}]},{\"@type\":\"WebSite\",\"@id\":\"http:\/\/kspnszz.org\/#website\",\"url\":\"http:\/\/kspnszz.org\/\",\"name\":\"KSPNSZZ\",\"description\":\"Krajowa Sekcja Po\u017carnictwa\",\"potentialAction\":[{\"@type\":\"SearchAction\",\"target\":{\"@type\":\"EntryPoint\",\"urlTemplate\":\"http:\/\/kspnszz.org\/?s={search_term_string}\"},\"query-input\":\"required name=search_term_string\"}],\"inLanguage\":\"pl-PL\"},{\"@type\":\"Person\",\"@id\":\"http:\/\/kspnszz.org\/#\/schema\/person\/31096cf196f706ef50ecbd878903cc13\",\"name\":\"bartlomiej\",\"image\":{\"@type\":\"ImageObject\",\"inLanguage\":\"pl-PL\",\"@id\":\"http:\/\/kspnszz.org\/#\/schema\/person\/image\/\",\"url\":\"https:\/\/secure.gravatar.com\/avatar\/cb681656f150968eb94b73c62cf58e52?s=96&d=mm&r=g\",\"contentUrl\":\"https:\/\/secure.gravatar.com\/avatar\/cb681656f150968eb94b73c62cf58e52?s=96&d=mm&r=g\",\"caption\":\"bartlomiej\"},\"url\":\"https:\/\/kspnszz.org\/index.php\/author\/bartlomiej\/\"}]}<\/script>\n<!-- \/ Yoast SEO plugin. -->","yoast_head_json":{"title":"Posiedzenie Mazowieckiej Mi\u0119dzyregionalnej Sekcji Po\u017carnictwa - KSPNSZZ","robots":{"index":"index","follow":"follow","max-snippet":"max-snippet:-1","max-image-preview":"max-image-preview:large","max-video-preview":"max-video-preview:-1"},"canonical":"http:\/\/kspnszz.org\/index.php\/2021\/07\/16\/posiedzenie-mazowieckiej-miedzyregionalnej-sekcji-pozarnictwa\/","og_locale":"pl_PL","og_type":"article","og_title":"Posiedzenie Mazowieckiej Mi\u0119dzyregionalnej Sekcji Po\u017carnictwa - KSPNSZZ","og_description":"W dniach 1-2 lipca 2021 roku odby\u0142o si\u0119 posiedzenie Mazowieckiej Mi\u0119dzyregionalnej Sekcji Po\u017carnictwa NSZZ \u201eSolidarno\u015b\u0107\u201d. Podczas spotkania Przewodnicz\u0105cy Bart\u0142omiej Mickiewicz om\u00f3wi\u0142 bie\u017c\u0105c\u0105 sytuacj\u0119 w\u00a0Pa\u0144stwowej Stra\u017cy Po\u017carnej oraz dzia\u0142ania jakie podejmuje Krajowa Sekcja Po\u017carnictwa. Poruszono m.in. spraw\u0119 dodatku funkcyjnego, zaprezentowano nowy wz\u00f3r umundurowania s\u0142u\u017cbowego, om\u00f3wiono za\u0142o\u017cenia do nowego programu modernizacji s\u0142u\u017cb mundurowych. Przewodnicz\u0105cy om\u00f3wi\u0142 tak\u017ce przyj\u0119te &hellip;","og_url":"http:\/\/kspnszz.org\/index.php\/2021\/07\/16\/posiedzenie-mazowieckiej-miedzyregionalnej-sekcji-pozarnictwa\/","og_site_name":"KSPNSZZ","article_published_time":"2021-07-16T15:43:34+00:00","og_image":[{"width":1600,"height":1200,"url":"http:\/\/kspnszz.org\/wp-content\/uploads\/2021\/07\/IMG-20210702-WA0004.jpg","type":"image\/jpeg"}],"author":"bartlomiej","twitter_card":"summary_large_image","twitter_misc":{"Napisane przez":"bartlomiej","Szacowany czas czytania":"2 minuty"},"schema":{"@context":"https:\/\/schema.org","@graph":[{"@type":"WebPage","@id":"http:\/\/kspnszz.org\/index.php\/2021\/07\/16\/posiedzenie-mazowieckiej-miedzyregionalnej-sekcji-pozarnictwa\/","url":"http:\/\/kspnszz.org\/index.php\/2021\/07\/16\/posiedzenie-mazowieckiej-miedzyregionalnej-sekcji-pozarnictwa\/","name":"Posiedzenie Mazowieckiej Mi\u0119dzyregionalnej Sekcji Po\u017carnictwa - KSPNSZZ","isPartOf":{"@id":"http:\/\/kspnszz.org\/#website"},"primaryImageOfPage":{"@id":"http:\/\/kspnszz.org\/index.php\/2021\/07\/16\/posiedzenie-mazowieckiej-miedzyregionalnej-sekcji-pozarnictwa\/#primaryimage"},"image":{"@id":"http:\/\/kspnszz.org\/index.php\/2021\/07\/16\/posiedzenie-mazowieckiej-miedzyregionalnej-sekcji-pozarnictwa\/#primaryimage"},"thumbnailUrl":"https:\/\/kspnszz.org\/wp-content\/uploads\/2021\/07\/IMG-20210702-WA0004.jpg","datePublished":"2021-07-16T15:43:34+00:00","dateModified":"2021-07-16T15:43:34+00:00","author":{"@id":"http:\/\/kspnszz.org\/#\/schema\/person\/31096cf196f706ef50ecbd878903cc13"},"breadcrumb":{"@id":"http:\/\/kspnszz.org\/index.php\/2021\/07\/16\/posiedzenie-mazowieckiej-miedzyregionalnej-sekcji-pozarnictwa\/#breadcrumb"},"inLanguage":"pl-PL","potentialAction":[{"@type":"ReadAction","target":["http:\/\/kspnszz.org\/index.php\/2021\/07\/16\/posiedzenie-mazowieckiej-miedzyregionalnej-sekcji-pozarnictwa\/"]}]},{"@type":"ImageObject","inLanguage":"pl-PL","@id":"http:\/\/kspnszz.org\/index.php\/2021\/07\/16\/posiedzenie-mazowieckiej-miedzyregionalnej-sekcji-pozarnictwa\/#primaryimage","url":"https:\/\/kspnszz.org\/wp-content\/uploads\/2021\/07\/IMG-20210702-WA0004.jpg","contentUrl":"https:\/\/kspnszz.org\/wp-content\/uploads\/2021\/07\/IMG-20210702-WA0004.jpg","width":1600,"height":1200},{"@type":"BreadcrumbList","@id":"http:\/\/kspnszz.org\/index.php\/2021\/07\/16\/posiedzenie-mazowieckiej-miedzyregionalnej-sekcji-pozarnictwa\/#breadcrumb","itemListElement":[{"@type":"ListItem","position":1,"name":"Strona g\u0142\u00f3wna","item":"http:\/\/kspnszz.org\/"},{"@type":"ListItem","position":2,"name":"Posiedzenie Mazowieckiej Mi\u0119dzyregionalnej Sekcji Po\u017carnictwa"}]},{"@type":"WebSite","@id":"http:\/\/kspnszz.org\/#website","url":"http:\/\/kspnszz.org\/","name":"KSPNSZZ","description":"Krajowa Sekcja Po\u017carnictwa","potentialAction":[{"@type":"SearchAction","target":{"@type":"EntryPoint","urlTemplate":"http:\/\/kspnszz.org\/?s={search_term_string}"},"query-input":"required name=search_term_string"}],"inLanguage":"pl-PL"},{"@type":"Person","@id":"http:\/\/kspnszz.org\/#\/schema\/person\/31096cf196f706ef50ecbd878903cc13","name":"bartlomiej","image":{"@type":"ImageObject","inLanguage":"pl-PL","@id":"http:\/\/kspnszz.org\/#\/schema\/person\/image\/","url":"https:\/\/secure.gravatar.com\/avatar\/cb681656f150968eb94b73c62cf58e52?s=96&d=mm&r=g","contentUrl":"https:\/\/secure.gravatar.com\/avatar\/cb681656f150968eb94b73c62cf58e52?s=96&d=mm&r=g","caption":"bartlomiej"},"url":"https:\/\/kspnszz.org\/index.php\/author\/bartlomiej\/"}]}},"_links":{"self":[{"href":"https:\/\/kspnszz.org\/index.php\/wp-json\/wp\/v2\/posts\/3202"}],"collection":[{"href":"https:\/\/kspnszz.org\/index.php\/wp-json\/wp\/v2\/posts"}],"about":[{"href":"https:\/\/kspnszz.org\/index.php\/wp-json\/wp\/v2\/types\/post"}],"author":[{"embeddable":true,"href":"https:\/\/kspnszz.org\/index.php\/wp-json\/wp\/v2\/users\/2"}],"replies":[{"embeddable":true,"href":"https:\/\/kspnszz.org\/index.php\/wp-json\/wp\/v2\/comments?post=3202"}],"version-history":[{"count":3,"href":"https:\/\/kspnszz.org\/index.php\/wp-json\/wp\/v2\/posts\/3202\/revisions"}],"predecessor-version":[{"id":3205,"href":"https:\/\/kspnszz.org\/index.php\/wp-json\/wp\/v2\/posts\/3202\/revisions\/3205"}],"wp:featuredmedia":[{"embeddable":true,"href":"https:\/\/kspnszz.org\/index.php\/wp-json\/wp\/v2\/media\/3197"}],"wp:attachment":[{"href":"https:\/\/kspnszz.org\/index.php\/wp-json\/wp\/v2\/media?parent=3202"}],"wp:term":[{"taxonomy":"category","embeddable":true,"href":"https:\/\/kspnszz.org\/index.php\/wp-json\/wp\/v2\/categories?post=3202"},{"taxonomy":"post_tag","embeddable":true,"href":"https:\/\/kspnszz.org\/index.php\/wp-json\/wp\/v2\/tags?post=3202"}],"curies":[{"name":"wp","href":"https:\/\/api.w.org\/{rel}","templated":true}]}}