{"id":3006,"date":"2021-02-15T17:24:00","date_gmt":"2021-02-15T16:24:00","guid":{"rendered":"http:\/\/kspnszz.org\/?p=3006"},"modified":"2021-02-15T17:24:00","modified_gmt":"2021-02-15T16:24:00","slug":"wspolne-wystapienie-zwiazkow-ws-nowego-programu-rozwoju-sluzb","status":"publish","type":"post","link":"https:\/\/kspnszz.org\/index.php\/2021\/02\/15\/wspolne-wystapienie-zwiazkow-ws-nowego-programu-rozwoju-sluzb\/","title":{"rendered":"Wsp\u00f3lne wyst\u0105pienie zwi\u0105zk\u00f3w ws. nowego programu rozwoju s\u0142u\u017cb"},"content":{"rendered":"<p>Zwi\u0105zki zawodowe dzia\u0142aj\u0105ce w strukturach Pa\u0144stwowej Stra\u017cy Po\u017carnej wsp\u00f3lnie wyst\u0105pi\u0142y do Prezesa Rady Ministr\u00f3w Pana Mateusza Morawieckiego, Wiceprezesa Rady Ministr\u00f3w d\/s bezpiecze\u0144stwa Pana Jaros\u0142awa Kaczy\u0144skiego oraz Ministra Spraw Wewn\u0119trznych i Administracji Pana Mariusza Kami\u0144skiego w sprawie ustanowienia nowego programu rozwoju dla s\u0142u\u017cb mundurowych.<\/p>\n<p>Tre\u015b\u0107 wyst\u0105pienia znajduje si\u0119 poni\u017cej.<\/p>\n<p><a href=\"http:\/\/kspnszz.org\/wp-content\/uploads\/2021\/02\/CCF15022021-1.jpg\" data-rel=\"lightbox-image-0\" data-rl_title=\"\" data-rl_caption=\"\" title=\"\"><img loading=\"lazy\" decoding=\"async\" class=\"aligncenter wp-image-3007 size-large\" src=\"http:\/\/kspnszz.org\/wp-content\/uploads\/2021\/02\/CCF15022021-1-721x1024.jpg\" alt=\"CCF15022021-1\" width=\"618\" height=\"878\" srcset=\"https:\/\/kspnszz.org\/wp-content\/uploads\/2021\/02\/CCF15022021-1-721x1024.jpg 721w, https:\/\/kspnszz.org\/wp-content\/uploads\/2021\/02\/CCF15022021-1-211x300.jpg 211w, https:\/\/kspnszz.org\/wp-content\/uploads\/2021\/02\/CCF15022021-1.jpg 1636w\" sizes=\"(max-width: 618px) 100vw, 618px\" \/><\/a><\/p>\n<p><a href=\"http:\/\/kspnszz.org\/wp-content\/uploads\/2021\/02\/CCF15022021-2.jpg\" data-rel=\"lightbox-image-1\" data-rl_title=\"\" data-rl_caption=\"\" title=\"\"><img loading=\"lazy\" decoding=\"async\" class=\"aligncenter wp-image-3009 size-large\" src=\"http:\/\/kspnszz.org\/wp-content\/uploads\/2021\/02\/CCF15022021-2-721x1024.jpg\" alt=\"CCF15022021-2\" width=\"618\" height=\"878\" srcset=\"https:\/\/kspnszz.org\/wp-content\/uploads\/2021\/02\/CCF15022021-2-721x1024.jpg 721w, https:\/\/kspnszz.org\/wp-content\/uploads\/2021\/02\/CCF15022021-2-211x300.jpg 211w, https:\/\/kspnszz.org\/wp-content\/uploads\/2021\/02\/CCF15022021-2.jpg 1636w\" sizes=\"(max-width: 618px) 100vw, 618px\" \/><\/a><\/p>\n<p><a href=\"http:\/\/kspnszz.org\/wp-content\/uploads\/2021\/02\/CCF15022021-3.jpg\" data-rel=\"lightbox-image-2\" data-rl_title=\"\" data-rl_caption=\"\" title=\"\"><img loading=\"lazy\" decoding=\"async\" class=\"aligncenter wp-image-3008 size-large\" src=\"http:\/\/kspnszz.org\/wp-content\/uploads\/2021\/02\/CCF15022021-3-721x1024.jpg\" alt=\"CCF15022021-3\" width=\"618\" height=\"878\" srcset=\"https:\/\/kspnszz.org\/wp-content\/uploads\/2021\/02\/CCF15022021-3-721x1024.jpg 721w, https:\/\/kspnszz.org\/wp-content\/uploads\/2021\/02\/CCF15022021-3-211x300.jpg 211w, https:\/\/kspnszz.org\/wp-content\/uploads\/2021\/02\/CCF15022021-3.jpg 1636w\" sizes=\"(max-width: 618px) 100vw, 618px\" \/><\/a><\/p>\n","protected":false},"excerpt":{"rendered":"<p>Zwi\u0105zki zawodowe dzia\u0142aj\u0105ce w strukturach Pa\u0144stwowej Stra\u017cy Po\u017carnej wsp\u00f3lnie wyst\u0105pi\u0142y do Prezesa Rady Ministr\u00f3w Pana Mateusza Morawieckiego, Wiceprezesa Rady Ministr\u00f3w d\/s bezpiecze\u0144stwa Pana Jaros\u0142awa Kaczy\u0144skiego oraz Ministra Spraw Wewn\u0119trznych i Administracji Pana Mariusza Kami\u0144skiego w sprawie ustanowienia nowego programu rozwoju dla s\u0142u\u017cb mundurowych. Tre\u015b\u0107 wyst\u0105pienia znajduje si\u0119 poni\u017cej.<\/p>\n","protected":false},"author":2,"featured_media":1163,"comment_status":"closed","ping_status":"closed","sticky":false,"template":"","format":"standard","meta":{"footnotes":""},"categories":[2,1],"tags":[],"yoast_head":"<!-- This site is optimized with the Yoast SEO plugin v22.7 - https:\/\/yoast.com\/wordpress\/plugins\/seo\/ -->\n<title>Wsp\u00f3lne wyst\u0105pienie zwi\u0105zk\u00f3w ws. nowego programu rozwoju s\u0142u\u017cb - KSPNSZZ<\/title>\n<meta name=\"robots\" content=\"index, follow, max-snippet:-1, max-image-preview:large, max-video-preview:-1\" \/>\n<link rel=\"canonical\" href=\"http:\/\/kspnszz.org\/index.php\/2021\/02\/15\/wspolne-wystapienie-zwiazkow-ws-nowego-programu-rozwoju-sluzb\/\" \/>\n<meta property=\"og:locale\" content=\"pl_PL\" \/>\n<meta property=\"og:type\" content=\"article\" \/>\n<meta property=\"og:title\" content=\"Wsp\u00f3lne wyst\u0105pienie zwi\u0105zk\u00f3w ws. nowego programu rozwoju s\u0142u\u017cb - KSPNSZZ\" \/>\n<meta property=\"og:description\" content=\"Zwi\u0105zki zawodowe dzia\u0142aj\u0105ce w strukturach Pa\u0144stwowej Stra\u017cy Po\u017carnej wsp\u00f3lnie wyst\u0105pi\u0142y do Prezesa Rady Ministr\u00f3w Pana Mateusza Morawieckiego, Wiceprezesa Rady Ministr\u00f3w d\/s bezpiecze\u0144stwa Pana Jaros\u0142awa Kaczy\u0144skiego oraz Ministra Spraw Wewn\u0119trznych i Administracji Pana Mariusza Kami\u0144skiego w sprawie ustanowienia nowego programu rozwoju dla s\u0142u\u017cb mundurowych. Tre\u015b\u0107 wyst\u0105pienia znajduje si\u0119 poni\u017cej.\" \/>\n<meta property=\"og:url\" content=\"http:\/\/kspnszz.org\/index.php\/2021\/02\/15\/wspolne-wystapienie-zwiazkow-ws-nowego-programu-rozwoju-sluzb\/\" \/>\n<meta property=\"og:site_name\" content=\"KSPNSZZ\" \/>\n<meta property=\"article:published_time\" content=\"2021-02-15T16:24:00+00:00\" \/>\n<meta property=\"og:image\" content=\"http:\/\/kspnszz.org\/wp-content\/uploads\/2015\/10\/Fotolia_80866280_Subscription_Monthly_M.jpg\" \/>\n\t<meta property=\"og:image:width\" content=\"1688\" \/>\n\t<meta property=\"og:image:height\" content=\"1125\" \/>\n\t<meta property=\"og:image:type\" content=\"image\/jpeg\" \/>\n<meta name=\"author\" content=\"bartlomiej\" \/>\n<meta name=\"twitter:card\" content=\"summary_large_image\" \/>\n<meta name=\"twitter:label1\" content=\"Napisane przez\" \/>\n\t<meta name=\"twitter:data1\" content=\"bartlomiej\" \/>\n<script type=\"application\/ld+json\" class=\"yoast-schema-graph\">{\"@context\":\"https:\/\/schema.org\",\"@graph\":[{\"@type\":\"WebPage\",\"@id\":\"http:\/\/kspnszz.org\/index.php\/2021\/02\/15\/wspolne-wystapienie-zwiazkow-ws-nowego-programu-rozwoju-sluzb\/\",\"url\":\"http:\/\/kspnszz.org\/index.php\/2021\/02\/15\/wspolne-wystapienie-zwiazkow-ws-nowego-programu-rozwoju-sluzb\/\",\"name\":\"Wsp\u00f3lne wyst\u0105pienie zwi\u0105zk\u00f3w ws. nowego programu rozwoju s\u0142u\u017cb - KSPNSZZ\",\"isPartOf\":{\"@id\":\"http:\/\/kspnszz.org\/#website\"},\"primaryImageOfPage\":{\"@id\":\"http:\/\/kspnszz.org\/index.php\/2021\/02\/15\/wspolne-wystapienie-zwiazkow-ws-nowego-programu-rozwoju-sluzb\/#primaryimage\"},\"image\":{\"@id\":\"http:\/\/kspnszz.org\/index.php\/2021\/02\/15\/wspolne-wystapienie-zwiazkow-ws-nowego-programu-rozwoju-sluzb\/#primaryimage\"},\"thumbnailUrl\":\"https:\/\/kspnszz.org\/wp-content\/uploads\/2015\/10\/Fotolia_80866280_Subscription_Monthly_M.jpg\",\"datePublished\":\"2021-02-15T16:24:00+00:00\",\"dateModified\":\"2021-02-15T16:24:00+00:00\",\"author\":{\"@id\":\"http:\/\/kspnszz.org\/#\/schema\/person\/31096cf196f706ef50ecbd878903cc13\"},\"breadcrumb\":{\"@id\":\"http:\/\/kspnszz.org\/index.php\/2021\/02\/15\/wspolne-wystapienie-zwiazkow-ws-nowego-programu-rozwoju-sluzb\/#breadcrumb\"},\"inLanguage\":\"pl-PL\",\"potentialAction\":[{\"@type\":\"ReadAction\",\"target\":[\"http:\/\/kspnszz.org\/index.php\/2021\/02\/15\/wspolne-wystapienie-zwiazkow-ws-nowego-programu-rozwoju-sluzb\/\"]}]},{\"@type\":\"ImageObject\",\"inLanguage\":\"pl-PL\",\"@id\":\"http:\/\/kspnszz.org\/index.php\/2021\/02\/15\/wspolne-wystapienie-zwiazkow-ws-nowego-programu-rozwoju-sluzb\/#primaryimage\",\"url\":\"https:\/\/kspnszz.org\/wp-content\/uploads\/2015\/10\/Fotolia_80866280_Subscription_Monthly_M.jpg\",\"contentUrl\":\"https:\/\/kspnszz.org\/wp-content\/uploads\/2015\/10\/Fotolia_80866280_Subscription_Monthly_M.jpg\",\"width\":1688,\"height\":1125},{\"@type\":\"BreadcrumbList\",\"@id\":\"http:\/\/kspnszz.org\/index.php\/2021\/02\/15\/wspolne-wystapienie-zwiazkow-ws-nowego-programu-rozwoju-sluzb\/#breadcrumb\",\"itemListElement\":[{\"@type\":\"ListItem\",\"position\":1,\"name\":\"Strona g\u0142\u00f3wna\",\"item\":\"http:\/\/kspnszz.org\/\"},{\"@type\":\"ListItem\",\"position\":2,\"name\":\"Wsp\u00f3lne wyst\u0105pienie zwi\u0105zk\u00f3w ws. nowego programu rozwoju s\u0142u\u017cb\"}]},{\"@type\":\"WebSite\",\"@id\":\"http:\/\/kspnszz.org\/#website\",\"url\":\"http:\/\/kspnszz.org\/\",\"name\":\"KSPNSZZ\",\"description\":\"Krajowa Sekcja Po\u017carnictwa\",\"potentialAction\":[{\"@type\":\"SearchAction\",\"target\":{\"@type\":\"EntryPoint\",\"urlTemplate\":\"http:\/\/kspnszz.org\/?s={search_term_string}\"},\"query-input\":\"required name=search_term_string\"}],\"inLanguage\":\"pl-PL\"},{\"@type\":\"Person\",\"@id\":\"http:\/\/kspnszz.org\/#\/schema\/person\/31096cf196f706ef50ecbd878903cc13\",\"name\":\"bartlomiej\",\"image\":{\"@type\":\"ImageObject\",\"inLanguage\":\"pl-PL\",\"@id\":\"http:\/\/kspnszz.org\/#\/schema\/person\/image\/\",\"url\":\"https:\/\/secure.gravatar.com\/avatar\/cb681656f150968eb94b73c62cf58e52?s=96&d=mm&r=g\",\"contentUrl\":\"https:\/\/secure.gravatar.com\/avatar\/cb681656f150968eb94b73c62cf58e52?s=96&d=mm&r=g\",\"caption\":\"bartlomiej\"},\"url\":\"https:\/\/kspnszz.org\/index.php\/author\/bartlomiej\/\"}]}<\/script>\n<!-- \/ Yoast SEO plugin. -->","yoast_head_json":{"title":"Wsp\u00f3lne wyst\u0105pienie zwi\u0105zk\u00f3w ws. nowego programu rozwoju s\u0142u\u017cb - KSPNSZZ","robots":{"index":"index","follow":"follow","max-snippet":"max-snippet:-1","max-image-preview":"max-image-preview:large","max-video-preview":"max-video-preview:-1"},"canonical":"http:\/\/kspnszz.org\/index.php\/2021\/02\/15\/wspolne-wystapienie-zwiazkow-ws-nowego-programu-rozwoju-sluzb\/","og_locale":"pl_PL","og_type":"article","og_title":"Wsp\u00f3lne wyst\u0105pienie zwi\u0105zk\u00f3w ws. nowego programu rozwoju s\u0142u\u017cb - KSPNSZZ","og_description":"Zwi\u0105zki zawodowe dzia\u0142aj\u0105ce w strukturach Pa\u0144stwowej Stra\u017cy Po\u017carnej wsp\u00f3lnie wyst\u0105pi\u0142y do Prezesa Rady Ministr\u00f3w Pana Mateusza Morawieckiego, Wiceprezesa Rady Ministr\u00f3w d\/s bezpiecze\u0144stwa Pana Jaros\u0142awa Kaczy\u0144skiego oraz Ministra Spraw Wewn\u0119trznych i Administracji Pana Mariusza Kami\u0144skiego w sprawie ustanowienia nowego programu rozwoju dla s\u0142u\u017cb mundurowych. Tre\u015b\u0107 wyst\u0105pienia znajduje si\u0119 poni\u017cej.","og_url":"http:\/\/kspnszz.org\/index.php\/2021\/02\/15\/wspolne-wystapienie-zwiazkow-ws-nowego-programu-rozwoju-sluzb\/","og_site_name":"KSPNSZZ","article_published_time":"2021-02-15T16:24:00+00:00","og_image":[{"width":1688,"height":1125,"url":"http:\/\/kspnszz.org\/wp-content\/uploads\/2015\/10\/Fotolia_80866280_Subscription_Monthly_M.jpg","type":"image\/jpeg"}],"author":"bartlomiej","twitter_card":"summary_large_image","twitter_misc":{"Napisane przez":"bartlomiej"},"schema":{"@context":"https:\/\/schema.org","@graph":[{"@type":"WebPage","@id":"http:\/\/kspnszz.org\/index.php\/2021\/02\/15\/wspolne-wystapienie-zwiazkow-ws-nowego-programu-rozwoju-sluzb\/","url":"http:\/\/kspnszz.org\/index.php\/2021\/02\/15\/wspolne-wystapienie-zwiazkow-ws-nowego-programu-rozwoju-sluzb\/","name":"Wsp\u00f3lne wyst\u0105pienie zwi\u0105zk\u00f3w ws. nowego programu rozwoju s\u0142u\u017cb - KSPNSZZ","isPartOf":{"@id":"http:\/\/kspnszz.org\/#website"},"primaryImageOfPage":{"@id":"http:\/\/kspnszz.org\/index.php\/2021\/02\/15\/wspolne-wystapienie-zwiazkow-ws-nowego-programu-rozwoju-sluzb\/#primaryimage"},"image":{"@id":"http:\/\/kspnszz.org\/index.php\/2021\/02\/15\/wspolne-wystapienie-zwiazkow-ws-nowego-programu-rozwoju-sluzb\/#primaryimage"},"thumbnailUrl":"https:\/\/kspnszz.org\/wp-content\/uploads\/2015\/10\/Fotolia_80866280_Subscription_Monthly_M.jpg","datePublished":"2021-02-15T16:24:00+00:00","dateModified":"2021-02-15T16:24:00+00:00","author":{"@id":"http:\/\/kspnszz.org\/#\/schema\/person\/31096cf196f706ef50ecbd878903cc13"},"breadcrumb":{"@id":"http:\/\/kspnszz.org\/index.php\/2021\/02\/15\/wspolne-wystapienie-zwiazkow-ws-nowego-programu-rozwoju-sluzb\/#breadcrumb"},"inLanguage":"pl-PL","potentialAction":[{"@type":"ReadAction","target":["http:\/\/kspnszz.org\/index.php\/2021\/02\/15\/wspolne-wystapienie-zwiazkow-ws-nowego-programu-rozwoju-sluzb\/"]}]},{"@type":"ImageObject","inLanguage":"pl-PL","@id":"http:\/\/kspnszz.org\/index.php\/2021\/02\/15\/wspolne-wystapienie-zwiazkow-ws-nowego-programu-rozwoju-sluzb\/#primaryimage","url":"https:\/\/kspnszz.org\/wp-content\/uploads\/2015\/10\/Fotolia_80866280_Subscription_Monthly_M.jpg","contentUrl":"https:\/\/kspnszz.org\/wp-content\/uploads\/2015\/10\/Fotolia_80866280_Subscription_Monthly_M.jpg","width":1688,"height":1125},{"@type":"BreadcrumbList","@id":"http:\/\/kspnszz.org\/index.php\/2021\/02\/15\/wspolne-wystapienie-zwiazkow-ws-nowego-programu-rozwoju-sluzb\/#breadcrumb","itemListElement":[{"@type":"ListItem","position":1,"name":"Strona g\u0142\u00f3wna","item":"http:\/\/kspnszz.org\/"},{"@type":"ListItem","position":2,"name":"Wsp\u00f3lne wyst\u0105pienie zwi\u0105zk\u00f3w ws. nowego programu rozwoju s\u0142u\u017cb"}]},{"@type":"WebSite","@id":"http:\/\/kspnszz.org\/#website","url":"http:\/\/kspnszz.org\/","name":"KSPNSZZ","description":"Krajowa Sekcja Po\u017carnictwa","potentialAction":[{"@type":"SearchAction","target":{"@type":"EntryPoint","urlTemplate":"http:\/\/kspnszz.org\/?s={search_term_string}"},"query-input":"required name=search_term_string"}],"inLanguage":"pl-PL"},{"@type":"Person","@id":"http:\/\/kspnszz.org\/#\/schema\/person\/31096cf196f706ef50ecbd878903cc13","name":"bartlomiej","image":{"@type":"ImageObject","inLanguage":"pl-PL","@id":"http:\/\/kspnszz.org\/#\/schema\/person\/image\/","url":"https:\/\/secure.gravatar.com\/avatar\/cb681656f150968eb94b73c62cf58e52?s=96&d=mm&r=g","contentUrl":"https:\/\/secure.gravatar.com\/avatar\/cb681656f150968eb94b73c62cf58e52?s=96&d=mm&r=g","caption":"bartlomiej"},"url":"https:\/\/kspnszz.org\/index.php\/author\/bartlomiej\/"}]}},"_links":{"self":[{"href":"https:\/\/kspnszz.org\/index.php\/wp-json\/wp\/v2\/posts\/3006"}],"collection":[{"href":"https:\/\/kspnszz.org\/index.php\/wp-json\/wp\/v2\/posts"}],"about":[{"href":"https:\/\/kspnszz.org\/index.php\/wp-json\/wp\/v2\/types\/post"}],"author":[{"embeddable":true,"href":"https:\/\/kspnszz.org\/index.php\/wp-json\/wp\/v2\/users\/2"}],"replies":[{"embeddable":true,"href":"https:\/\/kspnszz.org\/index.php\/wp-json\/wp\/v2\/comments?post=3006"}],"version-history":[{"count":1,"href":"https:\/\/kspnszz.org\/index.php\/wp-json\/wp\/v2\/posts\/3006\/revisions"}],"predecessor-version":[{"id":3010,"href":"https:\/\/kspnszz.org\/index.php\/wp-json\/wp\/v2\/posts\/3006\/revisions\/3010"}],"wp:featuredmedia":[{"embeddable":true,"href":"https:\/\/kspnszz.org\/index.php\/wp-json\/wp\/v2\/media\/1163"}],"wp:attachment":[{"href":"https:\/\/kspnszz.org\/index.php\/wp-json\/wp\/v2\/media?parent=3006"}],"wp:term":[{"taxonomy":"category","embeddable":true,"href":"https:\/\/kspnszz.org\/index.php\/wp-json\/wp\/v2\/categories?post=3006"},{"taxonomy":"post_tag","embeddable":true,"href":"https:\/\/kspnszz.org\/index.php\/wp-json\/wp\/v2\/tags?post=3006"}],"curies":[{"name":"wp","href":"https:\/\/api.w.org\/{rel}","templated":true}]}}