{"id":2766,"date":"2020-07-11T14:08:00","date_gmt":"2020-07-11T12:08:00","guid":{"rendered":"http:\/\/kspnszz.org\/?p=2766"},"modified":"2021-07-27T19:43:21","modified_gmt":"2021-07-27T17:43:21","slug":"posiedzenie-prezydium-ksp-nszz-solidarnosc-2","status":"publish","type":"post","link":"https:\/\/kspnszz.org\/index.php\/2020\/07\/11\/posiedzenie-prezydium-ksp-nszz-solidarnosc-2\/","title":{"rendered":"Posiedzenie Prezydium KSP NSZZ \u201eSolidarno\u015b\u0107\u201d"},"content":{"rendered":"<p>W dniu 9\u00a0lipca 2020 roku w Warszawie odby\u0142o si\u0119 posiedzenie Prezydium Krajowej Sekcji Po\u017carnictwa NSZZ \u201eSolidarno\u015b\u0107\u201d poszerzonego o przedstawicieli wszystkich struktur wojew\u00f3dzkich.<\/p>\n<p><a href=\"http:\/\/kspnszz.org\/wp-content\/uploads\/2020\/07\/azienkowski-e1594469092155.jpg\" data-rel=\"lightbox-image-0\" data-rl_title=\"\" data-rl_caption=\"\" title=\"\"><img loading=\"lazy\" decoding=\"async\" class=\"aligncenter wp-image-2765 \" src=\"http:\/\/kspnszz.org\/wp-content\/uploads\/2020\/07\/azienkowski-e1594469092155-1024x585.jpg\" alt=\"\" width=\"544\" height=\"311\" srcset=\"https:\/\/kspnszz.org\/wp-content\/uploads\/2020\/07\/azienkowski-e1594469092155-1024x585.jpg 1024w, https:\/\/kspnszz.org\/wp-content\/uploads\/2020\/07\/azienkowski-e1594469092155-300x171.jpg 300w\" sizes=\"(max-width: 544px) 100vw, 544px\" \/><\/a><\/p>\n<p>W czasie spotkania poruszono nast\u0119puj\u0105ce tematy:<\/p>\n<ul>\n<li>zebrani zdecydowali o wyst\u0105pieniu z wnioskiem o zwo\u0142anie kongresu Sekretariatu S\u0142u\u017cb Publicznych, co pozwoli formalnie w\u0142\u0105czy\u0107 przedstawicieli Krajowej Sekcji Po\u017carnictwa NSZZ \u201eSolidarno\u015b\u0107\u201d w sk\u0142ad Rady Sekretariatu;<\/li>\n<li>poinformowano o podpisaniu nowego programu ubezpieczeniowego STRAZAK 5.0. Poza nowym produktem ubezpieczeniowym umowa unormowa\u0142a zasady wsp\u00f3\u0142pracy pomi\u0119dzy zwi\u0105zkami zawodowymi, a PZU. Rozpocz\u0119cie wdra\u017cania programu planowane jest na sierpie\u0144 2020 roku.<\/li>\n<li>zdecydowano o wdro\u017ceniu cyklu szkole\u0144 dla struktur NSZZ \u201eSolidarno\u015b\u0107\u201d z zakresu finans\u00f3w zwi\u0105zku, finansowania komend oraz dzia\u0142alno\u015bci komisji rewizyjnych;<\/li>\n<li>w zwi\u0105zku z wakatami w Prezydium przewodnicz\u0105cy poinformowa\u0142, \u017ce na najbli\u017cszym posiedzeniu Rady KSP zamierza przed\u0142o\u017cy\u0107 kandydatur\u0119 kol. Tomasza Richerta na funkcj\u0119 wiceprzewodnicz\u0105cego Sekcji;<\/li>\n<li>Przewodnicz\u0105cy KSP om\u00f3wi\u0142 ostatnie spotkania w MSWiA m.in. stan prac nad wdro\u017ceniem \u015bwiadcze\u0144 motywacyjnych za s\u0142u\u017cb\u0119 powy\u017cej 25 i 28,5 roku \u2013 14 lipca projektem ma zaj\u0105\u0107 si\u0119 komisja sejmowa, tzw. art. 15a \u2013 Minister poinformowa\u0142, \u017ce w ci\u0105gu najbli\u017cszych kilku tygodni przedstawione zostan\u0105 za\u0142o\u017cenia projektu ustawy reguluj\u0105ce t\u0105 kwesti\u0119;<\/li>\n<li>Przewodnicz\u0105cy KSP om\u00f3wi\u0142 ostanie spotkania z kierownictwem KG PSP m.in. kwestie nagr\u00f3d dla stra\u017cak\u00f3w zaanga\u017cowanych w dzia\u0142ania zwi\u0105zane koronawirusem \u2013 Komendant G\u0142\u00f3wny poinformowa\u0142, \u017ce dzia\u0142ania ca\u0142y czas s\u0105 realizowane i w zwi\u0105zku z tym nie mo\u017cna jeszcze ostatecznie podsumowa\u0107 danych dotycz\u0105cych udzia\u0142u w nich jednostek ochrony przeciwpo\u017carowej, ostateczna analiza tych dzia\u0142a\u0144 planowana jest na wrzesie\u0144 br., w kwestii w\u0105tpliwo\u015bci co do wysoko\u015bci \u015brodk\u00f3w bud\u017cetowych na realizacj\u0119 tegorocznych podwy\u017cek wszystkie zg\u0142aszane sygna\u0142y s\u0105 wyja\u015bniane na bie\u017c\u0105co;<\/li>\n<li>om\u00f3wiono kwesti\u0119 obchod\u00f3w 40-lecia NSZZ \u201eSolidarno\u015b\u0107\u201d i KSP \u2013 zdecydowano, \u017ce z uwagi na panuj\u0105c\u0105 pandemi\u0119 nale\u017cy odst\u0105pi\u0107 od organizacji uroczystego WZD, obchody cz\u0119\u015bciowo zostan\u0105 przeniesione na przysz\u0142y rok i po\u0142\u0105czone z 30. rocznic\u0105 uchwalenia ustawy o PSP, KSP przygotuje propozycj\u0119 materia\u0142\u00f3w promocyjnych zwi\u0105zku;<\/li>\n<li>zdecydowano o podtrzymaniu opinii Rady KSP ws. rozporz\u0105dzenia o bezpiecze\u0144stwie i higienie s\u0142u\u017cby stra\u017cak\u00f3w;<\/li>\n<li>Przewodnicz\u0105cy KSP om\u00f3wi\u0142 spotkanie z przedstawicielami innych s\u0142u\u017cb mundurowych zrzeszonych w NSZZ \u201eSolidarno\u015b\u0107\u201d, podkre\u015blono, \u017ce inicjatywa spotkania i porozumienia spotka\u0142a si\u0119 z bardzo \u017cyczliw\u0105 reakcj\u0105 ze strony w\u0142adz Zwi\u0105zku i samych funkcjonariuszy;<\/li>\n<li>w zwi\u0105zku z ci\u0105g\u0142ym pojawianiem si\u0119 r\u00f3\u017cnych interpretacji dotycz\u0105cych stopni szkodliwo\u015bci przedstawiono za\u0142o\u017cenia do projektu zmiany rozporz\u0105dzenia o uposa\u017ceniach stra\u017cak\u00f3w w zakresie reguluj\u0105cym dodatki za s\u0142u\u017cb\u0119 w warunkach szkodliwych dla zdrowia lub uci\u0105\u017cliwych;<\/li>\n<li>om\u00f3wiono przebieg prac nad opracowaniem nowego umundurowania, zesp\u00f3\u0142 jest na etapie przygotowywania zapis\u00f3w do rozporz\u0105dzenia, w przysz\u0142ym tygodniu ma zosta\u0107 odszyte w przysz\u0142ym tygodniu;<\/li>\n<li>przedstawiciele poszczeg\u00f3lnych sekcji mi\u0119dzyregionalnych\/regionalnych om\u00f3wili sytuacj\u0119 w swoich wojew\u00f3dztwach.<\/li>\n<\/ul>\n<p><a href=\"http:\/\/kspnszz.org\/wp-content\/uploads\/2020\/07\/azienkowski1-e1594469152331.jpg\" data-rel=\"lightbox-image-1\" data-rl_title=\"\" data-rl_caption=\"\" title=\"\"><img loading=\"lazy\" decoding=\"async\" class=\"aligncenter wp-image-2763 \" src=\"http:\/\/kspnszz.org\/wp-content\/uploads\/2020\/07\/azienkowski1-e1594469152331-1024x601.jpg\" alt=\"\u0142azienkowski1\" width=\"535\" height=\"314\" srcset=\"https:\/\/kspnszz.org\/wp-content\/uploads\/2020\/07\/azienkowski1-e1594469152331-1024x601.jpg 1024w, https:\/\/kspnszz.org\/wp-content\/uploads\/2020\/07\/azienkowski1-e1594469152331-300x176.jpg 300w\" sizes=\"(max-width: 535px) 100vw, 535px\" \/><\/a><\/p>\n<p>Podczas posiedzenia minut\u0105 ciszy uczczono pami\u0119\u0107 zmar\u0142ego Eugeniusza Szumiejko, zas\u0142u\u017conego dzia\u0142acza dolno\u015bl\u0105skiej Solidarno\u015bci. Eugeniusz Szumiejko wsp\u00f3\u0142dzia\u0142a\u0142 przy zak\u0142adaniu pierwszych struktur NSZZ \u201eSolidarno\u015b\u0107\u201d w zawodowej stra\u017cy po\u017carnej. Wspiera\u0142 te\u017c prace zespo\u0142u naukowo-zwi\u0105zkowego, kt\u00f3ry opracowa\u0142 ustawy o ochronie przeciwpo\u017carowej i Pa\u0144stwowej Stra\u017cy Po\u017carnej.<\/p>\n<p><img loading=\"lazy\" decoding=\"async\" class=\"aligncenter wp-image-2764 \" src=\"http:\/\/kspnszz.org\/wp-content\/uploads\/2020\/07\/azienkowski2-e1594469225949-1024x584.jpg\" alt=\"\" width=\"536\" height=\"305\" srcset=\"https:\/\/kspnszz.org\/wp-content\/uploads\/2020\/07\/azienkowski2-e1594469225949-1024x584.jpg 1024w, https:\/\/kspnszz.org\/wp-content\/uploads\/2020\/07\/azienkowski2-e1594469225949-300x171.jpg 300w\" sizes=\"(max-width: 536px) 100vw, 536px\" \/><\/p>\n","protected":false},"excerpt":{"rendered":"<p>W dniu 9\u00a0lipca 2020 roku w Warszawie odby\u0142o si\u0119 posiedzenie Prezydium Krajowej Sekcji Po\u017carnictwa NSZZ \u201eSolidarno\u015b\u0107\u201d poszerzonego o przedstawicieli wszystkich struktur wojew\u00f3dzkich. W czasie spotkania poruszono nast\u0119puj\u0105ce tematy: zebrani zdecydowali o wyst\u0105pieniu z wnioskiem o zwo\u0142anie kongresu Sekretariatu S\u0142u\u017cb Publicznych, co pozwoli formalnie w\u0142\u0105czy\u0107 przedstawicieli Krajowej Sekcji Po\u017carnictwa NSZZ \u201eSolidarno\u015b\u0107\u201d w sk\u0142ad Rady Sekretariatu; poinformowano &hellip;<\/p>\n","protected":false},"author":2,"featured_media":2763,"comment_status":"closed","ping_status":"closed","sticky":false,"template":"","format":"standard","meta":{"footnotes":""},"categories":[2,6],"tags":[],"yoast_head":"<!-- This site is optimized with the Yoast SEO plugin v22.7 - https:\/\/yoast.com\/wordpress\/plugins\/seo\/ -->\n<title>Posiedzenie Prezydium KSP NSZZ \u201eSolidarno\u015b\u0107\u201d - KSPNSZZ<\/title>\n<meta name=\"robots\" content=\"index, follow, max-snippet:-1, max-image-preview:large, max-video-preview:-1\" \/>\n<link rel=\"canonical\" href=\"http:\/\/kspnszz.org\/index.php\/2020\/07\/11\/posiedzenie-prezydium-ksp-nszz-solidarnosc-2\/\" \/>\n<meta property=\"og:locale\" content=\"pl_PL\" \/>\n<meta property=\"og:type\" content=\"article\" \/>\n<meta property=\"og:title\" content=\"Posiedzenie Prezydium KSP NSZZ \u201eSolidarno\u015b\u0107\u201d - KSPNSZZ\" \/>\n<meta property=\"og:description\" content=\"W dniu 9\u00a0lipca 2020 roku w Warszawie odby\u0142o si\u0119 posiedzenie Prezydium Krajowej Sekcji Po\u017carnictwa NSZZ \u201eSolidarno\u015b\u0107\u201d poszerzonego o przedstawicieli wszystkich struktur wojew\u00f3dzkich. W czasie spotkania poruszono nast\u0119puj\u0105ce tematy: zebrani zdecydowali o wyst\u0105pieniu z wnioskiem o zwo\u0142anie kongresu Sekretariatu S\u0142u\u017cb Publicznych, co pozwoli formalnie w\u0142\u0105czy\u0107 przedstawicieli Krajowej Sekcji Po\u017carnictwa NSZZ \u201eSolidarno\u015b\u0107\u201d w sk\u0142ad Rady Sekretariatu; poinformowano &hellip;\" \/>\n<meta property=\"og:url\" content=\"http:\/\/kspnszz.org\/index.php\/2020\/07\/11\/posiedzenie-prezydium-ksp-nszz-solidarnosc-2\/\" \/>\n<meta property=\"og:site_name\" content=\"KSPNSZZ\" \/>\n<meta property=\"article:published_time\" content=\"2020-07-11T12:08:00+00:00\" \/>\n<meta property=\"article:modified_time\" content=\"2021-07-27T17:43:21+00:00\" \/>\n<meta property=\"og:image\" content=\"http:\/\/kspnszz.org\/wp-content\/uploads\/2020\/07\/azienkowski1-e1594469152331.jpg\" \/>\n\t<meta property=\"og:image:width\" content=\"4085\" \/>\n\t<meta property=\"og:image:height\" content=\"2396\" \/>\n\t<meta property=\"og:image:type\" content=\"image\/jpeg\" \/>\n<meta name=\"author\" content=\"bartlomiej\" \/>\n<meta name=\"twitter:card\" content=\"summary_large_image\" \/>\n<meta name=\"twitter:label1\" content=\"Napisane przez\" \/>\n\t<meta name=\"twitter:data1\" content=\"bartlomiej\" \/>\n\t<meta name=\"twitter:label2\" content=\"Szacowany czas czytania\" \/>\n\t<meta name=\"twitter:data2\" content=\"3 minuty\" \/>\n<script type=\"application\/ld+json\" class=\"yoast-schema-graph\">{\"@context\":\"https:\/\/schema.org\",\"@graph\":[{\"@type\":\"WebPage\",\"@id\":\"http:\/\/kspnszz.org\/index.php\/2020\/07\/11\/posiedzenie-prezydium-ksp-nszz-solidarnosc-2\/\",\"url\":\"http:\/\/kspnszz.org\/index.php\/2020\/07\/11\/posiedzenie-prezydium-ksp-nszz-solidarnosc-2\/\",\"name\":\"Posiedzenie Prezydium KSP NSZZ \u201eSolidarno\u015b\u0107\u201d - KSPNSZZ\",\"isPartOf\":{\"@id\":\"http:\/\/kspnszz.org\/#website\"},\"primaryImageOfPage\":{\"@id\":\"http:\/\/kspnszz.org\/index.php\/2020\/07\/11\/posiedzenie-prezydium-ksp-nszz-solidarnosc-2\/#primaryimage\"},\"image\":{\"@id\":\"http:\/\/kspnszz.org\/index.php\/2020\/07\/11\/posiedzenie-prezydium-ksp-nszz-solidarnosc-2\/#primaryimage\"},\"thumbnailUrl\":\"https:\/\/kspnszz.org\/wp-content\/uploads\/2020\/07\/azienkowski1-e1594469152331.jpg\",\"datePublished\":\"2020-07-11T12:08:00+00:00\",\"dateModified\":\"2021-07-27T17:43:21+00:00\",\"author\":{\"@id\":\"http:\/\/kspnszz.org\/#\/schema\/person\/31096cf196f706ef50ecbd878903cc13\"},\"breadcrumb\":{\"@id\":\"http:\/\/kspnszz.org\/index.php\/2020\/07\/11\/posiedzenie-prezydium-ksp-nszz-solidarnosc-2\/#breadcrumb\"},\"inLanguage\":\"pl-PL\",\"potentialAction\":[{\"@type\":\"ReadAction\",\"target\":[\"http:\/\/kspnszz.org\/index.php\/2020\/07\/11\/posiedzenie-prezydium-ksp-nszz-solidarnosc-2\/\"]}]},{\"@type\":\"ImageObject\",\"inLanguage\":\"pl-PL\",\"@id\":\"http:\/\/kspnszz.org\/index.php\/2020\/07\/11\/posiedzenie-prezydium-ksp-nszz-solidarnosc-2\/#primaryimage\",\"url\":\"https:\/\/kspnszz.org\/wp-content\/uploads\/2020\/07\/azienkowski1-e1594469152331.jpg\",\"contentUrl\":\"https:\/\/kspnszz.org\/wp-content\/uploads\/2020\/07\/azienkowski1-e1594469152331.jpg\",\"width\":4085,\"height\":2396},{\"@type\":\"BreadcrumbList\",\"@id\":\"http:\/\/kspnszz.org\/index.php\/2020\/07\/11\/posiedzenie-prezydium-ksp-nszz-solidarnosc-2\/#breadcrumb\",\"itemListElement\":[{\"@type\":\"ListItem\",\"position\":1,\"name\":\"Strona g\u0142\u00f3wna\",\"item\":\"http:\/\/kspnszz.org\/\"},{\"@type\":\"ListItem\",\"position\":2,\"name\":\"Posiedzenie Prezydium KSP NSZZ \u201eSolidarno\u015b\u0107\u201d\"}]},{\"@type\":\"WebSite\",\"@id\":\"http:\/\/kspnszz.org\/#website\",\"url\":\"http:\/\/kspnszz.org\/\",\"name\":\"KSPNSZZ\",\"description\":\"Krajowa Sekcja Po\u017carnictwa\",\"potentialAction\":[{\"@type\":\"SearchAction\",\"target\":{\"@type\":\"EntryPoint\",\"urlTemplate\":\"http:\/\/kspnszz.org\/?s={search_term_string}\"},\"query-input\":\"required name=search_term_string\"}],\"inLanguage\":\"pl-PL\"},{\"@type\":\"Person\",\"@id\":\"http:\/\/kspnszz.org\/#\/schema\/person\/31096cf196f706ef50ecbd878903cc13\",\"name\":\"bartlomiej\",\"image\":{\"@type\":\"ImageObject\",\"inLanguage\":\"pl-PL\",\"@id\":\"http:\/\/kspnszz.org\/#\/schema\/person\/image\/\",\"url\":\"https:\/\/secure.gravatar.com\/avatar\/cb681656f150968eb94b73c62cf58e52?s=96&d=mm&r=g\",\"contentUrl\":\"https:\/\/secure.gravatar.com\/avatar\/cb681656f150968eb94b73c62cf58e52?s=96&d=mm&r=g\",\"caption\":\"bartlomiej\"},\"url\":\"https:\/\/kspnszz.org\/index.php\/author\/bartlomiej\/\"}]}<\/script>\n<!-- \/ Yoast SEO plugin. -->","yoast_head_json":{"title":"Posiedzenie Prezydium KSP NSZZ \u201eSolidarno\u015b\u0107\u201d - KSPNSZZ","robots":{"index":"index","follow":"follow","max-snippet":"max-snippet:-1","max-image-preview":"max-image-preview:large","max-video-preview":"max-video-preview:-1"},"canonical":"http:\/\/kspnszz.org\/index.php\/2020\/07\/11\/posiedzenie-prezydium-ksp-nszz-solidarnosc-2\/","og_locale":"pl_PL","og_type":"article","og_title":"Posiedzenie Prezydium KSP NSZZ \u201eSolidarno\u015b\u0107\u201d - KSPNSZZ","og_description":"W dniu 9\u00a0lipca 2020 roku w Warszawie odby\u0142o si\u0119 posiedzenie Prezydium Krajowej Sekcji Po\u017carnictwa NSZZ \u201eSolidarno\u015b\u0107\u201d poszerzonego o przedstawicieli wszystkich struktur wojew\u00f3dzkich. W czasie spotkania poruszono nast\u0119puj\u0105ce tematy: zebrani zdecydowali o wyst\u0105pieniu z wnioskiem o zwo\u0142anie kongresu Sekretariatu S\u0142u\u017cb Publicznych, co pozwoli formalnie w\u0142\u0105czy\u0107 przedstawicieli Krajowej Sekcji Po\u017carnictwa NSZZ \u201eSolidarno\u015b\u0107\u201d w sk\u0142ad Rady Sekretariatu; poinformowano &hellip;","og_url":"http:\/\/kspnszz.org\/index.php\/2020\/07\/11\/posiedzenie-prezydium-ksp-nszz-solidarnosc-2\/","og_site_name":"KSPNSZZ","article_published_time":"2020-07-11T12:08:00+00:00","article_modified_time":"2021-07-27T17:43:21+00:00","og_image":[{"width":4085,"height":2396,"url":"http:\/\/kspnszz.org\/wp-content\/uploads\/2020\/07\/azienkowski1-e1594469152331.jpg","type":"image\/jpeg"}],"author":"bartlomiej","twitter_card":"summary_large_image","twitter_misc":{"Napisane przez":"bartlomiej","Szacowany czas czytania":"3 minuty"},"schema":{"@context":"https:\/\/schema.org","@graph":[{"@type":"WebPage","@id":"http:\/\/kspnszz.org\/index.php\/2020\/07\/11\/posiedzenie-prezydium-ksp-nszz-solidarnosc-2\/","url":"http:\/\/kspnszz.org\/index.php\/2020\/07\/11\/posiedzenie-prezydium-ksp-nszz-solidarnosc-2\/","name":"Posiedzenie Prezydium KSP NSZZ \u201eSolidarno\u015b\u0107\u201d - KSPNSZZ","isPartOf":{"@id":"http:\/\/kspnszz.org\/#website"},"primaryImageOfPage":{"@id":"http:\/\/kspnszz.org\/index.php\/2020\/07\/11\/posiedzenie-prezydium-ksp-nszz-solidarnosc-2\/#primaryimage"},"image":{"@id":"http:\/\/kspnszz.org\/index.php\/2020\/07\/11\/posiedzenie-prezydium-ksp-nszz-solidarnosc-2\/#primaryimage"},"thumbnailUrl":"https:\/\/kspnszz.org\/wp-content\/uploads\/2020\/07\/azienkowski1-e1594469152331.jpg","datePublished":"2020-07-11T12:08:00+00:00","dateModified":"2021-07-27T17:43:21+00:00","author":{"@id":"http:\/\/kspnszz.org\/#\/schema\/person\/31096cf196f706ef50ecbd878903cc13"},"breadcrumb":{"@id":"http:\/\/kspnszz.org\/index.php\/2020\/07\/11\/posiedzenie-prezydium-ksp-nszz-solidarnosc-2\/#breadcrumb"},"inLanguage":"pl-PL","potentialAction":[{"@type":"ReadAction","target":["http:\/\/kspnszz.org\/index.php\/2020\/07\/11\/posiedzenie-prezydium-ksp-nszz-solidarnosc-2\/"]}]},{"@type":"ImageObject","inLanguage":"pl-PL","@id":"http:\/\/kspnszz.org\/index.php\/2020\/07\/11\/posiedzenie-prezydium-ksp-nszz-solidarnosc-2\/#primaryimage","url":"https:\/\/kspnszz.org\/wp-content\/uploads\/2020\/07\/azienkowski1-e1594469152331.jpg","contentUrl":"https:\/\/kspnszz.org\/wp-content\/uploads\/2020\/07\/azienkowski1-e1594469152331.jpg","width":4085,"height":2396},{"@type":"BreadcrumbList","@id":"http:\/\/kspnszz.org\/index.php\/2020\/07\/11\/posiedzenie-prezydium-ksp-nszz-solidarnosc-2\/#breadcrumb","itemListElement":[{"@type":"ListItem","position":1,"name":"Strona g\u0142\u00f3wna","item":"http:\/\/kspnszz.org\/"},{"@type":"ListItem","position":2,"name":"Posiedzenie Prezydium KSP NSZZ \u201eSolidarno\u015b\u0107\u201d"}]},{"@type":"WebSite","@id":"http:\/\/kspnszz.org\/#website","url":"http:\/\/kspnszz.org\/","name":"KSPNSZZ","description":"Krajowa Sekcja Po\u017carnictwa","potentialAction":[{"@type":"SearchAction","target":{"@type":"EntryPoint","urlTemplate":"http:\/\/kspnszz.org\/?s={search_term_string}"},"query-input":"required name=search_term_string"}],"inLanguage":"pl-PL"},{"@type":"Person","@id":"http:\/\/kspnszz.org\/#\/schema\/person\/31096cf196f706ef50ecbd878903cc13","name":"bartlomiej","image":{"@type":"ImageObject","inLanguage":"pl-PL","@id":"http:\/\/kspnszz.org\/#\/schema\/person\/image\/","url":"https:\/\/secure.gravatar.com\/avatar\/cb681656f150968eb94b73c62cf58e52?s=96&d=mm&r=g","contentUrl":"https:\/\/secure.gravatar.com\/avatar\/cb681656f150968eb94b73c62cf58e52?s=96&d=mm&r=g","caption":"bartlomiej"},"url":"https:\/\/kspnszz.org\/index.php\/author\/bartlomiej\/"}]}},"_links":{"self":[{"href":"https:\/\/kspnszz.org\/index.php\/wp-json\/wp\/v2\/posts\/2766"}],"collection":[{"href":"https:\/\/kspnszz.org\/index.php\/wp-json\/wp\/v2\/posts"}],"about":[{"href":"https:\/\/kspnszz.org\/index.php\/wp-json\/wp\/v2\/types\/post"}],"author":[{"embeddable":true,"href":"https:\/\/kspnszz.org\/index.php\/wp-json\/wp\/v2\/users\/2"}],"replies":[{"embeddable":true,"href":"https:\/\/kspnszz.org\/index.php\/wp-json\/wp\/v2\/comments?post=2766"}],"version-history":[{"count":4,"href":"https:\/\/kspnszz.org\/index.php\/wp-json\/wp\/v2\/posts\/2766\/revisions"}],"predecessor-version":[{"id":2770,"href":"https:\/\/kspnszz.org\/index.php\/wp-json\/wp\/v2\/posts\/2766\/revisions\/2770"}],"wp:featuredmedia":[{"embeddable":true,"href":"https:\/\/kspnszz.org\/index.php\/wp-json\/wp\/v2\/media\/2763"}],"wp:attachment":[{"href":"https:\/\/kspnszz.org\/index.php\/wp-json\/wp\/v2\/media?parent=2766"}],"wp:term":[{"taxonomy":"category","embeddable":true,"href":"https:\/\/kspnszz.org\/index.php\/wp-json\/wp\/v2\/categories?post=2766"},{"taxonomy":"post_tag","embeddable":true,"href":"https:\/\/kspnszz.org\/index.php\/wp-json\/wp\/v2\/tags?post=2766"}],"curies":[{"name":"wp","href":"https:\/\/api.w.org\/{rel}","templated":true}]}}