{"id":2758,"date":"2020-07-08T07:51:09","date_gmt":"2020-07-08T05:51:09","guid":{"rendered":"http:\/\/kspnszz.org\/?p=2758"},"modified":"2020-07-08T07:51:09","modified_gmt":"2020-07-08T05:51:09","slug":"posiedzenie-wielkopolskiej-sekcji-pozarnictwa","status":"publish","type":"post","link":"https:\/\/kspnszz.org\/index.php\/2020\/07\/08\/posiedzenie-wielkopolskiej-sekcji-pozarnictwa\/","title":{"rendered":"Posiedzenie wielkopolskiej sekcji po\u017carnictwa"},"content":{"rendered":"<p style=\"text-align: justify;\">W dniach 6 i 7 lipca 2020 roku w Wolsztynie odby\u0142o si\u0119 posiedzenie Wielkopolskiej Mi\u0119dzyregionalnej Sekcji Po\u017carnictwa NSZZ \u201eSolidarno\u015b\u0107\u201d. W posiedzeniu udzia\u0142 wzi\u0119li zaproszeni go\u015bcie:<\/p>\n<p style=\"text-align: justify;\">Przewodnicz\u0105cy Regionu Wielkopolskiego NSZZ \u201eSolidarno\u015b\u0107\u201d Jaros\u0142aw Lange z zast\u0119pc\u0105 Patrykiem Trz\u0105salskim, Zast\u0119pca Wielkopolskiego Komendanta Wojew\u00f3dzkiego PSP bryg. Jaros\u0142aw Zamelczyk, Komendant Powiatowy PSP w Wolsztynie st. kpt. mgr Roman Rembielak, oraz Piotr Widery\u0144ski przedstawiciel firmy CDO24, kt\u00f3ra \u015bwiadczy us\u0142ugi prawne dla cz\u0142onk\u00f3w zwi\u0105zku. Krajow\u0105 Sekcj\u0119 Po\u017carnictwa NSZZ \u201eSolidarno\u015b\u0107\u201d reprezentowa\u0142 Przewodnicz\u0105cy Bart\u0142omiej Mickiewicz.<\/p>\n<p><a href=\"http:\/\/kspnszz.org\/wp-content\/uploads\/2020\/07\/wlkp.jpg\" data-rel=\"lightbox-image-0\" data-rl_title=\"\" data-rl_caption=\"\" title=\"\"><img loading=\"lazy\" decoding=\"async\" class=\"aligncenter wp-image-2757 \" src=\"http:\/\/kspnszz.org\/wp-content\/uploads\/2020\/07\/wlkp-1024x714.jpg\" alt=\"wlkp\" width=\"531\" height=\"370\" srcset=\"https:\/\/kspnszz.org\/wp-content\/uploads\/2020\/07\/wlkp-1024x714.jpg 1024w, https:\/\/kspnszz.org\/wp-content\/uploads\/2020\/07\/wlkp-300x209.jpg 300w\" sizes=\"(max-width: 531px) 100vw, 531px\" \/><\/a><\/p>\n<p style=\"text-align: justify;\">Podczas spotkania om\u00f3wiono wiele bie\u017c\u0105cych kwestii zwi\u0105zanych z dzia\u0142alno\u015bci\u0105 zwi\u0105zkow\u0105, Piotr Widery\u0144ski przedstawi\u0142 zakres dzia\u0142a\u0144 prowadzonych przez firm\u0119 CDO24, statystyk\u0119 korzystania z pomocy prawnej przez cz\u0142onk\u00f3w zwi\u0105zku oraz za\u0142o\u017cenia w dzia\u0142alno\u015bci firmy na najbli\u017cszy czas.<\/p>\n<p style=\"text-align: justify;\">Komendant Wojew\u00f3dzki odni\u00f3s\u0142 si\u0119 do bie\u017c\u0105cych dzia\u0142a\u0144 Pa\u0144stwowej Stra\u017cy Po\u017carnej na terenie wojew\u00f3dztwa, jak r\u00f3wnie\u017c przekaza\u0142 informacje z wideokonferencji z Komendantem G\u0142\u00f3wnym PSP oraz Ministrem Spraw Wewn\u0119trznych i Administracji.<\/p>\n<p><a href=\"http:\/\/kspnszz.org\/wp-content\/uploads\/2020\/07\/wlkp2.jpg\" data-rel=\"lightbox-image-1\" data-rl_title=\"\" data-rl_caption=\"\" title=\"\"><img loading=\"lazy\" decoding=\"async\" class=\"aligncenter wp-image-2756 \" src=\"http:\/\/kspnszz.org\/wp-content\/uploads\/2020\/07\/wlkp2-1024x768.jpg\" alt=\"wlkp2\" width=\"515\" height=\"387\" srcset=\"https:\/\/kspnszz.org\/wp-content\/uploads\/2020\/07\/wlkp2-1024x768.jpg 1024w, https:\/\/kspnszz.org\/wp-content\/uploads\/2020\/07\/wlkp2-300x225.jpg 300w\" sizes=\"(max-width: 515px) 100vw, 515px\" \/><\/a><\/p>\n<p style=\"text-align: justify;\">Podczas spotkania Przewodnicz\u0105cy Zarz\u0105du Regionu Wielkopolska om\u00f3wi\u0142 za\u0142o\u017cenia dotycz\u0105ce planowanych obchod\u00f3w jubileuszu 40-lecia NSZZ \u201eSolidarno\u015b\u0107\u201d, jak r\u00f3wnie\u017c sprawy dotycz\u0105ce rozwoju zwi\u0105zku i pozyskiwania nowych cz\u0142onk\u00f3w.<\/p>\n<p style=\"text-align: justify;\">Przewodnicz\u0105cy KSP przedstawi\u0142 bie\u017c\u0105c\u0105 dzia\u0142alno\u015b\u0107 KSP i om\u00f3wi\u0142 plany dzia\u0142a\u0144 Sekcji. Podczas spotkania poruszono szereg wa\u017cnych kwestii zwi\u0105zanych z funkcjonowaniem PSP, om\u00f3wiono mi\u0119dzy innymi sprawy dotycz\u0105ce za\u0142o\u017ce\u0144 nowej ustawy modernizacyjnej dla s\u0142u\u017cb podleg\u0142ych MSWiA, plany dzia\u0142ania w zakresie art. 15a ustawy emerytalnej, wst\u0119pne za\u0142o\u017cenia zmian w zasadach naliczania dodatku za s\u0142u\u017cb\u0119 w warunkach szkodliwych, zmiany w rozporz\u0105dzeniu BHP, projekt zmian zasad rozliczania czasu s\u0142u\u017cby stra\u017cak\u00f3w, czy te\u017c kwesti\u0119 proponowanych przez KG PSP zmian w zasadach funkcjonowania komisji dyscyplinarnych. Przewodnicz\u0105cy przekaza\u0142 r\u00f3wnie\u017c informacj\u0119 o pracach zwi\u0105zanych z nowym programem ubezpieczeniowym dla stra\u017cak\u00f3w.<\/p>\n<p><a href=\"http:\/\/kspnszz.org\/wp-content\/uploads\/2020\/07\/wlkp1.jpg\" data-rel=\"lightbox-image-2\" data-rl_title=\"\" data-rl_caption=\"\" title=\"\"><img loading=\"lazy\" decoding=\"async\" class=\"aligncenter wp-image-2755 \" src=\"http:\/\/kspnszz.org\/wp-content\/uploads\/2020\/07\/wlkp1-1024x702.jpg\" alt=\"wlkp1\" width=\"533\" height=\"366\" srcset=\"https:\/\/kspnszz.org\/wp-content\/uploads\/2020\/07\/wlkp1-1024x702.jpg 1024w, https:\/\/kspnszz.org\/wp-content\/uploads\/2020\/07\/wlkp1-300x206.jpg 300w, https:\/\/kspnszz.org\/wp-content\/uploads\/2020\/07\/wlkp1-110x75.jpg 110w\" sizes=\"(max-width: 533px) 100vw, 533px\" \/><\/a><\/p>\n","protected":false},"excerpt":{"rendered":"<p>W dniach 6 i 7 lipca 2020 roku w Wolsztynie odby\u0142o si\u0119 posiedzenie Wielkopolskiej Mi\u0119dzyregionalnej Sekcji Po\u017carnictwa NSZZ \u201eSolidarno\u015b\u0107\u201d. W posiedzeniu udzia\u0142 wzi\u0119li zaproszeni go\u015bcie: Przewodnicz\u0105cy Regionu Wielkopolskiego NSZZ \u201eSolidarno\u015b\u0107\u201d Jaros\u0142aw Lange z zast\u0119pc\u0105 Patrykiem Trz\u0105salskim, Zast\u0119pca Wielkopolskiego Komendanta Wojew\u00f3dzkiego PSP bryg. Jaros\u0142aw Zamelczyk, Komendant Powiatowy PSP w Wolsztynie st. kpt. mgr Roman Rembielak, oraz &hellip;<\/p>\n","protected":false},"author":2,"featured_media":2756,"comment_status":"closed","ping_status":"closed","sticky":false,"template":"","format":"standard","meta":{"footnotes":""},"categories":[2],"tags":[],"yoast_head":"<!-- This site is optimized with the Yoast SEO plugin v22.7 - https:\/\/yoast.com\/wordpress\/plugins\/seo\/ -->\n<title>Posiedzenie wielkopolskiej sekcji po\u017carnictwa - KSPNSZZ<\/title>\n<meta name=\"robots\" content=\"index, follow, max-snippet:-1, max-image-preview:large, max-video-preview:-1\" \/>\n<link rel=\"canonical\" href=\"https:\/\/kspnszz.org\/index.php\/2020\/07\/08\/posiedzenie-wielkopolskiej-sekcji-pozarnictwa\/\" \/>\n<meta property=\"og:locale\" content=\"pl_PL\" \/>\n<meta property=\"og:type\" content=\"article\" \/>\n<meta property=\"og:title\" content=\"Posiedzenie wielkopolskiej sekcji po\u017carnictwa - KSPNSZZ\" \/>\n<meta property=\"og:description\" content=\"W dniach 6 i 7 lipca 2020 roku w Wolsztynie odby\u0142o si\u0119 posiedzenie Wielkopolskiej Mi\u0119dzyregionalnej Sekcji Po\u017carnictwa NSZZ \u201eSolidarno\u015b\u0107\u201d. W posiedzeniu udzia\u0142 wzi\u0119li zaproszeni go\u015bcie: Przewodnicz\u0105cy Regionu Wielkopolskiego NSZZ \u201eSolidarno\u015b\u0107\u201d Jaros\u0142aw Lange z zast\u0119pc\u0105 Patrykiem Trz\u0105salskim, Zast\u0119pca Wielkopolskiego Komendanta Wojew\u00f3dzkiego PSP bryg. Jaros\u0142aw Zamelczyk, Komendant Powiatowy PSP w Wolsztynie st. kpt. mgr Roman Rembielak, oraz &hellip;\" \/>\n<meta property=\"og:url\" content=\"https:\/\/kspnszz.org\/index.php\/2020\/07\/08\/posiedzenie-wielkopolskiej-sekcji-pozarnictwa\/\" \/>\n<meta property=\"og:site_name\" content=\"KSPNSZZ\" \/>\n<meta property=\"article:published_time\" content=\"2020-07-08T05:51:09+00:00\" \/>\n<meta property=\"og:image\" content=\"https:\/\/kspnszz.org\/wp-content\/uploads\/2020\/07\/wlkp2.jpg\" \/>\n\t<meta property=\"og:image:width\" content=\"4032\" \/>\n\t<meta property=\"og:image:height\" content=\"3024\" \/>\n\t<meta property=\"og:image:type\" content=\"image\/jpeg\" \/>\n<meta name=\"author\" content=\"bartlomiej\" \/>\n<meta name=\"twitter:card\" content=\"summary_large_image\" \/>\n<meta name=\"twitter:label1\" content=\"Napisane przez\" \/>\n\t<meta name=\"twitter:data1\" content=\"bartlomiej\" \/>\n\t<meta name=\"twitter:label2\" content=\"Szacowany czas czytania\" \/>\n\t<meta name=\"twitter:data2\" content=\"2 minuty\" \/>\n<script type=\"application\/ld+json\" class=\"yoast-schema-graph\">{\"@context\":\"https:\/\/schema.org\",\"@graph\":[{\"@type\":\"WebPage\",\"@id\":\"https:\/\/kspnszz.org\/index.php\/2020\/07\/08\/posiedzenie-wielkopolskiej-sekcji-pozarnictwa\/\",\"url\":\"https:\/\/kspnszz.org\/index.php\/2020\/07\/08\/posiedzenie-wielkopolskiej-sekcji-pozarnictwa\/\",\"name\":\"Posiedzenie wielkopolskiej sekcji po\u017carnictwa - KSPNSZZ\",\"isPartOf\":{\"@id\":\"http:\/\/kspnszz.org\/#website\"},\"primaryImageOfPage\":{\"@id\":\"https:\/\/kspnszz.org\/index.php\/2020\/07\/08\/posiedzenie-wielkopolskiej-sekcji-pozarnictwa\/#primaryimage\"},\"image\":{\"@id\":\"https:\/\/kspnszz.org\/index.php\/2020\/07\/08\/posiedzenie-wielkopolskiej-sekcji-pozarnictwa\/#primaryimage\"},\"thumbnailUrl\":\"https:\/\/kspnszz.org\/wp-content\/uploads\/2020\/07\/wlkp2.jpg\",\"datePublished\":\"2020-07-08T05:51:09+00:00\",\"dateModified\":\"2020-07-08T05:51:09+00:00\",\"author\":{\"@id\":\"http:\/\/kspnszz.org\/#\/schema\/person\/31096cf196f706ef50ecbd878903cc13\"},\"breadcrumb\":{\"@id\":\"https:\/\/kspnszz.org\/index.php\/2020\/07\/08\/posiedzenie-wielkopolskiej-sekcji-pozarnictwa\/#breadcrumb\"},\"inLanguage\":\"pl-PL\",\"potentialAction\":[{\"@type\":\"ReadAction\",\"target\":[\"https:\/\/kspnszz.org\/index.php\/2020\/07\/08\/posiedzenie-wielkopolskiej-sekcji-pozarnictwa\/\"]}]},{\"@type\":\"ImageObject\",\"inLanguage\":\"pl-PL\",\"@id\":\"https:\/\/kspnszz.org\/index.php\/2020\/07\/08\/posiedzenie-wielkopolskiej-sekcji-pozarnictwa\/#primaryimage\",\"url\":\"https:\/\/kspnszz.org\/wp-content\/uploads\/2020\/07\/wlkp2.jpg\",\"contentUrl\":\"https:\/\/kspnszz.org\/wp-content\/uploads\/2020\/07\/wlkp2.jpg\",\"width\":4032,\"height\":3024},{\"@type\":\"BreadcrumbList\",\"@id\":\"https:\/\/kspnszz.org\/index.php\/2020\/07\/08\/posiedzenie-wielkopolskiej-sekcji-pozarnictwa\/#breadcrumb\",\"itemListElement\":[{\"@type\":\"ListItem\",\"position\":1,\"name\":\"Strona g\u0142\u00f3wna\",\"item\":\"http:\/\/kspnszz.org\/\"},{\"@type\":\"ListItem\",\"position\":2,\"name\":\"Posiedzenie wielkopolskiej sekcji po\u017carnictwa\"}]},{\"@type\":\"WebSite\",\"@id\":\"http:\/\/kspnszz.org\/#website\",\"url\":\"http:\/\/kspnszz.org\/\",\"name\":\"KSPNSZZ\",\"description\":\"Krajowa Sekcja Po\u017carnictwa\",\"potentialAction\":[{\"@type\":\"SearchAction\",\"target\":{\"@type\":\"EntryPoint\",\"urlTemplate\":\"http:\/\/kspnszz.org\/?s={search_term_string}\"},\"query-input\":\"required name=search_term_string\"}],\"inLanguage\":\"pl-PL\"},{\"@type\":\"Person\",\"@id\":\"http:\/\/kspnszz.org\/#\/schema\/person\/31096cf196f706ef50ecbd878903cc13\",\"name\":\"bartlomiej\",\"image\":{\"@type\":\"ImageObject\",\"inLanguage\":\"pl-PL\",\"@id\":\"http:\/\/kspnszz.org\/#\/schema\/person\/image\/\",\"url\":\"https:\/\/secure.gravatar.com\/avatar\/cb681656f150968eb94b73c62cf58e52?s=96&d=mm&r=g\",\"contentUrl\":\"https:\/\/secure.gravatar.com\/avatar\/cb681656f150968eb94b73c62cf58e52?s=96&d=mm&r=g\",\"caption\":\"bartlomiej\"},\"url\":\"https:\/\/kspnszz.org\/index.php\/author\/bartlomiej\/\"}]}<\/script>\n<!-- \/ Yoast SEO plugin. -->","yoast_head_json":{"title":"Posiedzenie wielkopolskiej sekcji po\u017carnictwa - KSPNSZZ","robots":{"index":"index","follow":"follow","max-snippet":"max-snippet:-1","max-image-preview":"max-image-preview:large","max-video-preview":"max-video-preview:-1"},"canonical":"https:\/\/kspnszz.org\/index.php\/2020\/07\/08\/posiedzenie-wielkopolskiej-sekcji-pozarnictwa\/","og_locale":"pl_PL","og_type":"article","og_title":"Posiedzenie wielkopolskiej sekcji po\u017carnictwa - KSPNSZZ","og_description":"W dniach 6 i 7 lipca 2020 roku w Wolsztynie odby\u0142o si\u0119 posiedzenie Wielkopolskiej Mi\u0119dzyregionalnej Sekcji Po\u017carnictwa NSZZ \u201eSolidarno\u015b\u0107\u201d. W posiedzeniu udzia\u0142 wzi\u0119li zaproszeni go\u015bcie: Przewodnicz\u0105cy Regionu Wielkopolskiego NSZZ \u201eSolidarno\u015b\u0107\u201d Jaros\u0142aw Lange z zast\u0119pc\u0105 Patrykiem Trz\u0105salskim, Zast\u0119pca Wielkopolskiego Komendanta Wojew\u00f3dzkiego PSP bryg. Jaros\u0142aw Zamelczyk, Komendant Powiatowy PSP w Wolsztynie st. kpt. mgr Roman Rembielak, oraz &hellip;","og_url":"https:\/\/kspnszz.org\/index.php\/2020\/07\/08\/posiedzenie-wielkopolskiej-sekcji-pozarnictwa\/","og_site_name":"KSPNSZZ","article_published_time":"2020-07-08T05:51:09+00:00","og_image":[{"width":4032,"height":3024,"url":"https:\/\/kspnszz.org\/wp-content\/uploads\/2020\/07\/wlkp2.jpg","type":"image\/jpeg"}],"author":"bartlomiej","twitter_card":"summary_large_image","twitter_misc":{"Napisane przez":"bartlomiej","Szacowany czas czytania":"2 minuty"},"schema":{"@context":"https:\/\/schema.org","@graph":[{"@type":"WebPage","@id":"https:\/\/kspnszz.org\/index.php\/2020\/07\/08\/posiedzenie-wielkopolskiej-sekcji-pozarnictwa\/","url":"https:\/\/kspnszz.org\/index.php\/2020\/07\/08\/posiedzenie-wielkopolskiej-sekcji-pozarnictwa\/","name":"Posiedzenie wielkopolskiej sekcji po\u017carnictwa - KSPNSZZ","isPartOf":{"@id":"http:\/\/kspnszz.org\/#website"},"primaryImageOfPage":{"@id":"https:\/\/kspnszz.org\/index.php\/2020\/07\/08\/posiedzenie-wielkopolskiej-sekcji-pozarnictwa\/#primaryimage"},"image":{"@id":"https:\/\/kspnszz.org\/index.php\/2020\/07\/08\/posiedzenie-wielkopolskiej-sekcji-pozarnictwa\/#primaryimage"},"thumbnailUrl":"https:\/\/kspnszz.org\/wp-content\/uploads\/2020\/07\/wlkp2.jpg","datePublished":"2020-07-08T05:51:09+00:00","dateModified":"2020-07-08T05:51:09+00:00","author":{"@id":"http:\/\/kspnszz.org\/#\/schema\/person\/31096cf196f706ef50ecbd878903cc13"},"breadcrumb":{"@id":"https:\/\/kspnszz.org\/index.php\/2020\/07\/08\/posiedzenie-wielkopolskiej-sekcji-pozarnictwa\/#breadcrumb"},"inLanguage":"pl-PL","potentialAction":[{"@type":"ReadAction","target":["https:\/\/kspnszz.org\/index.php\/2020\/07\/08\/posiedzenie-wielkopolskiej-sekcji-pozarnictwa\/"]}]},{"@type":"ImageObject","inLanguage":"pl-PL","@id":"https:\/\/kspnszz.org\/index.php\/2020\/07\/08\/posiedzenie-wielkopolskiej-sekcji-pozarnictwa\/#primaryimage","url":"https:\/\/kspnszz.org\/wp-content\/uploads\/2020\/07\/wlkp2.jpg","contentUrl":"https:\/\/kspnszz.org\/wp-content\/uploads\/2020\/07\/wlkp2.jpg","width":4032,"height":3024},{"@type":"BreadcrumbList","@id":"https:\/\/kspnszz.org\/index.php\/2020\/07\/08\/posiedzenie-wielkopolskiej-sekcji-pozarnictwa\/#breadcrumb","itemListElement":[{"@type":"ListItem","position":1,"name":"Strona g\u0142\u00f3wna","item":"http:\/\/kspnszz.org\/"},{"@type":"ListItem","position":2,"name":"Posiedzenie wielkopolskiej sekcji po\u017carnictwa"}]},{"@type":"WebSite","@id":"http:\/\/kspnszz.org\/#website","url":"http:\/\/kspnszz.org\/","name":"KSPNSZZ","description":"Krajowa Sekcja Po\u017carnictwa","potentialAction":[{"@type":"SearchAction","target":{"@type":"EntryPoint","urlTemplate":"http:\/\/kspnszz.org\/?s={search_term_string}"},"query-input":"required name=search_term_string"}],"inLanguage":"pl-PL"},{"@type":"Person","@id":"http:\/\/kspnszz.org\/#\/schema\/person\/31096cf196f706ef50ecbd878903cc13","name":"bartlomiej","image":{"@type":"ImageObject","inLanguage":"pl-PL","@id":"http:\/\/kspnszz.org\/#\/schema\/person\/image\/","url":"https:\/\/secure.gravatar.com\/avatar\/cb681656f150968eb94b73c62cf58e52?s=96&d=mm&r=g","contentUrl":"https:\/\/secure.gravatar.com\/avatar\/cb681656f150968eb94b73c62cf58e52?s=96&d=mm&r=g","caption":"bartlomiej"},"url":"https:\/\/kspnszz.org\/index.php\/author\/bartlomiej\/"}]}},"_links":{"self":[{"href":"https:\/\/kspnszz.org\/index.php\/wp-json\/wp\/v2\/posts\/2758"}],"collection":[{"href":"https:\/\/kspnszz.org\/index.php\/wp-json\/wp\/v2\/posts"}],"about":[{"href":"https:\/\/kspnszz.org\/index.php\/wp-json\/wp\/v2\/types\/post"}],"author":[{"embeddable":true,"href":"https:\/\/kspnszz.org\/index.php\/wp-json\/wp\/v2\/users\/2"}],"replies":[{"embeddable":true,"href":"https:\/\/kspnszz.org\/index.php\/wp-json\/wp\/v2\/comments?post=2758"}],"version-history":[{"count":3,"href":"https:\/\/kspnszz.org\/index.php\/wp-json\/wp\/v2\/posts\/2758\/revisions"}],"predecessor-version":[{"id":2761,"href":"https:\/\/kspnszz.org\/index.php\/wp-json\/wp\/v2\/posts\/2758\/revisions\/2761"}],"wp:featuredmedia":[{"embeddable":true,"href":"https:\/\/kspnszz.org\/index.php\/wp-json\/wp\/v2\/media\/2756"}],"wp:attachment":[{"href":"https:\/\/kspnszz.org\/index.php\/wp-json\/wp\/v2\/media?parent=2758"}],"wp:term":[{"taxonomy":"category","embeddable":true,"href":"https:\/\/kspnszz.org\/index.php\/wp-json\/wp\/v2\/categories?post=2758"},{"taxonomy":"post_tag","embeddable":true,"href":"https:\/\/kspnszz.org\/index.php\/wp-json\/wp\/v2\/tags?post=2758"}],"curies":[{"name":"wp","href":"https:\/\/api.w.org\/{rel}","templated":true}]}}