{"id":2534,"date":"2020-03-29T21:18:11","date_gmt":"2020-03-29T19:18:11","guid":{"rendered":"http:\/\/kspnszz.org\/?p=2534"},"modified":"2020-03-29T21:32:57","modified_gmt":"2020-03-29T19:32:57","slug":"zmiana-na-stanowisku-mazowieckiego-komendanta-wojewodzkiego-psp","status":"publish","type":"post","link":"https:\/\/kspnszz.org\/index.php\/2020\/03\/29\/zmiana-na-stanowisku-mazowieckiego-komendanta-wojewodzkiego-psp\/","title":{"rendered":"Zmiana na stanowisku mazowieckiego komendanta wojew\u00f3dzkiego PSP"},"content":{"rendered":"<p>26 marca 2020 roku w siedzibie Komendy Wojew\u00f3dzkiej Pa\u0144stwowej Stra\u017cy Po\u017carnej w Warszawie odby\u0142a si\u0119 uroczysto\u015b\u0107 zdania oraz przyj\u0119cia obowi\u0105zk\u00f3w Mazowieckiego Komendanta Wojew\u00f3dzkiego Pa\u0144stwowej Stra\u017cy Po\u017carnej.<\/p>\n<p>Po blisko 36 latach s\u0142u\u017cby, na zaopatrzenie emerytalne przeszed\u0142 nadbryg. Bogdan \u0141asica \u2013 zdaj\u0105cy obowi\u0105zki Mazowieckiego Komendanta Wojew\u00f3dzkiego PSP.<\/p>\n<p>Minister spraw wewn\u0119trznych i administracji, na wniosek komendanta g\u0142\u00f3wnego PSP,\u00a0 z dniem 27 marca 2020 roku\u00a0na stanowisko Mazowieckiego Komendanta Wojew\u00f3dzkiego Pa\u0144stwowej Stra\u017cy Po\u017carnej powo\u0142a\u0142 m\u0142. bryg. Jaros\u0142awa Nowosielskiego .<\/p>\n<p><a href=\"http:\/\/kspnszz.org\/wp-content\/uploads\/2020\/03\/kw-mazowsze.jpg\" data-rel=\"lightbox-image-0\" data-rl_title=\"\" data-rl_caption=\"\" title=\"\"><img loading=\"lazy\" decoding=\"async\" class=\"aligncenter size-medium wp-image-2533\" src=\"http:\/\/kspnszz.org\/wp-content\/uploads\/2020\/03\/kw-mazowsze-250x300.jpg\" alt=\"kw mazowsze\" width=\"250\" height=\"300\" srcset=\"https:\/\/kspnszz.org\/wp-content\/uploads\/2020\/03\/kw-mazowsze-250x300.jpg 250w, https:\/\/kspnszz.org\/wp-content\/uploads\/2020\/03\/kw-mazowsze.jpg 750w\" sizes=\"(max-width: 250px) 100vw, 250px\" \/><\/a><a href=\"http:\/\/kspnszz.org\/wp-content\/uploads\/2020\/03\/Bez-tytu\u0142u4.jpg\" data-rel=\"lightbox-image-1\" data-rl_title=\"\" data-rl_caption=\"\" title=\"\"><br \/>\n<\/a><a href=\"http:\/\/kspnszz.org\/wp-content\/uploads\/2020\/03\/Bez-tytu\u0142u3.jpg\" data-rel=\"lightbox-image-2\" data-rl_title=\"\" data-rl_caption=\"\" title=\"\"><br \/>\n<\/a><a href=\"http:\/\/kspnszz.org\/wp-content\/uploads\/2020\/03\/Bez-tytu\u0142u2.jpg\" data-rel=\"lightbox-image-3\" data-rl_title=\"\" data-rl_caption=\"\" title=\"\"><br \/>\n<\/a><a href=\"http:\/\/kspnszz.org\/wp-content\/uploads\/2020\/03\/Bez-tytu\u0142u1.jpg\" data-rel=\"lightbox-image-4\" data-rl_title=\"\" data-rl_caption=\"\" title=\"\"><br \/>\n<\/a><a href=\"http:\/\/kspnszz.org\/wp-content\/uploads\/2020\/03\/kw-mazowsze.jpg\" data-rel=\"lightbox-image-5\" data-rl_title=\"\" data-rl_caption=\"\" title=\"\"><br \/>\n<\/a><\/p>\n","protected":false},"excerpt":{"rendered":"<p>26 marca 2020 roku w siedzibie Komendy Wojew\u00f3dzkiej Pa\u0144stwowej Stra\u017cy Po\u017carnej w Warszawie odby\u0142a si\u0119 uroczysto\u015b\u0107 zdania oraz przyj\u0119cia obowi\u0105zk\u00f3w Mazowieckiego Komendanta Wojew\u00f3dzkiego Pa\u0144stwowej Stra\u017cy Po\u017carnej. Po blisko 36 latach s\u0142u\u017cby, na zaopatrzenie emerytalne przeszed\u0142 nadbryg. Bogdan \u0141asica \u2013 zdaj\u0105cy obowi\u0105zki Mazowieckiego Komendanta Wojew\u00f3dzkiego PSP. Minister spraw wewn\u0119trznych i administracji, na wniosek komendanta g\u0142\u00f3wnego PSP,\u00a0 &hellip;<\/p>\n","protected":false},"author":2,"featured_media":2539,"comment_status":"closed","ping_status":"closed","sticky":false,"template":"","format":"standard","meta":{"footnotes":""},"categories":[2],"tags":[],"yoast_head":"<!-- This site is optimized with the Yoast SEO plugin v22.7 - https:\/\/yoast.com\/wordpress\/plugins\/seo\/ -->\n<title>Zmiana na stanowisku mazowieckiego komendanta wojew\u00f3dzkiego PSP - KSPNSZZ<\/title>\n<meta name=\"robots\" content=\"index, follow, max-snippet:-1, max-image-preview:large, max-video-preview:-1\" \/>\n<link rel=\"canonical\" href=\"http:\/\/kspnszz.org\/index.php\/2020\/03\/29\/zmiana-na-stanowisku-mazowieckiego-komendanta-wojewodzkiego-psp\/\" \/>\n<meta property=\"og:locale\" content=\"pl_PL\" \/>\n<meta property=\"og:type\" content=\"article\" \/>\n<meta property=\"og:title\" content=\"Zmiana na stanowisku mazowieckiego komendanta wojew\u00f3dzkiego PSP - KSPNSZZ\" \/>\n<meta property=\"og:description\" content=\"26 marca 2020 roku w siedzibie Komendy Wojew\u00f3dzkiej Pa\u0144stwowej Stra\u017cy Po\u017carnej w Warszawie odby\u0142a si\u0119 uroczysto\u015b\u0107 zdania oraz przyj\u0119cia obowi\u0105zk\u00f3w Mazowieckiego Komendanta Wojew\u00f3dzkiego Pa\u0144stwowej Stra\u017cy Po\u017carnej. Po blisko 36 latach s\u0142u\u017cby, na zaopatrzenie emerytalne przeszed\u0142 nadbryg. Bogdan \u0141asica \u2013 zdaj\u0105cy obowi\u0105zki Mazowieckiego Komendanta Wojew\u00f3dzkiego PSP. Minister spraw wewn\u0119trznych i administracji, na wniosek komendanta g\u0142\u00f3wnego PSP,\u00a0 &hellip;\" \/>\n<meta property=\"og:url\" content=\"http:\/\/kspnszz.org\/index.php\/2020\/03\/29\/zmiana-na-stanowisku-mazowieckiego-komendanta-wojewodzkiego-psp\/\" \/>\n<meta property=\"og:site_name\" content=\"KSPNSZZ\" \/>\n<meta property=\"article:published_time\" content=\"2020-03-29T19:18:11+00:00\" \/>\n<meta property=\"article:modified_time\" content=\"2020-03-29T19:32:57+00:00\" \/>\n<meta property=\"og:image\" content=\"http:\/\/kspnszz.org\/wp-content\/uploads\/2020\/03\/Bez-tytu\u0142u2.jpg\" \/>\n\t<meta property=\"og:image:width\" content=\"961\" \/>\n\t<meta property=\"og:image:height\" content=\"965\" \/>\n\t<meta property=\"og:image:type\" content=\"image\/jpeg\" \/>\n<meta name=\"author\" content=\"bartlomiej\" \/>\n<meta name=\"twitter:card\" content=\"summary_large_image\" \/>\n<meta name=\"twitter:label1\" content=\"Napisane przez\" \/>\n\t<meta name=\"twitter:data1\" content=\"bartlomiej\" \/>\n<script type=\"application\/ld+json\" class=\"yoast-schema-graph\">{\"@context\":\"https:\/\/schema.org\",\"@graph\":[{\"@type\":\"WebPage\",\"@id\":\"http:\/\/kspnszz.org\/index.php\/2020\/03\/29\/zmiana-na-stanowisku-mazowieckiego-komendanta-wojewodzkiego-psp\/\",\"url\":\"http:\/\/kspnszz.org\/index.php\/2020\/03\/29\/zmiana-na-stanowisku-mazowieckiego-komendanta-wojewodzkiego-psp\/\",\"name\":\"Zmiana na stanowisku mazowieckiego komendanta wojew\u00f3dzkiego PSP - KSPNSZZ\",\"isPartOf\":{\"@id\":\"http:\/\/kspnszz.org\/#website\"},\"primaryImageOfPage\":{\"@id\":\"http:\/\/kspnszz.org\/index.php\/2020\/03\/29\/zmiana-na-stanowisku-mazowieckiego-komendanta-wojewodzkiego-psp\/#primaryimage\"},\"image\":{\"@id\":\"http:\/\/kspnszz.org\/index.php\/2020\/03\/29\/zmiana-na-stanowisku-mazowieckiego-komendanta-wojewodzkiego-psp\/#primaryimage\"},\"thumbnailUrl\":\"https:\/\/kspnszz.org\/wp-content\/uploads\/2020\/03\/Bez-tytu\u0142u2.jpg\",\"datePublished\":\"2020-03-29T19:18:11+00:00\",\"dateModified\":\"2020-03-29T19:32:57+00:00\",\"author\":{\"@id\":\"http:\/\/kspnszz.org\/#\/schema\/person\/31096cf196f706ef50ecbd878903cc13\"},\"breadcrumb\":{\"@id\":\"http:\/\/kspnszz.org\/index.php\/2020\/03\/29\/zmiana-na-stanowisku-mazowieckiego-komendanta-wojewodzkiego-psp\/#breadcrumb\"},\"inLanguage\":\"pl-PL\",\"potentialAction\":[{\"@type\":\"ReadAction\",\"target\":[\"http:\/\/kspnszz.org\/index.php\/2020\/03\/29\/zmiana-na-stanowisku-mazowieckiego-komendanta-wojewodzkiego-psp\/\"]}]},{\"@type\":\"ImageObject\",\"inLanguage\":\"pl-PL\",\"@id\":\"http:\/\/kspnszz.org\/index.php\/2020\/03\/29\/zmiana-na-stanowisku-mazowieckiego-komendanta-wojewodzkiego-psp\/#primaryimage\",\"url\":\"https:\/\/kspnszz.org\/wp-content\/uploads\/2020\/03\/Bez-tytu\u0142u2.jpg\",\"contentUrl\":\"https:\/\/kspnszz.org\/wp-content\/uploads\/2020\/03\/Bez-tytu\u0142u2.jpg\",\"width\":961,\"height\":965},{\"@type\":\"BreadcrumbList\",\"@id\":\"http:\/\/kspnszz.org\/index.php\/2020\/03\/29\/zmiana-na-stanowisku-mazowieckiego-komendanta-wojewodzkiego-psp\/#breadcrumb\",\"itemListElement\":[{\"@type\":\"ListItem\",\"position\":1,\"name\":\"Strona g\u0142\u00f3wna\",\"item\":\"http:\/\/kspnszz.org\/\"},{\"@type\":\"ListItem\",\"position\":2,\"name\":\"Zmiana na stanowisku mazowieckiego komendanta wojew\u00f3dzkiego PSP\"}]},{\"@type\":\"WebSite\",\"@id\":\"http:\/\/kspnszz.org\/#website\",\"url\":\"http:\/\/kspnszz.org\/\",\"name\":\"KSPNSZZ\",\"description\":\"Krajowa Sekcja Po\u017carnictwa\",\"potentialAction\":[{\"@type\":\"SearchAction\",\"target\":{\"@type\":\"EntryPoint\",\"urlTemplate\":\"http:\/\/kspnszz.org\/?s={search_term_string}\"},\"query-input\":\"required name=search_term_string\"}],\"inLanguage\":\"pl-PL\"},{\"@type\":\"Person\",\"@id\":\"http:\/\/kspnszz.org\/#\/schema\/person\/31096cf196f706ef50ecbd878903cc13\",\"name\":\"bartlomiej\",\"image\":{\"@type\":\"ImageObject\",\"inLanguage\":\"pl-PL\",\"@id\":\"http:\/\/kspnszz.org\/#\/schema\/person\/image\/\",\"url\":\"https:\/\/secure.gravatar.com\/avatar\/cb681656f150968eb94b73c62cf58e52?s=96&d=mm&r=g\",\"contentUrl\":\"https:\/\/secure.gravatar.com\/avatar\/cb681656f150968eb94b73c62cf58e52?s=96&d=mm&r=g\",\"caption\":\"bartlomiej\"},\"url\":\"https:\/\/kspnszz.org\/index.php\/author\/bartlomiej\/\"}]}<\/script>\n<!-- \/ Yoast SEO plugin. -->","yoast_head_json":{"title":"Zmiana na stanowisku mazowieckiego komendanta wojew\u00f3dzkiego PSP - KSPNSZZ","robots":{"index":"index","follow":"follow","max-snippet":"max-snippet:-1","max-image-preview":"max-image-preview:large","max-video-preview":"max-video-preview:-1"},"canonical":"http:\/\/kspnszz.org\/index.php\/2020\/03\/29\/zmiana-na-stanowisku-mazowieckiego-komendanta-wojewodzkiego-psp\/","og_locale":"pl_PL","og_type":"article","og_title":"Zmiana na stanowisku mazowieckiego komendanta wojew\u00f3dzkiego PSP - KSPNSZZ","og_description":"26 marca 2020 roku w siedzibie Komendy Wojew\u00f3dzkiej Pa\u0144stwowej Stra\u017cy Po\u017carnej w Warszawie odby\u0142a si\u0119 uroczysto\u015b\u0107 zdania oraz przyj\u0119cia obowi\u0105zk\u00f3w Mazowieckiego Komendanta Wojew\u00f3dzkiego Pa\u0144stwowej Stra\u017cy Po\u017carnej. Po blisko 36 latach s\u0142u\u017cby, na zaopatrzenie emerytalne przeszed\u0142 nadbryg. Bogdan \u0141asica \u2013 zdaj\u0105cy obowi\u0105zki Mazowieckiego Komendanta Wojew\u00f3dzkiego PSP. Minister spraw wewn\u0119trznych i administracji, na wniosek komendanta g\u0142\u00f3wnego PSP,\u00a0 &hellip;","og_url":"http:\/\/kspnszz.org\/index.php\/2020\/03\/29\/zmiana-na-stanowisku-mazowieckiego-komendanta-wojewodzkiego-psp\/","og_site_name":"KSPNSZZ","article_published_time":"2020-03-29T19:18:11+00:00","article_modified_time":"2020-03-29T19:32:57+00:00","og_image":[{"width":961,"height":965,"url":"http:\/\/kspnszz.org\/wp-content\/uploads\/2020\/03\/Bez-tytu\u0142u2.jpg","type":"image\/jpeg"}],"author":"bartlomiej","twitter_card":"summary_large_image","twitter_misc":{"Napisane przez":"bartlomiej"},"schema":{"@context":"https:\/\/schema.org","@graph":[{"@type":"WebPage","@id":"http:\/\/kspnszz.org\/index.php\/2020\/03\/29\/zmiana-na-stanowisku-mazowieckiego-komendanta-wojewodzkiego-psp\/","url":"http:\/\/kspnszz.org\/index.php\/2020\/03\/29\/zmiana-na-stanowisku-mazowieckiego-komendanta-wojewodzkiego-psp\/","name":"Zmiana na stanowisku mazowieckiego komendanta wojew\u00f3dzkiego PSP - KSPNSZZ","isPartOf":{"@id":"http:\/\/kspnszz.org\/#website"},"primaryImageOfPage":{"@id":"http:\/\/kspnszz.org\/index.php\/2020\/03\/29\/zmiana-na-stanowisku-mazowieckiego-komendanta-wojewodzkiego-psp\/#primaryimage"},"image":{"@id":"http:\/\/kspnszz.org\/index.php\/2020\/03\/29\/zmiana-na-stanowisku-mazowieckiego-komendanta-wojewodzkiego-psp\/#primaryimage"},"thumbnailUrl":"https:\/\/kspnszz.org\/wp-content\/uploads\/2020\/03\/Bez-tytu\u0142u2.jpg","datePublished":"2020-03-29T19:18:11+00:00","dateModified":"2020-03-29T19:32:57+00:00","author":{"@id":"http:\/\/kspnszz.org\/#\/schema\/person\/31096cf196f706ef50ecbd878903cc13"},"breadcrumb":{"@id":"http:\/\/kspnszz.org\/index.php\/2020\/03\/29\/zmiana-na-stanowisku-mazowieckiego-komendanta-wojewodzkiego-psp\/#breadcrumb"},"inLanguage":"pl-PL","potentialAction":[{"@type":"ReadAction","target":["http:\/\/kspnszz.org\/index.php\/2020\/03\/29\/zmiana-na-stanowisku-mazowieckiego-komendanta-wojewodzkiego-psp\/"]}]},{"@type":"ImageObject","inLanguage":"pl-PL","@id":"http:\/\/kspnszz.org\/index.php\/2020\/03\/29\/zmiana-na-stanowisku-mazowieckiego-komendanta-wojewodzkiego-psp\/#primaryimage","url":"https:\/\/kspnszz.org\/wp-content\/uploads\/2020\/03\/Bez-tytu\u0142u2.jpg","contentUrl":"https:\/\/kspnszz.org\/wp-content\/uploads\/2020\/03\/Bez-tytu\u0142u2.jpg","width":961,"height":965},{"@type":"BreadcrumbList","@id":"http:\/\/kspnszz.org\/index.php\/2020\/03\/29\/zmiana-na-stanowisku-mazowieckiego-komendanta-wojewodzkiego-psp\/#breadcrumb","itemListElement":[{"@type":"ListItem","position":1,"name":"Strona g\u0142\u00f3wna","item":"http:\/\/kspnszz.org\/"},{"@type":"ListItem","position":2,"name":"Zmiana na stanowisku mazowieckiego komendanta wojew\u00f3dzkiego PSP"}]},{"@type":"WebSite","@id":"http:\/\/kspnszz.org\/#website","url":"http:\/\/kspnszz.org\/","name":"KSPNSZZ","description":"Krajowa Sekcja Po\u017carnictwa","potentialAction":[{"@type":"SearchAction","target":{"@type":"EntryPoint","urlTemplate":"http:\/\/kspnszz.org\/?s={search_term_string}"},"query-input":"required name=search_term_string"}],"inLanguage":"pl-PL"},{"@type":"Person","@id":"http:\/\/kspnszz.org\/#\/schema\/person\/31096cf196f706ef50ecbd878903cc13","name":"bartlomiej","image":{"@type":"ImageObject","inLanguage":"pl-PL","@id":"http:\/\/kspnszz.org\/#\/schema\/person\/image\/","url":"https:\/\/secure.gravatar.com\/avatar\/cb681656f150968eb94b73c62cf58e52?s=96&d=mm&r=g","contentUrl":"https:\/\/secure.gravatar.com\/avatar\/cb681656f150968eb94b73c62cf58e52?s=96&d=mm&r=g","caption":"bartlomiej"},"url":"https:\/\/kspnszz.org\/index.php\/author\/bartlomiej\/"}]}},"_links":{"self":[{"href":"https:\/\/kspnszz.org\/index.php\/wp-json\/wp\/v2\/posts\/2534"}],"collection":[{"href":"https:\/\/kspnszz.org\/index.php\/wp-json\/wp\/v2\/posts"}],"about":[{"href":"https:\/\/kspnszz.org\/index.php\/wp-json\/wp\/v2\/types\/post"}],"author":[{"embeddable":true,"href":"https:\/\/kspnszz.org\/index.php\/wp-json\/wp\/v2\/users\/2"}],"replies":[{"embeddable":true,"href":"https:\/\/kspnszz.org\/index.php\/wp-json\/wp\/v2\/comments?post=2534"}],"version-history":[{"count":7,"href":"https:\/\/kspnszz.org\/index.php\/wp-json\/wp\/v2\/posts\/2534\/revisions"}],"predecessor-version":[{"id":2545,"href":"https:\/\/kspnszz.org\/index.php\/wp-json\/wp\/v2\/posts\/2534\/revisions\/2545"}],"wp:featuredmedia":[{"embeddable":true,"href":"https:\/\/kspnszz.org\/index.php\/wp-json\/wp\/v2\/media\/2539"}],"wp:attachment":[{"href":"https:\/\/kspnszz.org\/index.php\/wp-json\/wp\/v2\/media?parent=2534"}],"wp:term":[{"taxonomy":"category","embeddable":true,"href":"https:\/\/kspnszz.org\/index.php\/wp-json\/wp\/v2\/categories?post=2534"},{"taxonomy":"post_tag","embeddable":true,"href":"https:\/\/kspnszz.org\/index.php\/wp-json\/wp\/v2\/tags?post=2534"}],"curies":[{"name":"wp","href":"https:\/\/api.w.org\/{rel}","templated":true}]}}