{"id":2522,"date":"2020-03-19T16:04:09","date_gmt":"2020-03-19T15:04:09","guid":{"rendered":"http:\/\/kspnszz.org\/?p=2522"},"modified":"2020-03-19T16:04:09","modified_gmt":"2020-03-19T15:04:09","slug":"dodatkowe-zasilki-opiekuncze-i-uposazenia-strazakow-w-razie-kwarantanny","status":"publish","type":"post","link":"https:\/\/kspnszz.org\/index.php\/2020\/03\/19\/dodatkowe-zasilki-opiekuncze-i-uposazenia-strazakow-w-razie-kwarantanny\/","title":{"rendered":"Dodatkowe zasi\u0142ki opieku\u0144cze i uposa\u017cenia stra\u017cak\u00f3w w razie kwarantanny"},"content":{"rendered":"<p>Poni\u017cej prezentujemy pismo z KSP NSZZ &#8222;Solidarno\u015b\u0107&#8221; z pytaniami i odpowied\u017a KG PSP odno\u015bnie do uprawnienia stra\u017cak\u00f3w do dodatkowego zasi\u0142ku opieku\u0144czego za 14 dni opieki nad dzieckiem do 8 lat oraz uposa\u017cenia stra\u017caka w przypadku obj\u0119cia kwarantann\u0105 lub nadzorem epidemiologicznym w wyniku realizacji zada\u0144 s\u0142u\u017cbowych.<\/p>\n<p><a href=\"http:\/\/kspnszz.org\/wp-content\/uploads\/2020\/03\/pytanie-ksp-zasilki.jpg\" data-rel=\"lightbox-image-0\" data-rl_title=\"\" data-rl_caption=\"\" title=\"\"><img loading=\"lazy\" decoding=\"async\" class=\"aligncenter size-medium wp-image-2520\" src=\"http:\/\/kspnszz.org\/wp-content\/uploads\/2020\/03\/pytanie-ksp-zasilki-212x300.jpg\" alt=\"pytanie ksp zasilki\" width=\"212\" height=\"300\" srcset=\"https:\/\/kspnszz.org\/wp-content\/uploads\/2020\/03\/pytanie-ksp-zasilki-212x300.jpg 212w, https:\/\/kspnszz.org\/wp-content\/uploads\/2020\/03\/pytanie-ksp-zasilki-724x1024.jpg 724w, https:\/\/kspnszz.org\/wp-content\/uploads\/2020\/03\/pytanie-ksp-zasilki.jpg 1447w\" sizes=\"(max-width: 212px) 100vw, 212px\" \/><\/a><\/p>\n<p><a href=\"http:\/\/kspnszz.org\/wp-content\/uploads\/2020\/03\/odp-kg-zasi\u0142ki.jpg\" data-rel=\"lightbox-image-1\" data-rl_title=\"\" data-rl_caption=\"\" title=\"\"><img loading=\"lazy\" decoding=\"async\" class=\"aligncenter size-medium wp-image-2519\" src=\"http:\/\/kspnszz.org\/wp-content\/uploads\/2020\/03\/odp-kg-zasi\u0142ki-212x300.jpg\" alt=\"odp kg zasi\u0142ki\" width=\"212\" height=\"300\" srcset=\"https:\/\/kspnszz.org\/wp-content\/uploads\/2020\/03\/odp-kg-zasi\u0142ki-212x300.jpg 212w, https:\/\/kspnszz.org\/wp-content\/uploads\/2020\/03\/odp-kg-zasi\u0142ki-724x1024.jpg 724w, https:\/\/kspnszz.org\/wp-content\/uploads\/2020\/03\/odp-kg-zasi\u0142ki.jpg 1448w\" sizes=\"(max-width: 212px) 100vw, 212px\" \/><\/a><\/p>\n<p><a href=\"http:\/\/kspnszz.org\/wp-content\/uploads\/2020\/03\/odp-2-kg-zasilki.jpg\" data-rel=\"lightbox-image-2\" data-rl_title=\"\" data-rl_caption=\"\" title=\"\"><img loading=\"lazy\" decoding=\"async\" class=\"aligncenter size-medium wp-image-2521\" src=\"http:\/\/kspnszz.org\/wp-content\/uploads\/2020\/03\/odp-2-kg-zasilki-212x300.jpg\" alt=\"odp 2 kg zasilki\" width=\"212\" height=\"300\" srcset=\"https:\/\/kspnszz.org\/wp-content\/uploads\/2020\/03\/odp-2-kg-zasilki-212x300.jpg 212w, https:\/\/kspnszz.org\/wp-content\/uploads\/2020\/03\/odp-2-kg-zasilki-724x1024.jpg 724w, https:\/\/kspnszz.org\/wp-content\/uploads\/2020\/03\/odp-2-kg-zasilki.jpg 1448w\" sizes=\"(max-width: 212px) 100vw, 212px\" \/><\/a><\/p>\n","protected":false},"excerpt":{"rendered":"<p>Poni\u017cej prezentujemy pismo z KSP NSZZ &#8222;Solidarno\u015b\u0107&#8221; z pytaniami i odpowied\u017a KG PSP odno\u015bnie do uprawnienia stra\u017cak\u00f3w do dodatkowego zasi\u0142ku opieku\u0144czego za 14 dni opieki nad dzieckiem do 8 lat oraz uposa\u017cenia stra\u017caka w przypadku obj\u0119cia kwarantann\u0105 lub nadzorem epidemiologicznym w wyniku realizacji zada\u0144 s\u0142u\u017cbowych.<\/p>\n","protected":false},"author":2,"featured_media":1165,"comment_status":"closed","ping_status":"closed","sticky":false,"template":"","format":"standard","meta":{"footnotes":""},"categories":[2],"tags":[],"yoast_head":"<!-- This site is optimized with the Yoast SEO plugin v22.7 - https:\/\/yoast.com\/wordpress\/plugins\/seo\/ -->\n<title>Dodatkowe zasi\u0142ki opieku\u0144cze i uposa\u017cenia stra\u017cak\u00f3w w razie kwarantanny - KSPNSZZ<\/title>\n<meta name=\"robots\" content=\"index, follow, max-snippet:-1, max-image-preview:large, max-video-preview:-1\" \/>\n<link rel=\"canonical\" href=\"https:\/\/kspnszz.org\/index.php\/2020\/03\/19\/dodatkowe-zasilki-opiekuncze-i-uposazenia-strazakow-w-razie-kwarantanny\/\" \/>\n<meta property=\"og:locale\" content=\"pl_PL\" \/>\n<meta property=\"og:type\" content=\"article\" \/>\n<meta property=\"og:title\" content=\"Dodatkowe zasi\u0142ki opieku\u0144cze i uposa\u017cenia stra\u017cak\u00f3w w razie kwarantanny - KSPNSZZ\" \/>\n<meta property=\"og:description\" content=\"Poni\u017cej prezentujemy pismo z KSP NSZZ &#8222;Solidarno\u015b\u0107&#8221; z pytaniami i odpowied\u017a KG PSP odno\u015bnie do uprawnienia stra\u017cak\u00f3w do dodatkowego zasi\u0142ku opieku\u0144czego za 14 dni opieki nad dzieckiem do 8 lat oraz uposa\u017cenia stra\u017caka w przypadku obj\u0119cia kwarantann\u0105 lub nadzorem epidemiologicznym w wyniku realizacji zada\u0144 s\u0142u\u017cbowych.\" \/>\n<meta property=\"og:url\" content=\"https:\/\/kspnszz.org\/index.php\/2020\/03\/19\/dodatkowe-zasilki-opiekuncze-i-uposazenia-strazakow-w-razie-kwarantanny\/\" \/>\n<meta property=\"og:site_name\" content=\"KSPNSZZ\" \/>\n<meta property=\"article:published_time\" content=\"2020-03-19T15:04:09+00:00\" \/>\n<meta property=\"og:image\" content=\"https:\/\/kspnszz.org\/wp-content\/uploads\/2015\/08\/Fotolia_92528686_Subscription_Monthly_M.jpg\" \/>\n\t<meta property=\"og:image:width\" content=\"1457\" \/>\n\t<meta property=\"og:image:height\" content=\"1304\" \/>\n\t<meta property=\"og:image:type\" content=\"image\/jpeg\" \/>\n<meta name=\"author\" content=\"bartlomiej\" \/>\n<meta name=\"twitter:card\" content=\"summary_large_image\" \/>\n<meta name=\"twitter:label1\" content=\"Napisane przez\" \/>\n\t<meta name=\"twitter:data1\" content=\"bartlomiej\" \/>\n<script type=\"application\/ld+json\" class=\"yoast-schema-graph\">{\"@context\":\"https:\/\/schema.org\",\"@graph\":[{\"@type\":\"WebPage\",\"@id\":\"https:\/\/kspnszz.org\/index.php\/2020\/03\/19\/dodatkowe-zasilki-opiekuncze-i-uposazenia-strazakow-w-razie-kwarantanny\/\",\"url\":\"https:\/\/kspnszz.org\/index.php\/2020\/03\/19\/dodatkowe-zasilki-opiekuncze-i-uposazenia-strazakow-w-razie-kwarantanny\/\",\"name\":\"Dodatkowe zasi\u0142ki opieku\u0144cze i uposa\u017cenia stra\u017cak\u00f3w w razie kwarantanny - KSPNSZZ\",\"isPartOf\":{\"@id\":\"https:\/\/kspnszz.org\/#website\"},\"primaryImageOfPage\":{\"@id\":\"https:\/\/kspnszz.org\/index.php\/2020\/03\/19\/dodatkowe-zasilki-opiekuncze-i-uposazenia-strazakow-w-razie-kwarantanny\/#primaryimage\"},\"image\":{\"@id\":\"https:\/\/kspnszz.org\/index.php\/2020\/03\/19\/dodatkowe-zasilki-opiekuncze-i-uposazenia-strazakow-w-razie-kwarantanny\/#primaryimage\"},\"thumbnailUrl\":\"https:\/\/kspnszz.org\/wp-content\/uploads\/2015\/08\/Fotolia_92528686_Subscription_Monthly_M.jpg\",\"datePublished\":\"2020-03-19T15:04:09+00:00\",\"dateModified\":\"2020-03-19T15:04:09+00:00\",\"author\":{\"@id\":\"https:\/\/kspnszz.org\/#\/schema\/person\/31096cf196f706ef50ecbd878903cc13\"},\"breadcrumb\":{\"@id\":\"https:\/\/kspnszz.org\/index.php\/2020\/03\/19\/dodatkowe-zasilki-opiekuncze-i-uposazenia-strazakow-w-razie-kwarantanny\/#breadcrumb\"},\"inLanguage\":\"pl-PL\",\"potentialAction\":[{\"@type\":\"ReadAction\",\"target\":[\"https:\/\/kspnszz.org\/index.php\/2020\/03\/19\/dodatkowe-zasilki-opiekuncze-i-uposazenia-strazakow-w-razie-kwarantanny\/\"]}]},{\"@type\":\"ImageObject\",\"inLanguage\":\"pl-PL\",\"@id\":\"https:\/\/kspnszz.org\/index.php\/2020\/03\/19\/dodatkowe-zasilki-opiekuncze-i-uposazenia-strazakow-w-razie-kwarantanny\/#primaryimage\",\"url\":\"https:\/\/kspnszz.org\/wp-content\/uploads\/2015\/08\/Fotolia_92528686_Subscription_Monthly_M.jpg\",\"contentUrl\":\"https:\/\/kspnszz.org\/wp-content\/uploads\/2015\/08\/Fotolia_92528686_Subscription_Monthly_M.jpg\",\"width\":1457,\"height\":1304},{\"@type\":\"BreadcrumbList\",\"@id\":\"https:\/\/kspnszz.org\/index.php\/2020\/03\/19\/dodatkowe-zasilki-opiekuncze-i-uposazenia-strazakow-w-razie-kwarantanny\/#breadcrumb\",\"itemListElement\":[{\"@type\":\"ListItem\",\"position\":1,\"name\":\"Strona g\u0142\u00f3wna\",\"item\":\"https:\/\/kspnszz.org\/\"},{\"@type\":\"ListItem\",\"position\":2,\"name\":\"Dodatkowe zasi\u0142ki opieku\u0144cze i uposa\u017cenia stra\u017cak\u00f3w w razie kwarantanny\"}]},{\"@type\":\"WebSite\",\"@id\":\"https:\/\/kspnszz.org\/#website\",\"url\":\"https:\/\/kspnszz.org\/\",\"name\":\"KSPNSZZ\",\"description\":\"Krajowa Sekcja Po\u017carnictwa\",\"potentialAction\":[{\"@type\":\"SearchAction\",\"target\":{\"@type\":\"EntryPoint\",\"urlTemplate\":\"https:\/\/kspnszz.org\/?s={search_term_string}\"},\"query-input\":\"required name=search_term_string\"}],\"inLanguage\":\"pl-PL\"},{\"@type\":\"Person\",\"@id\":\"https:\/\/kspnszz.org\/#\/schema\/person\/31096cf196f706ef50ecbd878903cc13\",\"name\":\"bartlomiej\",\"image\":{\"@type\":\"ImageObject\",\"inLanguage\":\"pl-PL\",\"@id\":\"https:\/\/kspnszz.org\/#\/schema\/person\/image\/\",\"url\":\"https:\/\/secure.gravatar.com\/avatar\/cb681656f150968eb94b73c62cf58e52?s=96&d=mm&r=g\",\"contentUrl\":\"https:\/\/secure.gravatar.com\/avatar\/cb681656f150968eb94b73c62cf58e52?s=96&d=mm&r=g\",\"caption\":\"bartlomiej\"},\"url\":\"https:\/\/kspnszz.org\/index.php\/author\/bartlomiej\/\"}]}<\/script>\n<!-- \/ Yoast SEO plugin. -->","yoast_head_json":{"title":"Dodatkowe zasi\u0142ki opieku\u0144cze i uposa\u017cenia stra\u017cak\u00f3w w razie kwarantanny - KSPNSZZ","robots":{"index":"index","follow":"follow","max-snippet":"max-snippet:-1","max-image-preview":"max-image-preview:large","max-video-preview":"max-video-preview:-1"},"canonical":"https:\/\/kspnszz.org\/index.php\/2020\/03\/19\/dodatkowe-zasilki-opiekuncze-i-uposazenia-strazakow-w-razie-kwarantanny\/","og_locale":"pl_PL","og_type":"article","og_title":"Dodatkowe zasi\u0142ki opieku\u0144cze i uposa\u017cenia stra\u017cak\u00f3w w razie kwarantanny - KSPNSZZ","og_description":"Poni\u017cej prezentujemy pismo z KSP NSZZ &#8222;Solidarno\u015b\u0107&#8221; z pytaniami i odpowied\u017a KG PSP odno\u015bnie do uprawnienia stra\u017cak\u00f3w do dodatkowego zasi\u0142ku opieku\u0144czego za 14 dni opieki nad dzieckiem do 8 lat oraz uposa\u017cenia stra\u017caka w przypadku obj\u0119cia kwarantann\u0105 lub nadzorem epidemiologicznym w wyniku realizacji zada\u0144 s\u0142u\u017cbowych.","og_url":"https:\/\/kspnszz.org\/index.php\/2020\/03\/19\/dodatkowe-zasilki-opiekuncze-i-uposazenia-strazakow-w-razie-kwarantanny\/","og_site_name":"KSPNSZZ","article_published_time":"2020-03-19T15:04:09+00:00","og_image":[{"width":1457,"height":1304,"url":"https:\/\/kspnszz.org\/wp-content\/uploads\/2015\/08\/Fotolia_92528686_Subscription_Monthly_M.jpg","type":"image\/jpeg"}],"author":"bartlomiej","twitter_card":"summary_large_image","twitter_misc":{"Napisane przez":"bartlomiej"},"schema":{"@context":"https:\/\/schema.org","@graph":[{"@type":"WebPage","@id":"https:\/\/kspnszz.org\/index.php\/2020\/03\/19\/dodatkowe-zasilki-opiekuncze-i-uposazenia-strazakow-w-razie-kwarantanny\/","url":"https:\/\/kspnszz.org\/index.php\/2020\/03\/19\/dodatkowe-zasilki-opiekuncze-i-uposazenia-strazakow-w-razie-kwarantanny\/","name":"Dodatkowe zasi\u0142ki opieku\u0144cze i uposa\u017cenia stra\u017cak\u00f3w w razie kwarantanny - KSPNSZZ","isPartOf":{"@id":"https:\/\/kspnszz.org\/#website"},"primaryImageOfPage":{"@id":"https:\/\/kspnszz.org\/index.php\/2020\/03\/19\/dodatkowe-zasilki-opiekuncze-i-uposazenia-strazakow-w-razie-kwarantanny\/#primaryimage"},"image":{"@id":"https:\/\/kspnszz.org\/index.php\/2020\/03\/19\/dodatkowe-zasilki-opiekuncze-i-uposazenia-strazakow-w-razie-kwarantanny\/#primaryimage"},"thumbnailUrl":"https:\/\/kspnszz.org\/wp-content\/uploads\/2015\/08\/Fotolia_92528686_Subscription_Monthly_M.jpg","datePublished":"2020-03-19T15:04:09+00:00","dateModified":"2020-03-19T15:04:09+00:00","author":{"@id":"https:\/\/kspnszz.org\/#\/schema\/person\/31096cf196f706ef50ecbd878903cc13"},"breadcrumb":{"@id":"https:\/\/kspnszz.org\/index.php\/2020\/03\/19\/dodatkowe-zasilki-opiekuncze-i-uposazenia-strazakow-w-razie-kwarantanny\/#breadcrumb"},"inLanguage":"pl-PL","potentialAction":[{"@type":"ReadAction","target":["https:\/\/kspnszz.org\/index.php\/2020\/03\/19\/dodatkowe-zasilki-opiekuncze-i-uposazenia-strazakow-w-razie-kwarantanny\/"]}]},{"@type":"ImageObject","inLanguage":"pl-PL","@id":"https:\/\/kspnszz.org\/index.php\/2020\/03\/19\/dodatkowe-zasilki-opiekuncze-i-uposazenia-strazakow-w-razie-kwarantanny\/#primaryimage","url":"https:\/\/kspnszz.org\/wp-content\/uploads\/2015\/08\/Fotolia_92528686_Subscription_Monthly_M.jpg","contentUrl":"https:\/\/kspnszz.org\/wp-content\/uploads\/2015\/08\/Fotolia_92528686_Subscription_Monthly_M.jpg","width":1457,"height":1304},{"@type":"BreadcrumbList","@id":"https:\/\/kspnszz.org\/index.php\/2020\/03\/19\/dodatkowe-zasilki-opiekuncze-i-uposazenia-strazakow-w-razie-kwarantanny\/#breadcrumb","itemListElement":[{"@type":"ListItem","position":1,"name":"Strona g\u0142\u00f3wna","item":"https:\/\/kspnszz.org\/"},{"@type":"ListItem","position":2,"name":"Dodatkowe zasi\u0142ki opieku\u0144cze i uposa\u017cenia stra\u017cak\u00f3w w razie kwarantanny"}]},{"@type":"WebSite","@id":"https:\/\/kspnszz.org\/#website","url":"https:\/\/kspnszz.org\/","name":"KSPNSZZ","description":"Krajowa Sekcja Po\u017carnictwa","potentialAction":[{"@type":"SearchAction","target":{"@type":"EntryPoint","urlTemplate":"https:\/\/kspnszz.org\/?s={search_term_string}"},"query-input":"required name=search_term_string"}],"inLanguage":"pl-PL"},{"@type":"Person","@id":"https:\/\/kspnszz.org\/#\/schema\/person\/31096cf196f706ef50ecbd878903cc13","name":"bartlomiej","image":{"@type":"ImageObject","inLanguage":"pl-PL","@id":"https:\/\/kspnszz.org\/#\/schema\/person\/image\/","url":"https:\/\/secure.gravatar.com\/avatar\/cb681656f150968eb94b73c62cf58e52?s=96&d=mm&r=g","contentUrl":"https:\/\/secure.gravatar.com\/avatar\/cb681656f150968eb94b73c62cf58e52?s=96&d=mm&r=g","caption":"bartlomiej"},"url":"https:\/\/kspnszz.org\/index.php\/author\/bartlomiej\/"}]}},"_links":{"self":[{"href":"https:\/\/kspnszz.org\/index.php\/wp-json\/wp\/v2\/posts\/2522"}],"collection":[{"href":"https:\/\/kspnszz.org\/index.php\/wp-json\/wp\/v2\/posts"}],"about":[{"href":"https:\/\/kspnszz.org\/index.php\/wp-json\/wp\/v2\/types\/post"}],"author":[{"embeddable":true,"href":"https:\/\/kspnszz.org\/index.php\/wp-json\/wp\/v2\/users\/2"}],"replies":[{"embeddable":true,"href":"https:\/\/kspnszz.org\/index.php\/wp-json\/wp\/v2\/comments?post=2522"}],"version-history":[{"count":1,"href":"https:\/\/kspnszz.org\/index.php\/wp-json\/wp\/v2\/posts\/2522\/revisions"}],"predecessor-version":[{"id":2523,"href":"https:\/\/kspnszz.org\/index.php\/wp-json\/wp\/v2\/posts\/2522\/revisions\/2523"}],"wp:featuredmedia":[{"embeddable":true,"href":"https:\/\/kspnszz.org\/index.php\/wp-json\/wp\/v2\/media\/1165"}],"wp:attachment":[{"href":"https:\/\/kspnszz.org\/index.php\/wp-json\/wp\/v2\/media?parent=2522"}],"wp:term":[{"taxonomy":"category","embeddable":true,"href":"https:\/\/kspnszz.org\/index.php\/wp-json\/wp\/v2\/categories?post=2522"},{"taxonomy":"post_tag","embeddable":true,"href":"https:\/\/kspnszz.org\/index.php\/wp-json\/wp\/v2\/tags?post=2522"}],"curies":[{"name":"wp","href":"https:\/\/api.w.org\/{rel}","templated":true}]}}