{"id":2365,"date":"2019-11-03T10:46:48","date_gmt":"2019-11-03T09:46:48","guid":{"rendered":"http:\/\/kspnszz.org\/?p=2365"},"modified":"2019-11-03T10:46:48","modified_gmt":"2019-11-03T09:46:48","slug":"tygodnik-solidarnosc-zwieksza-naklad-bedzie-dostepny-w-kazdym-empiku","status":"publish","type":"post","link":"https:\/\/kspnszz.org\/index.php\/2019\/11\/03\/tygodnik-solidarnosc-zwieksza-naklad-bedzie-dostepny-w-kazdym-empiku\/","title":{"rendered":"&#8222;Tygodnik Solidarno\u015b\u0107&#8221; zwi\u0119ksza nak\u0142ad. B\u0119dzie dost\u0119pny w ka\u017cdym empiku!"},"content":{"rendered":"<p>Coraz wi\u0119ksze czytelnictwo i zainteresowanie &#8222;Tygodnikiem Solidarno\u015b\u0107&#8221; zaowocowa\u0142o zwi\u0119kszeniem nak\u0142adu zewn\u0119trznej sprzeda\u017cy jednego z najstarszych tygodnik\u00f3w opinii na polskim rynku prasy. Od nast\u0119pnego numeru popularny Tysol b\u0119dzie dost\u0119pny w ka\u017cdym empiku.<\/p>\n<p>Zyskuj\u0105cy na popularno\u015bci &#8222;Tygodnik Solidarno\u015b\u0107&#8221; powoli odbudowuje swoj\u0105 pozycj\u0119 na rynku tygodnik\u00f3w opinii w Polsce. Zepchni\u0119ty na margines w prze\u0142omie XX i XXI w. dzi\u015b wraca na nale\u017cne mu miejsce w\u015br\u00f3d pism kszta\u0142tuj\u0105cych opini\u0119 Polak\u00f3w na temat otaczaj\u0105cej nas rzeczywisto\u015bci.<\/p>\n<p>Analizy sytuacji politycznej oraz gospodarczej w Polsce i zagranic\u0105. Reporta\u017ce spo\u0142eczne, wywiady z politykami i liderami opinii oraz rozmowy z gwiazdami goszcz\u0105cymi na pierwszych stronach gazet. To dzi\u0119ki tym elementom &#8222;TS&#8221; zosta\u0142 niejako zobligowany przez swoich czytelnik\u00f3w do zwi\u0119kszenia dost\u0119pno\u015bci wersji papierowej.<\/p>\n<p>Ju\u017c od 5 listopada &#8222;Tygodnik Solidarno\u015b\u0107&#8221; b\u0119dzie mo\u017cna zakupi\u0107 w ka\u017cdym salonie prasowym &#8222;empik&#8221;.<\/p>\n<p><a href=\"http:\/\/www.tysol.pl\">www.tysol.pl<\/a><\/p>\n<p>Zach\u0119camy wszystkich cz\u0142onk\u00f3w i sympatyk\u00f3w NSZZ \u201eSolidarno\u015b\u0107\u201d do si\u0119gni\u0119cia po \u201eTygodnik Solidarno\u015b\u0107\u201d.<\/p>\n<p><a href=\"http:\/\/kspnszz.org\/wp-content\/uploads\/2019\/11\/ts.jpg\" data-rel=\"lightbox-image-0\" data-rl_title=\"\" data-rl_caption=\"\" title=\"\"><img loading=\"lazy\" decoding=\"async\" class=\"aligncenter size-medium wp-image-2364\" src=\"http:\/\/kspnszz.org\/wp-content\/uploads\/2019\/11\/ts-300x187.jpg\" alt=\"ts\" width=\"300\" height=\"187\" srcset=\"https:\/\/kspnszz.org\/wp-content\/uploads\/2019\/11\/ts-300x187.jpg 300w, https:\/\/kspnszz.org\/wp-content\/uploads\/2019\/11\/ts.jpg 714w\" sizes=\"(max-width: 300px) 100vw, 300px\" \/><\/a><\/p>\n","protected":false},"excerpt":{"rendered":"<p>Coraz wi\u0119ksze czytelnictwo i zainteresowanie &#8222;Tygodnikiem Solidarno\u015b\u0107&#8221; zaowocowa\u0142o zwi\u0119kszeniem nak\u0142adu zewn\u0119trznej sprzeda\u017cy jednego z najstarszych tygodnik\u00f3w opinii na polskim rynku prasy. Od nast\u0119pnego numeru popularny Tysol b\u0119dzie dost\u0119pny w ka\u017cdym empiku. Zyskuj\u0105cy na popularno\u015bci &#8222;Tygodnik Solidarno\u015b\u0107&#8221; powoli odbudowuje swoj\u0105 pozycj\u0119 na rynku tygodnik\u00f3w opinii w Polsce. Zepchni\u0119ty na margines w prze\u0142omie XX i XXI w. &hellip;<\/p>\n","protected":false},"author":2,"featured_media":2364,"comment_status":"closed","ping_status":"closed","sticky":false,"template":"","format":"standard","meta":{"footnotes":""},"categories":[2],"tags":[],"yoast_head":"<!-- This site is optimized with the Yoast SEO plugin v22.7 - https:\/\/yoast.com\/wordpress\/plugins\/seo\/ -->\n<title>&quot;Tygodnik Solidarno\u015b\u0107&quot; zwi\u0119ksza nak\u0142ad. B\u0119dzie dost\u0119pny w ka\u017cdym empiku! - KSPNSZZ<\/title>\n<meta name=\"robots\" content=\"index, follow, max-snippet:-1, max-image-preview:large, max-video-preview:-1\" \/>\n<link rel=\"canonical\" href=\"http:\/\/kspnszz.org\/index.php\/2019\/11\/03\/tygodnik-solidarnosc-zwieksza-naklad-bedzie-dostepny-w-kazdym-empiku\/\" \/>\n<meta property=\"og:locale\" content=\"pl_PL\" \/>\n<meta property=\"og:type\" content=\"article\" \/>\n<meta property=\"og:title\" content=\"&quot;Tygodnik Solidarno\u015b\u0107&quot; zwi\u0119ksza nak\u0142ad. B\u0119dzie dost\u0119pny w ka\u017cdym empiku! - KSPNSZZ\" \/>\n<meta property=\"og:description\" content=\"Coraz wi\u0119ksze czytelnictwo i zainteresowanie &#8222;Tygodnikiem Solidarno\u015b\u0107&#8221; zaowocowa\u0142o zwi\u0119kszeniem nak\u0142adu zewn\u0119trznej sprzeda\u017cy jednego z najstarszych tygodnik\u00f3w opinii na polskim rynku prasy. Od nast\u0119pnego numeru popularny Tysol b\u0119dzie dost\u0119pny w ka\u017cdym empiku. Zyskuj\u0105cy na popularno\u015bci &#8222;Tygodnik Solidarno\u015b\u0107&#8221; powoli odbudowuje swoj\u0105 pozycj\u0119 na rynku tygodnik\u00f3w opinii w Polsce. Zepchni\u0119ty na margines w prze\u0142omie XX i XXI w. &hellip;\" \/>\n<meta property=\"og:url\" content=\"http:\/\/kspnszz.org\/index.php\/2019\/11\/03\/tygodnik-solidarnosc-zwieksza-naklad-bedzie-dostepny-w-kazdym-empiku\/\" \/>\n<meta property=\"og:site_name\" content=\"KSPNSZZ\" \/>\n<meta property=\"article:published_time\" content=\"2019-11-03T09:46:48+00:00\" \/>\n<meta property=\"og:image\" content=\"http:\/\/kspnszz.org\/wp-content\/uploads\/2019\/11\/ts.jpg\" \/>\n\t<meta property=\"og:image:width\" content=\"714\" \/>\n\t<meta property=\"og:image:height\" content=\"446\" \/>\n\t<meta property=\"og:image:type\" content=\"image\/jpeg\" \/>\n<meta name=\"author\" content=\"bartlomiej\" \/>\n<meta name=\"twitter:card\" content=\"summary_large_image\" \/>\n<meta name=\"twitter:label1\" content=\"Napisane przez\" \/>\n\t<meta name=\"twitter:data1\" content=\"bartlomiej\" \/>\n\t<meta name=\"twitter:label2\" content=\"Szacowany czas czytania\" \/>\n\t<meta name=\"twitter:data2\" content=\"1 minuta\" \/>\n<script type=\"application\/ld+json\" class=\"yoast-schema-graph\">{\"@context\":\"https:\/\/schema.org\",\"@graph\":[{\"@type\":\"WebPage\",\"@id\":\"http:\/\/kspnszz.org\/index.php\/2019\/11\/03\/tygodnik-solidarnosc-zwieksza-naklad-bedzie-dostepny-w-kazdym-empiku\/\",\"url\":\"http:\/\/kspnszz.org\/index.php\/2019\/11\/03\/tygodnik-solidarnosc-zwieksza-naklad-bedzie-dostepny-w-kazdym-empiku\/\",\"name\":\"\\\"Tygodnik Solidarno\u015b\u0107\\\" zwi\u0119ksza nak\u0142ad. B\u0119dzie dost\u0119pny w ka\u017cdym empiku! - KSPNSZZ\",\"isPartOf\":{\"@id\":\"http:\/\/kspnszz.org\/#website\"},\"primaryImageOfPage\":{\"@id\":\"http:\/\/kspnszz.org\/index.php\/2019\/11\/03\/tygodnik-solidarnosc-zwieksza-naklad-bedzie-dostepny-w-kazdym-empiku\/#primaryimage\"},\"image\":{\"@id\":\"http:\/\/kspnszz.org\/index.php\/2019\/11\/03\/tygodnik-solidarnosc-zwieksza-naklad-bedzie-dostepny-w-kazdym-empiku\/#primaryimage\"},\"thumbnailUrl\":\"https:\/\/kspnszz.org\/wp-content\/uploads\/2019\/11\/ts.jpg\",\"datePublished\":\"2019-11-03T09:46:48+00:00\",\"dateModified\":\"2019-11-03T09:46:48+00:00\",\"author\":{\"@id\":\"http:\/\/kspnszz.org\/#\/schema\/person\/31096cf196f706ef50ecbd878903cc13\"},\"breadcrumb\":{\"@id\":\"http:\/\/kspnszz.org\/index.php\/2019\/11\/03\/tygodnik-solidarnosc-zwieksza-naklad-bedzie-dostepny-w-kazdym-empiku\/#breadcrumb\"},\"inLanguage\":\"pl-PL\",\"potentialAction\":[{\"@type\":\"ReadAction\",\"target\":[\"http:\/\/kspnszz.org\/index.php\/2019\/11\/03\/tygodnik-solidarnosc-zwieksza-naklad-bedzie-dostepny-w-kazdym-empiku\/\"]}]},{\"@type\":\"ImageObject\",\"inLanguage\":\"pl-PL\",\"@id\":\"http:\/\/kspnszz.org\/index.php\/2019\/11\/03\/tygodnik-solidarnosc-zwieksza-naklad-bedzie-dostepny-w-kazdym-empiku\/#primaryimage\",\"url\":\"https:\/\/kspnszz.org\/wp-content\/uploads\/2019\/11\/ts.jpg\",\"contentUrl\":\"https:\/\/kspnszz.org\/wp-content\/uploads\/2019\/11\/ts.jpg\",\"width\":714,\"height\":446},{\"@type\":\"BreadcrumbList\",\"@id\":\"http:\/\/kspnszz.org\/index.php\/2019\/11\/03\/tygodnik-solidarnosc-zwieksza-naklad-bedzie-dostepny-w-kazdym-empiku\/#breadcrumb\",\"itemListElement\":[{\"@type\":\"ListItem\",\"position\":1,\"name\":\"Strona g\u0142\u00f3wna\",\"item\":\"http:\/\/kspnszz.org\/\"},{\"@type\":\"ListItem\",\"position\":2,\"name\":\"&#8222;Tygodnik Solidarno\u015b\u0107&#8221; zwi\u0119ksza nak\u0142ad. B\u0119dzie dost\u0119pny w ka\u017cdym empiku!\"}]},{\"@type\":\"WebSite\",\"@id\":\"http:\/\/kspnszz.org\/#website\",\"url\":\"http:\/\/kspnszz.org\/\",\"name\":\"KSPNSZZ\",\"description\":\"Krajowa Sekcja Po\u017carnictwa\",\"potentialAction\":[{\"@type\":\"SearchAction\",\"target\":{\"@type\":\"EntryPoint\",\"urlTemplate\":\"http:\/\/kspnszz.org\/?s={search_term_string}\"},\"query-input\":\"required name=search_term_string\"}],\"inLanguage\":\"pl-PL\"},{\"@type\":\"Person\",\"@id\":\"http:\/\/kspnszz.org\/#\/schema\/person\/31096cf196f706ef50ecbd878903cc13\",\"name\":\"bartlomiej\",\"image\":{\"@type\":\"ImageObject\",\"inLanguage\":\"pl-PL\",\"@id\":\"http:\/\/kspnszz.org\/#\/schema\/person\/image\/\",\"url\":\"https:\/\/secure.gravatar.com\/avatar\/cb681656f150968eb94b73c62cf58e52?s=96&d=mm&r=g\",\"contentUrl\":\"https:\/\/secure.gravatar.com\/avatar\/cb681656f150968eb94b73c62cf58e52?s=96&d=mm&r=g\",\"caption\":\"bartlomiej\"},\"url\":\"https:\/\/kspnszz.org\/index.php\/author\/bartlomiej\/\"}]}<\/script>\n<!-- \/ Yoast SEO plugin. -->","yoast_head_json":{"title":"\"Tygodnik Solidarno\u015b\u0107\" zwi\u0119ksza nak\u0142ad. B\u0119dzie dost\u0119pny w ka\u017cdym empiku! - KSPNSZZ","robots":{"index":"index","follow":"follow","max-snippet":"max-snippet:-1","max-image-preview":"max-image-preview:large","max-video-preview":"max-video-preview:-1"},"canonical":"http:\/\/kspnszz.org\/index.php\/2019\/11\/03\/tygodnik-solidarnosc-zwieksza-naklad-bedzie-dostepny-w-kazdym-empiku\/","og_locale":"pl_PL","og_type":"article","og_title":"\"Tygodnik Solidarno\u015b\u0107\" zwi\u0119ksza nak\u0142ad. B\u0119dzie dost\u0119pny w ka\u017cdym empiku! - KSPNSZZ","og_description":"Coraz wi\u0119ksze czytelnictwo i zainteresowanie &#8222;Tygodnikiem Solidarno\u015b\u0107&#8221; zaowocowa\u0142o zwi\u0119kszeniem nak\u0142adu zewn\u0119trznej sprzeda\u017cy jednego z najstarszych tygodnik\u00f3w opinii na polskim rynku prasy. Od nast\u0119pnego numeru popularny Tysol b\u0119dzie dost\u0119pny w ka\u017cdym empiku. Zyskuj\u0105cy na popularno\u015bci &#8222;Tygodnik Solidarno\u015b\u0107&#8221; powoli odbudowuje swoj\u0105 pozycj\u0119 na rynku tygodnik\u00f3w opinii w Polsce. Zepchni\u0119ty na margines w prze\u0142omie XX i XXI w. &hellip;","og_url":"http:\/\/kspnszz.org\/index.php\/2019\/11\/03\/tygodnik-solidarnosc-zwieksza-naklad-bedzie-dostepny-w-kazdym-empiku\/","og_site_name":"KSPNSZZ","article_published_time":"2019-11-03T09:46:48+00:00","og_image":[{"width":714,"height":446,"url":"http:\/\/kspnszz.org\/wp-content\/uploads\/2019\/11\/ts.jpg","type":"image\/jpeg"}],"author":"bartlomiej","twitter_card":"summary_large_image","twitter_misc":{"Napisane przez":"bartlomiej","Szacowany czas czytania":"1 minuta"},"schema":{"@context":"https:\/\/schema.org","@graph":[{"@type":"WebPage","@id":"http:\/\/kspnszz.org\/index.php\/2019\/11\/03\/tygodnik-solidarnosc-zwieksza-naklad-bedzie-dostepny-w-kazdym-empiku\/","url":"http:\/\/kspnszz.org\/index.php\/2019\/11\/03\/tygodnik-solidarnosc-zwieksza-naklad-bedzie-dostepny-w-kazdym-empiku\/","name":"\"Tygodnik Solidarno\u015b\u0107\" zwi\u0119ksza nak\u0142ad. B\u0119dzie dost\u0119pny w ka\u017cdym empiku! - KSPNSZZ","isPartOf":{"@id":"http:\/\/kspnszz.org\/#website"},"primaryImageOfPage":{"@id":"http:\/\/kspnszz.org\/index.php\/2019\/11\/03\/tygodnik-solidarnosc-zwieksza-naklad-bedzie-dostepny-w-kazdym-empiku\/#primaryimage"},"image":{"@id":"http:\/\/kspnszz.org\/index.php\/2019\/11\/03\/tygodnik-solidarnosc-zwieksza-naklad-bedzie-dostepny-w-kazdym-empiku\/#primaryimage"},"thumbnailUrl":"https:\/\/kspnszz.org\/wp-content\/uploads\/2019\/11\/ts.jpg","datePublished":"2019-11-03T09:46:48+00:00","dateModified":"2019-11-03T09:46:48+00:00","author":{"@id":"http:\/\/kspnszz.org\/#\/schema\/person\/31096cf196f706ef50ecbd878903cc13"},"breadcrumb":{"@id":"http:\/\/kspnszz.org\/index.php\/2019\/11\/03\/tygodnik-solidarnosc-zwieksza-naklad-bedzie-dostepny-w-kazdym-empiku\/#breadcrumb"},"inLanguage":"pl-PL","potentialAction":[{"@type":"ReadAction","target":["http:\/\/kspnszz.org\/index.php\/2019\/11\/03\/tygodnik-solidarnosc-zwieksza-naklad-bedzie-dostepny-w-kazdym-empiku\/"]}]},{"@type":"ImageObject","inLanguage":"pl-PL","@id":"http:\/\/kspnszz.org\/index.php\/2019\/11\/03\/tygodnik-solidarnosc-zwieksza-naklad-bedzie-dostepny-w-kazdym-empiku\/#primaryimage","url":"https:\/\/kspnszz.org\/wp-content\/uploads\/2019\/11\/ts.jpg","contentUrl":"https:\/\/kspnszz.org\/wp-content\/uploads\/2019\/11\/ts.jpg","width":714,"height":446},{"@type":"BreadcrumbList","@id":"http:\/\/kspnszz.org\/index.php\/2019\/11\/03\/tygodnik-solidarnosc-zwieksza-naklad-bedzie-dostepny-w-kazdym-empiku\/#breadcrumb","itemListElement":[{"@type":"ListItem","position":1,"name":"Strona g\u0142\u00f3wna","item":"http:\/\/kspnszz.org\/"},{"@type":"ListItem","position":2,"name":"&#8222;Tygodnik Solidarno\u015b\u0107&#8221; zwi\u0119ksza nak\u0142ad. B\u0119dzie dost\u0119pny w ka\u017cdym empiku!"}]},{"@type":"WebSite","@id":"http:\/\/kspnszz.org\/#website","url":"http:\/\/kspnszz.org\/","name":"KSPNSZZ","description":"Krajowa Sekcja Po\u017carnictwa","potentialAction":[{"@type":"SearchAction","target":{"@type":"EntryPoint","urlTemplate":"http:\/\/kspnszz.org\/?s={search_term_string}"},"query-input":"required name=search_term_string"}],"inLanguage":"pl-PL"},{"@type":"Person","@id":"http:\/\/kspnszz.org\/#\/schema\/person\/31096cf196f706ef50ecbd878903cc13","name":"bartlomiej","image":{"@type":"ImageObject","inLanguage":"pl-PL","@id":"http:\/\/kspnszz.org\/#\/schema\/person\/image\/","url":"https:\/\/secure.gravatar.com\/avatar\/cb681656f150968eb94b73c62cf58e52?s=96&d=mm&r=g","contentUrl":"https:\/\/secure.gravatar.com\/avatar\/cb681656f150968eb94b73c62cf58e52?s=96&d=mm&r=g","caption":"bartlomiej"},"url":"https:\/\/kspnszz.org\/index.php\/author\/bartlomiej\/"}]}},"_links":{"self":[{"href":"https:\/\/kspnszz.org\/index.php\/wp-json\/wp\/v2\/posts\/2365"}],"collection":[{"href":"https:\/\/kspnszz.org\/index.php\/wp-json\/wp\/v2\/posts"}],"about":[{"href":"https:\/\/kspnszz.org\/index.php\/wp-json\/wp\/v2\/types\/post"}],"author":[{"embeddable":true,"href":"https:\/\/kspnszz.org\/index.php\/wp-json\/wp\/v2\/users\/2"}],"replies":[{"embeddable":true,"href":"https:\/\/kspnszz.org\/index.php\/wp-json\/wp\/v2\/comments?post=2365"}],"version-history":[{"count":1,"href":"https:\/\/kspnszz.org\/index.php\/wp-json\/wp\/v2\/posts\/2365\/revisions"}],"predecessor-version":[{"id":2366,"href":"https:\/\/kspnszz.org\/index.php\/wp-json\/wp\/v2\/posts\/2365\/revisions\/2366"}],"wp:featuredmedia":[{"embeddable":true,"href":"https:\/\/kspnszz.org\/index.php\/wp-json\/wp\/v2\/media\/2364"}],"wp:attachment":[{"href":"https:\/\/kspnszz.org\/index.php\/wp-json\/wp\/v2\/media?parent=2365"}],"wp:term":[{"taxonomy":"category","embeddable":true,"href":"https:\/\/kspnszz.org\/index.php\/wp-json\/wp\/v2\/categories?post=2365"},{"taxonomy":"post_tag","embeddable":true,"href":"https:\/\/kspnszz.org\/index.php\/wp-json\/wp\/v2\/tags?post=2365"}],"curies":[{"name":"wp","href":"https:\/\/api.w.org\/{rel}","templated":true}]}}