{"id":2324,"date":"2019-10-03T21:20:53","date_gmt":"2019-10-03T19:20:53","guid":{"rendered":"http:\/\/kspnszz.org\/?p=2324"},"modified":"2019-11-05T19:01:10","modified_gmt":"2019-11-05T18:01:10","slug":"posiedzenie-rady-ksp-nszz-solidarnosc","status":"publish","type":"post","link":"https:\/\/kspnszz.org\/index.php\/2019\/10\/03\/posiedzenie-rady-ksp-nszz-solidarnosc\/","title":{"rendered":"Posiedzenie Rady KSP NSZZ \u201eSolidarno\u015b\u0107\u201d"},"content":{"rendered":"<p>W dniach 25 \u2013 26 wrze\u015bnia w M\u015bcicach k. Koszalina odby\u0142o si\u0119 posiedzenie Rady Krajowej Sekcji Po\u017carnictwa NSZZ \u201eSolidarno\u015b\u0107\u201d.<\/p>\n<p>Obrady rozpocz\u0119to od wyja\u015bnienia spraw wewn\u0105trz zwi\u0105zkowych. Rada nie przychyli\u0142a si\u0119 do wniosku formalnego jednego z cz\u0142onk\u00f3w, ingeruj\u0105cego w sprawy innych cz\u0142onk\u00f3w Rady Sekcji. Rada przyj\u0119\u0142a wyja\u015bnienia, \u017ce sprawy co do kt\u00f3rych wyja\u015bnienia w\u0142a\u015bciwe s\u0105 zarz\u0105dy region\u00f3w, nie powinny by\u0107 przedmiotem dzia\u0142a\u0144 KSP.<\/p>\n<p>Nast\u0119pnie Wiceprzewodnicz\u0105cy Bart\u0142omiej Mickiewicz om\u00f3wi\u0142 dzia\u0142ania Sekcji od ostatniego posiedzenia Rady. W okresie tym m.in.:<\/p>\n<p>&#8211; podczas spotka\u0144 z Komendantem G\u0142\u00f3wnym PSP i jego przedstawicielami ustalono:<\/p>\n<ul>\n<li>stanowisko ws. ponoszenia przez jednostki organizacyjne PSP koszt\u00f3w bada\u0144 niezb\u0119dnych do przed\u0142u\u017cenia prawa jazdy,<\/li>\n<li>stanowisko KG ws. konieczno\u015bci przywr\u00f3cenia za\u0142\u0105cznika nr 7 do przepisu kwalifikacyjnego,<\/li>\n<li>om\u00f3wiono za\u0142o\u017cenia do realizacji porozumienia pomi\u0119dzy MSWiA, a zwi\u0105zkami zawodowymi, tj. wprowadzenia nale\u017cno\u015bci finansowych dla funkcjonariuszy, kt\u00f3rzy po osi\u0105gni\u0119ciu 25 lat s\u0142u\u017cby nadal pozostaliby w s\u0142u\u017cbie,<\/li>\n<\/ul>\n<p>&#8211; podczas spotka\u0144 z Ministrem Spraw Wewn\u0119trznych i Administracji (w tym czasie stanowisko to zajmowa\u0142y, a\u017c trzy osoby) i jego przedstawicielami tematem rozm\u00f3w by\u0142y g\u0142\u00f3wnie prace legislacyjne dotycz\u0105ce akt\u00f3w prawnych zwi\u0105zanych z PSP. W g\u0142\u00f3wnej mierze dotyczy\u0142y one przepisu kwalifikacyjnego, czy te\u017c rozwi\u0105za\u0144 z zakresu podpisanego porozumienia pomi\u0119dzy MSWiA, a zwi\u0105zkami zawodowymi,<\/p>\n<p>&#8211; regularnie spotykano si\u0119 ze strukturami zwi\u0105zku, kt\u00f3re wystosowa\u0142y zaproszenia do KSP,<\/p>\n<p>&#8211; wydano negatywn\u0105 opini\u0119 do projektu zmiany rozporz\u0105dzenia ws. pe\u0142nienia s\u0142u\u017cby przez stra\u017cak\u00f3w PSP, kt\u00f3ry zak\u0142ada\u0142 m.in. mo\u017cliwo\u015b\u0107 wprowadzenia innych godzin s\u0142u\u017cby dla dow\u00f3dztwa JRG (system dwuzmianowy) oraz nie zaliczanie do czasu s\u0142u\u017cby ca\u0142ego czasu od zadysponowania do powrotu z dzia\u0142a\u0144 odwod\u00f3w operacyjnych, oraz wyjazd\u00f3w do dzia\u0142a\u0144 poza granice Polski,<\/p>\n<p>&#8211; wydano pozytywn\u0105 opini\u0119 ws. zmiany ustawy emerytalnej i niekt\u00f3rych innych ustaw, umo\u017cliwiaj\u0105c\u0105 wprowadzenie 100 % odp\u0142atno\u015bci za nadgodziny i usuni\u0119cie wymogu 55 lat do przej\u015bcia na zaopatrzenie emerytalne,<\/p>\n<p>&#8211; wydano pozytywn\u0105 opini\u0119 do zmiany rozporz\u0105dzenia mundurowego i przygotowano uwagi do kart technicznych wyrob\u00f3w nowo wprowadzanych sort\u00f3w, czyli bielizny termoaktywnej, kr\u00f3tkich spodni oraz czapki zimowej.<\/p>\n<p>&#8211; uczczono, zgodnie ze stanowiskiem WZD, pami\u0119\u0107 b\u0142. Ks. Jerzego Popie\u0142uszko wystawiaj\u0105c wart\u0119 przy jego grobie w Dniu Stra\u017caka,<\/p>\n<p>&#8211; zainicjowano spotkanie ze stron\u0105 s\u0142u\u017cbow\u0105 odno\u015bnie rozdzia\u0142u \u015brodk\u00f3w na ponadnormatywny czas s\u0142u\u017cby dla poszczeg\u00f3lnych wojew\u00f3dztw \u2013 g\u0142\u00f3wnym za\u0142o\u017ceniem jest r\u00f3wnomierny rozdzia\u0142 \u015brodk\u00f3w pomi\u0119dzy wojew\u00f3dztwa, tak aby zaspakaja\u0142y one realne potrzeby. Fakt uzupe\u0142niania \u015brodk\u00f3w na rekompensat\u0119 za ponadnormatywny czas s\u0142u\u017cby z bud\u017cetu p\u0142acowego zg\u0142osi\u0142y praktycznie wszystkie wojew\u00f3dztwa.<\/p>\n<p>Rada KSP, z uwagi na brak rozm\u00f3w o za\u0142o\u017ceniach przysz\u0142orocznej podwy\u017cki i konieczno\u015bci zmian ustawy emerytalnej w zakresie artyku\u0142u 15a, uzna\u0142a za niezb\u0119dne zorganizowanie pilnego spotkania z obecnym Ministrem Spraw Wewn\u0119trznych i Administracji Mariuszem Kami\u0144skim. W tej sprawie Rada przyj\u0119\u0142a stosowne <strong><a href=\"http:\/\/kspnszz.org\/wp-content\/uploads\/2019\/10\/stanowisko-porozumienie.pdf\">stanowisko<\/a><\/strong>. Podj\u0119to r\u00f3wnie\u017c uchwa\u0142\u0119 dotycz\u0105c\u0105 przed\u0142u\u017caj\u0105cych si\u0119 prac nad przepisem kwalifikacyjnym.<\/p>\n<p>Podczas posiedzenia om\u00f3wiono r\u00f3wnie\u017c post\u0119py prac nad wprowadzeniem nowego programu ubezpieczeniowego dla stra\u017cak\u00f3w. Poinformowano, \u017ce prace trwaj\u0105, jednak dotychczasowe wyniki nie s\u0105 zadowalaj\u0105ce. Opracowywanie za\u0142o\u017ce\u0144 opiera si\u0119 na pracy zespo\u0142u mi\u0119dzyzwi\u0105zkowego, powo\u0142anego specjalnie do tego celu, w kt\u00f3rego sk\u0142adzie s\u0105 przedstawiciele wszystkich central zwi\u0105zkowych dzia\u0142aj\u0105cych w PSP.<\/p>\n<p>Na spotkaniu om\u00f3wione zosta\u0142y tak\u017ce post\u0119py prac zespo\u0142u do spraw przepis\u00f3w dotycz\u0105cych czasu s\u0142u\u017cby stra\u017cak\u00f3w. Powo\u0142anie zespo\u0142u zainicjowane zosta\u0142o przez NSZZ SOLIDARNO\u015a\u0106. W pracach zespo\u0142u uczestnicz\u0105 przedstawiciele strony s\u0142u\u017cbowej oraz wszystkich central zwi\u0105zkowych dzia\u0142aj\u0105cych w PSP. Dotychczas zesp\u00f3\u0142 spotka\u0142 si\u0119 trzykrotnie. G\u0142\u00f3wnym za\u0142o\u017ceniem prac zespo\u0142u zaproponowanym przez NSZZ SOLIDARNO\u015a\u0106 jest doprowadzenie do w\u0142a\u015bciwego rozliczania czasu s\u0142u\u017cby stra\u017cak\u00f3w przebywaj\u0105cych na wszelkiego rodzaju szkoleniach. Od wielu lat KSP d\u0105\u017cy do zmiany tego kuriozalnego dla stra\u017cak\u00f3w przepisu w spos\u00f3b taki, aby czas s\u0142u\u017cby stra\u017caka na szkoleniu by\u0142 rozliczany zgodnie z harmonogramem szkolenia, a nie jak dotychczas zgodnie z p\u00f3\u0142rocznym harmonogramem s\u0142u\u017cby. Jak dot\u0105d wszyscy cz\u0142onkowie zespo\u0142u zgadzaj\u0105 si\u0119 co do powy\u017cszego za\u0142o\u017cenia, a prace zmierzaj\u0105 w kierunku w\u0142a\u015bciwej zmiany zapis\u00f3w rozporz\u0105dzenia. Dodatkowo w ramach zmian przewiduje si\u0119 wprowadzenie kilku porz\u0105dkowych poprawek, a tak\u017ce zmniejszenie normatywu godzin do wypracowania za \u015bwi\u0119ta przypadaj\u0105ce w soboty.<\/p>\n<p>Dyskutowano r\u00f3wnie\u017c o wprowadzonym przez Komendanta G\u0142\u00f3wnego PSP zarz\u0105dzeniu ws. gospodarki transportowej w PSP. Podczas posiedzenia wyja\u015bniono, za\u0142o\u017cenia dotycz\u0105ce korzystania przez zwi\u0105zkowc\u00f3w z pojazd\u00f3w s\u0142u\u017cbowych i podj\u0119to decyzj\u0119 o monitorowaniu tego zagadnienia. Ustalono, \u017ce w przypadku narastania problemu Rada podejmie w tej sprawie dzia\u0142ania.<\/p>\n<p>W dalszej cz\u0119\u015bci posiedzenia Cz\u0142onek Prezydium \u0141ukasz Latawski z\u0142o\u017cy\u0142 sprawozdanie z mi\u0119dzynarodowej konferencji \u201eV-4 plus \u2013 bezpiecze\u0144stwo osobiste stra\u017caka\u201d zorganizowanej przez KSP.<\/p>\n<p>Om\u00f3wiono r\u00f3wnie\u017c bie\u017c\u0105ce sprawy dotycz\u0105ce dzia\u0142alno\u015bci poszczeg\u00f3lnych sekcji regionalnych\/mi\u0119dzyregionalnych.<\/p>\n<p><a href=\"http:\/\/kspnszz.org\/wp-content\/uploads\/2019\/10\/1-1.jpg\" data-rel=\"lightbox-image-0\" data-rl_title=\"\" data-rl_caption=\"\" title=\"\"><img loading=\"lazy\" decoding=\"async\" class=\"aligncenter size-medium wp-image-2322\" src=\"http:\/\/kspnszz.org\/wp-content\/uploads\/2019\/10\/1-1-300x200.jpg\" alt=\"1-1\" width=\"300\" height=\"200\" srcset=\"https:\/\/kspnszz.org\/wp-content\/uploads\/2019\/10\/1-1-300x200.jpg 300w, https:\/\/kspnszz.org\/wp-content\/uploads\/2019\/10\/1-1-1024x683.jpg 1024w\" sizes=\"(max-width: 300px) 100vw, 300px\" \/><\/a><\/p>\n<p>&nbsp;<\/p>\n<p><a href=\"http:\/\/kspnszz.org\/wp-content\/uploads\/2019\/10\/1-6.jpg\" data-rel=\"lightbox-image-1\" data-rl_title=\"\" data-rl_caption=\"\" title=\"\"><img loading=\"lazy\" decoding=\"async\" class=\"aligncenter size-medium wp-image-2323\" src=\"http:\/\/kspnszz.org\/wp-content\/uploads\/2019\/10\/1-6-300x200.jpg\" alt=\"1-6\" width=\"300\" height=\"200\" srcset=\"https:\/\/kspnszz.org\/wp-content\/uploads\/2019\/10\/1-6-300x200.jpg 300w, https:\/\/kspnszz.org\/wp-content\/uploads\/2019\/10\/1-6-1024x683.jpg 1024w\" sizes=\"(max-width: 300px) 100vw, 300px\" \/><\/a><\/p>\n","protected":false},"excerpt":{"rendered":"<p>W dniach 25 \u2013 26 wrze\u015bnia w M\u015bcicach k. Koszalina odby\u0142o si\u0119 posiedzenie Rady Krajowej Sekcji Po\u017carnictwa NSZZ \u201eSolidarno\u015b\u0107\u201d. Obrady rozpocz\u0119to od wyja\u015bnienia spraw wewn\u0105trz zwi\u0105zkowych. Rada nie przychyli\u0142a si\u0119 do wniosku formalnego jednego z cz\u0142onk\u00f3w, ingeruj\u0105cego w sprawy innych cz\u0142onk\u00f3w Rady Sekcji. Rada przyj\u0119\u0142a wyja\u015bnienia, \u017ce sprawy co do kt\u00f3rych wyja\u015bnienia w\u0142a\u015bciwe s\u0105 zarz\u0105dy &hellip;<\/p>\n","protected":false},"author":2,"featured_media":2322,"comment_status":"closed","ping_status":"closed","sticky":false,"template":"","format":"standard","meta":{"footnotes":""},"categories":[2,1,6],"tags":[],"yoast_head":"<!-- This site is optimized with the Yoast SEO plugin v22.7 - https:\/\/yoast.com\/wordpress\/plugins\/seo\/ -->\n<title>Posiedzenie Rady KSP NSZZ \u201eSolidarno\u015b\u0107\u201d - KSPNSZZ<\/title>\n<meta name=\"robots\" content=\"index, follow, max-snippet:-1, max-image-preview:large, max-video-preview:-1\" \/>\n<link rel=\"canonical\" href=\"https:\/\/kspnszz.org\/index.php\/2019\/10\/03\/posiedzenie-rady-ksp-nszz-solidarnosc\/\" \/>\n<meta property=\"og:locale\" content=\"pl_PL\" \/>\n<meta property=\"og:type\" content=\"article\" \/>\n<meta property=\"og:title\" content=\"Posiedzenie Rady KSP NSZZ \u201eSolidarno\u015b\u0107\u201d - KSPNSZZ\" \/>\n<meta property=\"og:description\" content=\"W dniach 25 \u2013 26 wrze\u015bnia w M\u015bcicach k. Koszalina odby\u0142o si\u0119 posiedzenie Rady Krajowej Sekcji Po\u017carnictwa NSZZ \u201eSolidarno\u015b\u0107\u201d. Obrady rozpocz\u0119to od wyja\u015bnienia spraw wewn\u0105trz zwi\u0105zkowych. Rada nie przychyli\u0142a si\u0119 do wniosku formalnego jednego z cz\u0142onk\u00f3w, ingeruj\u0105cego w sprawy innych cz\u0142onk\u00f3w Rady Sekcji. Rada przyj\u0119\u0142a wyja\u015bnienia, \u017ce sprawy co do kt\u00f3rych wyja\u015bnienia w\u0142a\u015bciwe s\u0105 zarz\u0105dy &hellip;\" \/>\n<meta property=\"og:url\" content=\"https:\/\/kspnszz.org\/index.php\/2019\/10\/03\/posiedzenie-rady-ksp-nszz-solidarnosc\/\" \/>\n<meta property=\"og:site_name\" content=\"KSPNSZZ\" \/>\n<meta property=\"article:published_time\" content=\"2019-10-03T19:20:53+00:00\" \/>\n<meta property=\"article:modified_time\" content=\"2019-11-05T18:01:10+00:00\" \/>\n<meta property=\"og:image\" content=\"https:\/\/kspnszz.org\/wp-content\/uploads\/2019\/10\/1-1-1024x683.jpg\" \/>\n\t<meta property=\"og:image:width\" content=\"1024\" \/>\n\t<meta property=\"og:image:height\" content=\"683\" \/>\n\t<meta property=\"og:image:type\" content=\"image\/jpeg\" \/>\n<meta name=\"author\" content=\"bartlomiej\" \/>\n<meta name=\"twitter:card\" content=\"summary_large_image\" \/>\n<meta name=\"twitter:label1\" content=\"Napisane przez\" \/>\n\t<meta name=\"twitter:data1\" content=\"bartlomiej\" \/>\n\t<meta name=\"twitter:label2\" content=\"Szacowany czas czytania\" \/>\n\t<meta name=\"twitter:data2\" content=\"5 minut\" \/>\n<script type=\"application\/ld+json\" class=\"yoast-schema-graph\">{\"@context\":\"https:\/\/schema.org\",\"@graph\":[{\"@type\":\"WebPage\",\"@id\":\"https:\/\/kspnszz.org\/index.php\/2019\/10\/03\/posiedzenie-rady-ksp-nszz-solidarnosc\/\",\"url\":\"https:\/\/kspnszz.org\/index.php\/2019\/10\/03\/posiedzenie-rady-ksp-nszz-solidarnosc\/\",\"name\":\"Posiedzenie Rady KSP NSZZ \u201eSolidarno\u015b\u0107\u201d - KSPNSZZ\",\"isPartOf\":{\"@id\":\"http:\/\/kspnszz.org\/#website\"},\"primaryImageOfPage\":{\"@id\":\"https:\/\/kspnszz.org\/index.php\/2019\/10\/03\/posiedzenie-rady-ksp-nszz-solidarnosc\/#primaryimage\"},\"image\":{\"@id\":\"https:\/\/kspnszz.org\/index.php\/2019\/10\/03\/posiedzenie-rady-ksp-nszz-solidarnosc\/#primaryimage\"},\"thumbnailUrl\":\"https:\/\/kspnszz.org\/wp-content\/uploads\/2019\/10\/1-1.jpg\",\"datePublished\":\"2019-10-03T19:20:53+00:00\",\"dateModified\":\"2019-11-05T18:01:10+00:00\",\"author\":{\"@id\":\"http:\/\/kspnszz.org\/#\/schema\/person\/31096cf196f706ef50ecbd878903cc13\"},\"breadcrumb\":{\"@id\":\"https:\/\/kspnszz.org\/index.php\/2019\/10\/03\/posiedzenie-rady-ksp-nszz-solidarnosc\/#breadcrumb\"},\"inLanguage\":\"pl-PL\",\"potentialAction\":[{\"@type\":\"ReadAction\",\"target\":[\"https:\/\/kspnszz.org\/index.php\/2019\/10\/03\/posiedzenie-rady-ksp-nszz-solidarnosc\/\"]}]},{\"@type\":\"ImageObject\",\"inLanguage\":\"pl-PL\",\"@id\":\"https:\/\/kspnszz.org\/index.php\/2019\/10\/03\/posiedzenie-rady-ksp-nszz-solidarnosc\/#primaryimage\",\"url\":\"https:\/\/kspnszz.org\/wp-content\/uploads\/2019\/10\/1-1.jpg\",\"contentUrl\":\"https:\/\/kspnszz.org\/wp-content\/uploads\/2019\/10\/1-1.jpg\",\"width\":5388,\"height\":3592},{\"@type\":\"BreadcrumbList\",\"@id\":\"https:\/\/kspnszz.org\/index.php\/2019\/10\/03\/posiedzenie-rady-ksp-nszz-solidarnosc\/#breadcrumb\",\"itemListElement\":[{\"@type\":\"ListItem\",\"position\":1,\"name\":\"Strona g\u0142\u00f3wna\",\"item\":\"http:\/\/kspnszz.org\/\"},{\"@type\":\"ListItem\",\"position\":2,\"name\":\"Posiedzenie Rady KSP NSZZ \u201eSolidarno\u015b\u0107\u201d\"}]},{\"@type\":\"WebSite\",\"@id\":\"http:\/\/kspnszz.org\/#website\",\"url\":\"http:\/\/kspnszz.org\/\",\"name\":\"KSPNSZZ\",\"description\":\"Krajowa Sekcja Po\u017carnictwa\",\"potentialAction\":[{\"@type\":\"SearchAction\",\"target\":{\"@type\":\"EntryPoint\",\"urlTemplate\":\"http:\/\/kspnszz.org\/?s={search_term_string}\"},\"query-input\":\"required name=search_term_string\"}],\"inLanguage\":\"pl-PL\"},{\"@type\":\"Person\",\"@id\":\"http:\/\/kspnszz.org\/#\/schema\/person\/31096cf196f706ef50ecbd878903cc13\",\"name\":\"bartlomiej\",\"image\":{\"@type\":\"ImageObject\",\"inLanguage\":\"pl-PL\",\"@id\":\"http:\/\/kspnszz.org\/#\/schema\/person\/image\/\",\"url\":\"https:\/\/secure.gravatar.com\/avatar\/cb681656f150968eb94b73c62cf58e52?s=96&d=mm&r=g\",\"contentUrl\":\"https:\/\/secure.gravatar.com\/avatar\/cb681656f150968eb94b73c62cf58e52?s=96&d=mm&r=g\",\"caption\":\"bartlomiej\"},\"url\":\"https:\/\/kspnszz.org\/index.php\/author\/bartlomiej\/\"}]}<\/script>\n<!-- \/ Yoast SEO plugin. -->","yoast_head_json":{"title":"Posiedzenie Rady KSP NSZZ \u201eSolidarno\u015b\u0107\u201d - KSPNSZZ","robots":{"index":"index","follow":"follow","max-snippet":"max-snippet:-1","max-image-preview":"max-image-preview:large","max-video-preview":"max-video-preview:-1"},"canonical":"https:\/\/kspnszz.org\/index.php\/2019\/10\/03\/posiedzenie-rady-ksp-nszz-solidarnosc\/","og_locale":"pl_PL","og_type":"article","og_title":"Posiedzenie Rady KSP NSZZ \u201eSolidarno\u015b\u0107\u201d - KSPNSZZ","og_description":"W dniach 25 \u2013 26 wrze\u015bnia w M\u015bcicach k. Koszalina odby\u0142o si\u0119 posiedzenie Rady Krajowej Sekcji Po\u017carnictwa NSZZ \u201eSolidarno\u015b\u0107\u201d. Obrady rozpocz\u0119to od wyja\u015bnienia spraw wewn\u0105trz zwi\u0105zkowych. Rada nie przychyli\u0142a si\u0119 do wniosku formalnego jednego z cz\u0142onk\u00f3w, ingeruj\u0105cego w sprawy innych cz\u0142onk\u00f3w Rady Sekcji. Rada przyj\u0119\u0142a wyja\u015bnienia, \u017ce sprawy co do kt\u00f3rych wyja\u015bnienia w\u0142a\u015bciwe s\u0105 zarz\u0105dy &hellip;","og_url":"https:\/\/kspnszz.org\/index.php\/2019\/10\/03\/posiedzenie-rady-ksp-nszz-solidarnosc\/","og_site_name":"KSPNSZZ","article_published_time":"2019-10-03T19:20:53+00:00","article_modified_time":"2019-11-05T18:01:10+00:00","og_image":[{"width":1024,"height":683,"url":"https:\/\/kspnszz.org\/wp-content\/uploads\/2019\/10\/1-1-1024x683.jpg","type":"image\/jpeg"}],"author":"bartlomiej","twitter_card":"summary_large_image","twitter_misc":{"Napisane przez":"bartlomiej","Szacowany czas czytania":"5 minut"},"schema":{"@context":"https:\/\/schema.org","@graph":[{"@type":"WebPage","@id":"https:\/\/kspnszz.org\/index.php\/2019\/10\/03\/posiedzenie-rady-ksp-nszz-solidarnosc\/","url":"https:\/\/kspnszz.org\/index.php\/2019\/10\/03\/posiedzenie-rady-ksp-nszz-solidarnosc\/","name":"Posiedzenie Rady KSP NSZZ \u201eSolidarno\u015b\u0107\u201d - KSPNSZZ","isPartOf":{"@id":"http:\/\/kspnszz.org\/#website"},"primaryImageOfPage":{"@id":"https:\/\/kspnszz.org\/index.php\/2019\/10\/03\/posiedzenie-rady-ksp-nszz-solidarnosc\/#primaryimage"},"image":{"@id":"https:\/\/kspnszz.org\/index.php\/2019\/10\/03\/posiedzenie-rady-ksp-nszz-solidarnosc\/#primaryimage"},"thumbnailUrl":"https:\/\/kspnszz.org\/wp-content\/uploads\/2019\/10\/1-1.jpg","datePublished":"2019-10-03T19:20:53+00:00","dateModified":"2019-11-05T18:01:10+00:00","author":{"@id":"http:\/\/kspnszz.org\/#\/schema\/person\/31096cf196f706ef50ecbd878903cc13"},"breadcrumb":{"@id":"https:\/\/kspnszz.org\/index.php\/2019\/10\/03\/posiedzenie-rady-ksp-nszz-solidarnosc\/#breadcrumb"},"inLanguage":"pl-PL","potentialAction":[{"@type":"ReadAction","target":["https:\/\/kspnszz.org\/index.php\/2019\/10\/03\/posiedzenie-rady-ksp-nszz-solidarnosc\/"]}]},{"@type":"ImageObject","inLanguage":"pl-PL","@id":"https:\/\/kspnszz.org\/index.php\/2019\/10\/03\/posiedzenie-rady-ksp-nszz-solidarnosc\/#primaryimage","url":"https:\/\/kspnszz.org\/wp-content\/uploads\/2019\/10\/1-1.jpg","contentUrl":"https:\/\/kspnszz.org\/wp-content\/uploads\/2019\/10\/1-1.jpg","width":5388,"height":3592},{"@type":"BreadcrumbList","@id":"https:\/\/kspnszz.org\/index.php\/2019\/10\/03\/posiedzenie-rady-ksp-nszz-solidarnosc\/#breadcrumb","itemListElement":[{"@type":"ListItem","position":1,"name":"Strona g\u0142\u00f3wna","item":"http:\/\/kspnszz.org\/"},{"@type":"ListItem","position":2,"name":"Posiedzenie Rady KSP NSZZ \u201eSolidarno\u015b\u0107\u201d"}]},{"@type":"WebSite","@id":"http:\/\/kspnszz.org\/#website","url":"http:\/\/kspnszz.org\/","name":"KSPNSZZ","description":"Krajowa Sekcja Po\u017carnictwa","potentialAction":[{"@type":"SearchAction","target":{"@type":"EntryPoint","urlTemplate":"http:\/\/kspnszz.org\/?s={search_term_string}"},"query-input":"required name=search_term_string"}],"inLanguage":"pl-PL"},{"@type":"Person","@id":"http:\/\/kspnszz.org\/#\/schema\/person\/31096cf196f706ef50ecbd878903cc13","name":"bartlomiej","image":{"@type":"ImageObject","inLanguage":"pl-PL","@id":"http:\/\/kspnszz.org\/#\/schema\/person\/image\/","url":"https:\/\/secure.gravatar.com\/avatar\/cb681656f150968eb94b73c62cf58e52?s=96&d=mm&r=g","contentUrl":"https:\/\/secure.gravatar.com\/avatar\/cb681656f150968eb94b73c62cf58e52?s=96&d=mm&r=g","caption":"bartlomiej"},"url":"https:\/\/kspnszz.org\/index.php\/author\/bartlomiej\/"}]}},"_links":{"self":[{"href":"https:\/\/kspnszz.org\/index.php\/wp-json\/wp\/v2\/posts\/2324"}],"collection":[{"href":"https:\/\/kspnszz.org\/index.php\/wp-json\/wp\/v2\/posts"}],"about":[{"href":"https:\/\/kspnszz.org\/index.php\/wp-json\/wp\/v2\/types\/post"}],"author":[{"embeddable":true,"href":"https:\/\/kspnszz.org\/index.php\/wp-json\/wp\/v2\/users\/2"}],"replies":[{"embeddable":true,"href":"https:\/\/kspnszz.org\/index.php\/wp-json\/wp\/v2\/comments?post=2324"}],"version-history":[{"count":2,"href":"https:\/\/kspnszz.org\/index.php\/wp-json\/wp\/v2\/posts\/2324\/revisions"}],"predecessor-version":[{"id":2326,"href":"https:\/\/kspnszz.org\/index.php\/wp-json\/wp\/v2\/posts\/2324\/revisions\/2326"}],"wp:featuredmedia":[{"embeddable":true,"href":"https:\/\/kspnszz.org\/index.php\/wp-json\/wp\/v2\/media\/2322"}],"wp:attachment":[{"href":"https:\/\/kspnszz.org\/index.php\/wp-json\/wp\/v2\/media?parent=2324"}],"wp:term":[{"taxonomy":"category","embeddable":true,"href":"https:\/\/kspnszz.org\/index.php\/wp-json\/wp\/v2\/categories?post=2324"},{"taxonomy":"post_tag","embeddable":true,"href":"https:\/\/kspnszz.org\/index.php\/wp-json\/wp\/v2\/tags?post=2324"}],"curies":[{"name":"wp","href":"https:\/\/api.w.org\/{rel}","templated":true}]}}