{"id":2278,"date":"2019-08-13T20:17:43","date_gmt":"2019-08-13T18:17:43","guid":{"rendered":"http:\/\/kspnszz.org\/?p=2278"},"modified":"2019-08-16T12:43:22","modified_gmt":"2019-08-16T10:43:22","slug":"pozegnanie-sp-andrzeja-pazniewskiego","status":"publish","type":"post","link":"https:\/\/kspnszz.org\/index.php\/2019\/08\/13\/pozegnanie-sp-andrzeja-pazniewskiego\/","title":{"rendered":"Po\u017cegnanie \u015bp. Andrzeja Parzniewskiego"},"content":{"rendered":"<div>Z g\u0142\u0119bokim \u017calem zawiadamiamy, \u017ce w dniu 8 sierpnia 2019 r. zmar\u0142 st. ogn. w stanie spoczynku Andrzej Parzniewski &#8211; Przewodnicz\u0105cy Krajowej Sekcji Po\u017carnictwa NSZZ &#8222;Solidarno\u015b\u0107&#8221;.<\/div>\n<div>\u015ap. Andrzej Parzniewski we wrze\u015bniu 1980 r. by\u0142 wsp\u00f3\u0142za\u0142o\u017cycielem i wsp\u00f3\u0142organizatorem Komisji Mi\u0119dzyzak\u0142adowej NSZZ &#8222;Solidarno\u015b\u0107&#8221; Stra\u017cak\u00f3w i Pracownik\u00f3w w Komendzie Sto\u0142ecznej Zawodowej Stra\u017cy Po\u017carnej w Warszawie.<\/div>\n<div>W\u00a0 1981 r. zosta\u0142 wybrany na\u00a0 Przewodnicz\u0105cego Krajowej Sekcji Po\u017carnictwa NSZZ &#8222;Solidarno\u015b\u0107&#8221;. \u015ap. Andrzej Parzniewski intensywnie budowa\u0142 struktury Krajowej Sekcji Po\u017carnictwa NSZZ &#8222;Solidarno\u015b\u0107&#8221; jak r\u00f3wnie\u017c bra\u0142 czynny udzia\u0142 w negocjacjach z komunistycznymi w\u0142adzami r\u00f3\u017cnych ministerstw, w tym szefostwem \u00f3wczesnego Ministerstwa Spraw Wewn\u0119trznych jak r\u00f3wnie\u017c z \u00f3wczesnym Komendantem G\u0142\u00f3wnym Zawodowych Stra\u017cy Po\u017carnych.<\/div>\n<div>Od\u00a0pa\u017adziernika 1981 roku bardzo mocno wspiera\u0142 i pomaga\u0142 podchor\u0105\u017cym i Komisji\u00a0Zak\u0142adowej NSZZ &#8222;Solidarno\u015b\u0107&#8221; w Wy\u017cszej Oficerskiej Szkole Po\u017carniczej w negocjacjach i protestach przeciwko\u00a0zmianie ustawy o szkolnictwie wy\u017cszym i podporz\u0105dkowaniem jej Ministrowi Spraw Wewn\u0119trznych.<\/div>\n<div>Organizowa\u0142 wsparcie i pomoc podchor\u0105\u017cym bior\u0105cym udzia\u0142 w strajku w Wy\u017cszej Oficerskiej Szkole Po\u017carniczej\u00a0 w dniach od 26 listopada do 3 grudnia 1981 r.<\/div>\n<div>Jako jeden z nielicznych stra\u017cak\u00f3w po 13 grudnia 1981 r. zatrzymany i zwolniony ze s\u0142u\u017cby w zawodowej stra\u017cy po\u017carnej z do\u017cywotnim zakazem podejmowania pracy w zawodowej stra\u017cy po\u017carnej. Najtrudniejsze czasy prze\u017cy\u0142 dzi\u0119ki pomocy ludziom dobrej woli (m.in. w zak\u0142adowej stra\u017cy po\u017carnej w Rafinerii P\u0142ockiej i na PKP).<\/div>\n<div>Po latach uzyska\u0142 status osoby represjonowanej przez w\u0142adze komunistyczne.<\/div>\n<div>Zawsze skromny i uprzejmy. Nigdy nie lubi\u0142 gdy przypominano mu ile dobrego dla ludzi uczyni\u0142 w kr\u00f3tkim okresie pierwszej &#8222;Solidarno\u015bci&#8221;.<\/div>\n<div>Niestety ze wzgl\u0119du na utrat\u0119 zdrowia nie m\u00f3g\u0142 po 1991 roku wr\u00f3ci\u0107 do nowej formacji &#8211; Pa\u0144stwowej Stra\u017cy Po\u017carnej.<\/div>\n<div>Pogrzeb odb\u0119dzie si\u0119 w W\u00f3lce W\u0119glowej dnia 16 sierpnia 2019 roku o godzinie 9.05 w Kaplicy Ignacego Loyoli.<\/div>\n<div>Cze\u015b\u0107 jego pami\u0119ci.<\/div>\n<div style=\"text-align: center;\"><a href=\"http:\/\/kspnszz.org\/wp-content\/uploads\/2019\/03\/czarna_wstazka.jpg\" data-rel=\"lightbox-image-0\" data-rl_title=\"\" data-rl_caption=\"\" title=\"\"><img loading=\"lazy\" decoding=\"async\" class=\"aligncenter size-full wp-image-2128\" src=\"http:\/\/kspnszz.org\/wp-content\/uploads\/2019\/03\/czarna_wstazka.jpg\" alt=\"czarna_wstazka\" width=\"205\" height=\"244\" \/><\/a><\/div>\n","protected":false},"excerpt":{"rendered":"<p>Z g\u0142\u0119bokim \u017calem zawiadamiamy, \u017ce w dniu 8 sierpnia 2019 r. zmar\u0142 st. ogn. w stanie spoczynku Andrzej Parzniewski &#8211; Przewodnicz\u0105cy Krajowej Sekcji Po\u017carnictwa NSZZ &#8222;Solidarno\u015b\u0107&#8221;. \u015ap. Andrzej Parzniewski we wrze\u015bniu 1980 r. by\u0142 wsp\u00f3\u0142za\u0142o\u017cycielem i wsp\u00f3\u0142organizatorem Komisji Mi\u0119dzyzak\u0142adowej NSZZ &#8222;Solidarno\u015b\u0107&#8221; Stra\u017cak\u00f3w i Pracownik\u00f3w w Komendzie Sto\u0142ecznej Zawodowej Stra\u017cy Po\u017carnej w Warszawie. W\u00a0 1981 r. &hellip;<\/p>\n","protected":false},"author":2,"featured_media":2279,"comment_status":"closed","ping_status":"closed","sticky":false,"template":"","format":"standard","meta":{"footnotes":""},"categories":[2],"tags":[],"yoast_head":"<!-- This site is optimized with the Yoast SEO plugin v22.7 - https:\/\/yoast.com\/wordpress\/plugins\/seo\/ -->\n<title>Po\u017cegnanie \u015bp. Andrzeja Parzniewskiego - KSPNSZZ<\/title>\n<meta name=\"robots\" content=\"index, follow, max-snippet:-1, max-image-preview:large, max-video-preview:-1\" \/>\n<link rel=\"canonical\" href=\"https:\/\/kspnszz.org\/index.php\/2019\/08\/13\/pozegnanie-sp-andrzeja-pazniewskiego\/\" \/>\n<meta property=\"og:locale\" content=\"pl_PL\" \/>\n<meta property=\"og:type\" content=\"article\" \/>\n<meta property=\"og:title\" content=\"Po\u017cegnanie \u015bp. Andrzeja Parzniewskiego - KSPNSZZ\" \/>\n<meta property=\"og:description\" content=\"Z g\u0142\u0119bokim \u017calem zawiadamiamy, \u017ce w dniu 8 sierpnia 2019 r. zmar\u0142 st. ogn. w stanie spoczynku Andrzej Parzniewski &#8211; Przewodnicz\u0105cy Krajowej Sekcji Po\u017carnictwa NSZZ &#8222;Solidarno\u015b\u0107&#8221;. \u015ap. Andrzej Parzniewski we wrze\u015bniu 1980 r. by\u0142 wsp\u00f3\u0142za\u0142o\u017cycielem i wsp\u00f3\u0142organizatorem Komisji Mi\u0119dzyzak\u0142adowej NSZZ &#8222;Solidarno\u015b\u0107&#8221; Stra\u017cak\u00f3w i Pracownik\u00f3w w Komendzie Sto\u0142ecznej Zawodowej Stra\u017cy Po\u017carnej w Warszawie. W\u00a0 1981 r. &hellip;\" \/>\n<meta property=\"og:url\" content=\"https:\/\/kspnszz.org\/index.php\/2019\/08\/13\/pozegnanie-sp-andrzeja-pazniewskiego\/\" \/>\n<meta property=\"og:site_name\" content=\"KSPNSZZ\" \/>\n<meta property=\"article:published_time\" content=\"2019-08-13T18:17:43+00:00\" \/>\n<meta property=\"article:modified_time\" content=\"2019-08-16T10:43:22+00:00\" \/>\n<meta property=\"og:image\" content=\"https:\/\/kspnszz.org\/wp-content\/uploads\/2019\/08\/wst\u0105\u017cka-ma\u0142a.png\" \/>\n\t<meta property=\"og:image:width\" content=\"413\" \/>\n\t<meta property=\"og:image:height\" content=\"389\" \/>\n\t<meta property=\"og:image:type\" content=\"image\/png\" \/>\n<meta name=\"author\" content=\"bartlomiej\" \/>\n<meta name=\"twitter:card\" content=\"summary_large_image\" \/>\n<meta name=\"twitter:label1\" content=\"Napisane przez\" \/>\n\t<meta name=\"twitter:data1\" content=\"bartlomiej\" \/>\n\t<meta name=\"twitter:label2\" content=\"Szacowany czas czytania\" \/>\n\t<meta name=\"twitter:data2\" content=\"2 minuty\" \/>\n<script type=\"application\/ld+json\" class=\"yoast-schema-graph\">{\"@context\":\"https:\/\/schema.org\",\"@graph\":[{\"@type\":\"WebPage\",\"@id\":\"https:\/\/kspnszz.org\/index.php\/2019\/08\/13\/pozegnanie-sp-andrzeja-pazniewskiego\/\",\"url\":\"https:\/\/kspnszz.org\/index.php\/2019\/08\/13\/pozegnanie-sp-andrzeja-pazniewskiego\/\",\"name\":\"Po\u017cegnanie \u015bp. Andrzeja Parzniewskiego - KSPNSZZ\",\"isPartOf\":{\"@id\":\"http:\/\/kspnszz.org\/#website\"},\"primaryImageOfPage\":{\"@id\":\"https:\/\/kspnszz.org\/index.php\/2019\/08\/13\/pozegnanie-sp-andrzeja-pazniewskiego\/#primaryimage\"},\"image\":{\"@id\":\"https:\/\/kspnszz.org\/index.php\/2019\/08\/13\/pozegnanie-sp-andrzeja-pazniewskiego\/#primaryimage\"},\"thumbnailUrl\":\"https:\/\/kspnszz.org\/wp-content\/uploads\/2019\/08\/wst\u0105\u017cka-ma\u0142a.png\",\"datePublished\":\"2019-08-13T18:17:43+00:00\",\"dateModified\":\"2019-08-16T10:43:22+00:00\",\"author\":{\"@id\":\"http:\/\/kspnszz.org\/#\/schema\/person\/31096cf196f706ef50ecbd878903cc13\"},\"breadcrumb\":{\"@id\":\"https:\/\/kspnszz.org\/index.php\/2019\/08\/13\/pozegnanie-sp-andrzeja-pazniewskiego\/#breadcrumb\"},\"inLanguage\":\"pl-PL\",\"potentialAction\":[{\"@type\":\"ReadAction\",\"target\":[\"https:\/\/kspnszz.org\/index.php\/2019\/08\/13\/pozegnanie-sp-andrzeja-pazniewskiego\/\"]}]},{\"@type\":\"ImageObject\",\"inLanguage\":\"pl-PL\",\"@id\":\"https:\/\/kspnszz.org\/index.php\/2019\/08\/13\/pozegnanie-sp-andrzeja-pazniewskiego\/#primaryimage\",\"url\":\"https:\/\/kspnszz.org\/wp-content\/uploads\/2019\/08\/wst\u0105\u017cka-ma\u0142a.png\",\"contentUrl\":\"https:\/\/kspnszz.org\/wp-content\/uploads\/2019\/08\/wst\u0105\u017cka-ma\u0142a.png\",\"width\":413,\"height\":389},{\"@type\":\"BreadcrumbList\",\"@id\":\"https:\/\/kspnszz.org\/index.php\/2019\/08\/13\/pozegnanie-sp-andrzeja-pazniewskiego\/#breadcrumb\",\"itemListElement\":[{\"@type\":\"ListItem\",\"position\":1,\"name\":\"Strona g\u0142\u00f3wna\",\"item\":\"http:\/\/kspnszz.org\/\"},{\"@type\":\"ListItem\",\"position\":2,\"name\":\"Po\u017cegnanie \u015bp. Andrzeja Parzniewskiego\"}]},{\"@type\":\"WebSite\",\"@id\":\"http:\/\/kspnszz.org\/#website\",\"url\":\"http:\/\/kspnszz.org\/\",\"name\":\"KSPNSZZ\",\"description\":\"Krajowa Sekcja Po\u017carnictwa\",\"potentialAction\":[{\"@type\":\"SearchAction\",\"target\":{\"@type\":\"EntryPoint\",\"urlTemplate\":\"http:\/\/kspnszz.org\/?s={search_term_string}\"},\"query-input\":\"required name=search_term_string\"}],\"inLanguage\":\"pl-PL\"},{\"@type\":\"Person\",\"@id\":\"http:\/\/kspnszz.org\/#\/schema\/person\/31096cf196f706ef50ecbd878903cc13\",\"name\":\"bartlomiej\",\"image\":{\"@type\":\"ImageObject\",\"inLanguage\":\"pl-PL\",\"@id\":\"http:\/\/kspnszz.org\/#\/schema\/person\/image\/\",\"url\":\"https:\/\/secure.gravatar.com\/avatar\/cb681656f150968eb94b73c62cf58e52?s=96&d=mm&r=g\",\"contentUrl\":\"https:\/\/secure.gravatar.com\/avatar\/cb681656f150968eb94b73c62cf58e52?s=96&d=mm&r=g\",\"caption\":\"bartlomiej\"},\"url\":\"https:\/\/kspnszz.org\/index.php\/author\/bartlomiej\/\"}]}<\/script>\n<!-- \/ Yoast SEO plugin. -->","yoast_head_json":{"title":"Po\u017cegnanie \u015bp. Andrzeja Parzniewskiego - KSPNSZZ","robots":{"index":"index","follow":"follow","max-snippet":"max-snippet:-1","max-image-preview":"max-image-preview:large","max-video-preview":"max-video-preview:-1"},"canonical":"https:\/\/kspnszz.org\/index.php\/2019\/08\/13\/pozegnanie-sp-andrzeja-pazniewskiego\/","og_locale":"pl_PL","og_type":"article","og_title":"Po\u017cegnanie \u015bp. Andrzeja Parzniewskiego - KSPNSZZ","og_description":"Z g\u0142\u0119bokim \u017calem zawiadamiamy, \u017ce w dniu 8 sierpnia 2019 r. zmar\u0142 st. ogn. w stanie spoczynku Andrzej Parzniewski &#8211; Przewodnicz\u0105cy Krajowej Sekcji Po\u017carnictwa NSZZ &#8222;Solidarno\u015b\u0107&#8221;. \u015ap. Andrzej Parzniewski we wrze\u015bniu 1980 r. by\u0142 wsp\u00f3\u0142za\u0142o\u017cycielem i wsp\u00f3\u0142organizatorem Komisji Mi\u0119dzyzak\u0142adowej NSZZ &#8222;Solidarno\u015b\u0107&#8221; Stra\u017cak\u00f3w i Pracownik\u00f3w w Komendzie Sto\u0142ecznej Zawodowej Stra\u017cy Po\u017carnej w Warszawie. W\u00a0 1981 r. &hellip;","og_url":"https:\/\/kspnszz.org\/index.php\/2019\/08\/13\/pozegnanie-sp-andrzeja-pazniewskiego\/","og_site_name":"KSPNSZZ","article_published_time":"2019-08-13T18:17:43+00:00","article_modified_time":"2019-08-16T10:43:22+00:00","og_image":[{"width":413,"height":389,"url":"https:\/\/kspnszz.org\/wp-content\/uploads\/2019\/08\/wst\u0105\u017cka-ma\u0142a.png","type":"image\/png"}],"author":"bartlomiej","twitter_card":"summary_large_image","twitter_misc":{"Napisane przez":"bartlomiej","Szacowany czas czytania":"2 minuty"},"schema":{"@context":"https:\/\/schema.org","@graph":[{"@type":"WebPage","@id":"https:\/\/kspnszz.org\/index.php\/2019\/08\/13\/pozegnanie-sp-andrzeja-pazniewskiego\/","url":"https:\/\/kspnszz.org\/index.php\/2019\/08\/13\/pozegnanie-sp-andrzeja-pazniewskiego\/","name":"Po\u017cegnanie \u015bp. Andrzeja Parzniewskiego - KSPNSZZ","isPartOf":{"@id":"http:\/\/kspnszz.org\/#website"},"primaryImageOfPage":{"@id":"https:\/\/kspnszz.org\/index.php\/2019\/08\/13\/pozegnanie-sp-andrzeja-pazniewskiego\/#primaryimage"},"image":{"@id":"https:\/\/kspnszz.org\/index.php\/2019\/08\/13\/pozegnanie-sp-andrzeja-pazniewskiego\/#primaryimage"},"thumbnailUrl":"https:\/\/kspnszz.org\/wp-content\/uploads\/2019\/08\/wst\u0105\u017cka-ma\u0142a.png","datePublished":"2019-08-13T18:17:43+00:00","dateModified":"2019-08-16T10:43:22+00:00","author":{"@id":"http:\/\/kspnszz.org\/#\/schema\/person\/31096cf196f706ef50ecbd878903cc13"},"breadcrumb":{"@id":"https:\/\/kspnszz.org\/index.php\/2019\/08\/13\/pozegnanie-sp-andrzeja-pazniewskiego\/#breadcrumb"},"inLanguage":"pl-PL","potentialAction":[{"@type":"ReadAction","target":["https:\/\/kspnszz.org\/index.php\/2019\/08\/13\/pozegnanie-sp-andrzeja-pazniewskiego\/"]}]},{"@type":"ImageObject","inLanguage":"pl-PL","@id":"https:\/\/kspnszz.org\/index.php\/2019\/08\/13\/pozegnanie-sp-andrzeja-pazniewskiego\/#primaryimage","url":"https:\/\/kspnszz.org\/wp-content\/uploads\/2019\/08\/wst\u0105\u017cka-ma\u0142a.png","contentUrl":"https:\/\/kspnszz.org\/wp-content\/uploads\/2019\/08\/wst\u0105\u017cka-ma\u0142a.png","width":413,"height":389},{"@type":"BreadcrumbList","@id":"https:\/\/kspnszz.org\/index.php\/2019\/08\/13\/pozegnanie-sp-andrzeja-pazniewskiego\/#breadcrumb","itemListElement":[{"@type":"ListItem","position":1,"name":"Strona g\u0142\u00f3wna","item":"http:\/\/kspnszz.org\/"},{"@type":"ListItem","position":2,"name":"Po\u017cegnanie \u015bp. Andrzeja Parzniewskiego"}]},{"@type":"WebSite","@id":"http:\/\/kspnszz.org\/#website","url":"http:\/\/kspnszz.org\/","name":"KSPNSZZ","description":"Krajowa Sekcja Po\u017carnictwa","potentialAction":[{"@type":"SearchAction","target":{"@type":"EntryPoint","urlTemplate":"http:\/\/kspnszz.org\/?s={search_term_string}"},"query-input":"required name=search_term_string"}],"inLanguage":"pl-PL"},{"@type":"Person","@id":"http:\/\/kspnszz.org\/#\/schema\/person\/31096cf196f706ef50ecbd878903cc13","name":"bartlomiej","image":{"@type":"ImageObject","inLanguage":"pl-PL","@id":"http:\/\/kspnszz.org\/#\/schema\/person\/image\/","url":"https:\/\/secure.gravatar.com\/avatar\/cb681656f150968eb94b73c62cf58e52?s=96&d=mm&r=g","contentUrl":"https:\/\/secure.gravatar.com\/avatar\/cb681656f150968eb94b73c62cf58e52?s=96&d=mm&r=g","caption":"bartlomiej"},"url":"https:\/\/kspnszz.org\/index.php\/author\/bartlomiej\/"}]}},"_links":{"self":[{"href":"https:\/\/kspnszz.org\/index.php\/wp-json\/wp\/v2\/posts\/2278"}],"collection":[{"href":"https:\/\/kspnszz.org\/index.php\/wp-json\/wp\/v2\/posts"}],"about":[{"href":"https:\/\/kspnszz.org\/index.php\/wp-json\/wp\/v2\/types\/post"}],"author":[{"embeddable":true,"href":"https:\/\/kspnszz.org\/index.php\/wp-json\/wp\/v2\/users\/2"}],"replies":[{"embeddable":true,"href":"https:\/\/kspnszz.org\/index.php\/wp-json\/wp\/v2\/comments?post=2278"}],"version-history":[{"count":3,"href":"https:\/\/kspnszz.org\/index.php\/wp-json\/wp\/v2\/posts\/2278\/revisions"}],"predecessor-version":[{"id":2288,"href":"https:\/\/kspnszz.org\/index.php\/wp-json\/wp\/v2\/posts\/2278\/revisions\/2288"}],"wp:featuredmedia":[{"embeddable":true,"href":"https:\/\/kspnszz.org\/index.php\/wp-json\/wp\/v2\/media\/2279"}],"wp:attachment":[{"href":"https:\/\/kspnszz.org\/index.php\/wp-json\/wp\/v2\/media?parent=2278"}],"wp:term":[{"taxonomy":"category","embeddable":true,"href":"https:\/\/kspnszz.org\/index.php\/wp-json\/wp\/v2\/categories?post=2278"},{"taxonomy":"post_tag","embeddable":true,"href":"https:\/\/kspnszz.org\/index.php\/wp-json\/wp\/v2\/tags?post=2278"}],"curies":[{"name":"wp","href":"https:\/\/api.w.org\/{rel}","templated":true}]}}