{"id":2265,"date":"2019-07-31T19:55:21","date_gmt":"2019-07-31T17:55:21","guid":{"rendered":"http:\/\/kspnszz.org\/?p=2265"},"modified":"2019-07-31T20:11:52","modified_gmt":"2019-07-31T18:11:52","slug":"komisja-senacka-procedowala-zmiany-dotyczace-emerytur-i-nadgodzin","status":"publish","type":"post","link":"https:\/\/kspnszz.org\/index.php\/2019\/07\/31\/komisja-senacka-procedowala-zmiany-dotyczace-emerytur-i-nadgodzin\/","title":{"rendered":"Komisja senacka procedowa\u0142a zmiany dotycz\u0105ce emerytur i nadgodzin"},"content":{"rendered":"<p>30 lipca 2019 r. odby\u0142o si\u0119 posiedzenia senackiej Komisji Praw Cz\u0142owieka, Praworz\u0105dno\u015bci i Petycji w sprawie ustawy o zmianie ustawy o zaopatrzeniu emerytalnym funkcjonariuszy Policji, Agencji Bezpiecze\u0144stwa Wewn\u0119trznego, Agencji Wywiadu, S\u0142u\u017cby Kontrwywiadu Wojskowego, S\u0142u\u017cby Wywiadu Wojskowego, Centralnego Biura Antykorupcyjnego, Stra\u017cy Granicznej, S\u0142u\u017cby Ochrony Pa\u0144stwa, Pa\u0144stwowej Stra\u017cy Po\u017carnej, S\u0142u\u017cby Celno-Skarbowej i S\u0142u\u017cby Wi\u0119ziennej oraz ich rodzin oraz niekt\u00f3rych innych ustaw. Przypomnijmy, \u017ce projekt ustawy przewiduje usuni\u0119cie kryterium wieku 55 lat przy przechodzeniu na emerytur\u0119 oraz odp\u0142atno\u015b\u0107 100 % za ponadnormatywny czas s\u0142u\u017cby. Komisja przyj\u0119\u0142a ustaw\u0119 bez poprawek.<br \/>\nW trakcie posiedzenia Dyrektor Departamentu Bud\u017cetu MSWiA W\u0142adys\u0142aw Budze\u0144 poruszy\u0142 r\u00f3wnie\u017c temat tzw. Art. 15a dotycz\u0105cego mo\u017cliwo\u015bci doliczania do emerytury lat pracy w cywilu. <strong>\u201e\u2026w tre\u015bci Porozumienia, jest zapis, \u017ce do ko\u0144ca 2019 roku, b\u0119d\u0105 podj\u0119te wsp\u00f3lne uzgodnienia mi\u0119dzy stron\u0105 s\u0142u\u017cbow\u0105 i stron\u0105 spo\u0142eczn\u0105. Do ko\u0144ca 2019 roku, mamy jeszcze troch\u0119 czasu\u201d<\/strong> powiedzia\u0142 dyrektor Budze\u0144.<\/p>\n<p>&nbsp;<\/p>\n<p><a href=\"http:\/\/kspnszz.org\/wp-content\/uploads\/2019\/07\/Emblem_of_the_Senate_of_Poland.jpg\" data-rel=\"lightbox-image-0\" data-rl_title=\"\" data-rl_caption=\"\" title=\"\"><img loading=\"lazy\" decoding=\"async\" class=\"aligncenter size-medium wp-image-2264\" src=\"http:\/\/kspnszz.org\/wp-content\/uploads\/2019\/07\/Emblem_of_the_Senate_of_Poland-211x300.jpg\" alt=\"Emblem_of_the_Senate_of_Poland\" width=\"211\" height=\"300\" \/><\/a><\/p>\n","protected":false},"excerpt":{"rendered":"<p>30 lipca 2019 r. odby\u0142o si\u0119 posiedzenia senackiej Komisji Praw Cz\u0142owieka, Praworz\u0105dno\u015bci i Petycji w sprawie ustawy o zmianie ustawy o zaopatrzeniu emerytalnym funkcjonariuszy Policji, Agencji Bezpiecze\u0144stwa Wewn\u0119trznego, Agencji Wywiadu, S\u0142u\u017cby Kontrwywiadu Wojskowego, S\u0142u\u017cby Wywiadu Wojskowego, Centralnego Biura Antykorupcyjnego, Stra\u017cy Granicznej, S\u0142u\u017cby Ochrony Pa\u0144stwa, Pa\u0144stwowej Stra\u017cy Po\u017carnej, S\u0142u\u017cby Celno-Skarbowej i S\u0142u\u017cby Wi\u0119ziennej oraz ich rodzin &hellip;<\/p>\n","protected":false},"author":2,"featured_media":1165,"comment_status":"closed","ping_status":"closed","sticky":false,"template":"","format":"standard","meta":{"footnotes":""},"categories":[2],"tags":[],"yoast_head":"<!-- This site is optimized with the Yoast SEO plugin v22.7 - https:\/\/yoast.com\/wordpress\/plugins\/seo\/ -->\n<title>Komisja senacka procedowa\u0142a zmiany dotycz\u0105ce emerytur i nadgodzin - KSPNSZZ<\/title>\n<meta name=\"robots\" content=\"index, follow, max-snippet:-1, max-image-preview:large, max-video-preview:-1\" \/>\n<link rel=\"canonical\" href=\"http:\/\/kspnszz.org\/index.php\/2019\/07\/31\/komisja-senacka-procedowala-zmiany-dotyczace-emerytur-i-nadgodzin\/\" \/>\n<meta property=\"og:locale\" content=\"pl_PL\" \/>\n<meta property=\"og:type\" content=\"article\" \/>\n<meta property=\"og:title\" content=\"Komisja senacka procedowa\u0142a zmiany dotycz\u0105ce emerytur i nadgodzin - KSPNSZZ\" \/>\n<meta property=\"og:description\" content=\"30 lipca 2019 r. odby\u0142o si\u0119 posiedzenia senackiej Komisji Praw Cz\u0142owieka, Praworz\u0105dno\u015bci i Petycji w sprawie ustawy o zmianie ustawy o zaopatrzeniu emerytalnym funkcjonariuszy Policji, Agencji Bezpiecze\u0144stwa Wewn\u0119trznego, Agencji Wywiadu, S\u0142u\u017cby Kontrwywiadu Wojskowego, S\u0142u\u017cby Wywiadu Wojskowego, Centralnego Biura Antykorupcyjnego, Stra\u017cy Granicznej, S\u0142u\u017cby Ochrony Pa\u0144stwa, Pa\u0144stwowej Stra\u017cy Po\u017carnej, S\u0142u\u017cby Celno-Skarbowej i S\u0142u\u017cby Wi\u0119ziennej oraz ich rodzin &hellip;\" \/>\n<meta property=\"og:url\" content=\"http:\/\/kspnszz.org\/index.php\/2019\/07\/31\/komisja-senacka-procedowala-zmiany-dotyczace-emerytur-i-nadgodzin\/\" \/>\n<meta property=\"og:site_name\" content=\"KSPNSZZ\" \/>\n<meta property=\"article:published_time\" content=\"2019-07-31T17:55:21+00:00\" \/>\n<meta property=\"article:modified_time\" content=\"2019-07-31T18:11:52+00:00\" \/>\n<meta property=\"og:image\" content=\"http:\/\/kspnszz.org\/wp-content\/uploads\/2015\/08\/Fotolia_92528686_Subscription_Monthly_M.jpg\" \/>\n\t<meta property=\"og:image:width\" content=\"1457\" \/>\n\t<meta property=\"og:image:height\" content=\"1304\" \/>\n\t<meta property=\"og:image:type\" content=\"image\/jpeg\" \/>\n<meta name=\"author\" content=\"bartlomiej\" \/>\n<meta name=\"twitter:card\" content=\"summary_large_image\" \/>\n<meta name=\"twitter:label1\" content=\"Napisane przez\" \/>\n\t<meta name=\"twitter:data1\" content=\"bartlomiej\" \/>\n\t<meta name=\"twitter:label2\" content=\"Szacowany czas czytania\" \/>\n\t<meta name=\"twitter:data2\" content=\"1 minuta\" \/>\n<script type=\"application\/ld+json\" class=\"yoast-schema-graph\">{\"@context\":\"https:\/\/schema.org\",\"@graph\":[{\"@type\":\"WebPage\",\"@id\":\"http:\/\/kspnszz.org\/index.php\/2019\/07\/31\/komisja-senacka-procedowala-zmiany-dotyczace-emerytur-i-nadgodzin\/\",\"url\":\"http:\/\/kspnszz.org\/index.php\/2019\/07\/31\/komisja-senacka-procedowala-zmiany-dotyczace-emerytur-i-nadgodzin\/\",\"name\":\"Komisja senacka procedowa\u0142a zmiany dotycz\u0105ce emerytur i nadgodzin - KSPNSZZ\",\"isPartOf\":{\"@id\":\"http:\/\/kspnszz.org\/#website\"},\"primaryImageOfPage\":{\"@id\":\"http:\/\/kspnszz.org\/index.php\/2019\/07\/31\/komisja-senacka-procedowala-zmiany-dotyczace-emerytur-i-nadgodzin\/#primaryimage\"},\"image\":{\"@id\":\"http:\/\/kspnszz.org\/index.php\/2019\/07\/31\/komisja-senacka-procedowala-zmiany-dotyczace-emerytur-i-nadgodzin\/#primaryimage\"},\"thumbnailUrl\":\"https:\/\/kspnszz.org\/wp-content\/uploads\/2015\/08\/Fotolia_92528686_Subscription_Monthly_M.jpg\",\"datePublished\":\"2019-07-31T17:55:21+00:00\",\"dateModified\":\"2019-07-31T18:11:52+00:00\",\"author\":{\"@id\":\"http:\/\/kspnszz.org\/#\/schema\/person\/31096cf196f706ef50ecbd878903cc13\"},\"breadcrumb\":{\"@id\":\"http:\/\/kspnszz.org\/index.php\/2019\/07\/31\/komisja-senacka-procedowala-zmiany-dotyczace-emerytur-i-nadgodzin\/#breadcrumb\"},\"inLanguage\":\"pl-PL\",\"potentialAction\":[{\"@type\":\"ReadAction\",\"target\":[\"http:\/\/kspnszz.org\/index.php\/2019\/07\/31\/komisja-senacka-procedowala-zmiany-dotyczace-emerytur-i-nadgodzin\/\"]}]},{\"@type\":\"ImageObject\",\"inLanguage\":\"pl-PL\",\"@id\":\"http:\/\/kspnszz.org\/index.php\/2019\/07\/31\/komisja-senacka-procedowala-zmiany-dotyczace-emerytur-i-nadgodzin\/#primaryimage\",\"url\":\"https:\/\/kspnszz.org\/wp-content\/uploads\/2015\/08\/Fotolia_92528686_Subscription_Monthly_M.jpg\",\"contentUrl\":\"https:\/\/kspnszz.org\/wp-content\/uploads\/2015\/08\/Fotolia_92528686_Subscription_Monthly_M.jpg\",\"width\":1457,\"height\":1304},{\"@type\":\"BreadcrumbList\",\"@id\":\"http:\/\/kspnszz.org\/index.php\/2019\/07\/31\/komisja-senacka-procedowala-zmiany-dotyczace-emerytur-i-nadgodzin\/#breadcrumb\",\"itemListElement\":[{\"@type\":\"ListItem\",\"position\":1,\"name\":\"Strona g\u0142\u00f3wna\",\"item\":\"http:\/\/kspnszz.org\/\"},{\"@type\":\"ListItem\",\"position\":2,\"name\":\"Komisja senacka procedowa\u0142a zmiany dotycz\u0105ce emerytur i nadgodzin\"}]},{\"@type\":\"WebSite\",\"@id\":\"http:\/\/kspnszz.org\/#website\",\"url\":\"http:\/\/kspnszz.org\/\",\"name\":\"KSPNSZZ\",\"description\":\"Krajowa Sekcja Po\u017carnictwa\",\"potentialAction\":[{\"@type\":\"SearchAction\",\"target\":{\"@type\":\"EntryPoint\",\"urlTemplate\":\"http:\/\/kspnszz.org\/?s={search_term_string}\"},\"query-input\":\"required name=search_term_string\"}],\"inLanguage\":\"pl-PL\"},{\"@type\":\"Person\",\"@id\":\"http:\/\/kspnszz.org\/#\/schema\/person\/31096cf196f706ef50ecbd878903cc13\",\"name\":\"bartlomiej\",\"image\":{\"@type\":\"ImageObject\",\"inLanguage\":\"pl-PL\",\"@id\":\"http:\/\/kspnszz.org\/#\/schema\/person\/image\/\",\"url\":\"https:\/\/secure.gravatar.com\/avatar\/cb681656f150968eb94b73c62cf58e52?s=96&d=mm&r=g\",\"contentUrl\":\"https:\/\/secure.gravatar.com\/avatar\/cb681656f150968eb94b73c62cf58e52?s=96&d=mm&r=g\",\"caption\":\"bartlomiej\"},\"url\":\"https:\/\/kspnszz.org\/index.php\/author\/bartlomiej\/\"}]}<\/script>\n<!-- \/ Yoast SEO plugin. -->","yoast_head_json":{"title":"Komisja senacka procedowa\u0142a zmiany dotycz\u0105ce emerytur i nadgodzin - KSPNSZZ","robots":{"index":"index","follow":"follow","max-snippet":"max-snippet:-1","max-image-preview":"max-image-preview:large","max-video-preview":"max-video-preview:-1"},"canonical":"http:\/\/kspnszz.org\/index.php\/2019\/07\/31\/komisja-senacka-procedowala-zmiany-dotyczace-emerytur-i-nadgodzin\/","og_locale":"pl_PL","og_type":"article","og_title":"Komisja senacka procedowa\u0142a zmiany dotycz\u0105ce emerytur i nadgodzin - KSPNSZZ","og_description":"30 lipca 2019 r. odby\u0142o si\u0119 posiedzenia senackiej Komisji Praw Cz\u0142owieka, Praworz\u0105dno\u015bci i Petycji w sprawie ustawy o zmianie ustawy o zaopatrzeniu emerytalnym funkcjonariuszy Policji, Agencji Bezpiecze\u0144stwa Wewn\u0119trznego, Agencji Wywiadu, S\u0142u\u017cby Kontrwywiadu Wojskowego, S\u0142u\u017cby Wywiadu Wojskowego, Centralnego Biura Antykorupcyjnego, Stra\u017cy Granicznej, S\u0142u\u017cby Ochrony Pa\u0144stwa, Pa\u0144stwowej Stra\u017cy Po\u017carnej, S\u0142u\u017cby Celno-Skarbowej i S\u0142u\u017cby Wi\u0119ziennej oraz ich rodzin &hellip;","og_url":"http:\/\/kspnszz.org\/index.php\/2019\/07\/31\/komisja-senacka-procedowala-zmiany-dotyczace-emerytur-i-nadgodzin\/","og_site_name":"KSPNSZZ","article_published_time":"2019-07-31T17:55:21+00:00","article_modified_time":"2019-07-31T18:11:52+00:00","og_image":[{"width":1457,"height":1304,"url":"http:\/\/kspnszz.org\/wp-content\/uploads\/2015\/08\/Fotolia_92528686_Subscription_Monthly_M.jpg","type":"image\/jpeg"}],"author":"bartlomiej","twitter_card":"summary_large_image","twitter_misc":{"Napisane przez":"bartlomiej","Szacowany czas czytania":"1 minuta"},"schema":{"@context":"https:\/\/schema.org","@graph":[{"@type":"WebPage","@id":"http:\/\/kspnszz.org\/index.php\/2019\/07\/31\/komisja-senacka-procedowala-zmiany-dotyczace-emerytur-i-nadgodzin\/","url":"http:\/\/kspnszz.org\/index.php\/2019\/07\/31\/komisja-senacka-procedowala-zmiany-dotyczace-emerytur-i-nadgodzin\/","name":"Komisja senacka procedowa\u0142a zmiany dotycz\u0105ce emerytur i nadgodzin - KSPNSZZ","isPartOf":{"@id":"http:\/\/kspnszz.org\/#website"},"primaryImageOfPage":{"@id":"http:\/\/kspnszz.org\/index.php\/2019\/07\/31\/komisja-senacka-procedowala-zmiany-dotyczace-emerytur-i-nadgodzin\/#primaryimage"},"image":{"@id":"http:\/\/kspnszz.org\/index.php\/2019\/07\/31\/komisja-senacka-procedowala-zmiany-dotyczace-emerytur-i-nadgodzin\/#primaryimage"},"thumbnailUrl":"https:\/\/kspnszz.org\/wp-content\/uploads\/2015\/08\/Fotolia_92528686_Subscription_Monthly_M.jpg","datePublished":"2019-07-31T17:55:21+00:00","dateModified":"2019-07-31T18:11:52+00:00","author":{"@id":"http:\/\/kspnszz.org\/#\/schema\/person\/31096cf196f706ef50ecbd878903cc13"},"breadcrumb":{"@id":"http:\/\/kspnszz.org\/index.php\/2019\/07\/31\/komisja-senacka-procedowala-zmiany-dotyczace-emerytur-i-nadgodzin\/#breadcrumb"},"inLanguage":"pl-PL","potentialAction":[{"@type":"ReadAction","target":["http:\/\/kspnszz.org\/index.php\/2019\/07\/31\/komisja-senacka-procedowala-zmiany-dotyczace-emerytur-i-nadgodzin\/"]}]},{"@type":"ImageObject","inLanguage":"pl-PL","@id":"http:\/\/kspnszz.org\/index.php\/2019\/07\/31\/komisja-senacka-procedowala-zmiany-dotyczace-emerytur-i-nadgodzin\/#primaryimage","url":"https:\/\/kspnszz.org\/wp-content\/uploads\/2015\/08\/Fotolia_92528686_Subscription_Monthly_M.jpg","contentUrl":"https:\/\/kspnszz.org\/wp-content\/uploads\/2015\/08\/Fotolia_92528686_Subscription_Monthly_M.jpg","width":1457,"height":1304},{"@type":"BreadcrumbList","@id":"http:\/\/kspnszz.org\/index.php\/2019\/07\/31\/komisja-senacka-procedowala-zmiany-dotyczace-emerytur-i-nadgodzin\/#breadcrumb","itemListElement":[{"@type":"ListItem","position":1,"name":"Strona g\u0142\u00f3wna","item":"http:\/\/kspnszz.org\/"},{"@type":"ListItem","position":2,"name":"Komisja senacka procedowa\u0142a zmiany dotycz\u0105ce emerytur i nadgodzin"}]},{"@type":"WebSite","@id":"http:\/\/kspnszz.org\/#website","url":"http:\/\/kspnszz.org\/","name":"KSPNSZZ","description":"Krajowa Sekcja Po\u017carnictwa","potentialAction":[{"@type":"SearchAction","target":{"@type":"EntryPoint","urlTemplate":"http:\/\/kspnszz.org\/?s={search_term_string}"},"query-input":"required name=search_term_string"}],"inLanguage":"pl-PL"},{"@type":"Person","@id":"http:\/\/kspnszz.org\/#\/schema\/person\/31096cf196f706ef50ecbd878903cc13","name":"bartlomiej","image":{"@type":"ImageObject","inLanguage":"pl-PL","@id":"http:\/\/kspnszz.org\/#\/schema\/person\/image\/","url":"https:\/\/secure.gravatar.com\/avatar\/cb681656f150968eb94b73c62cf58e52?s=96&d=mm&r=g","contentUrl":"https:\/\/secure.gravatar.com\/avatar\/cb681656f150968eb94b73c62cf58e52?s=96&d=mm&r=g","caption":"bartlomiej"},"url":"https:\/\/kspnszz.org\/index.php\/author\/bartlomiej\/"}]}},"_links":{"self":[{"href":"https:\/\/kspnszz.org\/index.php\/wp-json\/wp\/v2\/posts\/2265"}],"collection":[{"href":"https:\/\/kspnszz.org\/index.php\/wp-json\/wp\/v2\/posts"}],"about":[{"href":"https:\/\/kspnszz.org\/index.php\/wp-json\/wp\/v2\/types\/post"}],"author":[{"embeddable":true,"href":"https:\/\/kspnszz.org\/index.php\/wp-json\/wp\/v2\/users\/2"}],"replies":[{"embeddable":true,"href":"https:\/\/kspnszz.org\/index.php\/wp-json\/wp\/v2\/comments?post=2265"}],"version-history":[{"count":1,"href":"https:\/\/kspnszz.org\/index.php\/wp-json\/wp\/v2\/posts\/2265\/revisions"}],"predecessor-version":[{"id":2266,"href":"https:\/\/kspnszz.org\/index.php\/wp-json\/wp\/v2\/posts\/2265\/revisions\/2266"}],"wp:featuredmedia":[{"embeddable":true,"href":"https:\/\/kspnszz.org\/index.php\/wp-json\/wp\/v2\/media\/1165"}],"wp:attachment":[{"href":"https:\/\/kspnszz.org\/index.php\/wp-json\/wp\/v2\/media?parent=2265"}],"wp:term":[{"taxonomy":"category","embeddable":true,"href":"https:\/\/kspnszz.org\/index.php\/wp-json\/wp\/v2\/categories?post=2265"},{"taxonomy":"post_tag","embeddable":true,"href":"https:\/\/kspnszz.org\/index.php\/wp-json\/wp\/v2\/tags?post=2265"}],"curies":[{"name":"wp","href":"https:\/\/api.w.org\/{rel}","templated":true}]}}