{"id":2240,"date":"2019-06-14T22:54:39","date_gmt":"2019-06-14T20:54:39","guid":{"rendered":"http:\/\/kspnszz.org\/?p=2240"},"modified":"2019-06-14T22:54:39","modified_gmt":"2019-06-14T20:54:39","slug":"spotkanie-z-pania-minister-spraw-wewnetrznych-i-administracji-elzbieta-witek","status":"publish","type":"post","link":"https:\/\/kspnszz.org\/index.php\/2019\/06\/14\/spotkanie-z-pania-minister-spraw-wewnetrznych-i-administracji-elzbieta-witek\/","title":{"rendered":"Spotkanie z Pani\u0105 Minister Spraw Wewn\u0119trznych i Administracji El\u017cbiet\u0105 Witek"},"content":{"rendered":"<p>W dniu 13 czerwca 2019 roku w gmachu MSWiA w Warszawie odby\u0142o si\u0119 spotkanie przedstawicieli central zwi\u0105zk\u00f3w zawodowych dzia\u0142aj\u0105cych w strukturach Pa\u0144stwowej Stra\u017cy Po\u017carnej z Pani\u0105 El\u017cbiet\u0105 Witek \u2013 Minister Spraw Wewn\u0119trznych i Administracji.<\/p>\n<div>W spotkaniu, ze strony MSWiA, uczestniczy\u0142 r\u00f3wnie\u017c Pan Edward Zaremba \u2013 Pe\u0142nomocnik MSWiA ds. zwi\u0105zk\u00f3w zawodowych.<\/div>\n<div>NSZZ SOLIDARNO\u015a\u0106 reprezentowali: Krzysztof Andura oraz Bart\u0142omiej Mickiewicz.<\/div>\n<div>W trakcie spotkania om\u00f3wiono aktualn\u0105 sytuacj\u0119 w PSP. Przedstawiciele zwi\u0105zk\u00f3w zawodowych przedstawili bie\u017c\u0105ce problemy w s\u0142u\u017cbie oraz propozycje dzia\u0142a\u0144, kt\u00f3re mog\u0142yby je rozwi\u0105za\u0107. Zwr\u00f3cono m.in. uwag\u0119 na przeci\u0105gaj\u0105ce si\u0119 prace nad przepisem p\u0142acowym oraz kwalifikacyjnym.<\/div>\n<div>Pani Minister poinformowa\u0142a \u017ce powo\u0142a zesp\u00f3\u0142 roboczy w celu wynegocjowania i wprowadzenia w \u017cycie rozwi\u0105za\u0144,\u00a0 kt\u00f3re b\u0119d\u0105 satysfakcjonuj\u0105ce dla wszystkich stron.<\/div>\n<div>Strony zadeklarowa\u0142y wol\u0119 dalszych spotka\u0144 w celu umo\u017cliwienia bie\u017c\u0105cego rozwi\u0105zywania pojawiaj\u0105cych si\u0119 problem\u00f3w.<\/p>\n<div class=\"yj6qo\"><\/div>\n<\/div>\n","protected":false},"excerpt":{"rendered":"<p>W dniu 13 czerwca 2019 roku w gmachu MSWiA w Warszawie odby\u0142o si\u0119 spotkanie przedstawicieli central zwi\u0105zk\u00f3w zawodowych dzia\u0142aj\u0105cych w strukturach Pa\u0144stwowej Stra\u017cy Po\u017carnej z Pani\u0105 El\u017cbiet\u0105 Witek \u2013 Minister Spraw Wewn\u0119trznych i Administracji. W spotkaniu, ze strony MSWiA, uczestniczy\u0142 r\u00f3wnie\u017c Pan Edward Zaremba \u2013 Pe\u0142nomocnik MSWiA ds. zwi\u0105zk\u00f3w zawodowych. NSZZ SOLIDARNO\u015a\u0106 reprezentowali: Krzysztof Andura &hellip;<\/p>\n","protected":false},"author":2,"featured_media":2239,"comment_status":"closed","ping_status":"closed","sticky":false,"template":"","format":"standard","meta":{"footnotes":""},"categories":[2],"tags":[],"yoast_head":"<!-- This site is optimized with the Yoast SEO plugin v22.7 - https:\/\/yoast.com\/wordpress\/plugins\/seo\/ -->\n<title>Spotkanie z Pani\u0105 Minister Spraw Wewn\u0119trznych i Administracji El\u017cbiet\u0105 Witek - KSPNSZZ<\/title>\n<meta name=\"robots\" content=\"index, follow, max-snippet:-1, max-image-preview:large, max-video-preview:-1\" \/>\n<link rel=\"canonical\" href=\"https:\/\/kspnszz.org\/index.php\/2019\/06\/14\/spotkanie-z-pania-minister-spraw-wewnetrznych-i-administracji-elzbieta-witek\/\" \/>\n<meta property=\"og:locale\" content=\"pl_PL\" \/>\n<meta property=\"og:type\" content=\"article\" \/>\n<meta property=\"og:title\" content=\"Spotkanie z Pani\u0105 Minister Spraw Wewn\u0119trznych i Administracji El\u017cbiet\u0105 Witek - KSPNSZZ\" \/>\n<meta property=\"og:description\" content=\"W dniu 13 czerwca 2019 roku w gmachu MSWiA w Warszawie odby\u0142o si\u0119 spotkanie przedstawicieli central zwi\u0105zk\u00f3w zawodowych dzia\u0142aj\u0105cych w strukturach Pa\u0144stwowej Stra\u017cy Po\u017carnej z Pani\u0105 El\u017cbiet\u0105 Witek \u2013 Minister Spraw Wewn\u0119trznych i Administracji. W spotkaniu, ze strony MSWiA, uczestniczy\u0142 r\u00f3wnie\u017c Pan Edward Zaremba \u2013 Pe\u0142nomocnik MSWiA ds. zwi\u0105zk\u00f3w zawodowych. NSZZ SOLIDARNO\u015a\u0106 reprezentowali: Krzysztof Andura &hellip;\" \/>\n<meta property=\"og:url\" content=\"https:\/\/kspnszz.org\/index.php\/2019\/06\/14\/spotkanie-z-pania-minister-spraw-wewnetrznych-i-administracji-elzbieta-witek\/\" \/>\n<meta property=\"og:site_name\" content=\"KSPNSZZ\" \/>\n<meta property=\"article:published_time\" content=\"2019-06-14T20:54:39+00:00\" \/>\n<meta property=\"og:image\" content=\"https:\/\/kspnszz.org\/wp-content\/uploads\/2019\/06\/AMituraMSWiA20190613_001-1024x683.jpg\" \/>\n\t<meta property=\"og:image:width\" content=\"1024\" \/>\n\t<meta property=\"og:image:height\" content=\"683\" \/>\n\t<meta property=\"og:image:type\" content=\"image\/jpeg\" \/>\n<meta name=\"author\" content=\"bartlomiej\" \/>\n<meta name=\"twitter:card\" content=\"summary_large_image\" \/>\n<meta name=\"twitter:label1\" content=\"Napisane przez\" \/>\n\t<meta name=\"twitter:data1\" content=\"bartlomiej\" \/>\n\t<meta name=\"twitter:label2\" content=\"Szacowany czas czytania\" \/>\n\t<meta name=\"twitter:data2\" content=\"1 minuta\" \/>\n<script type=\"application\/ld+json\" class=\"yoast-schema-graph\">{\"@context\":\"https:\/\/schema.org\",\"@graph\":[{\"@type\":\"WebPage\",\"@id\":\"https:\/\/kspnszz.org\/index.php\/2019\/06\/14\/spotkanie-z-pania-minister-spraw-wewnetrznych-i-administracji-elzbieta-witek\/\",\"url\":\"https:\/\/kspnszz.org\/index.php\/2019\/06\/14\/spotkanie-z-pania-minister-spraw-wewnetrznych-i-administracji-elzbieta-witek\/\",\"name\":\"Spotkanie z Pani\u0105 Minister Spraw Wewn\u0119trznych i Administracji El\u017cbiet\u0105 Witek - KSPNSZZ\",\"isPartOf\":{\"@id\":\"http:\/\/kspnszz.org\/#website\"},\"primaryImageOfPage\":{\"@id\":\"https:\/\/kspnszz.org\/index.php\/2019\/06\/14\/spotkanie-z-pania-minister-spraw-wewnetrznych-i-administracji-elzbieta-witek\/#primaryimage\"},\"image\":{\"@id\":\"https:\/\/kspnszz.org\/index.php\/2019\/06\/14\/spotkanie-z-pania-minister-spraw-wewnetrznych-i-administracji-elzbieta-witek\/#primaryimage\"},\"thumbnailUrl\":\"https:\/\/kspnszz.org\/wp-content\/uploads\/2019\/06\/AMituraMSWiA20190613_001.jpg\",\"datePublished\":\"2019-06-14T20:54:39+00:00\",\"dateModified\":\"2019-06-14T20:54:39+00:00\",\"author\":{\"@id\":\"http:\/\/kspnszz.org\/#\/schema\/person\/31096cf196f706ef50ecbd878903cc13\"},\"breadcrumb\":{\"@id\":\"https:\/\/kspnszz.org\/index.php\/2019\/06\/14\/spotkanie-z-pania-minister-spraw-wewnetrznych-i-administracji-elzbieta-witek\/#breadcrumb\"},\"inLanguage\":\"pl-PL\",\"potentialAction\":[{\"@type\":\"ReadAction\",\"target\":[\"https:\/\/kspnszz.org\/index.php\/2019\/06\/14\/spotkanie-z-pania-minister-spraw-wewnetrznych-i-administracji-elzbieta-witek\/\"]}]},{\"@type\":\"ImageObject\",\"inLanguage\":\"pl-PL\",\"@id\":\"https:\/\/kspnszz.org\/index.php\/2019\/06\/14\/spotkanie-z-pania-minister-spraw-wewnetrznych-i-administracji-elzbieta-witek\/#primaryimage\",\"url\":\"https:\/\/kspnszz.org\/wp-content\/uploads\/2019\/06\/AMituraMSWiA20190613_001.jpg\",\"contentUrl\":\"https:\/\/kspnszz.org\/wp-content\/uploads\/2019\/06\/AMituraMSWiA20190613_001.jpg\",\"width\":6379,\"height\":4253},{\"@type\":\"BreadcrumbList\",\"@id\":\"https:\/\/kspnszz.org\/index.php\/2019\/06\/14\/spotkanie-z-pania-minister-spraw-wewnetrznych-i-administracji-elzbieta-witek\/#breadcrumb\",\"itemListElement\":[{\"@type\":\"ListItem\",\"position\":1,\"name\":\"Strona g\u0142\u00f3wna\",\"item\":\"http:\/\/kspnszz.org\/\"},{\"@type\":\"ListItem\",\"position\":2,\"name\":\"Spotkanie z Pani\u0105 Minister Spraw Wewn\u0119trznych i Administracji El\u017cbiet\u0105 Witek\"}]},{\"@type\":\"WebSite\",\"@id\":\"http:\/\/kspnszz.org\/#website\",\"url\":\"http:\/\/kspnszz.org\/\",\"name\":\"KSPNSZZ\",\"description\":\"Krajowa Sekcja Po\u017carnictwa\",\"potentialAction\":[{\"@type\":\"SearchAction\",\"target\":{\"@type\":\"EntryPoint\",\"urlTemplate\":\"http:\/\/kspnszz.org\/?s={search_term_string}\"},\"query-input\":\"required name=search_term_string\"}],\"inLanguage\":\"pl-PL\"},{\"@type\":\"Person\",\"@id\":\"http:\/\/kspnszz.org\/#\/schema\/person\/31096cf196f706ef50ecbd878903cc13\",\"name\":\"bartlomiej\",\"image\":{\"@type\":\"ImageObject\",\"inLanguage\":\"pl-PL\",\"@id\":\"http:\/\/kspnszz.org\/#\/schema\/person\/image\/\",\"url\":\"https:\/\/secure.gravatar.com\/avatar\/cb681656f150968eb94b73c62cf58e52?s=96&d=mm&r=g\",\"contentUrl\":\"https:\/\/secure.gravatar.com\/avatar\/cb681656f150968eb94b73c62cf58e52?s=96&d=mm&r=g\",\"caption\":\"bartlomiej\"},\"url\":\"https:\/\/kspnszz.org\/index.php\/author\/bartlomiej\/\"}]}<\/script>\n<!-- \/ Yoast SEO plugin. -->","yoast_head_json":{"title":"Spotkanie z Pani\u0105 Minister Spraw Wewn\u0119trznych i Administracji El\u017cbiet\u0105 Witek - KSPNSZZ","robots":{"index":"index","follow":"follow","max-snippet":"max-snippet:-1","max-image-preview":"max-image-preview:large","max-video-preview":"max-video-preview:-1"},"canonical":"https:\/\/kspnszz.org\/index.php\/2019\/06\/14\/spotkanie-z-pania-minister-spraw-wewnetrznych-i-administracji-elzbieta-witek\/","og_locale":"pl_PL","og_type":"article","og_title":"Spotkanie z Pani\u0105 Minister Spraw Wewn\u0119trznych i Administracji El\u017cbiet\u0105 Witek - KSPNSZZ","og_description":"W dniu 13 czerwca 2019 roku w gmachu MSWiA w Warszawie odby\u0142o si\u0119 spotkanie przedstawicieli central zwi\u0105zk\u00f3w zawodowych dzia\u0142aj\u0105cych w strukturach Pa\u0144stwowej Stra\u017cy Po\u017carnej z Pani\u0105 El\u017cbiet\u0105 Witek \u2013 Minister Spraw Wewn\u0119trznych i Administracji. W spotkaniu, ze strony MSWiA, uczestniczy\u0142 r\u00f3wnie\u017c Pan Edward Zaremba \u2013 Pe\u0142nomocnik MSWiA ds. zwi\u0105zk\u00f3w zawodowych. NSZZ SOLIDARNO\u015a\u0106 reprezentowali: Krzysztof Andura &hellip;","og_url":"https:\/\/kspnszz.org\/index.php\/2019\/06\/14\/spotkanie-z-pania-minister-spraw-wewnetrznych-i-administracji-elzbieta-witek\/","og_site_name":"KSPNSZZ","article_published_time":"2019-06-14T20:54:39+00:00","og_image":[{"width":1024,"height":683,"url":"https:\/\/kspnszz.org\/wp-content\/uploads\/2019\/06\/AMituraMSWiA20190613_001-1024x683.jpg","type":"image\/jpeg"}],"author":"bartlomiej","twitter_card":"summary_large_image","twitter_misc":{"Napisane przez":"bartlomiej","Szacowany czas czytania":"1 minuta"},"schema":{"@context":"https:\/\/schema.org","@graph":[{"@type":"WebPage","@id":"https:\/\/kspnszz.org\/index.php\/2019\/06\/14\/spotkanie-z-pania-minister-spraw-wewnetrznych-i-administracji-elzbieta-witek\/","url":"https:\/\/kspnszz.org\/index.php\/2019\/06\/14\/spotkanie-z-pania-minister-spraw-wewnetrznych-i-administracji-elzbieta-witek\/","name":"Spotkanie z Pani\u0105 Minister Spraw Wewn\u0119trznych i Administracji El\u017cbiet\u0105 Witek - KSPNSZZ","isPartOf":{"@id":"http:\/\/kspnszz.org\/#website"},"primaryImageOfPage":{"@id":"https:\/\/kspnszz.org\/index.php\/2019\/06\/14\/spotkanie-z-pania-minister-spraw-wewnetrznych-i-administracji-elzbieta-witek\/#primaryimage"},"image":{"@id":"https:\/\/kspnszz.org\/index.php\/2019\/06\/14\/spotkanie-z-pania-minister-spraw-wewnetrznych-i-administracji-elzbieta-witek\/#primaryimage"},"thumbnailUrl":"https:\/\/kspnszz.org\/wp-content\/uploads\/2019\/06\/AMituraMSWiA20190613_001.jpg","datePublished":"2019-06-14T20:54:39+00:00","dateModified":"2019-06-14T20:54:39+00:00","author":{"@id":"http:\/\/kspnszz.org\/#\/schema\/person\/31096cf196f706ef50ecbd878903cc13"},"breadcrumb":{"@id":"https:\/\/kspnszz.org\/index.php\/2019\/06\/14\/spotkanie-z-pania-minister-spraw-wewnetrznych-i-administracji-elzbieta-witek\/#breadcrumb"},"inLanguage":"pl-PL","potentialAction":[{"@type":"ReadAction","target":["https:\/\/kspnszz.org\/index.php\/2019\/06\/14\/spotkanie-z-pania-minister-spraw-wewnetrznych-i-administracji-elzbieta-witek\/"]}]},{"@type":"ImageObject","inLanguage":"pl-PL","@id":"https:\/\/kspnszz.org\/index.php\/2019\/06\/14\/spotkanie-z-pania-minister-spraw-wewnetrznych-i-administracji-elzbieta-witek\/#primaryimage","url":"https:\/\/kspnszz.org\/wp-content\/uploads\/2019\/06\/AMituraMSWiA20190613_001.jpg","contentUrl":"https:\/\/kspnszz.org\/wp-content\/uploads\/2019\/06\/AMituraMSWiA20190613_001.jpg","width":6379,"height":4253},{"@type":"BreadcrumbList","@id":"https:\/\/kspnszz.org\/index.php\/2019\/06\/14\/spotkanie-z-pania-minister-spraw-wewnetrznych-i-administracji-elzbieta-witek\/#breadcrumb","itemListElement":[{"@type":"ListItem","position":1,"name":"Strona g\u0142\u00f3wna","item":"http:\/\/kspnszz.org\/"},{"@type":"ListItem","position":2,"name":"Spotkanie z Pani\u0105 Minister Spraw Wewn\u0119trznych i Administracji El\u017cbiet\u0105 Witek"}]},{"@type":"WebSite","@id":"http:\/\/kspnszz.org\/#website","url":"http:\/\/kspnszz.org\/","name":"KSPNSZZ","description":"Krajowa Sekcja Po\u017carnictwa","potentialAction":[{"@type":"SearchAction","target":{"@type":"EntryPoint","urlTemplate":"http:\/\/kspnszz.org\/?s={search_term_string}"},"query-input":"required name=search_term_string"}],"inLanguage":"pl-PL"},{"@type":"Person","@id":"http:\/\/kspnszz.org\/#\/schema\/person\/31096cf196f706ef50ecbd878903cc13","name":"bartlomiej","image":{"@type":"ImageObject","inLanguage":"pl-PL","@id":"http:\/\/kspnszz.org\/#\/schema\/person\/image\/","url":"https:\/\/secure.gravatar.com\/avatar\/cb681656f150968eb94b73c62cf58e52?s=96&d=mm&r=g","contentUrl":"https:\/\/secure.gravatar.com\/avatar\/cb681656f150968eb94b73c62cf58e52?s=96&d=mm&r=g","caption":"bartlomiej"},"url":"https:\/\/kspnszz.org\/index.php\/author\/bartlomiej\/"}]}},"_links":{"self":[{"href":"https:\/\/kspnszz.org\/index.php\/wp-json\/wp\/v2\/posts\/2240"}],"collection":[{"href":"https:\/\/kspnszz.org\/index.php\/wp-json\/wp\/v2\/posts"}],"about":[{"href":"https:\/\/kspnszz.org\/index.php\/wp-json\/wp\/v2\/types\/post"}],"author":[{"embeddable":true,"href":"https:\/\/kspnszz.org\/index.php\/wp-json\/wp\/v2\/users\/2"}],"replies":[{"embeddable":true,"href":"https:\/\/kspnszz.org\/index.php\/wp-json\/wp\/v2\/comments?post=2240"}],"version-history":[{"count":2,"href":"https:\/\/kspnszz.org\/index.php\/wp-json\/wp\/v2\/posts\/2240\/revisions"}],"predecessor-version":[{"id":2242,"href":"https:\/\/kspnszz.org\/index.php\/wp-json\/wp\/v2\/posts\/2240\/revisions\/2242"}],"wp:featuredmedia":[{"embeddable":true,"href":"https:\/\/kspnszz.org\/index.php\/wp-json\/wp\/v2\/media\/2239"}],"wp:attachment":[{"href":"https:\/\/kspnszz.org\/index.php\/wp-json\/wp\/v2\/media?parent=2240"}],"wp:term":[{"taxonomy":"category","embeddable":true,"href":"https:\/\/kspnszz.org\/index.php\/wp-json\/wp\/v2\/categories?post=2240"},{"taxonomy":"post_tag","embeddable":true,"href":"https:\/\/kspnszz.org\/index.php\/wp-json\/wp\/v2\/tags?post=2240"}],"curies":[{"name":"wp","href":"https:\/\/api.w.org\/{rel}","templated":true}]}}