{"id":2227,"date":"2019-06-05T14:24:08","date_gmt":"2019-06-05T12:24:08","guid":{"rendered":"http:\/\/kspnszz.org\/?p=2227"},"modified":"2019-06-05T14:24:08","modified_gmt":"2019-06-05T12:24:08","slug":"2227","status":"publish","type":"post","link":"https:\/\/kspnszz.org\/index.php\/2019\/06\/05\/2227\/","title":{"rendered":""},"content":{"rendered":"<p style=\"text-align: center;\"><a href=\"http:\/\/kspnszz.org\/wp-content\/uploads\/2019\/03\/czarna_wstazka.jpg\" data-rel=\"lightbox-image-0\" data-rl_title=\"\" data-rl_caption=\"\" title=\"\"><img loading=\"lazy\" decoding=\"async\" class=\"alignnone size-full wp-image-2128\" src=\"http:\/\/kspnszz.org\/wp-content\/uploads\/2019\/03\/czarna_wstazka.jpg\" alt=\"czarna_wstazka\" width=\"205\" height=\"244\" \/><\/a><\/p>\n<p style=\"text-align: center;\">Wyrazy g\u0142\u0119bokiego wsp\u00f3\u0142czucia oraz s\u0142owa wsparcia i otuchy<br \/>\ndla kol. Krzysztofa Andury<br \/>\nz powodu \u015bmierci Taty<br \/>\nsk\u0142ada Rada<br \/>\nKrajowej Sekcji Po\u017carnictwa<br \/>\nNSZZ \u201eSolidarno\u015b\u0107\u201d<\/p>\n","protected":false},"excerpt":{"rendered":"<p>Wyrazy g\u0142\u0119bokiego wsp\u00f3\u0142czucia oraz s\u0142owa wsparcia i otuchy dla kol. Krzysztofa Andury z powodu \u015bmierci Taty sk\u0142ada Rada Krajowej Sekcji Po\u017carnictwa NSZZ \u201eSolidarno\u015b\u0107\u201d<\/p>\n","protected":false},"author":2,"featured_media":2128,"comment_status":"closed","ping_status":"closed","sticky":false,"template":"","format":"standard","meta":{"footnotes":""},"categories":[2],"tags":[],"yoast_head":"<!-- This site is optimized with the Yoast SEO plugin v22.7 - https:\/\/yoast.com\/wordpress\/plugins\/seo\/ -->\n<title>- KSPNSZZ<\/title>\n<meta name=\"robots\" content=\"index, follow, max-snippet:-1, max-image-preview:large, max-video-preview:-1\" \/>\n<link rel=\"canonical\" href=\"http:\/\/kspnszz.org\/index.php\/2019\/06\/05\/2227\/\" \/>\n<meta property=\"og:locale\" content=\"pl_PL\" \/>\n<meta property=\"og:type\" content=\"article\" \/>\n<meta property=\"og:title\" content=\"- KSPNSZZ\" \/>\n<meta property=\"og:description\" content=\"Wyrazy g\u0142\u0119bokiego wsp\u00f3\u0142czucia oraz s\u0142owa wsparcia i otuchy dla kol. Krzysztofa Andury z powodu \u015bmierci Taty sk\u0142ada Rada Krajowej Sekcji Po\u017carnictwa NSZZ \u201eSolidarno\u015b\u0107\u201d\" \/>\n<meta property=\"og:url\" content=\"http:\/\/kspnszz.org\/index.php\/2019\/06\/05\/2227\/\" \/>\n<meta property=\"og:site_name\" content=\"KSPNSZZ\" \/>\n<meta property=\"article:published_time\" content=\"2019-06-05T12:24:08+00:00\" \/>\n<meta property=\"og:image\" content=\"http:\/\/kspnszz.org\/wp-content\/uploads\/2019\/03\/czarna_wstazka.jpg\" \/>\n\t<meta property=\"og:image:width\" content=\"205\" \/>\n\t<meta property=\"og:image:height\" content=\"244\" \/>\n\t<meta property=\"og:image:type\" content=\"image\/jpeg\" \/>\n<meta name=\"author\" content=\"bartlomiej\" \/>\n<meta name=\"twitter:card\" content=\"summary_large_image\" \/>\n<meta name=\"twitter:label1\" content=\"Napisane przez\" \/>\n\t<meta name=\"twitter:data1\" content=\"bartlomiej\" \/>\n<script type=\"application\/ld+json\" class=\"yoast-schema-graph\">{\"@context\":\"https:\/\/schema.org\",\"@graph\":[{\"@type\":\"WebPage\",\"@id\":\"http:\/\/kspnszz.org\/index.php\/2019\/06\/05\/2227\/\",\"url\":\"http:\/\/kspnszz.org\/index.php\/2019\/06\/05\/2227\/\",\"name\":\"- KSPNSZZ\",\"isPartOf\":{\"@id\":\"http:\/\/kspnszz.org\/#website\"},\"primaryImageOfPage\":{\"@id\":\"http:\/\/kspnszz.org\/index.php\/2019\/06\/05\/2227\/#primaryimage\"},\"image\":{\"@id\":\"http:\/\/kspnszz.org\/index.php\/2019\/06\/05\/2227\/#primaryimage\"},\"thumbnailUrl\":\"https:\/\/kspnszz.org\/wp-content\/uploads\/2019\/03\/czarna_wstazka.jpg\",\"datePublished\":\"2019-06-05T12:24:08+00:00\",\"dateModified\":\"2019-06-05T12:24:08+00:00\",\"author\":{\"@id\":\"http:\/\/kspnszz.org\/#\/schema\/person\/31096cf196f706ef50ecbd878903cc13\"},\"inLanguage\":\"pl-PL\",\"potentialAction\":[{\"@type\":\"ReadAction\",\"target\":[\"http:\/\/kspnszz.org\/index.php\/2019\/06\/05\/2227\/\"]}]},{\"@type\":\"ImageObject\",\"inLanguage\":\"pl-PL\",\"@id\":\"http:\/\/kspnszz.org\/index.php\/2019\/06\/05\/2227\/#primaryimage\",\"url\":\"https:\/\/kspnszz.org\/wp-content\/uploads\/2019\/03\/czarna_wstazka.jpg\",\"contentUrl\":\"https:\/\/kspnszz.org\/wp-content\/uploads\/2019\/03\/czarna_wstazka.jpg\",\"width\":205,\"height\":244},{\"@type\":\"WebSite\",\"@id\":\"http:\/\/kspnszz.org\/#website\",\"url\":\"http:\/\/kspnszz.org\/\",\"name\":\"KSPNSZZ\",\"description\":\"Krajowa Sekcja Po\u017carnictwa\",\"potentialAction\":[{\"@type\":\"SearchAction\",\"target\":{\"@type\":\"EntryPoint\",\"urlTemplate\":\"http:\/\/kspnszz.org\/?s={search_term_string}\"},\"query-input\":\"required name=search_term_string\"}],\"inLanguage\":\"pl-PL\"},{\"@type\":\"Person\",\"@id\":\"http:\/\/kspnszz.org\/#\/schema\/person\/31096cf196f706ef50ecbd878903cc13\",\"name\":\"bartlomiej\",\"image\":{\"@type\":\"ImageObject\",\"inLanguage\":\"pl-PL\",\"@id\":\"http:\/\/kspnszz.org\/#\/schema\/person\/image\/\",\"url\":\"https:\/\/secure.gravatar.com\/avatar\/cb681656f150968eb94b73c62cf58e52?s=96&d=mm&r=g\",\"contentUrl\":\"https:\/\/secure.gravatar.com\/avatar\/cb681656f150968eb94b73c62cf58e52?s=96&d=mm&r=g\",\"caption\":\"bartlomiej\"},\"url\":\"https:\/\/kspnszz.org\/index.php\/author\/bartlomiej\/\"}]}<\/script>\n<!-- \/ Yoast SEO plugin. -->","yoast_head_json":{"title":"- KSPNSZZ","robots":{"index":"index","follow":"follow","max-snippet":"max-snippet:-1","max-image-preview":"max-image-preview:large","max-video-preview":"max-video-preview:-1"},"canonical":"http:\/\/kspnszz.org\/index.php\/2019\/06\/05\/2227\/","og_locale":"pl_PL","og_type":"article","og_title":"- KSPNSZZ","og_description":"Wyrazy g\u0142\u0119bokiego wsp\u00f3\u0142czucia oraz s\u0142owa wsparcia i otuchy dla kol. Krzysztofa Andury z powodu \u015bmierci Taty sk\u0142ada Rada Krajowej Sekcji Po\u017carnictwa NSZZ \u201eSolidarno\u015b\u0107\u201d","og_url":"http:\/\/kspnszz.org\/index.php\/2019\/06\/05\/2227\/","og_site_name":"KSPNSZZ","article_published_time":"2019-06-05T12:24:08+00:00","og_image":[{"width":205,"height":244,"url":"http:\/\/kspnszz.org\/wp-content\/uploads\/2019\/03\/czarna_wstazka.jpg","type":"image\/jpeg"}],"author":"bartlomiej","twitter_card":"summary_large_image","twitter_misc":{"Napisane przez":"bartlomiej"},"schema":{"@context":"https:\/\/schema.org","@graph":[{"@type":"WebPage","@id":"http:\/\/kspnszz.org\/index.php\/2019\/06\/05\/2227\/","url":"http:\/\/kspnszz.org\/index.php\/2019\/06\/05\/2227\/","name":"- KSPNSZZ","isPartOf":{"@id":"http:\/\/kspnszz.org\/#website"},"primaryImageOfPage":{"@id":"http:\/\/kspnszz.org\/index.php\/2019\/06\/05\/2227\/#primaryimage"},"image":{"@id":"http:\/\/kspnszz.org\/index.php\/2019\/06\/05\/2227\/#primaryimage"},"thumbnailUrl":"https:\/\/kspnszz.org\/wp-content\/uploads\/2019\/03\/czarna_wstazka.jpg","datePublished":"2019-06-05T12:24:08+00:00","dateModified":"2019-06-05T12:24:08+00:00","author":{"@id":"http:\/\/kspnszz.org\/#\/schema\/person\/31096cf196f706ef50ecbd878903cc13"},"inLanguage":"pl-PL","potentialAction":[{"@type":"ReadAction","target":["http:\/\/kspnszz.org\/index.php\/2019\/06\/05\/2227\/"]}]},{"@type":"ImageObject","inLanguage":"pl-PL","@id":"http:\/\/kspnszz.org\/index.php\/2019\/06\/05\/2227\/#primaryimage","url":"https:\/\/kspnszz.org\/wp-content\/uploads\/2019\/03\/czarna_wstazka.jpg","contentUrl":"https:\/\/kspnszz.org\/wp-content\/uploads\/2019\/03\/czarna_wstazka.jpg","width":205,"height":244},{"@type":"WebSite","@id":"http:\/\/kspnszz.org\/#website","url":"http:\/\/kspnszz.org\/","name":"KSPNSZZ","description":"Krajowa Sekcja Po\u017carnictwa","potentialAction":[{"@type":"SearchAction","target":{"@type":"EntryPoint","urlTemplate":"http:\/\/kspnszz.org\/?s={search_term_string}"},"query-input":"required name=search_term_string"}],"inLanguage":"pl-PL"},{"@type":"Person","@id":"http:\/\/kspnszz.org\/#\/schema\/person\/31096cf196f706ef50ecbd878903cc13","name":"bartlomiej","image":{"@type":"ImageObject","inLanguage":"pl-PL","@id":"http:\/\/kspnszz.org\/#\/schema\/person\/image\/","url":"https:\/\/secure.gravatar.com\/avatar\/cb681656f150968eb94b73c62cf58e52?s=96&d=mm&r=g","contentUrl":"https:\/\/secure.gravatar.com\/avatar\/cb681656f150968eb94b73c62cf58e52?s=96&d=mm&r=g","caption":"bartlomiej"},"url":"https:\/\/kspnszz.org\/index.php\/author\/bartlomiej\/"}]}},"_links":{"self":[{"href":"https:\/\/kspnszz.org\/index.php\/wp-json\/wp\/v2\/posts\/2227"}],"collection":[{"href":"https:\/\/kspnszz.org\/index.php\/wp-json\/wp\/v2\/posts"}],"about":[{"href":"https:\/\/kspnszz.org\/index.php\/wp-json\/wp\/v2\/types\/post"}],"author":[{"embeddable":true,"href":"https:\/\/kspnszz.org\/index.php\/wp-json\/wp\/v2\/users\/2"}],"replies":[{"embeddable":true,"href":"https:\/\/kspnszz.org\/index.php\/wp-json\/wp\/v2\/comments?post=2227"}],"version-history":[{"count":1,"href":"https:\/\/kspnszz.org\/index.php\/wp-json\/wp\/v2\/posts\/2227\/revisions"}],"predecessor-version":[{"id":2228,"href":"https:\/\/kspnszz.org\/index.php\/wp-json\/wp\/v2\/posts\/2227\/revisions\/2228"}],"wp:featuredmedia":[{"embeddable":true,"href":"https:\/\/kspnszz.org\/index.php\/wp-json\/wp\/v2\/media\/2128"}],"wp:attachment":[{"href":"https:\/\/kspnszz.org\/index.php\/wp-json\/wp\/v2\/media?parent=2227"}],"wp:term":[{"taxonomy":"category","embeddable":true,"href":"https:\/\/kspnszz.org\/index.php\/wp-json\/wp\/v2\/categories?post=2227"},{"taxonomy":"post_tag","embeddable":true,"href":"https:\/\/kspnszz.org\/index.php\/wp-json\/wp\/v2\/tags?post=2227"}],"curies":[{"name":"wp","href":"https:\/\/api.w.org\/{rel}","templated":true}]}}