{"id":2143,"date":"2019-04-09T22:39:03","date_gmt":"2019-04-09T20:39:03","guid":{"rendered":"http:\/\/kspnszz.org\/?p=2143"},"modified":"2019-11-05T19:03:49","modified_gmt":"2019-11-05T18:03:49","slug":"komunikat-z-posiedzenia-rady-krajowej-sekcji-pozarnictwa-nszz-solidarnosc-3","status":"publish","type":"post","link":"https:\/\/kspnszz.org\/index.php\/2019\/04\/09\/komunikat-z-posiedzenia-rady-krajowej-sekcji-pozarnictwa-nszz-solidarnosc-3\/","title":{"rendered":"Komunikat z posiedzenia Rady Krajowej Sekcji Po\u017carnictwa NSZZ SOLIDARNO\u015a\u0106"},"content":{"rendered":"<p>W dniu 3 kwietnia 2019 r. w Warszawie odby\u0142o si\u0119 posiedzenie Rady Krajowej Sekcji Po\u017carnictwa NSZZ \u201eSolidarno\u015b\u0107\u201d.<br \/>\nObrady otworzy\u0142 Wiceprzewodnicz\u0105cy Bart\u0142omiej Mickiewicz. W trakcie posiedzenia przedstawiono dzia\u0142ania Prezydium od ostatniego posiedzenia Rady, a tak\u017ce bie\u017c\u0105c\u0105 sytuacj\u0119 w PSP. Podczas posiedzenia om\u00f3wiono m.in. przebieg negocjacji dotycz\u0105cych wdro\u017cenia za\u0142o\u017ce\u0144 porozumienia z dn. 8 listopada 2018 r. zawartego mi\u0119dzy MSWiA, a zwi\u0105zkami zawodowymi (drugie spotkanie w tej sprawie odby\u0142o si\u0119 w godzinach porannych przed posiedzeniem Rady), a tak\u017ce propozycje KG PSP odno\u015bnie wprowadzenia nowych sort\u00f3w umundurowania dla stra\u017cak\u00f3w.<\/p>\n<ul>\n<li>Rada KSP, na podstawie opinii przekazanych z sekcji regionalnych \/ mi\u0119dzyregionalnych, podj\u0119\u0142a uchwa\u0142\u0119 o przyj\u0119ciu negatywnej opinii w sprawie projektu przepisu ws. stanowisk s\u0142u\u017cbowych w jednostkach organizacyjnych PSP <a href=\"http:\/\/kspnszz.org\/wp-content\/uploads\/2019\/04\/ksp-42-04-2019-opinia-przepis-kwalifikacyjny.pdf\">(opinia)<\/a>.<\/li>\n<li>W zwi\u0105zku z wp\u0142yni\u0119ciem projektu zmiany rozporz\u0105dzenia ws. pe\u0142nienia s\u0142u\u017cby przez stra\u017cak\u00f3w PSP, Rada KSP upowa\u017cni\u0142a Prezydium do przygotowania stanowiska w tej sprawie.<\/li>\n<li>Rada KSP upowa\u017cni\u0142a Prezydium r\u00f3wnie\u017c do zwr\u00f3cenia si\u0119 do Komendanta G\u0142\u00f3wnego PSP celem wyja\u015bnienia trybu i przyczyn wprowadzenia zmian w zarz\u0105dzeniu ws. polityki transportowej w jednostkach organizacyjnych PSP.<\/li>\n<li>W zwi\u0105zku z nap\u0142ywaj\u0105cymi informacjami o pr\u00f3bach podejmowania przez stron\u0119 s\u0142u\u017cbow\u0105 dzia\u0142a\u0144 naruszaj\u0105cych uprawnienia i gwarancje swobody i niezale\u017cno\u015bci dzia\u0142alno\u015bci zwi\u0105zk\u00f3w zawodowych Rada KSP przyj\u0119\u0142a uchwa\u0142\u0119 w powy\u017cszej sprawie <a href=\"http:\/\/kspnszz.org\/wp-content\/uploads\/2019\/04\/Uchwa\u0142a-nr-9-KSP.pdf\">(uchwa\u0142a)<\/a>.<\/li>\n<\/ul>\n<p><a href=\"http:\/\/kspnszz.org\/wp-content\/uploads\/2019\/04\/PHOTO-2019-04-03-14-19-08.jpg\" data-rel=\"lightbox-image-0\" data-rl_title=\"\" data-rl_caption=\"\" title=\"\"><img loading=\"lazy\" decoding=\"async\" class=\"alignnone size-medium wp-image-2147 aligncenter\" src=\"http:\/\/kspnszz.org\/wp-content\/uploads\/2019\/04\/PHOTO-2019-04-03-14-19-08-300x225.jpg\" alt=\"PHOTO-2019-04-03-14-19-08\" width=\"300\" height=\"225\" srcset=\"https:\/\/kspnszz.org\/wp-content\/uploads\/2019\/04\/PHOTO-2019-04-03-14-19-08-300x225.jpg 300w, https:\/\/kspnszz.org\/wp-content\/uploads\/2019\/04\/PHOTO-2019-04-03-14-19-08-1024x768.jpg 1024w, https:\/\/kspnszz.org\/wp-content\/uploads\/2019\/04\/PHOTO-2019-04-03-14-19-08.jpg 1600w\" sizes=\"(max-width: 300px) 100vw, 300px\" \/><\/a><\/p>\n","protected":false},"excerpt":{"rendered":"<p>W dniu 3 kwietnia 2019 r. w Warszawie odby\u0142o si\u0119 posiedzenie Rady Krajowej Sekcji Po\u017carnictwa NSZZ \u201eSolidarno\u015b\u0107\u201d. Obrady otworzy\u0142 Wiceprzewodnicz\u0105cy Bart\u0142omiej Mickiewicz. W trakcie posiedzenia przedstawiono dzia\u0142ania Prezydium od ostatniego posiedzenia Rady, a tak\u017ce bie\u017c\u0105c\u0105 sytuacj\u0119 w PSP. Podczas posiedzenia om\u00f3wiono m.in. przebieg negocjacji dotycz\u0105cych wdro\u017cenia za\u0142o\u017ce\u0144 porozumienia z dn. 8 listopada 2018 r. zawartego &hellip;<\/p>\n","protected":false},"author":2,"featured_media":2147,"comment_status":"closed","ping_status":"closed","sticky":false,"template":"","format":"standard","meta":{"footnotes":""},"categories":[2,6],"tags":[],"yoast_head":"<!-- This site is optimized with the Yoast SEO plugin v22.7 - https:\/\/yoast.com\/wordpress\/plugins\/seo\/ -->\n<title>Komunikat z posiedzenia Rady Krajowej Sekcji Po\u017carnictwa NSZZ SOLIDARNO\u015a\u0106 - KSPNSZZ<\/title>\n<meta name=\"robots\" content=\"index, follow, max-snippet:-1, max-image-preview:large, max-video-preview:-1\" \/>\n<link rel=\"canonical\" href=\"http:\/\/kspnszz.org\/index.php\/2019\/04\/09\/komunikat-z-posiedzenia-rady-krajowej-sekcji-pozarnictwa-nszz-solidarnosc-3\/\" \/>\n<meta property=\"og:locale\" content=\"pl_PL\" \/>\n<meta property=\"og:type\" content=\"article\" \/>\n<meta property=\"og:title\" content=\"Komunikat z posiedzenia Rady Krajowej Sekcji Po\u017carnictwa NSZZ SOLIDARNO\u015a\u0106 - KSPNSZZ\" \/>\n<meta property=\"og:description\" content=\"W dniu 3 kwietnia 2019 r. w Warszawie odby\u0142o si\u0119 posiedzenie Rady Krajowej Sekcji Po\u017carnictwa NSZZ \u201eSolidarno\u015b\u0107\u201d. Obrady otworzy\u0142 Wiceprzewodnicz\u0105cy Bart\u0142omiej Mickiewicz. W trakcie posiedzenia przedstawiono dzia\u0142ania Prezydium od ostatniego posiedzenia Rady, a tak\u017ce bie\u017c\u0105c\u0105 sytuacj\u0119 w PSP. Podczas posiedzenia om\u00f3wiono m.in. przebieg negocjacji dotycz\u0105cych wdro\u017cenia za\u0142o\u017ce\u0144 porozumienia z dn. 8 listopada 2018 r. zawartego &hellip;\" \/>\n<meta property=\"og:url\" content=\"http:\/\/kspnszz.org\/index.php\/2019\/04\/09\/komunikat-z-posiedzenia-rady-krajowej-sekcji-pozarnictwa-nszz-solidarnosc-3\/\" \/>\n<meta property=\"og:site_name\" content=\"KSPNSZZ\" \/>\n<meta property=\"article:published_time\" content=\"2019-04-09T20:39:03+00:00\" \/>\n<meta property=\"article:modified_time\" content=\"2019-11-05T18:03:49+00:00\" \/>\n<meta property=\"og:image\" content=\"http:\/\/kspnszz.org\/wp-content\/uploads\/2019\/04\/PHOTO-2019-04-03-14-19-08.jpg\" \/>\n\t<meta property=\"og:image:width\" content=\"1600\" \/>\n\t<meta property=\"og:image:height\" content=\"1200\" \/>\n\t<meta property=\"og:image:type\" content=\"image\/jpeg\" \/>\n<meta name=\"author\" content=\"bartlomiej\" \/>\n<meta name=\"twitter:card\" content=\"summary_large_image\" \/>\n<meta name=\"twitter:label1\" content=\"Napisane przez\" \/>\n\t<meta name=\"twitter:data1\" content=\"bartlomiej\" \/>\n\t<meta name=\"twitter:label2\" content=\"Szacowany czas czytania\" \/>\n\t<meta name=\"twitter:data2\" content=\"1 minuta\" \/>\n<script type=\"application\/ld+json\" class=\"yoast-schema-graph\">{\"@context\":\"https:\/\/schema.org\",\"@graph\":[{\"@type\":\"WebPage\",\"@id\":\"http:\/\/kspnszz.org\/index.php\/2019\/04\/09\/komunikat-z-posiedzenia-rady-krajowej-sekcji-pozarnictwa-nszz-solidarnosc-3\/\",\"url\":\"http:\/\/kspnszz.org\/index.php\/2019\/04\/09\/komunikat-z-posiedzenia-rady-krajowej-sekcji-pozarnictwa-nszz-solidarnosc-3\/\",\"name\":\"Komunikat z posiedzenia Rady Krajowej Sekcji Po\u017carnictwa NSZZ SOLIDARNO\u015a\u0106 - KSPNSZZ\",\"isPartOf\":{\"@id\":\"http:\/\/kspnszz.org\/#website\"},\"primaryImageOfPage\":{\"@id\":\"http:\/\/kspnszz.org\/index.php\/2019\/04\/09\/komunikat-z-posiedzenia-rady-krajowej-sekcji-pozarnictwa-nszz-solidarnosc-3\/#primaryimage\"},\"image\":{\"@id\":\"http:\/\/kspnszz.org\/index.php\/2019\/04\/09\/komunikat-z-posiedzenia-rady-krajowej-sekcji-pozarnictwa-nszz-solidarnosc-3\/#primaryimage\"},\"thumbnailUrl\":\"https:\/\/kspnszz.org\/wp-content\/uploads\/2019\/04\/PHOTO-2019-04-03-14-19-08.jpg\",\"datePublished\":\"2019-04-09T20:39:03+00:00\",\"dateModified\":\"2019-11-05T18:03:49+00:00\",\"author\":{\"@id\":\"http:\/\/kspnszz.org\/#\/schema\/person\/31096cf196f706ef50ecbd878903cc13\"},\"breadcrumb\":{\"@id\":\"http:\/\/kspnszz.org\/index.php\/2019\/04\/09\/komunikat-z-posiedzenia-rady-krajowej-sekcji-pozarnictwa-nszz-solidarnosc-3\/#breadcrumb\"},\"inLanguage\":\"pl-PL\",\"potentialAction\":[{\"@type\":\"ReadAction\",\"target\":[\"http:\/\/kspnszz.org\/index.php\/2019\/04\/09\/komunikat-z-posiedzenia-rady-krajowej-sekcji-pozarnictwa-nszz-solidarnosc-3\/\"]}]},{\"@type\":\"ImageObject\",\"inLanguage\":\"pl-PL\",\"@id\":\"http:\/\/kspnszz.org\/index.php\/2019\/04\/09\/komunikat-z-posiedzenia-rady-krajowej-sekcji-pozarnictwa-nszz-solidarnosc-3\/#primaryimage\",\"url\":\"https:\/\/kspnszz.org\/wp-content\/uploads\/2019\/04\/PHOTO-2019-04-03-14-19-08.jpg\",\"contentUrl\":\"https:\/\/kspnszz.org\/wp-content\/uploads\/2019\/04\/PHOTO-2019-04-03-14-19-08.jpg\",\"width\":1600,\"height\":1200},{\"@type\":\"BreadcrumbList\",\"@id\":\"http:\/\/kspnszz.org\/index.php\/2019\/04\/09\/komunikat-z-posiedzenia-rady-krajowej-sekcji-pozarnictwa-nszz-solidarnosc-3\/#breadcrumb\",\"itemListElement\":[{\"@type\":\"ListItem\",\"position\":1,\"name\":\"Strona g\u0142\u00f3wna\",\"item\":\"http:\/\/kspnszz.org\/\"},{\"@type\":\"ListItem\",\"position\":2,\"name\":\"Komunikat z posiedzenia Rady Krajowej Sekcji Po\u017carnictwa NSZZ SOLIDARNO\u015a\u0106\"}]},{\"@type\":\"WebSite\",\"@id\":\"http:\/\/kspnszz.org\/#website\",\"url\":\"http:\/\/kspnszz.org\/\",\"name\":\"KSPNSZZ\",\"description\":\"Krajowa Sekcja Po\u017carnictwa\",\"potentialAction\":[{\"@type\":\"SearchAction\",\"target\":{\"@type\":\"EntryPoint\",\"urlTemplate\":\"http:\/\/kspnszz.org\/?s={search_term_string}\"},\"query-input\":\"required name=search_term_string\"}],\"inLanguage\":\"pl-PL\"},{\"@type\":\"Person\",\"@id\":\"http:\/\/kspnszz.org\/#\/schema\/person\/31096cf196f706ef50ecbd878903cc13\",\"name\":\"bartlomiej\",\"image\":{\"@type\":\"ImageObject\",\"inLanguage\":\"pl-PL\",\"@id\":\"http:\/\/kspnszz.org\/#\/schema\/person\/image\/\",\"url\":\"https:\/\/secure.gravatar.com\/avatar\/cb681656f150968eb94b73c62cf58e52?s=96&d=mm&r=g\",\"contentUrl\":\"https:\/\/secure.gravatar.com\/avatar\/cb681656f150968eb94b73c62cf58e52?s=96&d=mm&r=g\",\"caption\":\"bartlomiej\"},\"url\":\"https:\/\/kspnszz.org\/index.php\/author\/bartlomiej\/\"}]}<\/script>\n<!-- \/ Yoast SEO plugin. -->","yoast_head_json":{"title":"Komunikat z posiedzenia Rady Krajowej Sekcji Po\u017carnictwa NSZZ SOLIDARNO\u015a\u0106 - KSPNSZZ","robots":{"index":"index","follow":"follow","max-snippet":"max-snippet:-1","max-image-preview":"max-image-preview:large","max-video-preview":"max-video-preview:-1"},"canonical":"http:\/\/kspnszz.org\/index.php\/2019\/04\/09\/komunikat-z-posiedzenia-rady-krajowej-sekcji-pozarnictwa-nszz-solidarnosc-3\/","og_locale":"pl_PL","og_type":"article","og_title":"Komunikat z posiedzenia Rady Krajowej Sekcji Po\u017carnictwa NSZZ SOLIDARNO\u015a\u0106 - KSPNSZZ","og_description":"W dniu 3 kwietnia 2019 r. w Warszawie odby\u0142o si\u0119 posiedzenie Rady Krajowej Sekcji Po\u017carnictwa NSZZ \u201eSolidarno\u015b\u0107\u201d. Obrady otworzy\u0142 Wiceprzewodnicz\u0105cy Bart\u0142omiej Mickiewicz. W trakcie posiedzenia przedstawiono dzia\u0142ania Prezydium od ostatniego posiedzenia Rady, a tak\u017ce bie\u017c\u0105c\u0105 sytuacj\u0119 w PSP. Podczas posiedzenia om\u00f3wiono m.in. przebieg negocjacji dotycz\u0105cych wdro\u017cenia za\u0142o\u017ce\u0144 porozumienia z dn. 8 listopada 2018 r. zawartego &hellip;","og_url":"http:\/\/kspnszz.org\/index.php\/2019\/04\/09\/komunikat-z-posiedzenia-rady-krajowej-sekcji-pozarnictwa-nszz-solidarnosc-3\/","og_site_name":"KSPNSZZ","article_published_time":"2019-04-09T20:39:03+00:00","article_modified_time":"2019-11-05T18:03:49+00:00","og_image":[{"width":1600,"height":1200,"url":"http:\/\/kspnszz.org\/wp-content\/uploads\/2019\/04\/PHOTO-2019-04-03-14-19-08.jpg","type":"image\/jpeg"}],"author":"bartlomiej","twitter_card":"summary_large_image","twitter_misc":{"Napisane przez":"bartlomiej","Szacowany czas czytania":"1 minuta"},"schema":{"@context":"https:\/\/schema.org","@graph":[{"@type":"WebPage","@id":"http:\/\/kspnszz.org\/index.php\/2019\/04\/09\/komunikat-z-posiedzenia-rady-krajowej-sekcji-pozarnictwa-nszz-solidarnosc-3\/","url":"http:\/\/kspnszz.org\/index.php\/2019\/04\/09\/komunikat-z-posiedzenia-rady-krajowej-sekcji-pozarnictwa-nszz-solidarnosc-3\/","name":"Komunikat z posiedzenia Rady Krajowej Sekcji Po\u017carnictwa NSZZ SOLIDARNO\u015a\u0106 - KSPNSZZ","isPartOf":{"@id":"http:\/\/kspnszz.org\/#website"},"primaryImageOfPage":{"@id":"http:\/\/kspnszz.org\/index.php\/2019\/04\/09\/komunikat-z-posiedzenia-rady-krajowej-sekcji-pozarnictwa-nszz-solidarnosc-3\/#primaryimage"},"image":{"@id":"http:\/\/kspnszz.org\/index.php\/2019\/04\/09\/komunikat-z-posiedzenia-rady-krajowej-sekcji-pozarnictwa-nszz-solidarnosc-3\/#primaryimage"},"thumbnailUrl":"https:\/\/kspnszz.org\/wp-content\/uploads\/2019\/04\/PHOTO-2019-04-03-14-19-08.jpg","datePublished":"2019-04-09T20:39:03+00:00","dateModified":"2019-11-05T18:03:49+00:00","author":{"@id":"http:\/\/kspnszz.org\/#\/schema\/person\/31096cf196f706ef50ecbd878903cc13"},"breadcrumb":{"@id":"http:\/\/kspnszz.org\/index.php\/2019\/04\/09\/komunikat-z-posiedzenia-rady-krajowej-sekcji-pozarnictwa-nszz-solidarnosc-3\/#breadcrumb"},"inLanguage":"pl-PL","potentialAction":[{"@type":"ReadAction","target":["http:\/\/kspnszz.org\/index.php\/2019\/04\/09\/komunikat-z-posiedzenia-rady-krajowej-sekcji-pozarnictwa-nszz-solidarnosc-3\/"]}]},{"@type":"ImageObject","inLanguage":"pl-PL","@id":"http:\/\/kspnszz.org\/index.php\/2019\/04\/09\/komunikat-z-posiedzenia-rady-krajowej-sekcji-pozarnictwa-nszz-solidarnosc-3\/#primaryimage","url":"https:\/\/kspnszz.org\/wp-content\/uploads\/2019\/04\/PHOTO-2019-04-03-14-19-08.jpg","contentUrl":"https:\/\/kspnszz.org\/wp-content\/uploads\/2019\/04\/PHOTO-2019-04-03-14-19-08.jpg","width":1600,"height":1200},{"@type":"BreadcrumbList","@id":"http:\/\/kspnszz.org\/index.php\/2019\/04\/09\/komunikat-z-posiedzenia-rady-krajowej-sekcji-pozarnictwa-nszz-solidarnosc-3\/#breadcrumb","itemListElement":[{"@type":"ListItem","position":1,"name":"Strona g\u0142\u00f3wna","item":"http:\/\/kspnszz.org\/"},{"@type":"ListItem","position":2,"name":"Komunikat z posiedzenia Rady Krajowej Sekcji Po\u017carnictwa NSZZ SOLIDARNO\u015a\u0106"}]},{"@type":"WebSite","@id":"http:\/\/kspnszz.org\/#website","url":"http:\/\/kspnszz.org\/","name":"KSPNSZZ","description":"Krajowa Sekcja Po\u017carnictwa","potentialAction":[{"@type":"SearchAction","target":{"@type":"EntryPoint","urlTemplate":"http:\/\/kspnszz.org\/?s={search_term_string}"},"query-input":"required name=search_term_string"}],"inLanguage":"pl-PL"},{"@type":"Person","@id":"http:\/\/kspnszz.org\/#\/schema\/person\/31096cf196f706ef50ecbd878903cc13","name":"bartlomiej","image":{"@type":"ImageObject","inLanguage":"pl-PL","@id":"http:\/\/kspnszz.org\/#\/schema\/person\/image\/","url":"https:\/\/secure.gravatar.com\/avatar\/cb681656f150968eb94b73c62cf58e52?s=96&d=mm&r=g","contentUrl":"https:\/\/secure.gravatar.com\/avatar\/cb681656f150968eb94b73c62cf58e52?s=96&d=mm&r=g","caption":"bartlomiej"},"url":"https:\/\/kspnszz.org\/index.php\/author\/bartlomiej\/"}]}},"_links":{"self":[{"href":"https:\/\/kspnszz.org\/index.php\/wp-json\/wp\/v2\/posts\/2143"}],"collection":[{"href":"https:\/\/kspnszz.org\/index.php\/wp-json\/wp\/v2\/posts"}],"about":[{"href":"https:\/\/kspnszz.org\/index.php\/wp-json\/wp\/v2\/types\/post"}],"author":[{"embeddable":true,"href":"https:\/\/kspnszz.org\/index.php\/wp-json\/wp\/v2\/users\/2"}],"replies":[{"embeddable":true,"href":"https:\/\/kspnszz.org\/index.php\/wp-json\/wp\/v2\/comments?post=2143"}],"version-history":[{"count":3,"href":"https:\/\/kspnszz.org\/index.php\/wp-json\/wp\/v2\/posts\/2143\/revisions"}],"predecessor-version":[{"id":2152,"href":"https:\/\/kspnszz.org\/index.php\/wp-json\/wp\/v2\/posts\/2143\/revisions\/2152"}],"wp:featuredmedia":[{"embeddable":true,"href":"https:\/\/kspnszz.org\/index.php\/wp-json\/wp\/v2\/media\/2147"}],"wp:attachment":[{"href":"https:\/\/kspnszz.org\/index.php\/wp-json\/wp\/v2\/media?parent=2143"}],"wp:term":[{"taxonomy":"category","embeddable":true,"href":"https:\/\/kspnszz.org\/index.php\/wp-json\/wp\/v2\/categories?post=2143"},{"taxonomy":"post_tag","embeddable":true,"href":"https:\/\/kspnszz.org\/index.php\/wp-json\/wp\/v2\/tags?post=2143"}],"curies":[{"name":"wp","href":"https:\/\/api.w.org\/{rel}","templated":true}]}}