{"id":2082,"date":"2019-02-15T08:44:15","date_gmt":"2019-02-15T07:44:15","guid":{"rendered":"http:\/\/kspnszz.org\/?p=2082"},"modified":"2019-11-05T19:05:20","modified_gmt":"2019-11-05T18:05:20","slug":"komunikat-z-posiedzenia-prezydium-krajowej-sekcji-pozarnictwa-nszz-solidarnosc-12-02-2019-r","status":"publish","type":"post","link":"https:\/\/kspnszz.org\/index.php\/2019\/02\/15\/komunikat-z-posiedzenia-prezydium-krajowej-sekcji-pozarnictwa-nszz-solidarnosc-12-02-2019-r\/","title":{"rendered":"Komunikat z posiedzenia Prezydium Krajowej Sekcji Po\u017carnictwa NSZZ SOLIDARNO\u015a\u0106 12.02.2019 r."},"content":{"rendered":"<p>W dniu 12 lutego 2019 roku w Warszawie odby\u0142o si\u0119 posiedzenie Prezydium Krajowej Sekcji Po\u017carnictwa NSZZ SOLIDARNO\u015a\u0106. Celem posiedzenia by\u0142o om\u00f3wienie sytuacji w Pa\u0144stwowej Stra\u017cy Po\u017carnej oraz bie\u017c\u0105cych dzia\u0142a\u0144 podejmowanych przez KSP.<\/p>\n<p>W trakcie spotkania poruszono nast\u0119puj\u0105ce zagadnienia:<\/p>\n<ul>\n<li>Om\u00f3wiono spotkanie zwi\u0105zk\u00f3w zawodowych grupy wyszehradzkiej zrzeszaj\u0105cej poza NSZZ SOLIDARNO\u015a\u0106 centrale po\u017carniczych zwi\u0105zk\u00f3w zawodowych z Czech, S\u0142owacji, W\u0119gier. Spotkanie mia\u0142o na celu wymian\u0119 do\u015bwiadcze\u0144 w zakresie s\u0142u\u017cby w stra\u017cy po\u017carnej. Prezydium postanowi\u0142o rekomendowa\u0107 Radzie KSP kontynuacj\u0119 wsp\u00f3\u0142pracy i zorganizowanie nast\u0119pnej konferencji grupy w roku 2019;<\/li>\n<li>Om\u00f3wiono postulaty Komisji Krajowej NSZZ Solidarno\u015b\u0107 dotycz\u0105ce sfery bud\u017cetowej. Ustalono, \u017ce Przewodnicz\u0105cy KSP wyst\u0105pi z pro\u015bb\u0105 do Piotra Dudy o pilne spotkanie w celu om\u00f3wienia postulat\u00f3w, kt\u00f3re dotycz\u0105 tak\u017ce naszej s\u0142u\u017cby;<\/li>\n<li>W zwi\u0105zku ze zg\u0142oszeniem przez Komisj\u0119 Krajow\u0105 postulatu odmro\u017cenia waloryzacji p\u0142ac w sferze bud\u017cetowej Prezydium postanowi\u0142o rekomendowa\u0107 Radzie KSP podj\u0119cie na najbli\u017cszym posiedzeniu stanowiska w sprawie obj\u0119cia niniejszym rozwi\u0105zaniem PSP. W zwi\u0105zku z brakiem waloryzacji od wielu lat bud\u017cety poszczeg\u00f3lnych jednostek organizacyjnych PSP w ostatnich latach w zakresie bie\u017c\u0105cej dzia\u0142alno\u015bci (podnoszenie stanowisk s\u0142u\u017cbowych, awans\u00f3w w stopniach s\u0142u\u017cbowych itp.) s\u0105 bardzo ograniczone. W zwi\u0105zku z powy\u017cszym Prezydium postuluje urealnienie bud\u017cet\u00f3w jednostek organizacyjnych PSP w zakresie wydatk\u00f3w bie\u017c\u0105cych tak aby poszczeg\u00f3lni Komendanci mogli realizowa\u0107 bie\u017c\u0105c\u0105 polityk\u0119 kadrow\u0105 bez przeszk\u00f3d;<\/li>\n<li>Om\u00f3wiono proces wymiany ubra\u0144 specjalnych. Po otrzymaniu przez KSP sygna\u0142\u00f3w z r\u00f3\u017cnych cz\u0119\u015bci Polski o wadach i z\u0142ej jako\u015bci ubra\u0144 przekazano informacje bezpo\u015brednio Komendantowi G\u0142\u00f3wnemu Pa\u0144stwowej Stra\u017cy Po\u017carnej. Z informacji cz\u0142onk\u00f3w Prezydium Komenda G\u0142\u00f3wna podj\u0119\u0142a dzia\u0142ania sprawdzaj\u0105ce w powy\u017cszym zakresie. Przewodnicz\u0105cy KSP zobligowa\u0142 cz\u0142onk\u00f3w Prezydium do monitorowania sytuacji i przekazywaniu informacji w zakresie jako\u015bci \u015brodk\u00f3w ochrony indywidualnej. Za niew\u0142a\u015bciw\u0105 uznano r\u00f3wnie\u017c praktyk\u0119 stosowan\u0105 w niekt\u00f3rych komendach, gdzie ubrania specjalne nowego wzoru zalegaj\u0105 na magazynach. Uniemo\u017cliwia to wyrobienie opinii docelowych u\u017cytkownik\u00f3w pod k\u0105tem przygotowania kolejnych zakup\u00f3w ubra\u0144. Dodatkowo poruszono spraw\u0119 problem\u00f3w z okre\u015bleniem rodzaj\u00f3w dzia\u0142a\u0144 do jakich mo\u017cna u\u017cywa\u0107 poszczeg\u00f3lnych element\u00f3w ubrania specjalnego. Z informacji sp\u0142ywaj\u0105cych do Prezydium wynika, \u017ce w niekt\u00f3rych wojew\u00f3dztwach prze\u0142o\u017ceni zabraniaj\u0105 np. u\u017cywa\u0107 przy akcjach zwi\u0105zanych z ratownictwem technicznym\u00a0tzw. kurtki lekkiej. W przekonaniu cz\u0142onk\u00f3w Prezydium s\u0105 to b\u0142\u0119dne interpretacje dlatego postanowiono wyst\u0105pi\u0107 do Komendantowi G\u0142\u00f3wnego PSP o skierowanie do jednostek organizacyjnych pisma z jednoznacznymi wytycznymi w tym zakresie;<\/li>\n<li>Prezydium przeanalizowa\u0142o problem stawki za ponadnormatywny czas s\u0142u\u017cby w 2019roku. Z uwagi na tegoroczn\u0105 podwy\u017ck\u0119 uposa\u017ce\u0144 wzrasta r\u00f3wnie\u017c stawka za nadgodziny, jednak bud\u017cet w tym zakresie pozostaje niezmienny od wielu lat. Postanowiono rekomendowa\u0107 Radzie KSP podj\u0119cie stosownego stanowiska i jednoczesne zwr\u00f3cenie si\u0119 do Ministra Spraw Wewn\u0119trznych i Administracji o zwi\u0119kszenie \u015brodk\u00f3w na wyp\u0142at\u0119 za czas ponadnormatywny ju\u017c w 2019 roku;<\/li>\n<li>Przewodnicz\u0105cy KSP poinformowa\u0142 \u017ce Komenda G\u0142\u00f3wna PSP jest gotowa do powo\u0142ania zespo\u0142u do opracowania rozwi\u0105za\u0144 w zakresie czasu s\u0142u\u017cby stra\u017cak\u00f3w. Zesp\u00f3\u0142 rozpocznie prac\u0119 niezw\u0142ocznie po otrzymaniu odpowiedzi z pozosta\u0142ych zwi\u0105zk\u00f3w zawodowych dzia\u0142aj\u0105cych w PSP w sprawie wyznaczenia przedstawicieli do tego\u017c zespo\u0142u;<\/li>\n<li>Om\u00f3wiono dzia\u0142ania CFBT.PL promuj\u0105ce profilaktyk\u0119 antynowotworow\u0105 w\u015br\u00f3d stra\u017cak\u00f3w. Jedn\u0105 z inicjatyw by\u0142a m.in. promocja filmiku poruszaj\u0105cego t\u0105 problematyk\u0119 (jest on dost\u0119pny m.in. na profilach stronach i profilach spo\u0142eczno\u015bciowych stra\u017cackiej Solidarno\u015bci). W uzgodnieniu z przedstawicielami CFBT.PL Prezydium KSP wyst\u0105pi do Komendanta G\u0142\u00f3wnego PSP z pro\u015bb\u0105 o rozpowszechnianie filmu na wszystkich stronach internetowych jednostek organizacyjnych PSP;<\/li>\n<li>Om\u00f3wiono problemy zg\u0142oszone do KSP z poszczeg\u00f3lnych jednostek organizacyjnych zwi\u0105zku z terenu Polski. Wp\u0142yn\u0119\u0142y informacje z :\n<ul>\n<li>Komisji Zak\u0142adowej w Gda\u0144sku,<\/li>\n<li>Komisji Zak\u0142adowej w \u015awidnicy,<\/li>\n<li>Komisji Zak\u0142adowej w G\u0142ubczycach.<\/li>\n<\/ul>\n<\/li>\n<\/ul>\n<p>Wszystkie zg\u0142oszone sprawy zosta\u0142y om\u00f3wione\u00a0 i przekazane do wyja\u015bnienia cz\u0142onkom Prezydium Rady KSP.<\/p>\n<p>&nbsp;<\/p>\n<p>&nbsp;<\/p>\n","protected":false},"excerpt":{"rendered":"<p>W dniu 12 lutego 2019 roku w Warszawie odby\u0142o si\u0119 posiedzenie Prezydium Krajowej Sekcji Po\u017carnictwa NSZZ SOLIDARNO\u015a\u0106. Celem posiedzenia by\u0142o om\u00f3wienie sytuacji w Pa\u0144stwowej Stra\u017cy Po\u017carnej oraz bie\u017c\u0105cych dzia\u0142a\u0144 podejmowanych przez KSP. W trakcie spotkania poruszono nast\u0119puj\u0105ce zagadnienia: Om\u00f3wiono spotkanie zwi\u0105zk\u00f3w zawodowych grupy wyszehradzkiej zrzeszaj\u0105cej poza NSZZ SOLIDARNO\u015a\u0106 centrale po\u017carniczych zwi\u0105zk\u00f3w zawodowych z Czech, S\u0142owacji, &hellip;<\/p>\n","protected":false},"author":2,"featured_media":1178,"comment_status":"closed","ping_status":"closed","sticky":false,"template":"","format":"standard","meta":{"footnotes":""},"categories":[2,6],"tags":[],"yoast_head":"<!-- This site is optimized with the Yoast SEO plugin v22.7 - https:\/\/yoast.com\/wordpress\/plugins\/seo\/ -->\n<title>Komunikat z posiedzenia Prezydium Krajowej Sekcji Po\u017carnictwa NSZZ SOLIDARNO\u015a\u0106 12.02.2019 r. - KSPNSZZ<\/title>\n<meta name=\"robots\" content=\"index, follow, max-snippet:-1, max-image-preview:large, max-video-preview:-1\" \/>\n<link rel=\"canonical\" href=\"https:\/\/kspnszz.org\/index.php\/2019\/02\/15\/komunikat-z-posiedzenia-prezydium-krajowej-sekcji-pozarnictwa-nszz-solidarnosc-12-02-2019-r\/\" \/>\n<meta property=\"og:locale\" content=\"pl_PL\" \/>\n<meta property=\"og:type\" content=\"article\" \/>\n<meta property=\"og:title\" content=\"Komunikat z posiedzenia Prezydium Krajowej Sekcji Po\u017carnictwa NSZZ SOLIDARNO\u015a\u0106 12.02.2019 r. - KSPNSZZ\" \/>\n<meta property=\"og:description\" content=\"W dniu 12 lutego 2019 roku w Warszawie odby\u0142o si\u0119 posiedzenie Prezydium Krajowej Sekcji Po\u017carnictwa NSZZ SOLIDARNO\u015a\u0106. Celem posiedzenia by\u0142o om\u00f3wienie sytuacji w Pa\u0144stwowej Stra\u017cy Po\u017carnej oraz bie\u017c\u0105cych dzia\u0142a\u0144 podejmowanych przez KSP. W trakcie spotkania poruszono nast\u0119puj\u0105ce zagadnienia: Om\u00f3wiono spotkanie zwi\u0105zk\u00f3w zawodowych grupy wyszehradzkiej zrzeszaj\u0105cej poza NSZZ SOLIDARNO\u015a\u0106 centrale po\u017carniczych zwi\u0105zk\u00f3w zawodowych z Czech, S\u0142owacji, &hellip;\" \/>\n<meta property=\"og:url\" content=\"https:\/\/kspnszz.org\/index.php\/2019\/02\/15\/komunikat-z-posiedzenia-prezydium-krajowej-sekcji-pozarnictwa-nszz-solidarnosc-12-02-2019-r\/\" \/>\n<meta property=\"og:site_name\" content=\"KSPNSZZ\" \/>\n<meta property=\"article:published_time\" content=\"2019-02-15T07:44:15+00:00\" \/>\n<meta property=\"article:modified_time\" content=\"2019-11-05T18:05:20+00:00\" \/>\n<meta property=\"og:image\" content=\"https:\/\/kspnszz.org\/wp-content\/uploads\/2014\/06\/Fotolia_63290203_Subscription_Monthly_M.jpg\" \/>\n\t<meta property=\"og:image:width\" content=\"1687\" \/>\n\t<meta property=\"og:image:height\" content=\"1126\" \/>\n\t<meta property=\"og:image:type\" content=\"image\/jpeg\" \/>\n<meta name=\"author\" content=\"bartlomiej\" \/>\n<meta name=\"twitter:card\" content=\"summary_large_image\" \/>\n<meta name=\"twitter:label1\" content=\"Napisane przez\" \/>\n\t<meta name=\"twitter:data1\" content=\"bartlomiej\" \/>\n\t<meta name=\"twitter:label2\" content=\"Szacowany czas czytania\" \/>\n\t<meta name=\"twitter:data2\" content=\"4 minuty\" \/>\n<script type=\"application\/ld+json\" class=\"yoast-schema-graph\">{\"@context\":\"https:\/\/schema.org\",\"@graph\":[{\"@type\":\"WebPage\",\"@id\":\"https:\/\/kspnszz.org\/index.php\/2019\/02\/15\/komunikat-z-posiedzenia-prezydium-krajowej-sekcji-pozarnictwa-nszz-solidarnosc-12-02-2019-r\/\",\"url\":\"https:\/\/kspnszz.org\/index.php\/2019\/02\/15\/komunikat-z-posiedzenia-prezydium-krajowej-sekcji-pozarnictwa-nszz-solidarnosc-12-02-2019-r\/\",\"name\":\"Komunikat z posiedzenia Prezydium Krajowej Sekcji Po\u017carnictwa NSZZ SOLIDARNO\u015a\u0106 12.02.2019 r. - KSPNSZZ\",\"isPartOf\":{\"@id\":\"http:\/\/kspnszz.org\/#website\"},\"primaryImageOfPage\":{\"@id\":\"https:\/\/kspnszz.org\/index.php\/2019\/02\/15\/komunikat-z-posiedzenia-prezydium-krajowej-sekcji-pozarnictwa-nszz-solidarnosc-12-02-2019-r\/#primaryimage\"},\"image\":{\"@id\":\"https:\/\/kspnszz.org\/index.php\/2019\/02\/15\/komunikat-z-posiedzenia-prezydium-krajowej-sekcji-pozarnictwa-nszz-solidarnosc-12-02-2019-r\/#primaryimage\"},\"thumbnailUrl\":\"https:\/\/kspnszz.org\/wp-content\/uploads\/2014\/06\/Fotolia_63290203_Subscription_Monthly_M.jpg\",\"datePublished\":\"2019-02-15T07:44:15+00:00\",\"dateModified\":\"2019-11-05T18:05:20+00:00\",\"author\":{\"@id\":\"http:\/\/kspnszz.org\/#\/schema\/person\/31096cf196f706ef50ecbd878903cc13\"},\"breadcrumb\":{\"@id\":\"https:\/\/kspnszz.org\/index.php\/2019\/02\/15\/komunikat-z-posiedzenia-prezydium-krajowej-sekcji-pozarnictwa-nszz-solidarnosc-12-02-2019-r\/#breadcrumb\"},\"inLanguage\":\"pl-PL\",\"potentialAction\":[{\"@type\":\"ReadAction\",\"target\":[\"https:\/\/kspnszz.org\/index.php\/2019\/02\/15\/komunikat-z-posiedzenia-prezydium-krajowej-sekcji-pozarnictwa-nszz-solidarnosc-12-02-2019-r\/\"]}]},{\"@type\":\"ImageObject\",\"inLanguage\":\"pl-PL\",\"@id\":\"https:\/\/kspnszz.org\/index.php\/2019\/02\/15\/komunikat-z-posiedzenia-prezydium-krajowej-sekcji-pozarnictwa-nszz-solidarnosc-12-02-2019-r\/#primaryimage\",\"url\":\"https:\/\/kspnszz.org\/wp-content\/uploads\/2014\/06\/Fotolia_63290203_Subscription_Monthly_M.jpg\",\"contentUrl\":\"https:\/\/kspnszz.org\/wp-content\/uploads\/2014\/06\/Fotolia_63290203_Subscription_Monthly_M.jpg\",\"width\":1687,\"height\":1126,\"caption\":\"Man signing a document or writing correspondence with a close up view of his hand with the pen and sheet of notepaper on a desk top. With retro filter effect.\"},{\"@type\":\"BreadcrumbList\",\"@id\":\"https:\/\/kspnszz.org\/index.php\/2019\/02\/15\/komunikat-z-posiedzenia-prezydium-krajowej-sekcji-pozarnictwa-nszz-solidarnosc-12-02-2019-r\/#breadcrumb\",\"itemListElement\":[{\"@type\":\"ListItem\",\"position\":1,\"name\":\"Strona g\u0142\u00f3wna\",\"item\":\"http:\/\/kspnszz.org\/\"},{\"@type\":\"ListItem\",\"position\":2,\"name\":\"Komunikat z posiedzenia Prezydium Krajowej Sekcji Po\u017carnictwa NSZZ SOLIDARNO\u015a\u0106 12.02.2019 r.\"}]},{\"@type\":\"WebSite\",\"@id\":\"http:\/\/kspnszz.org\/#website\",\"url\":\"http:\/\/kspnszz.org\/\",\"name\":\"KSPNSZZ\",\"description\":\"Krajowa Sekcja Po\u017carnictwa\",\"potentialAction\":[{\"@type\":\"SearchAction\",\"target\":{\"@type\":\"EntryPoint\",\"urlTemplate\":\"http:\/\/kspnszz.org\/?s={search_term_string}\"},\"query-input\":\"required name=search_term_string\"}],\"inLanguage\":\"pl-PL\"},{\"@type\":\"Person\",\"@id\":\"http:\/\/kspnszz.org\/#\/schema\/person\/31096cf196f706ef50ecbd878903cc13\",\"name\":\"bartlomiej\",\"image\":{\"@type\":\"ImageObject\",\"inLanguage\":\"pl-PL\",\"@id\":\"http:\/\/kspnszz.org\/#\/schema\/person\/image\/\",\"url\":\"https:\/\/secure.gravatar.com\/avatar\/cb681656f150968eb94b73c62cf58e52?s=96&d=mm&r=g\",\"contentUrl\":\"https:\/\/secure.gravatar.com\/avatar\/cb681656f150968eb94b73c62cf58e52?s=96&d=mm&r=g\",\"caption\":\"bartlomiej\"},\"url\":\"https:\/\/kspnszz.org\/index.php\/author\/bartlomiej\/\"}]}<\/script>\n<!-- \/ Yoast SEO plugin. -->","yoast_head_json":{"title":"Komunikat z posiedzenia Prezydium Krajowej Sekcji Po\u017carnictwa NSZZ SOLIDARNO\u015a\u0106 12.02.2019 r. - KSPNSZZ","robots":{"index":"index","follow":"follow","max-snippet":"max-snippet:-1","max-image-preview":"max-image-preview:large","max-video-preview":"max-video-preview:-1"},"canonical":"https:\/\/kspnszz.org\/index.php\/2019\/02\/15\/komunikat-z-posiedzenia-prezydium-krajowej-sekcji-pozarnictwa-nszz-solidarnosc-12-02-2019-r\/","og_locale":"pl_PL","og_type":"article","og_title":"Komunikat z posiedzenia Prezydium Krajowej Sekcji Po\u017carnictwa NSZZ SOLIDARNO\u015a\u0106 12.02.2019 r. - KSPNSZZ","og_description":"W dniu 12 lutego 2019 roku w Warszawie odby\u0142o si\u0119 posiedzenie Prezydium Krajowej Sekcji Po\u017carnictwa NSZZ SOLIDARNO\u015a\u0106. Celem posiedzenia by\u0142o om\u00f3wienie sytuacji w Pa\u0144stwowej Stra\u017cy Po\u017carnej oraz bie\u017c\u0105cych dzia\u0142a\u0144 podejmowanych przez KSP. W trakcie spotkania poruszono nast\u0119puj\u0105ce zagadnienia: Om\u00f3wiono spotkanie zwi\u0105zk\u00f3w zawodowych grupy wyszehradzkiej zrzeszaj\u0105cej poza NSZZ SOLIDARNO\u015a\u0106 centrale po\u017carniczych zwi\u0105zk\u00f3w zawodowych z Czech, S\u0142owacji, &hellip;","og_url":"https:\/\/kspnszz.org\/index.php\/2019\/02\/15\/komunikat-z-posiedzenia-prezydium-krajowej-sekcji-pozarnictwa-nszz-solidarnosc-12-02-2019-r\/","og_site_name":"KSPNSZZ","article_published_time":"2019-02-15T07:44:15+00:00","article_modified_time":"2019-11-05T18:05:20+00:00","og_image":[{"width":1687,"height":1126,"url":"https:\/\/kspnszz.org\/wp-content\/uploads\/2014\/06\/Fotolia_63290203_Subscription_Monthly_M.jpg","type":"image\/jpeg"}],"author":"bartlomiej","twitter_card":"summary_large_image","twitter_misc":{"Napisane przez":"bartlomiej","Szacowany czas czytania":"4 minuty"},"schema":{"@context":"https:\/\/schema.org","@graph":[{"@type":"WebPage","@id":"https:\/\/kspnszz.org\/index.php\/2019\/02\/15\/komunikat-z-posiedzenia-prezydium-krajowej-sekcji-pozarnictwa-nszz-solidarnosc-12-02-2019-r\/","url":"https:\/\/kspnszz.org\/index.php\/2019\/02\/15\/komunikat-z-posiedzenia-prezydium-krajowej-sekcji-pozarnictwa-nszz-solidarnosc-12-02-2019-r\/","name":"Komunikat z posiedzenia Prezydium Krajowej Sekcji Po\u017carnictwa NSZZ SOLIDARNO\u015a\u0106 12.02.2019 r. - KSPNSZZ","isPartOf":{"@id":"http:\/\/kspnszz.org\/#website"},"primaryImageOfPage":{"@id":"https:\/\/kspnszz.org\/index.php\/2019\/02\/15\/komunikat-z-posiedzenia-prezydium-krajowej-sekcji-pozarnictwa-nszz-solidarnosc-12-02-2019-r\/#primaryimage"},"image":{"@id":"https:\/\/kspnszz.org\/index.php\/2019\/02\/15\/komunikat-z-posiedzenia-prezydium-krajowej-sekcji-pozarnictwa-nszz-solidarnosc-12-02-2019-r\/#primaryimage"},"thumbnailUrl":"https:\/\/kspnszz.org\/wp-content\/uploads\/2014\/06\/Fotolia_63290203_Subscription_Monthly_M.jpg","datePublished":"2019-02-15T07:44:15+00:00","dateModified":"2019-11-05T18:05:20+00:00","author":{"@id":"http:\/\/kspnszz.org\/#\/schema\/person\/31096cf196f706ef50ecbd878903cc13"},"breadcrumb":{"@id":"https:\/\/kspnszz.org\/index.php\/2019\/02\/15\/komunikat-z-posiedzenia-prezydium-krajowej-sekcji-pozarnictwa-nszz-solidarnosc-12-02-2019-r\/#breadcrumb"},"inLanguage":"pl-PL","potentialAction":[{"@type":"ReadAction","target":["https:\/\/kspnszz.org\/index.php\/2019\/02\/15\/komunikat-z-posiedzenia-prezydium-krajowej-sekcji-pozarnictwa-nszz-solidarnosc-12-02-2019-r\/"]}]},{"@type":"ImageObject","inLanguage":"pl-PL","@id":"https:\/\/kspnszz.org\/index.php\/2019\/02\/15\/komunikat-z-posiedzenia-prezydium-krajowej-sekcji-pozarnictwa-nszz-solidarnosc-12-02-2019-r\/#primaryimage","url":"https:\/\/kspnszz.org\/wp-content\/uploads\/2014\/06\/Fotolia_63290203_Subscription_Monthly_M.jpg","contentUrl":"https:\/\/kspnszz.org\/wp-content\/uploads\/2014\/06\/Fotolia_63290203_Subscription_Monthly_M.jpg","width":1687,"height":1126,"caption":"Man signing a document or writing correspondence with a close up view of his hand with the pen and sheet of notepaper on a desk top. With retro filter effect."},{"@type":"BreadcrumbList","@id":"https:\/\/kspnszz.org\/index.php\/2019\/02\/15\/komunikat-z-posiedzenia-prezydium-krajowej-sekcji-pozarnictwa-nszz-solidarnosc-12-02-2019-r\/#breadcrumb","itemListElement":[{"@type":"ListItem","position":1,"name":"Strona g\u0142\u00f3wna","item":"http:\/\/kspnszz.org\/"},{"@type":"ListItem","position":2,"name":"Komunikat z posiedzenia Prezydium Krajowej Sekcji Po\u017carnictwa NSZZ SOLIDARNO\u015a\u0106 12.02.2019 r."}]},{"@type":"WebSite","@id":"http:\/\/kspnszz.org\/#website","url":"http:\/\/kspnszz.org\/","name":"KSPNSZZ","description":"Krajowa Sekcja Po\u017carnictwa","potentialAction":[{"@type":"SearchAction","target":{"@type":"EntryPoint","urlTemplate":"http:\/\/kspnszz.org\/?s={search_term_string}"},"query-input":"required name=search_term_string"}],"inLanguage":"pl-PL"},{"@type":"Person","@id":"http:\/\/kspnszz.org\/#\/schema\/person\/31096cf196f706ef50ecbd878903cc13","name":"bartlomiej","image":{"@type":"ImageObject","inLanguage":"pl-PL","@id":"http:\/\/kspnszz.org\/#\/schema\/person\/image\/","url":"https:\/\/secure.gravatar.com\/avatar\/cb681656f150968eb94b73c62cf58e52?s=96&d=mm&r=g","contentUrl":"https:\/\/secure.gravatar.com\/avatar\/cb681656f150968eb94b73c62cf58e52?s=96&d=mm&r=g","caption":"bartlomiej"},"url":"https:\/\/kspnszz.org\/index.php\/author\/bartlomiej\/"}]}},"_links":{"self":[{"href":"https:\/\/kspnszz.org\/index.php\/wp-json\/wp\/v2\/posts\/2082"}],"collection":[{"href":"https:\/\/kspnszz.org\/index.php\/wp-json\/wp\/v2\/posts"}],"about":[{"href":"https:\/\/kspnszz.org\/index.php\/wp-json\/wp\/v2\/types\/post"}],"author":[{"embeddable":true,"href":"https:\/\/kspnszz.org\/index.php\/wp-json\/wp\/v2\/users\/2"}],"replies":[{"embeddable":true,"href":"https:\/\/kspnszz.org\/index.php\/wp-json\/wp\/v2\/comments?post=2082"}],"version-history":[{"count":2,"href":"https:\/\/kspnszz.org\/index.php\/wp-json\/wp\/v2\/posts\/2082\/revisions"}],"predecessor-version":[{"id":2084,"href":"https:\/\/kspnszz.org\/index.php\/wp-json\/wp\/v2\/posts\/2082\/revisions\/2084"}],"wp:featuredmedia":[{"embeddable":true,"href":"https:\/\/kspnszz.org\/index.php\/wp-json\/wp\/v2\/media\/1178"}],"wp:attachment":[{"href":"https:\/\/kspnszz.org\/index.php\/wp-json\/wp\/v2\/media?parent=2082"}],"wp:term":[{"taxonomy":"category","embeddable":true,"href":"https:\/\/kspnszz.org\/index.php\/wp-json\/wp\/v2\/categories?post=2082"},{"taxonomy":"post_tag","embeddable":true,"href":"https:\/\/kspnszz.org\/index.php\/wp-json\/wp\/v2\/tags?post=2082"}],"curies":[{"name":"wp","href":"https:\/\/api.w.org\/{rel}","templated":true}]}}