{"id":2010,"date":"2018-12-13T12:18:27","date_gmt":"2018-12-13T11:18:27","guid":{"rendered":"http:\/\/kspnszz.org\/?p=2010"},"modified":"2018-12-13T12:19:46","modified_gmt":"2018-12-13T11:19:46","slug":"komunikat-ze-spotkania-z-komendantem-glownym-panstwowej-strazy-pozarnej","status":"publish","type":"post","link":"https:\/\/kspnszz.org\/index.php\/2018\/12\/13\/komunikat-ze-spotkania-z-komendantem-glownym-panstwowej-strazy-pozarnej\/","title":{"rendered":"Komunikat ze spotkania z Komendantem G\u0142\u00f3wnym Pa\u0144stwowej Stra\u017cy Po\u017carnej"},"content":{"rendered":"<p>W dniu 12 grudnia 2018 roku w Warszawie odby\u0142o si\u0119 spotkanie przedstawicieli Krajowej Sekcji Po\u017carnictwa NSZZ SOLIDARNO\u015a\u0106 z\u00a0Komendantem G\u0142\u00f3wnym gen. brygadierem Leszkiem Suskim. Krajow\u0105 Sekcj\u0119 Po\u017carnictwa NSZZ Solidarno\u015b\u0107 na spotkaniu reprezentowali Krzysztof Andura oraz Bart\u0142omiej Mickiewicz.<\/p>\n<p>Podczas spotkania, poza bie\u017c\u0105cymi sprawami dotycz\u0105cymi wsp\u00f3\u0142pracy Komendanta G\u0142\u00f3wnego ze zwi\u0105zkami zawodowymi, om\u00f3wiono nast\u0119puj\u0105ce kwestie:<\/p>\n<ul>\n<li>Komendant G\u0142\u00f3wny om\u00f3wi\u0142 proces wdra\u017cania przepisu kwalifikacyjnego w PSP. Poinformowa\u0142, \u017ce trwaj\u0105 prace zmierzaj\u0105ce do jak najszybszego wprowadzenia Rozporz\u0105dzenia w \u017cycie. Przedstawiciele NSZZ SOLIDARNO\u015a\u0106 poinformowali, \u017ce przepis ten jest bardzo oczekiwany w \u015brodowisku stra\u017cak\u00f3w i dlatego liczymy na jak najszybsze doprowadzenie tych prac do ko\u0144ca.<\/li>\n<li>W zwi\u0105zku z pytaniami dotycz\u0105cymi rozdzia\u0142u \u015brodk\u00f3w na podwy\u017cki uposa\u017ce\u0144 w roku 2019 Komendant G\u0142\u00f3wny PSP poinformowa\u0142, \u017ce do MSWiA trafi\u0142 ju\u017c konkretny projekt Rozporz\u0105dzenia dotycz\u0105cego rozdzia\u0142u \u015brodk\u00f3w na podwy\u017cki. \u015arodki zgodnie z wcze\u015bniejszymi za\u0142o\u017ceniami oraz ze stanowiskiem strony zwi\u0105zkowej zostan\u0105 rozdysponowane w kwocie 520 PLN do grupy zaszeregowania, pozosta\u0142a cz\u0119\u015b\u0107 trafi tak\u017ce do stra\u017cak\u00f3w jako wzrost z tytu\u0142u wys\u0142ugi lat (\u015brednio 80 PLN) oraz jako wzrost nagrody rocznej (55 PLN).<\/li>\n<li>Przedstawiciele Krajowej Sekcji Po\u017carnictwa przypomnieli o\u00a0problemie rozliczania czasu s\u0142u\u017cby stra\u017cak\u00f3w odbywaj\u0105cych szkolenia. Zdaniem KSP niesprawiedliwe jest rozliczanie czasu s\u0142u\u017cby dw\u00f3ch stra\u017cak\u00f3w przebywaj\u0105cych na tym samym szkoleniu w tym samym czasie w innym dla ka\u017cdego wymiarze godzinowym. Podkre\u015blono tak\u017ce, \u017ce aby ten problem rozwi\u0105za\u0107 konieczna jest zmiana rozporz\u0105dzenia w\u00a0sprawie pe\u0142nienia s\u0142u\u017cby przez stra\u017cak\u00f3w Pa\u0144stwowej Stra\u017cy Po\u017carnej. Z uwagi na to Komendant G\u0142\u00f3wny poinformowa\u0142, i\u017c jeszcze w 2018 roku zostanie powo\u0142any zesp\u00f3\u0142 s\u0142u\u017cbowo-zwi\u0105zkowy, kt\u00f3ry wypracuje i zarekomenduje Komendantowi G\u0142\u00f3wnemu konkretne rozwi\u0105zania w tym zakresie.<\/li>\n<\/ul>\n","protected":false},"excerpt":{"rendered":"<p>W dniu 12 grudnia 2018 roku w Warszawie odby\u0142o si\u0119 spotkanie przedstawicieli Krajowej Sekcji Po\u017carnictwa NSZZ SOLIDARNO\u015a\u0106 z\u00a0Komendantem G\u0142\u00f3wnym gen. brygadierem Leszkiem Suskim. Krajow\u0105 Sekcj\u0119 Po\u017carnictwa NSZZ Solidarno\u015b\u0107 na spotkaniu reprezentowali Krzysztof Andura oraz Bart\u0142omiej Mickiewicz. Podczas spotkania, poza bie\u017c\u0105cymi sprawami dotycz\u0105cymi wsp\u00f3\u0142pracy Komendanta G\u0142\u00f3wnego ze zwi\u0105zkami zawodowymi, om\u00f3wiono nast\u0119puj\u0105ce kwestie: Komendant G\u0142\u00f3wny om\u00f3wi\u0142 proces &hellip;<\/p>\n","protected":false},"author":2,"featured_media":1204,"comment_status":"closed","ping_status":"closed","sticky":false,"template":"","format":"standard","meta":{"footnotes":""},"categories":[2],"tags":[],"yoast_head":"<!-- This site is optimized with the Yoast SEO plugin v22.7 - https:\/\/yoast.com\/wordpress\/plugins\/seo\/ -->\n<title>Komunikat ze spotkania z Komendantem G\u0142\u00f3wnym Pa\u0144stwowej Stra\u017cy Po\u017carnej - KSPNSZZ<\/title>\n<meta name=\"robots\" content=\"index, follow, max-snippet:-1, max-image-preview:large, max-video-preview:-1\" \/>\n<link rel=\"canonical\" href=\"http:\/\/kspnszz.org\/index.php\/2018\/12\/13\/komunikat-ze-spotkania-z-komendantem-glownym-panstwowej-strazy-pozarnej\/\" \/>\n<meta property=\"og:locale\" content=\"pl_PL\" \/>\n<meta property=\"og:type\" content=\"article\" \/>\n<meta property=\"og:title\" content=\"Komunikat ze spotkania z Komendantem G\u0142\u00f3wnym Pa\u0144stwowej Stra\u017cy Po\u017carnej - KSPNSZZ\" \/>\n<meta property=\"og:description\" content=\"W dniu 12 grudnia 2018 roku w Warszawie odby\u0142o si\u0119 spotkanie przedstawicieli Krajowej Sekcji Po\u017carnictwa NSZZ SOLIDARNO\u015a\u0106 z\u00a0Komendantem G\u0142\u00f3wnym gen. brygadierem Leszkiem Suskim. Krajow\u0105 Sekcj\u0119 Po\u017carnictwa NSZZ Solidarno\u015b\u0107 na spotkaniu reprezentowali Krzysztof Andura oraz Bart\u0142omiej Mickiewicz. Podczas spotkania, poza bie\u017c\u0105cymi sprawami dotycz\u0105cymi wsp\u00f3\u0142pracy Komendanta G\u0142\u00f3wnego ze zwi\u0105zkami zawodowymi, om\u00f3wiono nast\u0119puj\u0105ce kwestie: Komendant G\u0142\u00f3wny om\u00f3wi\u0142 proces &hellip;\" \/>\n<meta property=\"og:url\" content=\"http:\/\/kspnszz.org\/index.php\/2018\/12\/13\/komunikat-ze-spotkania-z-komendantem-glownym-panstwowej-strazy-pozarnej\/\" \/>\n<meta property=\"og:site_name\" content=\"KSPNSZZ\" \/>\n<meta property=\"article:published_time\" content=\"2018-12-13T11:18:27+00:00\" \/>\n<meta property=\"article:modified_time\" content=\"2018-12-13T11:19:46+00:00\" \/>\n<meta property=\"og:image\" content=\"http:\/\/kspnszz.org\/wp-content\/uploads\/2016\/03\/PSP-logo.png\" \/>\n\t<meta property=\"og:image:width\" content=\"500\" \/>\n\t<meta property=\"og:image:height\" content=\"584\" \/>\n\t<meta property=\"og:image:type\" content=\"image\/png\" \/>\n<meta name=\"author\" content=\"bartlomiej\" \/>\n<meta name=\"twitter:card\" content=\"summary_large_image\" \/>\n<meta name=\"twitter:label1\" content=\"Napisane przez\" \/>\n\t<meta name=\"twitter:data1\" content=\"bartlomiej\" \/>\n\t<meta name=\"twitter:label2\" content=\"Szacowany czas czytania\" \/>\n\t<meta name=\"twitter:data2\" content=\"2 minuty\" \/>\n<script type=\"application\/ld+json\" class=\"yoast-schema-graph\">{\"@context\":\"https:\/\/schema.org\",\"@graph\":[{\"@type\":\"WebPage\",\"@id\":\"http:\/\/kspnszz.org\/index.php\/2018\/12\/13\/komunikat-ze-spotkania-z-komendantem-glownym-panstwowej-strazy-pozarnej\/\",\"url\":\"http:\/\/kspnszz.org\/index.php\/2018\/12\/13\/komunikat-ze-spotkania-z-komendantem-glownym-panstwowej-strazy-pozarnej\/\",\"name\":\"Komunikat ze spotkania z Komendantem G\u0142\u00f3wnym Pa\u0144stwowej Stra\u017cy Po\u017carnej - KSPNSZZ\",\"isPartOf\":{\"@id\":\"http:\/\/kspnszz.org\/#website\"},\"primaryImageOfPage\":{\"@id\":\"http:\/\/kspnszz.org\/index.php\/2018\/12\/13\/komunikat-ze-spotkania-z-komendantem-glownym-panstwowej-strazy-pozarnej\/#primaryimage\"},\"image\":{\"@id\":\"http:\/\/kspnszz.org\/index.php\/2018\/12\/13\/komunikat-ze-spotkania-z-komendantem-glownym-panstwowej-strazy-pozarnej\/#primaryimage\"},\"thumbnailUrl\":\"https:\/\/kspnszz.org\/wp-content\/uploads\/2016\/03\/PSP-logo.png\",\"datePublished\":\"2018-12-13T11:18:27+00:00\",\"dateModified\":\"2018-12-13T11:19:46+00:00\",\"author\":{\"@id\":\"http:\/\/kspnszz.org\/#\/schema\/person\/31096cf196f706ef50ecbd878903cc13\"},\"breadcrumb\":{\"@id\":\"http:\/\/kspnszz.org\/index.php\/2018\/12\/13\/komunikat-ze-spotkania-z-komendantem-glownym-panstwowej-strazy-pozarnej\/#breadcrumb\"},\"inLanguage\":\"pl-PL\",\"potentialAction\":[{\"@type\":\"ReadAction\",\"target\":[\"http:\/\/kspnszz.org\/index.php\/2018\/12\/13\/komunikat-ze-spotkania-z-komendantem-glownym-panstwowej-strazy-pozarnej\/\"]}]},{\"@type\":\"ImageObject\",\"inLanguage\":\"pl-PL\",\"@id\":\"http:\/\/kspnszz.org\/index.php\/2018\/12\/13\/komunikat-ze-spotkania-z-komendantem-glownym-panstwowej-strazy-pozarnej\/#primaryimage\",\"url\":\"https:\/\/kspnszz.org\/wp-content\/uploads\/2016\/03\/PSP-logo.png\",\"contentUrl\":\"https:\/\/kspnszz.org\/wp-content\/uploads\/2016\/03\/PSP-logo.png\",\"width\":500,\"height\":584},{\"@type\":\"BreadcrumbList\",\"@id\":\"http:\/\/kspnszz.org\/index.php\/2018\/12\/13\/komunikat-ze-spotkania-z-komendantem-glownym-panstwowej-strazy-pozarnej\/#breadcrumb\",\"itemListElement\":[{\"@type\":\"ListItem\",\"position\":1,\"name\":\"Strona g\u0142\u00f3wna\",\"item\":\"http:\/\/kspnszz.org\/\"},{\"@type\":\"ListItem\",\"position\":2,\"name\":\"Komunikat ze spotkania z Komendantem G\u0142\u00f3wnym Pa\u0144stwowej Stra\u017cy Po\u017carnej\"}]},{\"@type\":\"WebSite\",\"@id\":\"http:\/\/kspnszz.org\/#website\",\"url\":\"http:\/\/kspnszz.org\/\",\"name\":\"KSPNSZZ\",\"description\":\"Krajowa Sekcja Po\u017carnictwa\",\"potentialAction\":[{\"@type\":\"SearchAction\",\"target\":{\"@type\":\"EntryPoint\",\"urlTemplate\":\"http:\/\/kspnszz.org\/?s={search_term_string}\"},\"query-input\":\"required name=search_term_string\"}],\"inLanguage\":\"pl-PL\"},{\"@type\":\"Person\",\"@id\":\"http:\/\/kspnszz.org\/#\/schema\/person\/31096cf196f706ef50ecbd878903cc13\",\"name\":\"bartlomiej\",\"image\":{\"@type\":\"ImageObject\",\"inLanguage\":\"pl-PL\",\"@id\":\"http:\/\/kspnszz.org\/#\/schema\/person\/image\/\",\"url\":\"https:\/\/secure.gravatar.com\/avatar\/cb681656f150968eb94b73c62cf58e52?s=96&d=mm&r=g\",\"contentUrl\":\"https:\/\/secure.gravatar.com\/avatar\/cb681656f150968eb94b73c62cf58e52?s=96&d=mm&r=g\",\"caption\":\"bartlomiej\"},\"url\":\"https:\/\/kspnszz.org\/index.php\/author\/bartlomiej\/\"}]}<\/script>\n<!-- \/ Yoast SEO plugin. -->","yoast_head_json":{"title":"Komunikat ze spotkania z Komendantem G\u0142\u00f3wnym Pa\u0144stwowej Stra\u017cy Po\u017carnej - KSPNSZZ","robots":{"index":"index","follow":"follow","max-snippet":"max-snippet:-1","max-image-preview":"max-image-preview:large","max-video-preview":"max-video-preview:-1"},"canonical":"http:\/\/kspnszz.org\/index.php\/2018\/12\/13\/komunikat-ze-spotkania-z-komendantem-glownym-panstwowej-strazy-pozarnej\/","og_locale":"pl_PL","og_type":"article","og_title":"Komunikat ze spotkania z Komendantem G\u0142\u00f3wnym Pa\u0144stwowej Stra\u017cy Po\u017carnej - KSPNSZZ","og_description":"W dniu 12 grudnia 2018 roku w Warszawie odby\u0142o si\u0119 spotkanie przedstawicieli Krajowej Sekcji Po\u017carnictwa NSZZ SOLIDARNO\u015a\u0106 z\u00a0Komendantem G\u0142\u00f3wnym gen. brygadierem Leszkiem Suskim. Krajow\u0105 Sekcj\u0119 Po\u017carnictwa NSZZ Solidarno\u015b\u0107 na spotkaniu reprezentowali Krzysztof Andura oraz Bart\u0142omiej Mickiewicz. Podczas spotkania, poza bie\u017c\u0105cymi sprawami dotycz\u0105cymi wsp\u00f3\u0142pracy Komendanta G\u0142\u00f3wnego ze zwi\u0105zkami zawodowymi, om\u00f3wiono nast\u0119puj\u0105ce kwestie: Komendant G\u0142\u00f3wny om\u00f3wi\u0142 proces &hellip;","og_url":"http:\/\/kspnszz.org\/index.php\/2018\/12\/13\/komunikat-ze-spotkania-z-komendantem-glownym-panstwowej-strazy-pozarnej\/","og_site_name":"KSPNSZZ","article_published_time":"2018-12-13T11:18:27+00:00","article_modified_time":"2018-12-13T11:19:46+00:00","og_image":[{"width":500,"height":584,"url":"http:\/\/kspnszz.org\/wp-content\/uploads\/2016\/03\/PSP-logo.png","type":"image\/png"}],"author":"bartlomiej","twitter_card":"summary_large_image","twitter_misc":{"Napisane przez":"bartlomiej","Szacowany czas czytania":"2 minuty"},"schema":{"@context":"https:\/\/schema.org","@graph":[{"@type":"WebPage","@id":"http:\/\/kspnszz.org\/index.php\/2018\/12\/13\/komunikat-ze-spotkania-z-komendantem-glownym-panstwowej-strazy-pozarnej\/","url":"http:\/\/kspnszz.org\/index.php\/2018\/12\/13\/komunikat-ze-spotkania-z-komendantem-glownym-panstwowej-strazy-pozarnej\/","name":"Komunikat ze spotkania z Komendantem G\u0142\u00f3wnym Pa\u0144stwowej Stra\u017cy Po\u017carnej - KSPNSZZ","isPartOf":{"@id":"http:\/\/kspnszz.org\/#website"},"primaryImageOfPage":{"@id":"http:\/\/kspnszz.org\/index.php\/2018\/12\/13\/komunikat-ze-spotkania-z-komendantem-glownym-panstwowej-strazy-pozarnej\/#primaryimage"},"image":{"@id":"http:\/\/kspnszz.org\/index.php\/2018\/12\/13\/komunikat-ze-spotkania-z-komendantem-glownym-panstwowej-strazy-pozarnej\/#primaryimage"},"thumbnailUrl":"https:\/\/kspnszz.org\/wp-content\/uploads\/2016\/03\/PSP-logo.png","datePublished":"2018-12-13T11:18:27+00:00","dateModified":"2018-12-13T11:19:46+00:00","author":{"@id":"http:\/\/kspnszz.org\/#\/schema\/person\/31096cf196f706ef50ecbd878903cc13"},"breadcrumb":{"@id":"http:\/\/kspnszz.org\/index.php\/2018\/12\/13\/komunikat-ze-spotkania-z-komendantem-glownym-panstwowej-strazy-pozarnej\/#breadcrumb"},"inLanguage":"pl-PL","potentialAction":[{"@type":"ReadAction","target":["http:\/\/kspnszz.org\/index.php\/2018\/12\/13\/komunikat-ze-spotkania-z-komendantem-glownym-panstwowej-strazy-pozarnej\/"]}]},{"@type":"ImageObject","inLanguage":"pl-PL","@id":"http:\/\/kspnszz.org\/index.php\/2018\/12\/13\/komunikat-ze-spotkania-z-komendantem-glownym-panstwowej-strazy-pozarnej\/#primaryimage","url":"https:\/\/kspnszz.org\/wp-content\/uploads\/2016\/03\/PSP-logo.png","contentUrl":"https:\/\/kspnszz.org\/wp-content\/uploads\/2016\/03\/PSP-logo.png","width":500,"height":584},{"@type":"BreadcrumbList","@id":"http:\/\/kspnszz.org\/index.php\/2018\/12\/13\/komunikat-ze-spotkania-z-komendantem-glownym-panstwowej-strazy-pozarnej\/#breadcrumb","itemListElement":[{"@type":"ListItem","position":1,"name":"Strona g\u0142\u00f3wna","item":"http:\/\/kspnszz.org\/"},{"@type":"ListItem","position":2,"name":"Komunikat ze spotkania z Komendantem G\u0142\u00f3wnym Pa\u0144stwowej Stra\u017cy Po\u017carnej"}]},{"@type":"WebSite","@id":"http:\/\/kspnszz.org\/#website","url":"http:\/\/kspnszz.org\/","name":"KSPNSZZ","description":"Krajowa Sekcja Po\u017carnictwa","potentialAction":[{"@type":"SearchAction","target":{"@type":"EntryPoint","urlTemplate":"http:\/\/kspnszz.org\/?s={search_term_string}"},"query-input":"required name=search_term_string"}],"inLanguage":"pl-PL"},{"@type":"Person","@id":"http:\/\/kspnszz.org\/#\/schema\/person\/31096cf196f706ef50ecbd878903cc13","name":"bartlomiej","image":{"@type":"ImageObject","inLanguage":"pl-PL","@id":"http:\/\/kspnszz.org\/#\/schema\/person\/image\/","url":"https:\/\/secure.gravatar.com\/avatar\/cb681656f150968eb94b73c62cf58e52?s=96&d=mm&r=g","contentUrl":"https:\/\/secure.gravatar.com\/avatar\/cb681656f150968eb94b73c62cf58e52?s=96&d=mm&r=g","caption":"bartlomiej"},"url":"https:\/\/kspnszz.org\/index.php\/author\/bartlomiej\/"}]}},"_links":{"self":[{"href":"https:\/\/kspnszz.org\/index.php\/wp-json\/wp\/v2\/posts\/2010"}],"collection":[{"href":"https:\/\/kspnszz.org\/index.php\/wp-json\/wp\/v2\/posts"}],"about":[{"href":"https:\/\/kspnszz.org\/index.php\/wp-json\/wp\/v2\/types\/post"}],"author":[{"embeddable":true,"href":"https:\/\/kspnszz.org\/index.php\/wp-json\/wp\/v2\/users\/2"}],"replies":[{"embeddable":true,"href":"https:\/\/kspnszz.org\/index.php\/wp-json\/wp\/v2\/comments?post=2010"}],"version-history":[{"count":2,"href":"https:\/\/kspnszz.org\/index.php\/wp-json\/wp\/v2\/posts\/2010\/revisions"}],"predecessor-version":[{"id":2012,"href":"https:\/\/kspnszz.org\/index.php\/wp-json\/wp\/v2\/posts\/2010\/revisions\/2012"}],"wp:featuredmedia":[{"embeddable":true,"href":"https:\/\/kspnszz.org\/index.php\/wp-json\/wp\/v2\/media\/1204"}],"wp:attachment":[{"href":"https:\/\/kspnszz.org\/index.php\/wp-json\/wp\/v2\/media?parent=2010"}],"wp:term":[{"taxonomy":"category","embeddable":true,"href":"https:\/\/kspnszz.org\/index.php\/wp-json\/wp\/v2\/categories?post=2010"},{"taxonomy":"post_tag","embeddable":true,"href":"https:\/\/kspnszz.org\/index.php\/wp-json\/wp\/v2\/tags?post=2010"}],"curies":[{"name":"wp","href":"https:\/\/api.w.org\/{rel}","templated":true}]}}